{"id":410175,"date":"2026-03-14T14:08:00","date_gmt":"2026-03-14T17:08:00","guid":{"rendered":"https:\/\/portaltela.pt\/noticias\/2026\/03\/14\/colisao-entre-duas-motas-no-crato-deixa-morto-e-ferido-grave\/"},"modified":"2026-03-14T14:08:00","modified_gmt":"2026-03-14T17:08:00","slug":"colisao-entre-duas-motas-no-crato-deixa-morto-e-ferido-grave","status":"publish","type":"post","link":"https:\/\/portaltela.pt\/noticias\/2026\/03\/14\/colisao-entre-duas-motas-no-crato-deixa-morto-e-ferido-grave\/","title":{"rendered":"Colis\u00e3o entre duas motas no Crato deixa morto e ferido grave"},"content":{"rendered":"<p>Um homem de 38 anos morreu e outro, de 25, ficou gravemente ferido numa colis\u00e3o entre duas motas no Crato, este s\u00e1bado, na zona de Vale do Peso, durante uma prova de motas todo-o-terreno.<\/p>\n<p>O alerta foi dado \u00e0s 12 horas e o acidente ocorreu fora da pista, segundo a organiza\u00e7\u00e3o da prova G\u00e1feTTe.<\/p>\n<p>O \u00f3bito foi declarado no local pelo m\u00e9dico da VMER. O ferido grave foi transportado num helic\u00f3ptero do INEM para um campo de futebol, de onde seguiria de ambul\u00e2ncia para um hospital da zona de Lisboa.<\/p>\n<p>A organiza\u00e7\u00e3o confirmou que um dos motociclistas envolvidos iria participar na competi\u00e7\u00e3o.<\/p>\n<p>As opera\u00e7\u00f5es envolveram 20 operacionais das corpora\u00e7\u00f5es de Crato, Nisa e Alter do Ch\u00e3o, apoiados pela GNR e pelo INEM, com oito ve\u00edculos, incluindo a VMER de Castelo Branco e uma ambul\u00e2ncia SIV de Ponte de Sor.<\/p>\n","protected":false},"excerpt":{"rendered":"<ul>\n<li>A colis\u00e3o entre duas motas na zona de Vale do Peso, Crato, numa estrada de terra batida, deixou um morto de 38 anos e um ferido grave.<\/li>\n<li>O acidente ocorreu \u00e0s 12h, durante uma prova de motas todo-o-terreno que decorria fora da pista, segundo o Comando Sub-Regional de Emerg\u00eancia e Prote\u00e7\u00e3o Civil do Alto Alentejo.<\/li>\n<li>O \u00f3bito foi declarado no local pelo m\u00e9dico da viatura m\u00e9dica de emerg\u00eancia e reanima\u00e7\u00e3o; o ferido grave foi transportado num helic\u00f3ptero do Instituto Nacional de Emerg\u00eancia M\u00e9dica para um campo de futebol, de onde seria encaminhado para um hospital da zona de Lisboa.<\/li>\n<li>Foram mobilizados 20 operacionais das corpora\u00e7\u00f5es de bombeiros do Crato, Nisa e Alter do Ch\u00e3o, a Guarda Nacional Republicana e o INEM, apoiados por oito ve\u00edculos e um helic\u00f3ptero.<\/li>\n<li>A organiza\u00e7\u00e3o da prova, G\u00e1feTTe, informou que o acidente ocorreu fora da pista e que um dos motociclistas iria participar na competi\u00e7\u00e3o.<\/li>\n<\/ul>\n","protected":false},"author":2,"featured_media":410177,"comment_status":"closed","ping_status":"closed","sticky":false,"template":"","format":"standard","meta":{"footnotes":""},"categories":[6849,1],"tags":[5487,3449,1922,6429,3585,4462],"class_list":["post-410175","post","type-post","status-publish","format-standard","has-post-thumbnail","hentry","category-acidentes","category-noticias","tag-acidente","tag-feridos","tag-inem","tag-mortes","tag-motas","tag-vmer"],"yoast_head":"<!-- This site is optimized with the Yoast SEO plugin v27.2 - https:\/\/yoast.com\/product\/yoast-seo-wordpress\/ -->\n<title>Colis\u00e3o entre duas motas no Crato deixa morto e ferido grave - Portal Tela Portugal<\/title>\n<meta name=\"robots\" content=\"index, follow, max-snippet:-1, max-image-preview:large, max-video-preview:-1\" \/>\n<meta property=\"og:locale\" content=\"pt_PT\" \/>\n<meta property=\"og:type\" content=\"article\" \/>\n<meta property=\"og:title\" content=\"Colis\u00e3o entre duas motas no Crato deixa morto e ferido grave - Portal Tela Portugal\" \/>\n<meta property=\"og:description\" content=\"A colis\u00e3o entre duas motas na zona de Vale do Peso, Crato, numa estrada de terra batida, deixou um morto de 38 anos e um ferido grave. O acidente ocorreu \u00e0s 12h, durante uma prova de motas todo-o-terreno que decorria fora da pista, segundo o Comando Sub-Regional de Emerg\u00eancia e Prote\u00e7\u00e3o Civil do Alto Alentejo. O \u00f3bito foi declarado no local pelo m\u00e9dico da viatura m\u00e9dica de emerg\u00eancia e reanima\u00e7\u00e3o; o ferido grave foi transportado num helic\u00f3ptero do Instituto Nacional de Emerg\u00eancia M\u00e9dica para um campo de futebol, de onde seria encaminhado para um hospital da zona de Lisboa. Foram mobilizados 20 operacionais das corpora\u00e7\u00f5es de bombeiros do Crato, Nisa e Alter do Ch\u00e3o, a Guarda Nacional Republicana e o INEM, apoiados por oito ve\u00edculos e um helic\u00f3ptero. A organiza\u00e7\u00e3o da prova, G\u00e1feTTe, informou que o acidente ocorreu fora da pista e que um dos motociclistas iria participar na competi\u00e7\u00e3o.\" \/>\n<meta property=\"og:url\" content=\"https:\/\/portaltela.pt\/noticias\/2026\/03\/14\/colisao-entre-duas-motas-no-crato-deixa-morto-e-ferido-grave\/\" \/>\n<meta property=\"og:site_name\" content=\"Portal Tela Portugal\" \/>\n<meta property=\"article:published_time\" content=\"2026-03-14T17:08:00+00:00\" \/>\n<meta name=\"author\" content=\"Telinha\" \/>\n<meta name=\"twitter:card\" content=\"summary_large_image\" \/>\n<meta name=\"twitter:label1\" content=\"Escrito por\" \/>\n\t<meta name=\"twitter:data1\" content=\"Telinha\" \/>\n\t<meta name=\"twitter:label2\" content=\"Tempo estimado de leitura\" \/>\n\t<meta name=\"twitter:data2\" content=\"1 minuto\" \/>\n<script type=\"application\/ld+json\" class=\"yoast-schema-graph\">{\"@context\":\"https:\/\/schema.org\",\"@graph\":[{\"@type\":\"Article\",\"@id\":\"https:\/\/portaltela.pt\/noticias\/2026\/03\/14\/colisao-entre-duas-motas-no-crato-deixa-morto-e-ferido-grave\/#article\",\"isPartOf\":{\"@id\":\"https:\/\/portaltela.pt\/noticias\/2026\/03\/14\/colisao-entre-duas-motas-no-crato-deixa-morto-e-ferido-grave\/\"},\"author\":{\"name\":\"Telinha\",\"@id\":\"https:\/\/portaltela.pt\/#\/schema\/person\/c4278d4a6028830caff9ee44b42d32ed\"},\"headline\":\"Colis\u00e3o entre duas motas no Crato deixa morto e ferido grave\",\"datePublished\":\"2026-03-14T17:08:00+00:00\",\"mainEntityOfPage\":{\"@id\":\"https:\/\/portaltela.pt\/noticias\/2026\/03\/14\/colisao-entre-duas-motas-no-crato-deixa-morto-e-ferido-grave\/\"},\"wordCount\":161,\"image\":{\"@id\":\"https:\/\/portaltela.pt\/noticias\/2026\/03\/14\/colisao-entre-duas-motas-no-crato-deixa-morto-e-ferido-grave\/#primaryimage\"},\"thumbnailUrl\":\"https:\/\/portaltela.pt\/s.01k8rhncp4jt1\/2026\/03\/a7314cfe-5ef3-4023-ad4d-6d07836cf813_1200x675.jpg\",\"keywords\":[\"acidente\",\"feridos\",\"INEM\",\"mortes\",\"motas\",\"VMER\"],\"articleSection\":[\"Acidentes\",\"Not\u00edcias\"],\"inLanguage\":\"pt-PT\"},{\"@type\":\"WebPage\",\"@id\":\"https:\/\/portaltela.pt\/noticias\/2026\/03\/14\/colisao-entre-duas-motas-no-crato-deixa-morto-e-ferido-grave\/\",\"url\":\"https:\/\/portaltela.pt\/noticias\/2026\/03\/14\/colisao-entre-duas-motas-no-crato-deixa-morto-e-ferido-grave\/\",\"name\":\"Colis\u00e3o entre duas motas no Crato deixa morto e ferido grave - Portal Tela Portugal\",\"isPartOf\":{\"@id\":\"https:\/\/portaltela.pt\/#website\"},\"primaryImageOfPage\":{\"@id\":\"https:\/\/portaltela.pt\/noticias\/2026\/03\/14\/colisao-entre-duas-motas-no-crato-deixa-morto-e-ferido-grave\/#primaryimage\"},\"image\":{\"@id\":\"https:\/\/portaltela.pt\/noticias\/2026\/03\/14\/colisao-entre-duas-motas-no-crato-deixa-morto-e-ferido-grave\/#primaryimage\"},\"thumbnailUrl\":\"https:\/\/portaltela.pt\/s.01k8rhncp4jt1\/2026\/03\/a7314cfe-5ef3-4023-ad4d-6d07836cf813_1200x675.jpg\",\"datePublished\":\"2026-03-14T17:08:00+00:00\",\"author\":{\"@id\":\"https:\/\/portaltela.pt\/#\/schema\/person\/c4278d4a6028830caff9ee44b42d32ed\"},\"breadcrumb\":{\"@id\":\"https:\/\/portaltela.pt\/noticias\/2026\/03\/14\/colisao-entre-duas-motas-no-crato-deixa-morto-e-ferido-grave\/#breadcrumb\"},\"inLanguage\":\"pt-PT\",\"potentialAction\":[{\"@type\":\"ReadAction\",\"target\":[\"https:\/\/portaltela.pt\/noticias\/2026\/03\/14\/colisao-entre-duas-motas-no-crato-deixa-morto-e-ferido-grave\/\"]}]},{\"@type\":\"ImageObject\",\"inLanguage\":\"pt-PT\",\"@id\":\"https:\/\/portaltela.pt\/noticias\/2026\/03\/14\/colisao-entre-duas-motas-no-crato-deixa-morto-e-ferido-grave\/#primaryimage\",\"url\":\"https:\/\/portaltela.pt\/s.01k8rhncp4jt1\/2026\/03\/a7314cfe-5ef3-4023-ad4d-6d07836cf813_1200x675.jpg\",\"contentUrl\":\"https:\/\/portaltela.pt\/s.01k8rhncp4jt1\/2026\/03\/a7314cfe-5ef3-4023-ad4d-6d07836cf813_1200x675.jpg\",\"width\":796,\"height\":448,\"caption\":\"O ferido grave foi transportado num helic\u00f3ptero do iNEM\"},{\"@type\":\"BreadcrumbList\",\"@id\":\"https:\/\/portaltela.pt\/noticias\/2026\/03\/14\/colisao-entre-duas-motas-no-crato-deixa-morto-e-ferido-grave\/#breadcrumb\",\"itemListElement\":[{\"@type\":\"ListItem\",\"position\":1,\"name\":\"In\u00edcio\",\"item\":\"https:\/\/portaltela.pt\/\"},{\"@type\":\"ListItem\",\"position\":2,\"name\":\"Colis\u00e3o entre duas motas no Crato deixa morto e ferido grave\"}]},{\"@type\":\"WebSite\",\"@id\":\"https:\/\/portaltela.pt\/#website\",\"url\":\"https:\/\/portaltela.pt\/\",\"name\":\"Portal Tela Portugal\",\"description\":\"\",\"potentialAction\":[{\"@type\":\"SearchAction\",\"target\":{\"@type\":\"EntryPoint\",\"urlTemplate\":\"https:\/\/portaltela.pt\/?s={search_term_string}\"},\"query-input\":{\"@type\":\"PropertyValueSpecification\",\"valueRequired\":true,\"valueName\":\"search_term_string\"}}],\"inLanguage\":\"pt-PT\"},{\"@type\":\"Person\",\"@id\":\"https:\/\/portaltela.pt\/#\/schema\/person\/c4278d4a6028830caff9ee44b42d32ed\",\"name\":\"Telinha\",\"image\":{\"@type\":\"ImageObject\",\"inLanguage\":\"pt-PT\",\"@id\":\"https:\/\/portaltela.pt\/s.01k8rhncp4jt1\/2025\/11\/talking-bot-125x125.png\",\"url\":\"https:\/\/portaltela.pt\/s.01k8rhncp4jt1\/2025\/11\/talking-bot-125x125.png\",\"contentUrl\":\"https:\/\/portaltela.pt\/s.01k8rhncp4jt1\/2025\/11\/talking-bot-125x125.png\",\"caption\":\"Telinha\"},\"sameAs\":[\"https:\/\/portaltela.pt\/\"],\"url\":\"https:\/\/portaltela.pt\/por\/367410592786\/\"}]}<\/script>\n<!-- \/ Yoast SEO plugin. -->","yoast_head_json":{"title":"Colis\u00e3o entre duas motas no Crato deixa morto e ferido grave - Portal Tela Portugal","robots":{"index":"index","follow":"follow","max-snippet":"max-snippet:-1","max-image-preview":"max-image-preview:large","max-video-preview":"max-video-preview:-1"},"og_locale":"pt_PT","og_type":"article","og_title":"Colis\u00e3o entre duas motas no Crato deixa morto e ferido grave - Portal Tela Portugal","og_description":"A colis\u00e3o entre duas motas na zona de Vale do Peso, Crato, numa estrada de terra batida, deixou um morto de 38 anos e um ferido grave. O acidente ocorreu \u00e0s 12h, durante uma prova de motas todo-o-terreno que decorria fora da pista, segundo o Comando Sub-Regional de Emerg\u00eancia e Prote\u00e7\u00e3o Civil do Alto Alentejo. O \u00f3bito foi declarado no local pelo m\u00e9dico da viatura m\u00e9dica de emerg\u00eancia e reanima\u00e7\u00e3o; o ferido grave foi transportado num helic\u00f3ptero do Instituto Nacional de Emerg\u00eancia M\u00e9dica para um campo de futebol, de onde seria encaminhado para um hospital da zona de Lisboa. Foram mobilizados 20 operacionais das corpora\u00e7\u00f5es de bombeiros do Crato, Nisa e Alter do Ch\u00e3o, a Guarda Nacional Republicana e o INEM, apoiados por oito ve\u00edculos e um helic\u00f3ptero. A organiza\u00e7\u00e3o da prova, G\u00e1feTTe, informou que o acidente ocorreu fora da pista e que um dos motociclistas iria participar na competi\u00e7\u00e3o.","og_url":"https:\/\/portaltela.pt\/noticias\/2026\/03\/14\/colisao-entre-duas-motas-no-crato-deixa-morto-e-ferido-grave\/","og_site_name":"Portal Tela Portugal","article_published_time":"2026-03-14T17:08:00+00:00","author":"Telinha","twitter_card":"summary_large_image","twitter_misc":{"Escrito por":"Telinha","Tempo estimado de leitura":"1 minuto"},"schema":{"@context":"https:\/\/schema.org","@graph":[{"@type":"Article","@id":"https:\/\/portaltela.pt\/noticias\/2026\/03\/14\/colisao-entre-duas-motas-no-crato-deixa-morto-e-ferido-grave\/#article","isPartOf":{"@id":"https:\/\/portaltela.pt\/noticias\/2026\/03\/14\/colisao-entre-duas-motas-no-crato-deixa-morto-e-ferido-grave\/"},"author":{"name":"Telinha","@id":"https:\/\/portaltela.pt\/#\/schema\/person\/c4278d4a6028830caff9ee44b42d32ed"},"headline":"Colis\u00e3o entre duas motas no Crato deixa morto e ferido grave","datePublished":"2026-03-14T17:08:00+00:00","mainEntityOfPage":{"@id":"https:\/\/portaltela.pt\/noticias\/2026\/03\/14\/colisao-entre-duas-motas-no-crato-deixa-morto-e-ferido-grave\/"},"wordCount":161,"image":{"@id":"https:\/\/portaltela.pt\/noticias\/2026\/03\/14\/colisao-entre-duas-motas-no-crato-deixa-morto-e-ferido-grave\/#primaryimage"},"thumbnailUrl":"https:\/\/portaltela.pt\/s.01k8rhncp4jt1\/2026\/03\/a7314cfe-5ef3-4023-ad4d-6d07836cf813_1200x675.jpg","keywords":["acidente","feridos","INEM","mortes","motas","VMER"],"articleSection":["Acidentes","Not\u00edcias"],"inLanguage":"pt-PT"},{"@type":"WebPage","@id":"https:\/\/portaltela.pt\/noticias\/2026\/03\/14\/colisao-entre-duas-motas-no-crato-deixa-morto-e-ferido-grave\/","url":"https:\/\/portaltela.pt\/noticias\/2026\/03\/14\/colisao-entre-duas-motas-no-crato-deixa-morto-e-ferido-grave\/","name":"Colis\u00e3o entre duas motas no Crato deixa morto e ferido grave - Portal Tela Portugal","isPartOf":{"@id":"https:\/\/portaltela.pt\/#website"},"primaryImageOfPage":{"@id":"https:\/\/portaltela.pt\/noticias\/2026\/03\/14\/colisao-entre-duas-motas-no-crato-deixa-morto-e-ferido-grave\/#primaryimage"},"image":{"@id":"https:\/\/portaltela.pt\/noticias\/2026\/03\/14\/colisao-entre-duas-motas-no-crato-deixa-morto-e-ferido-grave\/#primaryimage"},"thumbnailUrl":"https:\/\/portaltela.pt\/s.01k8rhncp4jt1\/2026\/03\/a7314cfe-5ef3-4023-ad4d-6d07836cf813_1200x675.jpg","datePublished":"2026-03-14T17:08:00+00:00","author":{"@id":"https:\/\/portaltela.pt\/#\/schema\/person\/c4278d4a6028830caff9ee44b42d32ed"},"breadcrumb":{"@id":"https:\/\/portaltela.pt\/noticias\/2026\/03\/14\/colisao-entre-duas-motas-no-crato-deixa-morto-e-ferido-grave\/#breadcrumb"},"inLanguage":"pt-PT","potentialAction":[{"@type":"ReadAction","target":["https:\/\/portaltela.pt\/noticias\/2026\/03\/14\/colisao-entre-duas-motas-no-crato-deixa-morto-e-ferido-grave\/"]}]},{"@type":"ImageObject","inLanguage":"pt-PT","@id":"https:\/\/portaltela.pt\/noticias\/2026\/03\/14\/colisao-entre-duas-motas-no-crato-deixa-morto-e-ferido-grave\/#primaryimage","url":"https:\/\/portaltela.pt\/s.01k8rhncp4jt1\/2026\/03\/a7314cfe-5ef3-4023-ad4d-6d07836cf813_1200x675.jpg","contentUrl":"https:\/\/portaltela.pt\/s.01k8rhncp4jt1\/2026\/03\/a7314cfe-5ef3-4023-ad4d-6d07836cf813_1200x675.jpg","width":796,"height":448,"caption":"O ferido grave foi transportado num helic\u00f3ptero do iNEM"},{"@type":"BreadcrumbList","@id":"https:\/\/portaltela.pt\/noticias\/2026\/03\/14\/colisao-entre-duas-motas-no-crato-deixa-morto-e-ferido-grave\/#breadcrumb","itemListElement":[{"@type":"ListItem","position":1,"name":"In\u00edcio","item":"https:\/\/portaltela.pt\/"},{"@type":"ListItem","position":2,"name":"Colis\u00e3o entre duas motas no Crato deixa morto e ferido grave"}]},{"@type":"WebSite","@id":"https:\/\/portaltela.pt\/#website","url":"https:\/\/portaltela.pt\/","name":"Portal Tela Portugal","description":"","potentialAction":[{"@type":"SearchAction","target":{"@type":"EntryPoint","urlTemplate":"https:\/\/portaltela.pt\/?s={search_term_string}"},"query-input":{"@type":"PropertyValueSpecification","valueRequired":true,"valueName":"search_term_string"}}],"inLanguage":"pt-PT"},{"@type":"Person","@id":"https:\/\/portaltela.pt\/#\/schema\/person\/c4278d4a6028830caff9ee44b42d32ed","name":"Telinha","image":{"@type":"ImageObject","inLanguage":"pt-PT","@id":"https:\/\/portaltela.pt\/s.01k8rhncp4jt1\/2025\/11\/talking-bot-125x125.png","url":"https:\/\/portaltela.pt\/s.01k8rhncp4jt1\/2025\/11\/talking-bot-125x125.png","contentUrl":"https:\/\/portaltela.pt\/s.01k8rhncp4jt1\/2025\/11\/talking-bot-125x125.png","caption":"Telinha"},"sameAs":["https:\/\/portaltela.pt\/"],"url":"https:\/\/portaltela.pt\/por\/367410592786\/"}]}},"_links":{"self":[{"href":"https:\/\/portaltela.pt\/api\/wp\/v2\/posts\/410175","targetHints":{"allow":["GET"]}}],"collection":[{"href":"https:\/\/portaltela.pt\/api\/wp\/v2\/posts"}],"about":[{"href":"https:\/\/portaltela.pt\/api\/wp\/v2\/types\/post"}],"author":[{"embeddable":true,"href":"https:\/\/portaltela.pt\/api\/wp\/v2\/users\/2"}],"replies":[{"embeddable":true,"href":"https:\/\/portaltela.pt\/api\/wp\/v2\/comments?post=410175"}],"version-history":[{"count":0,"href":"https:\/\/portaltela.pt\/api\/wp\/v2\/posts\/410175\/revisions"}],"wp:featuredmedia":[{"embeddable":true,"href":"https:\/\/portaltela.pt\/api\/wp\/v2\/media\/410177"}],"wp:attachment":[{"href":"https:\/\/portaltela.pt\/api\/wp\/v2\/media?parent=410175"}],"wp:term":[{"taxonomy":"category","embeddable":true,"href":"https:\/\/portaltela.pt\/api\/wp\/v2\/categories?post=410175"},{"taxonomy":"post_tag","embeddable":true,"href":"https:\/\/portaltela.pt\/api\/wp\/v2\/tags?post=410175"}],"curies":[{"name":"wp","href":"https:\/\/api.w.org\/{rel}","templated":true}]}}