{"id":410163,"date":"2026-03-14T13:40:00","date_gmt":"2026-03-14T16:40:00","guid":{"rendered":"https:\/\/portaltela.pt\/noticias\/2026\/03\/14\/unico-artesao-de-panu-di-tera-em-portugal-alerta-para-imitacoes\/"},"modified":"2026-03-14T13:40:00","modified_gmt":"2026-03-14T16:40:00","slug":"unico-artesao-de-panu-di-tera-em-portugal-alerta-para-imitacoes","status":"publish","type":"post","link":"https:\/\/portaltela.pt\/noticias\/2026\/03\/14\/unico-artesao-de-panu-di-tera-em-portugal-alerta-para-imitacoes\/","title":{"rendered":"\u00danico artes\u00e3o de panu di t\u00e9ra em Portugal alerta para imita\u00e7\u00f5es"},"content":{"rendered":"<p>O \u00fanico artes\u00e3o em Portugal a produzir o panu di t\u00e9ra alerta para as imita\u00e7\u00f5es deste tecido hist\u00f3rico de Cabo Verde. Henrique Ribeiro tem 56 anos e vive em Portugal desde 2018. O tear \u00e9 o seu instrumento de trabalho.<\/p>\n<p>Nas instala\u00e7\u00f5es da Associa\u00e7\u00e3o para a Mudan\u00e7a e Representa\u00e7\u00e3o Transcultural, no Talude, Loures, Henrique exp\u00f5e uma meada de algod\u00e3o trazida de Cabo Verde. O algod\u00e3o \u00e9 encerado com tintura natural. O tecido representa uma mem\u00f3ria viva.<\/p>\n<p>A pe\u00e7a come\u00e7a nas linhas de algod\u00e3o, hoje provenientes do Senegal. O artes\u00e3o explica que, no passado, o cultivo era feito em Cabo Verde, com tingimento com urzela, que dava um preto azulado duradouro.<\/p>\n<h3>Padr\u00f5es tradicionais e ensino<\/h3>\n<p>O Panu di Bitxu, com padr\u00f5es em relevo e imagens de animais, \u00e9 o mais vendido. O Panu Txan \u00e9 simples e liso, enquanto o Panu di Obra \u00e9 o mais elaborado e caro. Henrique mostra v\u00e1rios exemplos no espa\u00e7o da AMRT.<\/p>\n<p>Em Portugal, a demanda est\u00e1 a crescer entre cabo-verdianos e tamb\u00e9m entre portugueses. O artes\u00e3o recorda que, em Cabo Verde, o panu di t\u00e9ra era comum como adorno, vestu\u00e1rio e meio de transporte de crian\u00e7as.<\/p>\n<p>Henrique aprendeu a arte aos 17 anos, em S\u00e3o Miguel, na ilha de Santiago. Hoje diz que o desenho \u00e9 essencial para gravar nos fios e que a pr\u00e1tica se aprende a partir da experi\u00eancia.<\/p>\n<h3>Conserva\u00e7\u00e3o da t\u00e9cnica<\/h3>\n<p>O artes\u00e3o ressalva a necessidade de transmitir o saber \u00e0s novas gera\u00e7\u00f5es. As imita\u00e7\u00f5es, sobretudo chinesas, ganham terreno, diminuindo a procura de tecido aut\u00eantico, o que preocupa a preserva\u00e7\u00e3o da t\u00e9cnica.<\/p>\n<p>Rolando Borges, da AMRT, afirma que h\u00e1 planos para uma oficina comunit\u00e1ria que permita aos visitantes ver, aprender e experimentar a arte. O projeto visa acolher cabo-verdianos e lus\u00f3fonos.<\/p>\n<p>Ponto-chave: Henrique Ribeiro mant\u00e9m-tear port\u00e1til para sess\u00f5es em eventos, com o desafio de deslocar o equipamento. O objetivo \u00e9 manter viva a tradi\u00e7\u00e3o sem depender de intermedi\u00e1rios.<\/p>\n","protected":false},"excerpt":{"rendered":"<ul>\n<li>Henrique Ribeiro \u00e9 o \u00fanico artes\u00e3o em Portugal a produzir o \u201cpanu di t\u00e9ra\u201d (pano de terra) e alerta para as imita\u00e7\u00f5es do tecido hist\u00f3rico de Cabo Verde.<\/li>\n<li>As linhas de algod\u00e3o usadas s\u00e3o agora provenientes do Senegal, tendo ele trabalhado no Cabo Verde, onde plantava o algod\u00e3o e tinturava o fio com urzela para obter o preto azulado.<\/li>\n<li>O artes\u00e3o, de 56 anos, desenvolve o trabalho na Associa\u00e7\u00e3o para a Mudan\u00e7a e Representa\u00e7\u00e3o Transcultural (AMRT), em Loures, onde recebe encomendas de cabo-verdianos e, cada vez mais, de portugueses.<\/li>\n<li>Existem v\u00e1rios padr\u00f5es: o mais comum \u00e9 o Panu di Bitxu (com motivos de animais), o Panu Txan (liso) e o Panu di Obra (mais elaborado e caro).<\/li>\n<li>Ribeiro costuma produzir aproximadamente uma tira e meia de panu di t\u00e9ra, com 1,80 metros, e tem dedicado tempo a ensinar a arte a alunos em v\u00e1rias localidades, defendendo a transmiss\u00e3o geracional do saber frente \u00e0s imita\u00e7\u00f5es estrangeiras.<\/li>\n<\/ul>\n","protected":false},"author":2,"featured_media":410169,"comment_status":"closed","ping_status":"closed","sticky":false,"template":"","format":"standard","meta":{"footnotes":""},"categories":[1],"tags":[6005,70,2329,299,1014,2025],"class_list":["post-410163","post","type-post","status-publish","format-standard","has-post-thumbnail","hentry","category-noticias","tag-a-cultura","tag-arte","tag-cabo-verde","tag-historia","tag-portugal","tag-textil-vestuario"],"yoast_head":"<!-- This site is optimized with the Yoast SEO plugin v27.2 - https:\/\/yoast.com\/product\/yoast-seo-wordpress\/ -->\n<title>\u00danico artes\u00e3o de panu di t\u00e9ra em Portugal alerta para imita\u00e7\u00f5es - Portal Tela Portugal<\/title>\n<meta name=\"robots\" content=\"index, follow, max-snippet:-1, max-image-preview:large, max-video-preview:-1\" \/>\n<meta property=\"og:locale\" content=\"pt_PT\" \/>\n<meta property=\"og:type\" content=\"article\" \/>\n<meta property=\"og:title\" content=\"\u00danico artes\u00e3o de panu di t\u00e9ra em Portugal alerta para imita\u00e7\u00f5es - Portal Tela Portugal\" \/>\n<meta property=\"og:description\" content=\"Henrique Ribeiro \u00e9 o \u00fanico artes\u00e3o em Portugal a produzir o \u201cpanu di t\u00e9ra\u201d (pano de terra) e alerta para as imita\u00e7\u00f5es do tecido hist\u00f3rico de Cabo Verde. As linhas de algod\u00e3o usadas s\u00e3o agora provenientes do Senegal, tendo ele trabalhado no Cabo Verde, onde plantava o algod\u00e3o e tinturava o fio com urzela para obter o preto azulado. O artes\u00e3o, de 56 anos, desenvolve o trabalho na Associa\u00e7\u00e3o para a Mudan\u00e7a e Representa\u00e7\u00e3o Transcultural (AMRT), em Loures, onde recebe encomendas de cabo-verdianos e, cada vez mais, de portugueses. Existem v\u00e1rios padr\u00f5es: o mais comum \u00e9 o Panu di Bitxu (com motivos de animais), o Panu Txan (liso) e o Panu di Obra (mais elaborado e caro). Ribeiro costuma produzir aproximadamente uma tira e meia de panu di t\u00e9ra, com 1,80 metros, e tem dedicado tempo a ensinar a arte a alunos em v\u00e1rias localidades, defendendo a transmiss\u00e3o geracional do saber frente \u00e0s imita\u00e7\u00f5es estrangeiras.\" \/>\n<meta property=\"og:url\" content=\"https:\/\/portaltela.pt\/noticias\/2026\/03\/14\/unico-artesao-de-panu-di-tera-em-portugal-alerta-para-imitacoes\/\" \/>\n<meta property=\"og:site_name\" content=\"Portal Tela Portugal\" \/>\n<meta property=\"article:published_time\" content=\"2026-03-14T16:40:00+00:00\" \/>\n<meta name=\"author\" content=\"Telinha\" \/>\n<meta name=\"twitter:card\" content=\"summary_large_image\" \/>\n<meta name=\"twitter:label1\" content=\"Escrito por\" \/>\n\t<meta name=\"twitter:data1\" content=\"Telinha\" \/>\n\t<meta name=\"twitter:label2\" content=\"Tempo estimado de leitura\" \/>\n\t<meta name=\"twitter:data2\" content=\"2 minutos\" \/>\n<script type=\"application\/ld+json\" class=\"yoast-schema-graph\">{\"@context\":\"https:\/\/schema.org\",\"@graph\":[{\"@type\":\"Article\",\"@id\":\"https:\/\/portaltela.pt\/noticias\/2026\/03\/14\/unico-artesao-de-panu-di-tera-em-portugal-alerta-para-imitacoes\/#article\",\"isPartOf\":{\"@id\":\"https:\/\/portaltela.pt\/noticias\/2026\/03\/14\/unico-artesao-de-panu-di-tera-em-portugal-alerta-para-imitacoes\/\"},\"author\":{\"name\":\"Telinha\",\"@id\":\"https:\/\/portaltela.pt\/#\/schema\/person\/c4278d4a6028830caff9ee44b42d32ed\"},\"headline\":\"\u00danico artes\u00e3o de panu di t\u00e9ra em Portugal alerta para imita\u00e7\u00f5es\",\"datePublished\":\"2026-03-14T16:40:00+00:00\",\"mainEntityOfPage\":{\"@id\":\"https:\/\/portaltela.pt\/noticias\/2026\/03\/14\/unico-artesao-de-panu-di-tera-em-portugal-alerta-para-imitacoes\/\"},\"wordCount\":363,\"image\":{\"@id\":\"https:\/\/portaltela.pt\/noticias\/2026\/03\/14\/unico-artesao-de-panu-di-tera-em-portugal-alerta-para-imitacoes\/#primaryimage\"},\"thumbnailUrl\":\"https:\/\/portaltela.pt\/s.01k8rhncp4jt1\/2026\/03\/image-948.jpg\",\"keywords\":[\"a cultura\",\"arte\",\"Cabo Verde\",\"hist\u00f3ria\",\"Portugal\",\"t\u00eaxtil-vestu\u00e1rio\"],\"articleSection\":[\"Not\u00edcias\"],\"inLanguage\":\"pt-PT\"},{\"@type\":\"WebPage\",\"@id\":\"https:\/\/portaltela.pt\/noticias\/2026\/03\/14\/unico-artesao-de-panu-di-tera-em-portugal-alerta-para-imitacoes\/\",\"url\":\"https:\/\/portaltela.pt\/noticias\/2026\/03\/14\/unico-artesao-de-panu-di-tera-em-portugal-alerta-para-imitacoes\/\",\"name\":\"\u00danico artes\u00e3o de panu di t\u00e9ra em Portugal alerta para imita\u00e7\u00f5es - Portal Tela Portugal\",\"isPartOf\":{\"@id\":\"https:\/\/portaltela.pt\/#website\"},\"primaryImageOfPage\":{\"@id\":\"https:\/\/portaltela.pt\/noticias\/2026\/03\/14\/unico-artesao-de-panu-di-tera-em-portugal-alerta-para-imitacoes\/#primaryimage\"},\"image\":{\"@id\":\"https:\/\/portaltela.pt\/noticias\/2026\/03\/14\/unico-artesao-de-panu-di-tera-em-portugal-alerta-para-imitacoes\/#primaryimage\"},\"thumbnailUrl\":\"https:\/\/portaltela.pt\/s.01k8rhncp4jt1\/2026\/03\/image-948.jpg\",\"datePublished\":\"2026-03-14T16:40:00+00:00\",\"author\":{\"@id\":\"https:\/\/portaltela.pt\/#\/schema\/person\/c4278d4a6028830caff9ee44b42d32ed\"},\"breadcrumb\":{\"@id\":\"https:\/\/portaltela.pt\/noticias\/2026\/03\/14\/unico-artesao-de-panu-di-tera-em-portugal-alerta-para-imitacoes\/#breadcrumb\"},\"inLanguage\":\"pt-PT\",\"potentialAction\":[{\"@type\":\"ReadAction\",\"target\":[\"https:\/\/portaltela.pt\/noticias\/2026\/03\/14\/unico-artesao-de-panu-di-tera-em-portugal-alerta-para-imitacoes\/\"]}]},{\"@type\":\"ImageObject\",\"inLanguage\":\"pt-PT\",\"@id\":\"https:\/\/portaltela.pt\/noticias\/2026\/03\/14\/unico-artesao-de-panu-di-tera-em-portugal-alerta-para-imitacoes\/#primaryimage\",\"url\":\"https:\/\/portaltela.pt\/s.01k8rhncp4jt1\/2026\/03\/image-948.jpg\",\"contentUrl\":\"https:\/\/portaltela.pt\/s.01k8rhncp4jt1\/2026\/03\/image-948.jpg\",\"width\":796,\"height\":448,\"caption\":\"Henrique Ribeiro, artes\u00e3o de 56 anos\"},{\"@type\":\"BreadcrumbList\",\"@id\":\"https:\/\/portaltela.pt\/noticias\/2026\/03\/14\/unico-artesao-de-panu-di-tera-em-portugal-alerta-para-imitacoes\/#breadcrumb\",\"itemListElement\":[{\"@type\":\"ListItem\",\"position\":1,\"name\":\"In\u00edcio\",\"item\":\"https:\/\/portaltela.pt\/\"},{\"@type\":\"ListItem\",\"position\":2,\"name\":\"\u00danico artes\u00e3o de panu di t\u00e9ra em Portugal alerta para imita\u00e7\u00f5es\"}]},{\"@type\":\"WebSite\",\"@id\":\"https:\/\/portaltela.pt\/#website\",\"url\":\"https:\/\/portaltela.pt\/\",\"name\":\"Portal Tela Portugal\",\"description\":\"\",\"potentialAction\":[{\"@type\":\"SearchAction\",\"target\":{\"@type\":\"EntryPoint\",\"urlTemplate\":\"https:\/\/portaltela.pt\/?s={search_term_string}\"},\"query-input\":{\"@type\":\"PropertyValueSpecification\",\"valueRequired\":true,\"valueName\":\"search_term_string\"}}],\"inLanguage\":\"pt-PT\"},{\"@type\":\"Person\",\"@id\":\"https:\/\/portaltela.pt\/#\/schema\/person\/c4278d4a6028830caff9ee44b42d32ed\",\"name\":\"Telinha\",\"image\":{\"@type\":\"ImageObject\",\"inLanguage\":\"pt-PT\",\"@id\":\"https:\/\/portaltela.pt\/s.01k8rhncp4jt1\/2025\/11\/talking-bot-125x125.png\",\"url\":\"https:\/\/portaltela.pt\/s.01k8rhncp4jt1\/2025\/11\/talking-bot-125x125.png\",\"contentUrl\":\"https:\/\/portaltela.pt\/s.01k8rhncp4jt1\/2025\/11\/talking-bot-125x125.png\",\"caption\":\"Telinha\"},\"sameAs\":[\"https:\/\/portaltela.pt\/\"],\"url\":\"https:\/\/portaltela.pt\/por\/367410592786\/\"}]}<\/script>\n<!-- \/ Yoast SEO plugin. -->","yoast_head_json":{"title":"\u00danico artes\u00e3o de panu di t\u00e9ra em Portugal alerta para imita\u00e7\u00f5es - Portal Tela Portugal","robots":{"index":"index","follow":"follow","max-snippet":"max-snippet:-1","max-image-preview":"max-image-preview:large","max-video-preview":"max-video-preview:-1"},"og_locale":"pt_PT","og_type":"article","og_title":"\u00danico artes\u00e3o de panu di t\u00e9ra em Portugal alerta para imita\u00e7\u00f5es - Portal Tela Portugal","og_description":"Henrique Ribeiro \u00e9 o \u00fanico artes\u00e3o em Portugal a produzir o \u201cpanu di t\u00e9ra\u201d (pano de terra) e alerta para as imita\u00e7\u00f5es do tecido hist\u00f3rico de Cabo Verde. As linhas de algod\u00e3o usadas s\u00e3o agora provenientes do Senegal, tendo ele trabalhado no Cabo Verde, onde plantava o algod\u00e3o e tinturava o fio com urzela para obter o preto azulado. O artes\u00e3o, de 56 anos, desenvolve o trabalho na Associa\u00e7\u00e3o para a Mudan\u00e7a e Representa\u00e7\u00e3o Transcultural (AMRT), em Loures, onde recebe encomendas de cabo-verdianos e, cada vez mais, de portugueses. Existem v\u00e1rios padr\u00f5es: o mais comum \u00e9 o Panu di Bitxu (com motivos de animais), o Panu Txan (liso) e o Panu di Obra (mais elaborado e caro). Ribeiro costuma produzir aproximadamente uma tira e meia de panu di t\u00e9ra, com 1,80 metros, e tem dedicado tempo a ensinar a arte a alunos em v\u00e1rias localidades, defendendo a transmiss\u00e3o geracional do saber frente \u00e0s imita\u00e7\u00f5es estrangeiras.","og_url":"https:\/\/portaltela.pt\/noticias\/2026\/03\/14\/unico-artesao-de-panu-di-tera-em-portugal-alerta-para-imitacoes\/","og_site_name":"Portal Tela Portugal","article_published_time":"2026-03-14T16:40:00+00:00","author":"Telinha","twitter_card":"summary_large_image","twitter_misc":{"Escrito por":"Telinha","Tempo estimado de leitura":"2 minutos"},"schema":{"@context":"https:\/\/schema.org","@graph":[{"@type":"Article","@id":"https:\/\/portaltela.pt\/noticias\/2026\/03\/14\/unico-artesao-de-panu-di-tera-em-portugal-alerta-para-imitacoes\/#article","isPartOf":{"@id":"https:\/\/portaltela.pt\/noticias\/2026\/03\/14\/unico-artesao-de-panu-di-tera-em-portugal-alerta-para-imitacoes\/"},"author":{"name":"Telinha","@id":"https:\/\/portaltela.pt\/#\/schema\/person\/c4278d4a6028830caff9ee44b42d32ed"},"headline":"\u00danico artes\u00e3o de panu di t\u00e9ra em Portugal alerta para imita\u00e7\u00f5es","datePublished":"2026-03-14T16:40:00+00:00","mainEntityOfPage":{"@id":"https:\/\/portaltela.pt\/noticias\/2026\/03\/14\/unico-artesao-de-panu-di-tera-em-portugal-alerta-para-imitacoes\/"},"wordCount":363,"image":{"@id":"https:\/\/portaltela.pt\/noticias\/2026\/03\/14\/unico-artesao-de-panu-di-tera-em-portugal-alerta-para-imitacoes\/#primaryimage"},"thumbnailUrl":"https:\/\/portaltela.pt\/s.01k8rhncp4jt1\/2026\/03\/image-948.jpg","keywords":["a cultura","arte","Cabo Verde","hist\u00f3ria","Portugal","t\u00eaxtil-vestu\u00e1rio"],"articleSection":["Not\u00edcias"],"inLanguage":"pt-PT"},{"@type":"WebPage","@id":"https:\/\/portaltela.pt\/noticias\/2026\/03\/14\/unico-artesao-de-panu-di-tera-em-portugal-alerta-para-imitacoes\/","url":"https:\/\/portaltela.pt\/noticias\/2026\/03\/14\/unico-artesao-de-panu-di-tera-em-portugal-alerta-para-imitacoes\/","name":"\u00danico artes\u00e3o de panu di t\u00e9ra em Portugal alerta para imita\u00e7\u00f5es - Portal Tela Portugal","isPartOf":{"@id":"https:\/\/portaltela.pt\/#website"},"primaryImageOfPage":{"@id":"https:\/\/portaltela.pt\/noticias\/2026\/03\/14\/unico-artesao-de-panu-di-tera-em-portugal-alerta-para-imitacoes\/#primaryimage"},"image":{"@id":"https:\/\/portaltela.pt\/noticias\/2026\/03\/14\/unico-artesao-de-panu-di-tera-em-portugal-alerta-para-imitacoes\/#primaryimage"},"thumbnailUrl":"https:\/\/portaltela.pt\/s.01k8rhncp4jt1\/2026\/03\/image-948.jpg","datePublished":"2026-03-14T16:40:00+00:00","author":{"@id":"https:\/\/portaltela.pt\/#\/schema\/person\/c4278d4a6028830caff9ee44b42d32ed"},"breadcrumb":{"@id":"https:\/\/portaltela.pt\/noticias\/2026\/03\/14\/unico-artesao-de-panu-di-tera-em-portugal-alerta-para-imitacoes\/#breadcrumb"},"inLanguage":"pt-PT","potentialAction":[{"@type":"ReadAction","target":["https:\/\/portaltela.pt\/noticias\/2026\/03\/14\/unico-artesao-de-panu-di-tera-em-portugal-alerta-para-imitacoes\/"]}]},{"@type":"ImageObject","inLanguage":"pt-PT","@id":"https:\/\/portaltela.pt\/noticias\/2026\/03\/14\/unico-artesao-de-panu-di-tera-em-portugal-alerta-para-imitacoes\/#primaryimage","url":"https:\/\/portaltela.pt\/s.01k8rhncp4jt1\/2026\/03\/image-948.jpg","contentUrl":"https:\/\/portaltela.pt\/s.01k8rhncp4jt1\/2026\/03\/image-948.jpg","width":796,"height":448,"caption":"Henrique Ribeiro, artes\u00e3o de 56 anos"},{"@type":"BreadcrumbList","@id":"https:\/\/portaltela.pt\/noticias\/2026\/03\/14\/unico-artesao-de-panu-di-tera-em-portugal-alerta-para-imitacoes\/#breadcrumb","itemListElement":[{"@type":"ListItem","position":1,"name":"In\u00edcio","item":"https:\/\/portaltela.pt\/"},{"@type":"ListItem","position":2,"name":"\u00danico artes\u00e3o de panu di t\u00e9ra em Portugal alerta para imita\u00e7\u00f5es"}]},{"@type":"WebSite","@id":"https:\/\/portaltela.pt\/#website","url":"https:\/\/portaltela.pt\/","name":"Portal Tela Portugal","description":"","potentialAction":[{"@type":"SearchAction","target":{"@type":"EntryPoint","urlTemplate":"https:\/\/portaltela.pt\/?s={search_term_string}"},"query-input":{"@type":"PropertyValueSpecification","valueRequired":true,"valueName":"search_term_string"}}],"inLanguage":"pt-PT"},{"@type":"Person","@id":"https:\/\/portaltela.pt\/#\/schema\/person\/c4278d4a6028830caff9ee44b42d32ed","name":"Telinha","image":{"@type":"ImageObject","inLanguage":"pt-PT","@id":"https:\/\/portaltela.pt\/s.01k8rhncp4jt1\/2025\/11\/talking-bot-125x125.png","url":"https:\/\/portaltela.pt\/s.01k8rhncp4jt1\/2025\/11\/talking-bot-125x125.png","contentUrl":"https:\/\/portaltela.pt\/s.01k8rhncp4jt1\/2025\/11\/talking-bot-125x125.png","caption":"Telinha"},"sameAs":["https:\/\/portaltela.pt\/"],"url":"https:\/\/portaltela.pt\/por\/367410592786\/"}]}},"_links":{"self":[{"href":"https:\/\/portaltela.pt\/api\/wp\/v2\/posts\/410163","targetHints":{"allow":["GET"]}}],"collection":[{"href":"https:\/\/portaltela.pt\/api\/wp\/v2\/posts"}],"about":[{"href":"https:\/\/portaltela.pt\/api\/wp\/v2\/types\/post"}],"author":[{"embeddable":true,"href":"https:\/\/portaltela.pt\/api\/wp\/v2\/users\/2"}],"replies":[{"embeddable":true,"href":"https:\/\/portaltela.pt\/api\/wp\/v2\/comments?post=410163"}],"version-history":[{"count":0,"href":"https:\/\/portaltela.pt\/api\/wp\/v2\/posts\/410163\/revisions"}],"wp:featuredmedia":[{"embeddable":true,"href":"https:\/\/portaltela.pt\/api\/wp\/v2\/media\/410169"}],"wp:attachment":[{"href":"https:\/\/portaltela.pt\/api\/wp\/v2\/media?parent=410163"}],"wp:term":[{"taxonomy":"category","embeddable":true,"href":"https:\/\/portaltela.pt\/api\/wp\/v2\/categories?post=410163"},{"taxonomy":"post_tag","embeddable":true,"href":"https:\/\/portaltela.pt\/api\/wp\/v2\/tags?post=410163"}],"curies":[{"name":"wp","href":"https:\/\/api.w.org\/{rel}","templated":true}]}}