{"id":410157,"date":"2026-03-14T13:39:29","date_gmt":"2026-03-14T16:39:29","guid":{"rendered":"https:\/\/portaltela.pt\/noticias\/2026\/03\/14\/sporting-volta-a-treinar-apos-folga-quatro-ausentes-sob-rui-borges-e-reforco\/"},"modified":"2026-03-14T13:39:29","modified_gmt":"2026-03-14T16:39:29","slug":"sporting-volta-a-treinar-apos-folga-quatro-ausentes-sob-rui-borges-e-reforco","status":"publish","type":"post","link":"https:\/\/portaltela.pt\/desporto\/futebol\/2026\/03\/14\/sporting-volta-a-treinar-apos-folga-quatro-ausentes-sob-rui-borges-e-reforco\/","title":{"rendered":"Sporting volta a treinar ap\u00f3s folga; quatro ausentes sob Rui Borges e refor\u00e7o"},"content":{"rendered":"<p>O Sporting voltou aos treinos este s\u00e1bado, ap\u00f3s duas folgas concedidas por Rui Borges, na sequ\u00eancia da viagem \u00e0 Noruega. Na \u00faltima quarta-feira, os le\u00f5es tinham perdido por 3-0 frente ao Bodo\/Glimt, na primeira m\u00e3o dos oitavos de final da Liga dos Campe\u00f5es. A prepara\u00e7\u00e3o segue para receber os n\u00f3rdicos na ter\u00e7a-feira, \u00e0s 17h45, no Est\u00e1dio Jos\u00e9 Alvalade.<\/p>\n<p>A sess\u00e3o realizou-se na Academia Cristiano Ronaldo, em Alcochete, com o plantel profissional a trabalhar sob a orienta\u00e7\u00e3o de Rui Borges. Quatro jogadores permaneceram ausentes por les\u00e3o: Ricardo Mangas, Kochorashvili, Ioannidis e Geovany Quenda, este \u00faltimo em Londres para refor\u00e7ar o tratamento noChelsea, ap\u00f3s uma fracture no quinto metatarso do p\u00e9 direito.<\/p>\n<p>Foi ainda anunciada a chegada de um novo refor\u00e7o ao treino matinal: o m\u00e9dio Samuel Justo. A equipa volta a treinar amanh\u00e3, tamb\u00e9m pela manh\u00e3, numa sess\u00e3o que antecede o dia dedicado \u00e0s antevis\u00f5es do Sporting-Bodo Glimt.<\/p>\n<h3>Refor\u00e7os e aus\u00eancias no treino<\/h3>\n<p>Entre as aus\u00eancias por les\u00e3o, destacam-se Mangas, Kochorashvili e Ioannidis, que n\u00e3o estiveram dispon\u00edveis para o encontro com os noruegueses. Quenda manteve-se em Londres para concluir o refor\u00e7o muscular solicitado pelo Chelsea, ap\u00f3s a les\u00e3o no p\u00e9.<\/p>\n","protected":false},"excerpt":{"rendered":"<ul>\n<li>O Sporting voltou aos treinos na Academia Cristiano Ronaldo, ap\u00f3s a folga de Rui Borges.<\/li>\n<li>A equipa prepara-se para a segunda m\u00e3o contra o Bodo\/Glimt, na ter\u00e7a-feira, \u00e0s 17h45, no Est\u00e1dio Jos\u00e9 Alvalade.<\/li>\n<li>Quatro jogadores estiveram ausentes por les\u00e3o: Ricardo Mangas, Kochorashvili, Ioannidis e Geovany Quenda (em Londres a treinar com o Chelsea).<\/li>\n<li>Samuel Justo foi chamado para refor\u00e7ar o apronto matutino.<\/li>\n<li>Amanh\u00e3 h\u00e1 nova sess\u00e3o de treino, em hor\u00e1rio matutino, com antevis\u00f5es ao Sporting-Bodo Glimt.<\/li>\n<\/ul>\n","protected":false},"author":2,"featured_media":410161,"comment_status":"closed","ping_status":"closed","sticky":false,"template":"","format":"standard","meta":{"footnotes":""},"categories":[21,24],"tags":[1068,3577,2164,32,2538,1652],"class_list":["post-410157","post","type-post","status-publish","format-standard","has-post-thumbnail","hentry","category-desporto","category-futebol","tag-alcochete","tag-champions-league","tag-chelsea","tag-futebol","tag-lesoes","tag-sporting"],"yoast_head":"<!-- This site is optimized with the Yoast SEO plugin v27.2 - https:\/\/yoast.com\/product\/yoast-seo-wordpress\/ -->\n<title>Sporting volta a treinar ap\u00f3s folga; quatro ausentes sob Rui Borges e refor\u00e7o - Portal Tela Portugal<\/title>\n<meta name=\"robots\" content=\"index, follow, max-snippet:-1, max-image-preview:large, max-video-preview:-1\" \/>\n<meta property=\"og:locale\" content=\"pt_PT\" \/>\n<meta property=\"og:type\" content=\"article\" \/>\n<meta property=\"og:title\" content=\"Sporting volta a treinar ap\u00f3s folga; quatro ausentes sob Rui Borges e refor\u00e7o - Portal Tela Portugal\" \/>\n<meta property=\"og:description\" content=\"O Sporting voltou aos treinos na Academia Cristiano Ronaldo, ap\u00f3s a folga de Rui Borges. A equipa prepara-se para a segunda m\u00e3o contra o Bodo\/Glimt, na ter\u00e7a-feira, \u00e0s 17h45, no Est\u00e1dio Jos\u00e9 Alvalade. Quatro jogadores estiveram ausentes por les\u00e3o: Ricardo Mangas, Kochorashvili, Ioannidis e Geovany Quenda (em Londres a treinar com o Chelsea). Samuel Justo foi chamado para refor\u00e7ar o apronto matutino. Amanh\u00e3 h\u00e1 nova sess\u00e3o de treino, em hor\u00e1rio matutino, com antevis\u00f5es ao Sporting-Bodo Glimt.\" \/>\n<meta property=\"og:url\" content=\"https:\/\/portaltela.pt\/noticias\/2026\/03\/14\/sporting-volta-a-treinar-apos-folga-quatro-ausentes-sob-rui-borges-e-reforco\/\" \/>\n<meta property=\"og:site_name\" content=\"Portal Tela Portugal\" \/>\n<meta property=\"article:published_time\" content=\"2026-03-14T16:39:29+00:00\" \/>\n<meta name=\"author\" content=\"Telinha\" \/>\n<meta name=\"twitter:card\" content=\"summary_large_image\" \/>\n<meta name=\"twitter:label1\" content=\"Escrito por\" \/>\n\t<meta name=\"twitter:data1\" content=\"Telinha\" \/>\n\t<meta name=\"twitter:label2\" content=\"Tempo estimado de leitura\" \/>\n\t<meta name=\"twitter:data2\" content=\"1 minuto\" \/>\n<script type=\"application\/ld+json\" class=\"yoast-schema-graph\">{\"@context\":\"https:\/\/schema.org\",\"@graph\":[{\"@type\":\"Article\",\"@id\":\"https:\/\/portaltela.pt\/noticias\/2026\/03\/14\/sporting-volta-a-treinar-apos-folga-quatro-ausentes-sob-rui-borges-e-reforco\/#article\",\"isPartOf\":{\"@id\":\"https:\/\/portaltela.pt\/noticias\/2026\/03\/14\/sporting-volta-a-treinar-apos-folga-quatro-ausentes-sob-rui-borges-e-reforco\/\"},\"author\":{\"name\":\"Telinha\",\"@id\":\"https:\/\/portaltela.pt\/#\/schema\/person\/c4278d4a6028830caff9ee44b42d32ed\"},\"headline\":\"Sporting volta a treinar ap\u00f3s folga; quatro ausentes sob Rui Borges e refor\u00e7o\",\"datePublished\":\"2026-03-14T16:39:29+00:00\",\"mainEntityOfPage\":{\"@id\":\"https:\/\/portaltela.pt\/noticias\/2026\/03\/14\/sporting-volta-a-treinar-apos-folga-quatro-ausentes-sob-rui-borges-e-reforco\/\"},\"wordCount\":233,\"image\":{\"@id\":\"https:\/\/portaltela.pt\/noticias\/2026\/03\/14\/sporting-volta-a-treinar-apos-folga-quatro-ausentes-sob-rui-borges-e-reforco\/#primaryimage\"},\"thumbnailUrl\":\"https:\/\/portaltela.pt\/s.01k8rhncp4jt1\/2026\/03\/img_920x518uu2026-03-14-16-19-03-2426875.jpg\",\"keywords\":[\"Alcochete\",\"Champions League\",\"Chelsea\",\"futebol\",\"les\u00f5es\",\"Sporting\"],\"articleSection\":[\"Desporto\",\"Futebol\"],\"inLanguage\":\"pt-PT\"},{\"@type\":\"WebPage\",\"@id\":\"https:\/\/portaltela.pt\/noticias\/2026\/03\/14\/sporting-volta-a-treinar-apos-folga-quatro-ausentes-sob-rui-borges-e-reforco\/\",\"url\":\"https:\/\/portaltela.pt\/noticias\/2026\/03\/14\/sporting-volta-a-treinar-apos-folga-quatro-ausentes-sob-rui-borges-e-reforco\/\",\"name\":\"Sporting volta a treinar ap\u00f3s folga; quatro ausentes sob Rui Borges e refor\u00e7o - Portal Tela Portugal\",\"isPartOf\":{\"@id\":\"https:\/\/portaltela.pt\/#website\"},\"primaryImageOfPage\":{\"@id\":\"https:\/\/portaltela.pt\/noticias\/2026\/03\/14\/sporting-volta-a-treinar-apos-folga-quatro-ausentes-sob-rui-borges-e-reforco\/#primaryimage\"},\"image\":{\"@id\":\"https:\/\/portaltela.pt\/noticias\/2026\/03\/14\/sporting-volta-a-treinar-apos-folga-quatro-ausentes-sob-rui-borges-e-reforco\/#primaryimage\"},\"thumbnailUrl\":\"https:\/\/portaltela.pt\/s.01k8rhncp4jt1\/2026\/03\/img_920x518uu2026-03-14-16-19-03-2426875.jpg\",\"datePublished\":\"2026-03-14T16:39:29+00:00\",\"author\":{\"@id\":\"https:\/\/portaltela.pt\/#\/schema\/person\/c4278d4a6028830caff9ee44b42d32ed\"},\"breadcrumb\":{\"@id\":\"https:\/\/portaltela.pt\/noticias\/2026\/03\/14\/sporting-volta-a-treinar-apos-folga-quatro-ausentes-sob-rui-borges-e-reforco\/#breadcrumb\"},\"inLanguage\":\"pt-PT\",\"potentialAction\":[{\"@type\":\"ReadAction\",\"target\":[\"https:\/\/portaltela.pt\/noticias\/2026\/03\/14\/sporting-volta-a-treinar-apos-folga-quatro-ausentes-sob-rui-borges-e-reforco\/\"]}]},{\"@type\":\"ImageObject\",\"inLanguage\":\"pt-PT\",\"@id\":\"https:\/\/portaltela.pt\/noticias\/2026\/03\/14\/sporting-volta-a-treinar-apos-folga-quatro-ausentes-sob-rui-borges-e-reforco\/#primaryimage\",\"url\":\"https:\/\/portaltela.pt\/s.01k8rhncp4jt1\/2026\/03\/img_920x518uu2026-03-14-16-19-03-2426875.jpg\",\"contentUrl\":\"https:\/\/portaltela.pt\/s.01k8rhncp4jt1\/2026\/03\/img_920x518uu2026-03-14-16-19-03-2426875.jpg\",\"width\":796,\"height\":448,\"caption\":\"Rui Borges com os olhos novamente colocados na Champions\"},{\"@type\":\"BreadcrumbList\",\"@id\":\"https:\/\/portaltela.pt\/noticias\/2026\/03\/14\/sporting-volta-a-treinar-apos-folga-quatro-ausentes-sob-rui-borges-e-reforco\/#breadcrumb\",\"itemListElement\":[{\"@type\":\"ListItem\",\"position\":1,\"name\":\"In\u00edcio\",\"item\":\"https:\/\/portaltela.pt\/\"},{\"@type\":\"ListItem\",\"position\":2,\"name\":\"Sporting volta a treinar ap\u00f3s folga; quatro ausentes sob Rui Borges e refor\u00e7o\"}]},{\"@type\":\"WebSite\",\"@id\":\"https:\/\/portaltela.pt\/#website\",\"url\":\"https:\/\/portaltela.pt\/\",\"name\":\"Portal Tela Portugal\",\"description\":\"\",\"potentialAction\":[{\"@type\":\"SearchAction\",\"target\":{\"@type\":\"EntryPoint\",\"urlTemplate\":\"https:\/\/portaltela.pt\/?s={search_term_string}\"},\"query-input\":{\"@type\":\"PropertyValueSpecification\",\"valueRequired\":true,\"valueName\":\"search_term_string\"}}],\"inLanguage\":\"pt-PT\"},{\"@type\":\"Person\",\"@id\":\"https:\/\/portaltela.pt\/#\/schema\/person\/c4278d4a6028830caff9ee44b42d32ed\",\"name\":\"Telinha\",\"image\":{\"@type\":\"ImageObject\",\"inLanguage\":\"pt-PT\",\"@id\":\"https:\/\/portaltela.pt\/s.01k8rhncp4jt1\/2025\/11\/talking-bot-125x125.png\",\"url\":\"https:\/\/portaltela.pt\/s.01k8rhncp4jt1\/2025\/11\/talking-bot-125x125.png\",\"contentUrl\":\"https:\/\/portaltela.pt\/s.01k8rhncp4jt1\/2025\/11\/talking-bot-125x125.png\",\"caption\":\"Telinha\"},\"sameAs\":[\"https:\/\/portaltela.pt\/\"],\"url\":\"https:\/\/portaltela.pt\/por\/367410592786\/\"}]}<\/script>\n<!-- \/ Yoast SEO plugin. -->","yoast_head_json":{"title":"Sporting volta a treinar ap\u00f3s folga; quatro ausentes sob Rui Borges e refor\u00e7o - Portal Tela Portugal","robots":{"index":"index","follow":"follow","max-snippet":"max-snippet:-1","max-image-preview":"max-image-preview:large","max-video-preview":"max-video-preview:-1"},"og_locale":"pt_PT","og_type":"article","og_title":"Sporting volta a treinar ap\u00f3s folga; quatro ausentes sob Rui Borges e refor\u00e7o - Portal Tela Portugal","og_description":"O Sporting voltou aos treinos na Academia Cristiano Ronaldo, ap\u00f3s a folga de Rui Borges. A equipa prepara-se para a segunda m\u00e3o contra o Bodo\/Glimt, na ter\u00e7a-feira, \u00e0s 17h45, no Est\u00e1dio Jos\u00e9 Alvalade. Quatro jogadores estiveram ausentes por les\u00e3o: Ricardo Mangas, Kochorashvili, Ioannidis e Geovany Quenda (em Londres a treinar com o Chelsea). Samuel Justo foi chamado para refor\u00e7ar o apronto matutino. Amanh\u00e3 h\u00e1 nova sess\u00e3o de treino, em hor\u00e1rio matutino, com antevis\u00f5es ao Sporting-Bodo Glimt.","og_url":"https:\/\/portaltela.pt\/noticias\/2026\/03\/14\/sporting-volta-a-treinar-apos-folga-quatro-ausentes-sob-rui-borges-e-reforco\/","og_site_name":"Portal Tela Portugal","article_published_time":"2026-03-14T16:39:29+00:00","author":"Telinha","twitter_card":"summary_large_image","twitter_misc":{"Escrito por":"Telinha","Tempo estimado de leitura":"1 minuto"},"schema":{"@context":"https:\/\/schema.org","@graph":[{"@type":"Article","@id":"https:\/\/portaltela.pt\/noticias\/2026\/03\/14\/sporting-volta-a-treinar-apos-folga-quatro-ausentes-sob-rui-borges-e-reforco\/#article","isPartOf":{"@id":"https:\/\/portaltela.pt\/noticias\/2026\/03\/14\/sporting-volta-a-treinar-apos-folga-quatro-ausentes-sob-rui-borges-e-reforco\/"},"author":{"name":"Telinha","@id":"https:\/\/portaltela.pt\/#\/schema\/person\/c4278d4a6028830caff9ee44b42d32ed"},"headline":"Sporting volta a treinar ap\u00f3s folga; quatro ausentes sob Rui Borges e refor\u00e7o","datePublished":"2026-03-14T16:39:29+00:00","mainEntityOfPage":{"@id":"https:\/\/portaltela.pt\/noticias\/2026\/03\/14\/sporting-volta-a-treinar-apos-folga-quatro-ausentes-sob-rui-borges-e-reforco\/"},"wordCount":233,"image":{"@id":"https:\/\/portaltela.pt\/noticias\/2026\/03\/14\/sporting-volta-a-treinar-apos-folga-quatro-ausentes-sob-rui-borges-e-reforco\/#primaryimage"},"thumbnailUrl":"https:\/\/portaltela.pt\/s.01k8rhncp4jt1\/2026\/03\/img_920x518uu2026-03-14-16-19-03-2426875.jpg","keywords":["Alcochete","Champions League","Chelsea","futebol","les\u00f5es","Sporting"],"articleSection":["Desporto","Futebol"],"inLanguage":"pt-PT"},{"@type":"WebPage","@id":"https:\/\/portaltela.pt\/noticias\/2026\/03\/14\/sporting-volta-a-treinar-apos-folga-quatro-ausentes-sob-rui-borges-e-reforco\/","url":"https:\/\/portaltela.pt\/noticias\/2026\/03\/14\/sporting-volta-a-treinar-apos-folga-quatro-ausentes-sob-rui-borges-e-reforco\/","name":"Sporting volta a treinar ap\u00f3s folga; quatro ausentes sob Rui Borges e refor\u00e7o - Portal Tela Portugal","isPartOf":{"@id":"https:\/\/portaltela.pt\/#website"},"primaryImageOfPage":{"@id":"https:\/\/portaltela.pt\/noticias\/2026\/03\/14\/sporting-volta-a-treinar-apos-folga-quatro-ausentes-sob-rui-borges-e-reforco\/#primaryimage"},"image":{"@id":"https:\/\/portaltela.pt\/noticias\/2026\/03\/14\/sporting-volta-a-treinar-apos-folga-quatro-ausentes-sob-rui-borges-e-reforco\/#primaryimage"},"thumbnailUrl":"https:\/\/portaltela.pt\/s.01k8rhncp4jt1\/2026\/03\/img_920x518uu2026-03-14-16-19-03-2426875.jpg","datePublished":"2026-03-14T16:39:29+00:00","author":{"@id":"https:\/\/portaltela.pt\/#\/schema\/person\/c4278d4a6028830caff9ee44b42d32ed"},"breadcrumb":{"@id":"https:\/\/portaltela.pt\/noticias\/2026\/03\/14\/sporting-volta-a-treinar-apos-folga-quatro-ausentes-sob-rui-borges-e-reforco\/#breadcrumb"},"inLanguage":"pt-PT","potentialAction":[{"@type":"ReadAction","target":["https:\/\/portaltela.pt\/noticias\/2026\/03\/14\/sporting-volta-a-treinar-apos-folga-quatro-ausentes-sob-rui-borges-e-reforco\/"]}]},{"@type":"ImageObject","inLanguage":"pt-PT","@id":"https:\/\/portaltela.pt\/noticias\/2026\/03\/14\/sporting-volta-a-treinar-apos-folga-quatro-ausentes-sob-rui-borges-e-reforco\/#primaryimage","url":"https:\/\/portaltela.pt\/s.01k8rhncp4jt1\/2026\/03\/img_920x518uu2026-03-14-16-19-03-2426875.jpg","contentUrl":"https:\/\/portaltela.pt\/s.01k8rhncp4jt1\/2026\/03\/img_920x518uu2026-03-14-16-19-03-2426875.jpg","width":796,"height":448,"caption":"Rui Borges com os olhos novamente colocados na Champions"},{"@type":"BreadcrumbList","@id":"https:\/\/portaltela.pt\/noticias\/2026\/03\/14\/sporting-volta-a-treinar-apos-folga-quatro-ausentes-sob-rui-borges-e-reforco\/#breadcrumb","itemListElement":[{"@type":"ListItem","position":1,"name":"In\u00edcio","item":"https:\/\/portaltela.pt\/"},{"@type":"ListItem","position":2,"name":"Sporting volta a treinar ap\u00f3s folga; quatro ausentes sob Rui Borges e refor\u00e7o"}]},{"@type":"WebSite","@id":"https:\/\/portaltela.pt\/#website","url":"https:\/\/portaltela.pt\/","name":"Portal Tela Portugal","description":"","potentialAction":[{"@type":"SearchAction","target":{"@type":"EntryPoint","urlTemplate":"https:\/\/portaltela.pt\/?s={search_term_string}"},"query-input":{"@type":"PropertyValueSpecification","valueRequired":true,"valueName":"search_term_string"}}],"inLanguage":"pt-PT"},{"@type":"Person","@id":"https:\/\/portaltela.pt\/#\/schema\/person\/c4278d4a6028830caff9ee44b42d32ed","name":"Telinha","image":{"@type":"ImageObject","inLanguage":"pt-PT","@id":"https:\/\/portaltela.pt\/s.01k8rhncp4jt1\/2025\/11\/talking-bot-125x125.png","url":"https:\/\/portaltela.pt\/s.01k8rhncp4jt1\/2025\/11\/talking-bot-125x125.png","contentUrl":"https:\/\/portaltela.pt\/s.01k8rhncp4jt1\/2025\/11\/talking-bot-125x125.png","caption":"Telinha"},"sameAs":["https:\/\/portaltela.pt\/"],"url":"https:\/\/portaltela.pt\/por\/367410592786\/"}]}},"_links":{"self":[{"href":"https:\/\/portaltela.pt\/api\/wp\/v2\/posts\/410157","targetHints":{"allow":["GET"]}}],"collection":[{"href":"https:\/\/portaltela.pt\/api\/wp\/v2\/posts"}],"about":[{"href":"https:\/\/portaltela.pt\/api\/wp\/v2\/types\/post"}],"author":[{"embeddable":true,"href":"https:\/\/portaltela.pt\/api\/wp\/v2\/users\/2"}],"replies":[{"embeddable":true,"href":"https:\/\/portaltela.pt\/api\/wp\/v2\/comments?post=410157"}],"version-history":[{"count":0,"href":"https:\/\/portaltela.pt\/api\/wp\/v2\/posts\/410157\/revisions"}],"wp:featuredmedia":[{"embeddable":true,"href":"https:\/\/portaltela.pt\/api\/wp\/v2\/media\/410161"}],"wp:attachment":[{"href":"https:\/\/portaltela.pt\/api\/wp\/v2\/media?parent=410157"}],"wp:term":[{"taxonomy":"category","embeddable":true,"href":"https:\/\/portaltela.pt\/api\/wp\/v2\/categories?post=410157"},{"taxonomy":"post_tag","embeddable":true,"href":"https:\/\/portaltela.pt\/api\/wp\/v2\/tags?post=410157"}],"curies":[{"name":"wp","href":"https:\/\/api.w.org\/{rel}","templated":true}]}}