{"id":410145,"date":"2026-03-14T13:46:51","date_gmt":"2026-03-14T16:46:51","guid":{"rendered":"https:\/\/portaltela.pt\/noticias\/2026\/03\/14\/lideres-da-nato-pedem-a-trump-que-cancele-sancoes-ao-petroleo-russo\/"},"modified":"2026-03-14T13:46:51","modified_gmt":"2026-03-14T16:46:51","slug":"lideres-da-nato-pedem-a-trump-que-cancele-sancoes-ao-petroleo-russo","status":"publish","type":"post","link":"https:\/\/portaltela.pt\/noticias\/2026\/03\/14\/lideres-da-nato-pedem-a-trump-que-cancele-sancoes-ao-petroleo-russo\/","title":{"rendered":"L\u00edderes da NATO pedem a Trump que cancele san\u00e7\u00f5es ao petr\u00f3leo russo"},"content":{"rendered":"<p>Tr\u00eas l\u00edderes da NATO, oriundos do Canad\u00e1, da Alemanha e da Noruega, apelaram a Donald Trump para que reveja a suspens\u00e3o das san\u00e7\u00f5es contra o petr\u00f3leo russo. A comunica\u00e7\u00e3o ocorreu na mesma altura em que o Presidente dos EUA autorizou um adiamento da medida, alegadamente para estabilizar o fornecimento global de energia. A posi\u00e7\u00e3o foi comunicada \u00e0 Euronews, com base em declara\u00e7\u00f5es oficiais.<\/p>\n<p>A chanceler alem\u00e3 e o ministro da Defesa alem\u00e3o estiveram numa ronda de reuni\u00f5es para assegurar que a press\u00e3o sobre o Kremlin permane\u00e7a. Os dirigentes destacaram que seis dos sete membros do G7 opinam pela continua\u00e7\u00e3o das san\u00e7\u00f5es, e que Washington poder\u00e1 ter errado ao suspender uma parte das medidas. O Canad\u00e1 e a Noruega tamb\u00e9m participam na press\u00e3o internacional.<\/p>\n<p>O trio reuniu-se durante uma visita oficial ao norte da Europa para acompanhar o exerc\u00edcio Arctic Sentry, da NATO, que visa refor\u00e7ar a presen\u00e7a na regi\u00e3o \u00e1rtica. O evento inclui demonstra\u00e7\u00f5es com tanques Leopard e ve\u00edculos de infantaria, numa opera\u00e7\u00e3o que visa testar capacidades de resposta da alian\u00e7a.<\/p>\n<p>Boris Pistorius, ministro da Defesa alem\u00e3o, expressou preocupa\u00e7\u00e3o com o retorno da R\u00fassia ao acesso a receitas petrol\u00edferas. O objetivo \u00e9 pressionar Moscovo para que a guerra na Ucr\u00e2nia termine, reduzindo  receitas que sustentam a ofensiva. A influ\u00eancia dos mercados energ\u00e9ticos foi apontada como fator-chave pela an\u00e1lise alem\u00e3.<\/p>\n<p>O Kremlin reagiu, sublinhando que os interesses estrat\u00e9gicos entre Moscou e Washington podem convergir no que toca aos mercados de energia. Dmitry Peskov indicou que a exce\u00e7\u00e3o permite a sa\u00edda de petr\u00f3leo j\u00e1 carregado antes de um ponto espec\u00edfico no tempo, sinalizando uma leitura cr\u00edtica sobre a medida adotada pelos EUA.<\/p>\n<p>Os l\u00edderes da Alemanha, do Canad\u00e1 e da Noruega reiteraram que manter press\u00e3o sobre o Kremlin continua essencial. A comunica\u00e7\u00e3o com a Casa Branca ser\u00e1 mantida para tentar reverter a decis\u00e3o de Washington, com a ideia de n\u00e3o beneficiar a R\u00fassia. A coopera\u00e7\u00e3o entre os pa\u00edses permanece foco central da resposta internacional.<\/p>\n","protected":false},"excerpt":{"rendered":"<ul>\n<li>L\u00edderes da NATO da Alemanha, Canad\u00e1 e Noruega pedem a Donald Trump que reveja a suspens\u00e3o das san\u00e7\u00f5es ao petr\u00f3leo russo e enviar\u00e3o apelos \u00e0 Casa Branca.<\/li>\n<li>O ministro da Defesa alem\u00e3o, Boris Pistorius, disse estar preocupado com o impacto na Ucr\u00e2nia; o chanceler alem\u00e3o, Friedrich Merz, afirma que seis dos sete pa\u00edses do G7 se op\u00f5em \u00e0 medida.<\/li>\n<li>A posi\u00e7\u00e3o da trio \u00e9 manter a press\u00e3o m\u00e1xima sobre o Kremlin pela invas\u00e3o da Ucr\u00e2nia, evitando que a R\u00fassia beneficie do regresso do petr\u00f3leo aos mercados globais.<\/li>\n<li>Merz planeia falar com o presidente franc\u00eas Macron para tentar contornar a decis\u00e3o; o primeiro-ministro canadiano, Mark Carney, disse que t\u00eam linhas diretas com Trump.<\/li>\n<li>A visita incluiu o exerc\u00edcio Arctic Sentry da NATO; Pistorius destacou a import\u00e2ncia de cortar receitas russas de petr\u00f3leo para pressionar o Kremlin, e o Kremlin elogiou a medida como forma de estabilizar os mercados energ\u00e9ticos.<\/li>\n<\/ul>\n","protected":false},"author":2,"featured_media":410153,"comment_status":"closed","ping_status":"closed","sticky":false,"template":"","format":"standard","meta":{"footnotes":""},"categories":[1],"tags":[6308,1603,5867,2015,2125,6371],"class_list":["post-410145","post","type-post","status-publish","format-standard","has-post-thumbnail","hentry","category-noticias","tag-a-russia","tag-alemanha","tag-arctic-sentry","tag-canada","tag-noruega","tag-sancoes"],"yoast_head":"<!-- This site is optimized with the Yoast SEO plugin v27.2 - https:\/\/yoast.com\/product\/yoast-seo-wordpress\/ -->\n<title>L\u00edderes da NATO pedem a Trump que cancele san\u00e7\u00f5es ao petr\u00f3leo russo - Portal Tela Portugal<\/title>\n<meta name=\"robots\" content=\"index, follow, max-snippet:-1, max-image-preview:large, max-video-preview:-1\" \/>\n<meta property=\"og:locale\" content=\"pt_PT\" \/>\n<meta property=\"og:type\" content=\"article\" \/>\n<meta property=\"og:title\" content=\"L\u00edderes da NATO pedem a Trump que cancele san\u00e7\u00f5es ao petr\u00f3leo russo - Portal Tela Portugal\" \/>\n<meta property=\"og:description\" content=\"L\u00edderes da NATO da Alemanha, Canad\u00e1 e Noruega pedem a Donald Trump que reveja a suspens\u00e3o das san\u00e7\u00f5es ao petr\u00f3leo russo e enviar\u00e3o apelos \u00e0 Casa Branca. O ministro da Defesa alem\u00e3o, Boris Pistorius, disse estar preocupado com o impacto na Ucr\u00e2nia; o chanceler alem\u00e3o, Friedrich Merz, afirma que seis dos sete pa\u00edses do G7 se op\u00f5em \u00e0 medida. A posi\u00e7\u00e3o da trio \u00e9 manter a press\u00e3o m\u00e1xima sobre o Kremlin pela invas\u00e3o da Ucr\u00e2nia, evitando que a R\u00fassia beneficie do regresso do petr\u00f3leo aos mercados globais. Merz planeia falar com o presidente franc\u00eas Macron para tentar contornar a decis\u00e3o; o primeiro-ministro canadiano, Mark Carney, disse que t\u00eam linhas diretas com Trump. A visita incluiu o exerc\u00edcio Arctic Sentry da NATO; Pistorius destacou a import\u00e2ncia de cortar receitas russas de petr\u00f3leo para pressionar o Kremlin, e o Kremlin elogiou a medida como forma de estabilizar os mercados energ\u00e9ticos.\" \/>\n<meta property=\"og:url\" content=\"https:\/\/portaltela.pt\/noticias\/2026\/03\/14\/lideres-da-nato-pedem-a-trump-que-cancele-sancoes-ao-petroleo-russo\/\" \/>\n<meta property=\"og:site_name\" content=\"Portal Tela Portugal\" \/>\n<meta property=\"article:published_time\" content=\"2026-03-14T16:46:51+00:00\" \/>\n<meta name=\"author\" content=\"Telinha\" \/>\n<meta name=\"twitter:card\" content=\"summary_large_image\" \/>\n<meta name=\"twitter:label1\" content=\"Escrito por\" \/>\n\t<meta name=\"twitter:data1\" content=\"Telinha\" \/>\n\t<meta name=\"twitter:label2\" content=\"Tempo estimado de leitura\" \/>\n\t<meta name=\"twitter:data2\" content=\"2 minutos\" \/>\n<script type=\"application\/ld+json\" class=\"yoast-schema-graph\">{\"@context\":\"https:\/\/schema.org\",\"@graph\":[{\"@type\":\"Article\",\"@id\":\"https:\/\/portaltela.pt\/noticias\/2026\/03\/14\/lideres-da-nato-pedem-a-trump-que-cancele-sancoes-ao-petroleo-russo\/#article\",\"isPartOf\":{\"@id\":\"https:\/\/portaltela.pt\/noticias\/2026\/03\/14\/lideres-da-nato-pedem-a-trump-que-cancele-sancoes-ao-petroleo-russo\/\"},\"author\":{\"name\":\"Telinha\",\"@id\":\"https:\/\/portaltela.pt\/#\/schema\/person\/c4278d4a6028830caff9ee44b42d32ed\"},\"headline\":\"L\u00edderes da NATO pedem a Trump que cancele san\u00e7\u00f5es ao petr\u00f3leo russo\",\"datePublished\":\"2026-03-14T16:46:51+00:00\",\"mainEntityOfPage\":{\"@id\":\"https:\/\/portaltela.pt\/noticias\/2026\/03\/14\/lideres-da-nato-pedem-a-trump-que-cancele-sancoes-ao-petroleo-russo\/\"},\"wordCount\":381,\"image\":{\"@id\":\"https:\/\/portaltela.pt\/noticias\/2026\/03\/14\/lideres-da-nato-pedem-a-trump-que-cancele-sancoes-ao-petroleo-russo\/#primaryimage\"},\"thumbnailUrl\":\"https:\/\/portaltela.pt\/s.01k8rhncp4jt1\/2026\/03\/1536x864_cmsv2_dcf753bc-8d31-5952-a2d6-ea6973a8bddc-9685218.jpg\",\"keywords\":[\"a R\u00fassia\",\"Alemanha\",\"Arctic Sentry\",\"Canad\u00e1\",\"Noruega\",\"san\u00e7\u00f5es\"],\"articleSection\":[\"Not\u00edcias\"],\"inLanguage\":\"pt-PT\"},{\"@type\":\"WebPage\",\"@id\":\"https:\/\/portaltela.pt\/noticias\/2026\/03\/14\/lideres-da-nato-pedem-a-trump-que-cancele-sancoes-ao-petroleo-russo\/\",\"url\":\"https:\/\/portaltela.pt\/noticias\/2026\/03\/14\/lideres-da-nato-pedem-a-trump-que-cancele-sancoes-ao-petroleo-russo\/\",\"name\":\"L\u00edderes da NATO pedem a Trump que cancele san\u00e7\u00f5es ao petr\u00f3leo russo - Portal Tela Portugal\",\"isPartOf\":{\"@id\":\"https:\/\/portaltela.pt\/#website\"},\"primaryImageOfPage\":{\"@id\":\"https:\/\/portaltela.pt\/noticias\/2026\/03\/14\/lideres-da-nato-pedem-a-trump-que-cancele-sancoes-ao-petroleo-russo\/#primaryimage\"},\"image\":{\"@id\":\"https:\/\/portaltela.pt\/noticias\/2026\/03\/14\/lideres-da-nato-pedem-a-trump-que-cancele-sancoes-ao-petroleo-russo\/#primaryimage\"},\"thumbnailUrl\":\"https:\/\/portaltela.pt\/s.01k8rhncp4jt1\/2026\/03\/1536x864_cmsv2_dcf753bc-8d31-5952-a2d6-ea6973a8bddc-9685218.jpg\",\"datePublished\":\"2026-03-14T16:46:51+00:00\",\"author\":{\"@id\":\"https:\/\/portaltela.pt\/#\/schema\/person\/c4278d4a6028830caff9ee44b42d32ed\"},\"breadcrumb\":{\"@id\":\"https:\/\/portaltela.pt\/noticias\/2026\/03\/14\/lideres-da-nato-pedem-a-trump-que-cancele-sancoes-ao-petroleo-russo\/#breadcrumb\"},\"inLanguage\":\"pt-PT\",\"potentialAction\":[{\"@type\":\"ReadAction\",\"target\":[\"https:\/\/portaltela.pt\/noticias\/2026\/03\/14\/lideres-da-nato-pedem-a-trump-que-cancele-sancoes-ao-petroleo-russo\/\"]}]},{\"@type\":\"ImageObject\",\"inLanguage\":\"pt-PT\",\"@id\":\"https:\/\/portaltela.pt\/noticias\/2026\/03\/14\/lideres-da-nato-pedem-a-trump-que-cancele-sancoes-ao-petroleo-russo\/#primaryimage\",\"url\":\"https:\/\/portaltela.pt\/s.01k8rhncp4jt1\/2026\/03\/1536x864_cmsv2_dcf753bc-8d31-5952-a2d6-ea6973a8bddc-9685218.jpg\",\"contentUrl\":\"https:\/\/portaltela.pt\/s.01k8rhncp4jt1\/2026\/03\/1536x864_cmsv2_dcf753bc-8d31-5952-a2d6-ea6973a8bddc-9685218.jpg\",\"width\":796,\"height\":448,\"caption\":\"Da esquerda para a direita: O primeiro-ministro canadiano, Mark Carney, o primeiro-ministro noruegu\u00eas, Jonas Gahr St\u00f8re, e o chanceler alem\u00e3o, Friedrich Merz, na Noruega, a 13 de mar\u00e7o de 2026.\"},{\"@type\":\"BreadcrumbList\",\"@id\":\"https:\/\/portaltela.pt\/noticias\/2026\/03\/14\/lideres-da-nato-pedem-a-trump-que-cancele-sancoes-ao-petroleo-russo\/#breadcrumb\",\"itemListElement\":[{\"@type\":\"ListItem\",\"position\":1,\"name\":\"In\u00edcio\",\"item\":\"https:\/\/portaltela.pt\/\"},{\"@type\":\"ListItem\",\"position\":2,\"name\":\"L\u00edderes da NATO pedem a Trump que cancele san\u00e7\u00f5es ao petr\u00f3leo russo\"}]},{\"@type\":\"WebSite\",\"@id\":\"https:\/\/portaltela.pt\/#website\",\"url\":\"https:\/\/portaltela.pt\/\",\"name\":\"Portal Tela Portugal\",\"description\":\"\",\"potentialAction\":[{\"@type\":\"SearchAction\",\"target\":{\"@type\":\"EntryPoint\",\"urlTemplate\":\"https:\/\/portaltela.pt\/?s={search_term_string}\"},\"query-input\":{\"@type\":\"PropertyValueSpecification\",\"valueRequired\":true,\"valueName\":\"search_term_string\"}}],\"inLanguage\":\"pt-PT\"},{\"@type\":\"Person\",\"@id\":\"https:\/\/portaltela.pt\/#\/schema\/person\/c4278d4a6028830caff9ee44b42d32ed\",\"name\":\"Telinha\",\"image\":{\"@type\":\"ImageObject\",\"inLanguage\":\"pt-PT\",\"@id\":\"https:\/\/portaltela.pt\/s.01k8rhncp4jt1\/2025\/11\/talking-bot-125x125.png\",\"url\":\"https:\/\/portaltela.pt\/s.01k8rhncp4jt1\/2025\/11\/talking-bot-125x125.png\",\"contentUrl\":\"https:\/\/portaltela.pt\/s.01k8rhncp4jt1\/2025\/11\/talking-bot-125x125.png\",\"caption\":\"Telinha\"},\"sameAs\":[\"https:\/\/portaltela.pt\/\"],\"url\":\"https:\/\/portaltela.pt\/por\/367410592786\/\"}]}<\/script>\n<!-- \/ Yoast SEO plugin. -->","yoast_head_json":{"title":"L\u00edderes da NATO pedem a Trump que cancele san\u00e7\u00f5es ao petr\u00f3leo russo - Portal Tela Portugal","robots":{"index":"index","follow":"follow","max-snippet":"max-snippet:-1","max-image-preview":"max-image-preview:large","max-video-preview":"max-video-preview:-1"},"og_locale":"pt_PT","og_type":"article","og_title":"L\u00edderes da NATO pedem a Trump que cancele san\u00e7\u00f5es ao petr\u00f3leo russo - Portal Tela Portugal","og_description":"L\u00edderes da NATO da Alemanha, Canad\u00e1 e Noruega pedem a Donald Trump que reveja a suspens\u00e3o das san\u00e7\u00f5es ao petr\u00f3leo russo e enviar\u00e3o apelos \u00e0 Casa Branca. O ministro da Defesa alem\u00e3o, Boris Pistorius, disse estar preocupado com o impacto na Ucr\u00e2nia; o chanceler alem\u00e3o, Friedrich Merz, afirma que seis dos sete pa\u00edses do G7 se op\u00f5em \u00e0 medida. A posi\u00e7\u00e3o da trio \u00e9 manter a press\u00e3o m\u00e1xima sobre o Kremlin pela invas\u00e3o da Ucr\u00e2nia, evitando que a R\u00fassia beneficie do regresso do petr\u00f3leo aos mercados globais. Merz planeia falar com o presidente franc\u00eas Macron para tentar contornar a decis\u00e3o; o primeiro-ministro canadiano, Mark Carney, disse que t\u00eam linhas diretas com Trump. A visita incluiu o exerc\u00edcio Arctic Sentry da NATO; Pistorius destacou a import\u00e2ncia de cortar receitas russas de petr\u00f3leo para pressionar o Kremlin, e o Kremlin elogiou a medida como forma de estabilizar os mercados energ\u00e9ticos.","og_url":"https:\/\/portaltela.pt\/noticias\/2026\/03\/14\/lideres-da-nato-pedem-a-trump-que-cancele-sancoes-ao-petroleo-russo\/","og_site_name":"Portal Tela Portugal","article_published_time":"2026-03-14T16:46:51+00:00","author":"Telinha","twitter_card":"summary_large_image","twitter_misc":{"Escrito por":"Telinha","Tempo estimado de leitura":"2 minutos"},"schema":{"@context":"https:\/\/schema.org","@graph":[{"@type":"Article","@id":"https:\/\/portaltela.pt\/noticias\/2026\/03\/14\/lideres-da-nato-pedem-a-trump-que-cancele-sancoes-ao-petroleo-russo\/#article","isPartOf":{"@id":"https:\/\/portaltela.pt\/noticias\/2026\/03\/14\/lideres-da-nato-pedem-a-trump-que-cancele-sancoes-ao-petroleo-russo\/"},"author":{"name":"Telinha","@id":"https:\/\/portaltela.pt\/#\/schema\/person\/c4278d4a6028830caff9ee44b42d32ed"},"headline":"L\u00edderes da NATO pedem a Trump que cancele san\u00e7\u00f5es ao petr\u00f3leo russo","datePublished":"2026-03-14T16:46:51+00:00","mainEntityOfPage":{"@id":"https:\/\/portaltela.pt\/noticias\/2026\/03\/14\/lideres-da-nato-pedem-a-trump-que-cancele-sancoes-ao-petroleo-russo\/"},"wordCount":381,"image":{"@id":"https:\/\/portaltela.pt\/noticias\/2026\/03\/14\/lideres-da-nato-pedem-a-trump-que-cancele-sancoes-ao-petroleo-russo\/#primaryimage"},"thumbnailUrl":"https:\/\/portaltela.pt\/s.01k8rhncp4jt1\/2026\/03\/1536x864_cmsv2_dcf753bc-8d31-5952-a2d6-ea6973a8bddc-9685218.jpg","keywords":["a R\u00fassia","Alemanha","Arctic Sentry","Canad\u00e1","Noruega","san\u00e7\u00f5es"],"articleSection":["Not\u00edcias"],"inLanguage":"pt-PT"},{"@type":"WebPage","@id":"https:\/\/portaltela.pt\/noticias\/2026\/03\/14\/lideres-da-nato-pedem-a-trump-que-cancele-sancoes-ao-petroleo-russo\/","url":"https:\/\/portaltela.pt\/noticias\/2026\/03\/14\/lideres-da-nato-pedem-a-trump-que-cancele-sancoes-ao-petroleo-russo\/","name":"L\u00edderes da NATO pedem a Trump que cancele san\u00e7\u00f5es ao petr\u00f3leo russo - Portal Tela Portugal","isPartOf":{"@id":"https:\/\/portaltela.pt\/#website"},"primaryImageOfPage":{"@id":"https:\/\/portaltela.pt\/noticias\/2026\/03\/14\/lideres-da-nato-pedem-a-trump-que-cancele-sancoes-ao-petroleo-russo\/#primaryimage"},"image":{"@id":"https:\/\/portaltela.pt\/noticias\/2026\/03\/14\/lideres-da-nato-pedem-a-trump-que-cancele-sancoes-ao-petroleo-russo\/#primaryimage"},"thumbnailUrl":"https:\/\/portaltela.pt\/s.01k8rhncp4jt1\/2026\/03\/1536x864_cmsv2_dcf753bc-8d31-5952-a2d6-ea6973a8bddc-9685218.jpg","datePublished":"2026-03-14T16:46:51+00:00","author":{"@id":"https:\/\/portaltela.pt\/#\/schema\/person\/c4278d4a6028830caff9ee44b42d32ed"},"breadcrumb":{"@id":"https:\/\/portaltela.pt\/noticias\/2026\/03\/14\/lideres-da-nato-pedem-a-trump-que-cancele-sancoes-ao-petroleo-russo\/#breadcrumb"},"inLanguage":"pt-PT","potentialAction":[{"@type":"ReadAction","target":["https:\/\/portaltela.pt\/noticias\/2026\/03\/14\/lideres-da-nato-pedem-a-trump-que-cancele-sancoes-ao-petroleo-russo\/"]}]},{"@type":"ImageObject","inLanguage":"pt-PT","@id":"https:\/\/portaltela.pt\/noticias\/2026\/03\/14\/lideres-da-nato-pedem-a-trump-que-cancele-sancoes-ao-petroleo-russo\/#primaryimage","url":"https:\/\/portaltela.pt\/s.01k8rhncp4jt1\/2026\/03\/1536x864_cmsv2_dcf753bc-8d31-5952-a2d6-ea6973a8bddc-9685218.jpg","contentUrl":"https:\/\/portaltela.pt\/s.01k8rhncp4jt1\/2026\/03\/1536x864_cmsv2_dcf753bc-8d31-5952-a2d6-ea6973a8bddc-9685218.jpg","width":796,"height":448,"caption":"Da esquerda para a direita: O primeiro-ministro canadiano, Mark Carney, o primeiro-ministro noruegu\u00eas, Jonas Gahr St\u00f8re, e o chanceler alem\u00e3o, Friedrich Merz, na Noruega, a 13 de mar\u00e7o de 2026."},{"@type":"BreadcrumbList","@id":"https:\/\/portaltela.pt\/noticias\/2026\/03\/14\/lideres-da-nato-pedem-a-trump-que-cancele-sancoes-ao-petroleo-russo\/#breadcrumb","itemListElement":[{"@type":"ListItem","position":1,"name":"In\u00edcio","item":"https:\/\/portaltela.pt\/"},{"@type":"ListItem","position":2,"name":"L\u00edderes da NATO pedem a Trump que cancele san\u00e7\u00f5es ao petr\u00f3leo russo"}]},{"@type":"WebSite","@id":"https:\/\/portaltela.pt\/#website","url":"https:\/\/portaltela.pt\/","name":"Portal Tela Portugal","description":"","potentialAction":[{"@type":"SearchAction","target":{"@type":"EntryPoint","urlTemplate":"https:\/\/portaltela.pt\/?s={search_term_string}"},"query-input":{"@type":"PropertyValueSpecification","valueRequired":true,"valueName":"search_term_string"}}],"inLanguage":"pt-PT"},{"@type":"Person","@id":"https:\/\/portaltela.pt\/#\/schema\/person\/c4278d4a6028830caff9ee44b42d32ed","name":"Telinha","image":{"@type":"ImageObject","inLanguage":"pt-PT","@id":"https:\/\/portaltela.pt\/s.01k8rhncp4jt1\/2025\/11\/talking-bot-125x125.png","url":"https:\/\/portaltela.pt\/s.01k8rhncp4jt1\/2025\/11\/talking-bot-125x125.png","contentUrl":"https:\/\/portaltela.pt\/s.01k8rhncp4jt1\/2025\/11\/talking-bot-125x125.png","caption":"Telinha"},"sameAs":["https:\/\/portaltela.pt\/"],"url":"https:\/\/portaltela.pt\/por\/367410592786\/"}]}},"_links":{"self":[{"href":"https:\/\/portaltela.pt\/api\/wp\/v2\/posts\/410145","targetHints":{"allow":["GET"]}}],"collection":[{"href":"https:\/\/portaltela.pt\/api\/wp\/v2\/posts"}],"about":[{"href":"https:\/\/portaltela.pt\/api\/wp\/v2\/types\/post"}],"author":[{"embeddable":true,"href":"https:\/\/portaltela.pt\/api\/wp\/v2\/users\/2"}],"replies":[{"embeddable":true,"href":"https:\/\/portaltela.pt\/api\/wp\/v2\/comments?post=410145"}],"version-history":[{"count":0,"href":"https:\/\/portaltela.pt\/api\/wp\/v2\/posts\/410145\/revisions"}],"wp:featuredmedia":[{"embeddable":true,"href":"https:\/\/portaltela.pt\/api\/wp\/v2\/media\/410153"}],"wp:attachment":[{"href":"https:\/\/portaltela.pt\/api\/wp\/v2\/media?parent=410145"}],"wp:term":[{"taxonomy":"category","embeddable":true,"href":"https:\/\/portaltela.pt\/api\/wp\/v2\/categories?post=410145"},{"taxonomy":"post_tag","embeddable":true,"href":"https:\/\/portaltela.pt\/api\/wp\/v2\/tags?post=410145"}],"curies":[{"name":"wp","href":"https:\/\/api.w.org\/{rel}","templated":true}]}}