{"id":410134,"date":"2026-03-14T13:17:00","date_gmt":"2026-03-14T16:17:00","guid":{"rendered":"https:\/\/portaltela.pt\/noticias\/2026\/03\/14\/tres-cavalos-a-solta-causam-panico-junto-ao-tunel-do-grilo\/"},"modified":"2026-03-14T13:17:00","modified_gmt":"2026-03-14T16:17:00","slug":"tres-cavalos-a-solta-causam-panico-junto-ao-tunel-do-grilo","status":"publish","type":"post","link":"https:\/\/portaltela.pt\/noticias\/2026\/03\/14\/tres-cavalos-a-solta-causam-panico-junto-ao-tunel-do-grilo\/","title":{"rendered":"Tr\u00eas cavalos \u00e0 solta causam p\u00e2nico junto ao T\u00fanel do Grilo"},"content":{"rendered":"<p>Tr\u00eas cavalos selvagens escaparam de um terreno agr\u00edcola junto ao T\u00fanel do Grilo, que liga a A8 \u00e0 CRIL, gerando p\u00e2nico pouco depois das 14h00 de s\u00e1bado.<\/p>\n<p>O CM recebeu um v\u00eddeo que mostra os animais a circular na berma da CRIL, no sentido Odivelas-Camarate, numa altura de chuva e com uma fila de tr\u00e2nsito ao lado.<\/p>\n<p>PSP e Bombeiros de Odivelas foram chamados; uma equipa da corpora\u00e7\u00e3o conseguiu apanhar os cavalos e desvi\u00e1-los da faixa de rodagem. N\u00e3o houve acidentes nem danos. O propriet\u00e1rio apareceu no local e devolveu-os ao terreno agr\u00edcola.<\/p>\n","protected":false},"excerpt":{"rendered":"<ul>\n<li>Tr\u00eas cavalos selvagens fugiram de um terreno agr\u00edcola perto do t\u00fanel do Grilo e circularam na berma da CRIL, no sentido Odivelas-Camarate, pouco depois das 14h00 de s\u00e1bado.<\/li>\n<li>O epis\u00f3dio provocou p\u00e2nico entre os condutores, numa altura em que chovia e havia fila de tr\u00e2nsito ao lado.<\/li>\n<li>A PSP e os bombeiros de Odivelas foram chamados e conseguiram capturar os animais, desviando-os da faixa de rodagem.<\/li>\n<li>N\u00e3o houve acidentes de via\u00e7\u00e3o nem danos a registar.<\/li>\n<li>O propriet\u00e1rio apareceu no local e devolveu os cavalos ao terreno agr\u00edcola de onde tinham escapado.<\/li>\n<\/ul>\n","protected":false},"author":2,"featured_media":410135,"comment_status":"closed","ping_status":"closed","sticky":false,"template":"","format":"standard","meta":{"footnotes":""},"categories":[1],"tags":[3091,971,5329,981,1281,1629],"class_list":["post-410134","post","type-post","status-publish","format-standard","has-post-thumbnail","hentry","category-noticias","tag-animais","tag-bombeiros","tag-chuva","tag-lisboa","tag-odivelas","tag-transito"],"yoast_head":"<!-- This site is optimized with the Yoast SEO plugin v27.2 - https:\/\/yoast.com\/product\/yoast-seo-wordpress\/ -->\n<title>Tr\u00eas cavalos \u00e0 solta causam p\u00e2nico junto ao T\u00fanel do Grilo - Portal Tela Portugal<\/title>\n<meta name=\"robots\" content=\"index, follow, max-snippet:-1, max-image-preview:large, max-video-preview:-1\" \/>\n<meta property=\"og:locale\" content=\"pt_PT\" \/>\n<meta property=\"og:type\" content=\"article\" \/>\n<meta property=\"og:title\" content=\"Tr\u00eas cavalos \u00e0 solta causam p\u00e2nico junto ao T\u00fanel do Grilo - Portal Tela Portugal\" \/>\n<meta property=\"og:description\" content=\"Tr\u00eas cavalos selvagens fugiram de um terreno agr\u00edcola perto do t\u00fanel do Grilo e circularam na berma da CRIL, no sentido Odivelas-Camarate, pouco depois das 14h00 de s\u00e1bado. O epis\u00f3dio provocou p\u00e2nico entre os condutores, numa altura em que chovia e havia fila de tr\u00e2nsito ao lado. A PSP e os bombeiros de Odivelas foram chamados e conseguiram capturar os animais, desviando-os da faixa de rodagem. N\u00e3o houve acidentes de via\u00e7\u00e3o nem danos a registar. O propriet\u00e1rio apareceu no local e devolveu os cavalos ao terreno agr\u00edcola de onde tinham escapado.\" \/>\n<meta property=\"og:url\" content=\"https:\/\/portaltela.pt\/noticias\/2026\/03\/14\/tres-cavalos-a-solta-causam-panico-junto-ao-tunel-do-grilo\/\" \/>\n<meta property=\"og:site_name\" content=\"Portal Tela Portugal\" \/>\n<meta property=\"article:published_time\" content=\"2026-03-14T16:17:00+00:00\" \/>\n<meta name=\"author\" content=\"Telinha\" \/>\n<meta name=\"twitter:card\" content=\"summary_large_image\" \/>\n<meta name=\"twitter:label1\" content=\"Escrito por\" \/>\n\t<meta name=\"twitter:data1\" content=\"Telinha\" \/>\n\t<meta name=\"twitter:label2\" content=\"Tempo estimado de leitura\" \/>\n\t<meta name=\"twitter:data2\" content=\"1 minuto\" \/>\n<script type=\"application\/ld+json\" class=\"yoast-schema-graph\">{\"@context\":\"https:\/\/schema.org\",\"@graph\":[{\"@type\":\"Article\",\"@id\":\"https:\/\/portaltela.pt\/noticias\/2026\/03\/14\/tres-cavalos-a-solta-causam-panico-junto-ao-tunel-do-grilo\/#article\",\"isPartOf\":{\"@id\":\"https:\/\/portaltela.pt\/noticias\/2026\/03\/14\/tres-cavalos-a-solta-causam-panico-junto-ao-tunel-do-grilo\/\"},\"author\":{\"name\":\"Telinha\",\"@id\":\"https:\/\/portaltela.pt\/#\/schema\/person\/c4278d4a6028830caff9ee44b42d32ed\"},\"headline\":\"Tr\u00eas cavalos \u00e0 solta causam p\u00e2nico junto ao T\u00fanel do Grilo\",\"datePublished\":\"2026-03-14T16:17:00+00:00\",\"mainEntityOfPage\":{\"@id\":\"https:\/\/portaltela.pt\/noticias\/2026\/03\/14\/tres-cavalos-a-solta-causam-panico-junto-ao-tunel-do-grilo\/\"},\"wordCount\":117,\"image\":{\"@id\":\"https:\/\/portaltela.pt\/noticias\/2026\/03\/14\/tres-cavalos-a-solta-causam-panico-junto-ao-tunel-do-grilo\/#primaryimage\"},\"thumbnailUrl\":\"https:\/\/portaltela.pt\/s.01k8rhncp4jt1\/2026\/03\/img_1280x721uu2026-03-14-15-58-29-2272314.jpg\",\"keywords\":[\"animais\",\"bombeiros\",\"chuva\",\"Lisboa\",\"Odivelas\",\"tr\u00e2nsito\"],\"articleSection\":[\"Not\u00edcias\"],\"inLanguage\":\"pt-PT\"},{\"@type\":\"WebPage\",\"@id\":\"https:\/\/portaltela.pt\/noticias\/2026\/03\/14\/tres-cavalos-a-solta-causam-panico-junto-ao-tunel-do-grilo\/\",\"url\":\"https:\/\/portaltela.pt\/noticias\/2026\/03\/14\/tres-cavalos-a-solta-causam-panico-junto-ao-tunel-do-grilo\/\",\"name\":\"Tr\u00eas cavalos \u00e0 solta causam p\u00e2nico junto ao T\u00fanel do Grilo - Portal Tela Portugal\",\"isPartOf\":{\"@id\":\"https:\/\/portaltela.pt\/#website\"},\"primaryImageOfPage\":{\"@id\":\"https:\/\/portaltela.pt\/noticias\/2026\/03\/14\/tres-cavalos-a-solta-causam-panico-junto-ao-tunel-do-grilo\/#primaryimage\"},\"image\":{\"@id\":\"https:\/\/portaltela.pt\/noticias\/2026\/03\/14\/tres-cavalos-a-solta-causam-panico-junto-ao-tunel-do-grilo\/#primaryimage\"},\"thumbnailUrl\":\"https:\/\/portaltela.pt\/s.01k8rhncp4jt1\/2026\/03\/img_1280x721uu2026-03-14-15-58-29-2272314.jpg\",\"datePublished\":\"2026-03-14T16:17:00+00:00\",\"author\":{\"@id\":\"https:\/\/portaltela.pt\/#\/schema\/person\/c4278d4a6028830caff9ee44b42d32ed\"},\"breadcrumb\":{\"@id\":\"https:\/\/portaltela.pt\/noticias\/2026\/03\/14\/tres-cavalos-a-solta-causam-panico-junto-ao-tunel-do-grilo\/#breadcrumb\"},\"inLanguage\":\"pt-PT\",\"potentialAction\":[{\"@type\":\"ReadAction\",\"target\":[\"https:\/\/portaltela.pt\/noticias\/2026\/03\/14\/tres-cavalos-a-solta-causam-panico-junto-ao-tunel-do-grilo\/\"]}]},{\"@type\":\"ImageObject\",\"inLanguage\":\"pt-PT\",\"@id\":\"https:\/\/portaltela.pt\/noticias\/2026\/03\/14\/tres-cavalos-a-solta-causam-panico-junto-ao-tunel-do-grilo\/#primaryimage\",\"url\":\"https:\/\/portaltela.pt\/s.01k8rhncp4jt1\/2026\/03\/img_1280x721uu2026-03-14-15-58-29-2272314.jpg\",\"contentUrl\":\"https:\/\/portaltela.pt\/s.01k8rhncp4jt1\/2026\/03\/img_1280x721uu2026-03-14-15-58-29-2272314.jpg\",\"width\":796,\"height\":448,\"caption\":\"Photo\"},{\"@type\":\"BreadcrumbList\",\"@id\":\"https:\/\/portaltela.pt\/noticias\/2026\/03\/14\/tres-cavalos-a-solta-causam-panico-junto-ao-tunel-do-grilo\/#breadcrumb\",\"itemListElement\":[{\"@type\":\"ListItem\",\"position\":1,\"name\":\"In\u00edcio\",\"item\":\"https:\/\/portaltela.pt\/\"},{\"@type\":\"ListItem\",\"position\":2,\"name\":\"Tr\u00eas cavalos \u00e0 solta causam p\u00e2nico junto ao T\u00fanel do Grilo\"}]},{\"@type\":\"WebSite\",\"@id\":\"https:\/\/portaltela.pt\/#website\",\"url\":\"https:\/\/portaltela.pt\/\",\"name\":\"Portal Tela Portugal\",\"description\":\"\",\"potentialAction\":[{\"@type\":\"SearchAction\",\"target\":{\"@type\":\"EntryPoint\",\"urlTemplate\":\"https:\/\/portaltela.pt\/?s={search_term_string}\"},\"query-input\":{\"@type\":\"PropertyValueSpecification\",\"valueRequired\":true,\"valueName\":\"search_term_string\"}}],\"inLanguage\":\"pt-PT\"},{\"@type\":\"Person\",\"@id\":\"https:\/\/portaltela.pt\/#\/schema\/person\/c4278d4a6028830caff9ee44b42d32ed\",\"name\":\"Telinha\",\"image\":{\"@type\":\"ImageObject\",\"inLanguage\":\"pt-PT\",\"@id\":\"https:\/\/portaltela.pt\/s.01k8rhncp4jt1\/2025\/11\/talking-bot-125x125.png\",\"url\":\"https:\/\/portaltela.pt\/s.01k8rhncp4jt1\/2025\/11\/talking-bot-125x125.png\",\"contentUrl\":\"https:\/\/portaltela.pt\/s.01k8rhncp4jt1\/2025\/11\/talking-bot-125x125.png\",\"caption\":\"Telinha\"},\"sameAs\":[\"https:\/\/portaltela.pt\/\"],\"url\":\"https:\/\/portaltela.pt\/por\/367410592786\/\"}]}<\/script>\n<!-- \/ Yoast SEO plugin. -->","yoast_head_json":{"title":"Tr\u00eas cavalos \u00e0 solta causam p\u00e2nico junto ao T\u00fanel do Grilo - Portal Tela Portugal","robots":{"index":"index","follow":"follow","max-snippet":"max-snippet:-1","max-image-preview":"max-image-preview:large","max-video-preview":"max-video-preview:-1"},"og_locale":"pt_PT","og_type":"article","og_title":"Tr\u00eas cavalos \u00e0 solta causam p\u00e2nico junto ao T\u00fanel do Grilo - Portal Tela Portugal","og_description":"Tr\u00eas cavalos selvagens fugiram de um terreno agr\u00edcola perto do t\u00fanel do Grilo e circularam na berma da CRIL, no sentido Odivelas-Camarate, pouco depois das 14h00 de s\u00e1bado. O epis\u00f3dio provocou p\u00e2nico entre os condutores, numa altura em que chovia e havia fila de tr\u00e2nsito ao lado. A PSP e os bombeiros de Odivelas foram chamados e conseguiram capturar os animais, desviando-os da faixa de rodagem. N\u00e3o houve acidentes de via\u00e7\u00e3o nem danos a registar. O propriet\u00e1rio apareceu no local e devolveu os cavalos ao terreno agr\u00edcola de onde tinham escapado.","og_url":"https:\/\/portaltela.pt\/noticias\/2026\/03\/14\/tres-cavalos-a-solta-causam-panico-junto-ao-tunel-do-grilo\/","og_site_name":"Portal Tela Portugal","article_published_time":"2026-03-14T16:17:00+00:00","author":"Telinha","twitter_card":"summary_large_image","twitter_misc":{"Escrito por":"Telinha","Tempo estimado de leitura":"1 minuto"},"schema":{"@context":"https:\/\/schema.org","@graph":[{"@type":"Article","@id":"https:\/\/portaltela.pt\/noticias\/2026\/03\/14\/tres-cavalos-a-solta-causam-panico-junto-ao-tunel-do-grilo\/#article","isPartOf":{"@id":"https:\/\/portaltela.pt\/noticias\/2026\/03\/14\/tres-cavalos-a-solta-causam-panico-junto-ao-tunel-do-grilo\/"},"author":{"name":"Telinha","@id":"https:\/\/portaltela.pt\/#\/schema\/person\/c4278d4a6028830caff9ee44b42d32ed"},"headline":"Tr\u00eas cavalos \u00e0 solta causam p\u00e2nico junto ao T\u00fanel do Grilo","datePublished":"2026-03-14T16:17:00+00:00","mainEntityOfPage":{"@id":"https:\/\/portaltela.pt\/noticias\/2026\/03\/14\/tres-cavalos-a-solta-causam-panico-junto-ao-tunel-do-grilo\/"},"wordCount":117,"image":{"@id":"https:\/\/portaltela.pt\/noticias\/2026\/03\/14\/tres-cavalos-a-solta-causam-panico-junto-ao-tunel-do-grilo\/#primaryimage"},"thumbnailUrl":"https:\/\/portaltela.pt\/s.01k8rhncp4jt1\/2026\/03\/img_1280x721uu2026-03-14-15-58-29-2272314.jpg","keywords":["animais","bombeiros","chuva","Lisboa","Odivelas","tr\u00e2nsito"],"articleSection":["Not\u00edcias"],"inLanguage":"pt-PT"},{"@type":"WebPage","@id":"https:\/\/portaltela.pt\/noticias\/2026\/03\/14\/tres-cavalos-a-solta-causam-panico-junto-ao-tunel-do-grilo\/","url":"https:\/\/portaltela.pt\/noticias\/2026\/03\/14\/tres-cavalos-a-solta-causam-panico-junto-ao-tunel-do-grilo\/","name":"Tr\u00eas cavalos \u00e0 solta causam p\u00e2nico junto ao T\u00fanel do Grilo - Portal Tela Portugal","isPartOf":{"@id":"https:\/\/portaltela.pt\/#website"},"primaryImageOfPage":{"@id":"https:\/\/portaltela.pt\/noticias\/2026\/03\/14\/tres-cavalos-a-solta-causam-panico-junto-ao-tunel-do-grilo\/#primaryimage"},"image":{"@id":"https:\/\/portaltela.pt\/noticias\/2026\/03\/14\/tres-cavalos-a-solta-causam-panico-junto-ao-tunel-do-grilo\/#primaryimage"},"thumbnailUrl":"https:\/\/portaltela.pt\/s.01k8rhncp4jt1\/2026\/03\/img_1280x721uu2026-03-14-15-58-29-2272314.jpg","datePublished":"2026-03-14T16:17:00+00:00","author":{"@id":"https:\/\/portaltela.pt\/#\/schema\/person\/c4278d4a6028830caff9ee44b42d32ed"},"breadcrumb":{"@id":"https:\/\/portaltela.pt\/noticias\/2026\/03\/14\/tres-cavalos-a-solta-causam-panico-junto-ao-tunel-do-grilo\/#breadcrumb"},"inLanguage":"pt-PT","potentialAction":[{"@type":"ReadAction","target":["https:\/\/portaltela.pt\/noticias\/2026\/03\/14\/tres-cavalos-a-solta-causam-panico-junto-ao-tunel-do-grilo\/"]}]},{"@type":"ImageObject","inLanguage":"pt-PT","@id":"https:\/\/portaltela.pt\/noticias\/2026\/03\/14\/tres-cavalos-a-solta-causam-panico-junto-ao-tunel-do-grilo\/#primaryimage","url":"https:\/\/portaltela.pt\/s.01k8rhncp4jt1\/2026\/03\/img_1280x721uu2026-03-14-15-58-29-2272314.jpg","contentUrl":"https:\/\/portaltela.pt\/s.01k8rhncp4jt1\/2026\/03\/img_1280x721uu2026-03-14-15-58-29-2272314.jpg","width":796,"height":448,"caption":"Photo"},{"@type":"BreadcrumbList","@id":"https:\/\/portaltela.pt\/noticias\/2026\/03\/14\/tres-cavalos-a-solta-causam-panico-junto-ao-tunel-do-grilo\/#breadcrumb","itemListElement":[{"@type":"ListItem","position":1,"name":"In\u00edcio","item":"https:\/\/portaltela.pt\/"},{"@type":"ListItem","position":2,"name":"Tr\u00eas cavalos \u00e0 solta causam p\u00e2nico junto ao T\u00fanel do Grilo"}]},{"@type":"WebSite","@id":"https:\/\/portaltela.pt\/#website","url":"https:\/\/portaltela.pt\/","name":"Portal Tela Portugal","description":"","potentialAction":[{"@type":"SearchAction","target":{"@type":"EntryPoint","urlTemplate":"https:\/\/portaltela.pt\/?s={search_term_string}"},"query-input":{"@type":"PropertyValueSpecification","valueRequired":true,"valueName":"search_term_string"}}],"inLanguage":"pt-PT"},{"@type":"Person","@id":"https:\/\/portaltela.pt\/#\/schema\/person\/c4278d4a6028830caff9ee44b42d32ed","name":"Telinha","image":{"@type":"ImageObject","inLanguage":"pt-PT","@id":"https:\/\/portaltela.pt\/s.01k8rhncp4jt1\/2025\/11\/talking-bot-125x125.png","url":"https:\/\/portaltela.pt\/s.01k8rhncp4jt1\/2025\/11\/talking-bot-125x125.png","contentUrl":"https:\/\/portaltela.pt\/s.01k8rhncp4jt1\/2025\/11\/talking-bot-125x125.png","caption":"Telinha"},"sameAs":["https:\/\/portaltela.pt\/"],"url":"https:\/\/portaltela.pt\/por\/367410592786\/"}]}},"_links":{"self":[{"href":"https:\/\/portaltela.pt\/api\/wp\/v2\/posts\/410134","targetHints":{"allow":["GET"]}}],"collection":[{"href":"https:\/\/portaltela.pt\/api\/wp\/v2\/posts"}],"about":[{"href":"https:\/\/portaltela.pt\/api\/wp\/v2\/types\/post"}],"author":[{"embeddable":true,"href":"https:\/\/portaltela.pt\/api\/wp\/v2\/users\/2"}],"replies":[{"embeddable":true,"href":"https:\/\/portaltela.pt\/api\/wp\/v2\/comments?post=410134"}],"version-history":[{"count":0,"href":"https:\/\/portaltela.pt\/api\/wp\/v2\/posts\/410134\/revisions"}],"wp:featuredmedia":[{"embeddable":true,"href":"https:\/\/portaltela.pt\/api\/wp\/v2\/media\/410135"}],"wp:attachment":[{"href":"https:\/\/portaltela.pt\/api\/wp\/v2\/media?parent=410134"}],"wp:term":[{"taxonomy":"category","embeddable":true,"href":"https:\/\/portaltela.pt\/api\/wp\/v2\/categories?post=410134"},{"taxonomy":"post_tag","embeddable":true,"href":"https:\/\/portaltela.pt\/api\/wp\/v2\/tags?post=410134"}],"curies":[{"name":"wp","href":"https:\/\/api.w.org\/{rel}","templated":true}]}}