{"id":410109,"date":"2026-03-14T12:00:00","date_gmt":"2026-03-14T15:00:00","guid":{"rendered":"https:\/\/portaltela.pt\/noticias\/2026\/03\/14\/isabel-zuaa-recorda-discurso-de-agradecimento-nos-oscars-na-infancia\/"},"modified":"2026-03-14T12:00:00","modified_gmt":"2026-03-14T15:00:00","slug":"isabel-zuaa-recorda-discurso-de-agradecimento-nos-oscars-na-infancia","status":"publish","type":"post","link":"https:\/\/portaltela.pt\/noticias\/2026\/03\/14\/isabel-zuaa-recorda-discurso-de-agradecimento-nos-oscars-na-infancia\/","title":{"rendered":"Isab\u00e9l Zuaa recorda discurso de agradecimento nos Oscars na inf\u00e2ncia"},"content":{"rendered":"<p>Isab\u00e9l Zuaa, actriz portuguesa de 38 anos, integra o elenco do filme brasileiro O Agente Secreto, que compete a quatro \u00d3scares. A cerim\u00f3nia decorre esta noite no Dolby Theatre, em Hollywood, com transmiss\u00e3o na RTP1 a partir das 23.00. O filme est\u00e1 nomeado para Melhor Filme, Melhor Filme Internacional, Melhor Ator e Melhor Elenco.<\/p>\n<p>Aos olhos do p\u00fablico, Isab\u00e9l pode subir ao palco para celebrar o reconhecimento da sua obra na s\u00e9tima arte, fruto de uma carreira com acumula\u00e7\u00e3o de pr\u00e9mios entre Portugal e Brasil. A atriz revela que o projeto surgiu quando passava mais tempo em Portugal por motivos familiares.<\/p>\n<p>Teresa Vict\u00f3ria, personagem que interpreta, \u00e9 uma angolana exilada no Recife. A voz de Zuaa confere \u00e0 figura tra\u00e7os de trauma, coragem e resili\u00eancia, ligados \u00e0 experi\u00eancia de migra\u00e7\u00e3o e \u00e0 complexa trajet\u00f3ria de vida exibida no enredo.<\/p>\n<h3>O percurso de Isab\u00e9l Zuaa<\/h3>\n<p>Nascida em 1987, no arredor de Lisboa, Isab\u00e9l \u00e9 filha de m\u00e3e angolana e pai da Guin\u00e9-Bissau. Cresceu entre dan\u00e7a, futebol e atividades do bairro, desenvolvendo uma vis\u00e3o criativa marcada pela origem multicultural.<\/p>\n<p>Sobre o futuro, a atriz acredita que o Brasil abriu portas para o seu trabalho em Portugal, com projetos em vista no cinema e no teatro. Mant\u00e9m o foco na educa\u00e7\u00e3o de crian\u00e7as e na promo\u00e7\u00e3o de um futuro esperan\u00e7oso para as novas gera\u00e7\u00f5es.<\/p>\n<h3>Contexto da nomea\u00e7\u00e3o<\/h3>\n<p>O Agente Secreto j\u00e1 soma mais de 60 pr\u00e9mios desde a estreia, incluindo reconhecimento no Globo de Ouro. A participa\u00e7\u00e3o de Isab\u00e9l Zuaa \u00e9 destacada pela imprensa por ampliar a presen\u00e7a de artistas portuguesas no cinema brasileiro.<\/p>\n","protected":false},"excerpt":{"rendered":"<ul>\n<li>Isab\u00e9l Zuaa, atriz portuguesa de 38 anos, integra o elenco do filme brasileiro O Agente Secreto, que tem quatro nomea\u00e7\u00f5es aos \u00d3scares.<\/li>\n<li>A cerim\u00f3nia decorre em Los Angeles e ser\u00e1 transmitida pela RTP1 a partir das 23.00 horas, com o filme indicado para Melhor Filme, Melhor Filme Internacional, Melhor Ator (Wagner Moura) e Melhor Sele\u00e7\u00e3o de Elenco.<\/li>\n<li>A atriz recorda o seu sonho de inf\u00e2ncia de agradecer no palco dos \u00d3scares e revela ter constru\u00eddo uma carreira entre Portugal e Brasil.<\/li>\n<li>No filme, a personagem Teresa Vict\u00f3ria \u00e9 uma angolana exilada no Recife, traz camadas emocionais e hist\u00f3rico, e \u00e9 interpretada por Isab\u00e9l Zuaa.<\/li>\n<li>Zuaa aponta que, em Portugal, \u201co maior talento \u00e9 n\u00e3o desistir\u201d e segue a trabalhar em projetos nacionais e internacionais, mantendo a liga\u00e7\u00e3o entre culturas.<\/li>\n<\/ul>\n","protected":false},"author":2,"featured_media":410126,"comment_status":"closed","ping_status":"closed","sticky":false,"template":"","format":"standard","meta":{"footnotes":""},"categories":[12,1],"tags":[4837,112,7040,4601,1456,1014],"class_list":["post-410109","post","type-post","status-publish","format-standard","has-post-thumbnail","hentry","category-entretenimento","category-noticias","tag-angola","tag-cinema","tag-cinema-internacional","tag-guine-bissau","tag-migracao","tag-portugal"],"yoast_head":"<!-- This site is optimized with the Yoast SEO plugin v27.2 - https:\/\/yoast.com\/product\/yoast-seo-wordpress\/ -->\n<title>Isab\u00e9l Zuaa recorda discurso de agradecimento nos Oscars na inf\u00e2ncia - Portal Tela Portugal<\/title>\n<meta name=\"robots\" content=\"index, follow, max-snippet:-1, max-image-preview:large, max-video-preview:-1\" \/>\n<meta property=\"og:locale\" content=\"pt_PT\" \/>\n<meta property=\"og:type\" content=\"article\" \/>\n<meta property=\"og:title\" content=\"Isab\u00e9l Zuaa recorda discurso de agradecimento nos Oscars na inf\u00e2ncia - Portal Tela Portugal\" \/>\n<meta property=\"og:description\" content=\"Isab\u00e9l Zuaa, atriz portuguesa de 38 anos, integra o elenco do filme brasileiro O Agente Secreto, que tem quatro nomea\u00e7\u00f5es aos \u00d3scares. A cerim\u00f3nia decorre em Los Angeles e ser\u00e1 transmitida pela RTP1 a partir das 23.00 horas, com o filme indicado para Melhor Filme, Melhor Filme Internacional, Melhor Ator (Wagner Moura) e Melhor Sele\u00e7\u00e3o de Elenco. A atriz recorda o seu sonho de inf\u00e2ncia de agradecer no palco dos \u00d3scares e revela ter constru\u00eddo uma carreira entre Portugal e Brasil. No filme, a personagem Teresa Vict\u00f3ria \u00e9 uma angolana exilada no Recife, traz camadas emocionais e hist\u00f3rico, e \u00e9 interpretada por Isab\u00e9l Zuaa. Zuaa aponta que, em Portugal, \u201co maior talento \u00e9 n\u00e3o desistir\u201d e segue a trabalhar em projetos nacionais e internacionais, mantendo a liga\u00e7\u00e3o entre culturas.\" \/>\n<meta property=\"og:url\" content=\"https:\/\/portaltela.pt\/noticias\/2026\/03\/14\/isabel-zuaa-recorda-discurso-de-agradecimento-nos-oscars-na-infancia\/\" \/>\n<meta property=\"og:site_name\" content=\"Portal Tela Portugal\" \/>\n<meta property=\"article:published_time\" content=\"2026-03-14T15:00:00+00:00\" \/>\n<meta name=\"author\" content=\"Telinha\" \/>\n<meta name=\"twitter:card\" content=\"summary_large_image\" \/>\n<meta name=\"twitter:label1\" content=\"Escrito por\" \/>\n\t<meta name=\"twitter:data1\" content=\"Telinha\" \/>\n\t<meta name=\"twitter:label2\" content=\"Tempo estimado de leitura\" \/>\n\t<meta name=\"twitter:data2\" content=\"1 minuto\" \/>\n<script type=\"application\/ld+json\" class=\"yoast-schema-graph\">{\"@context\":\"https:\/\/schema.org\",\"@graph\":[{\"@type\":\"Article\",\"@id\":\"https:\/\/portaltela.pt\/noticias\/2026\/03\/14\/isabel-zuaa-recorda-discurso-de-agradecimento-nos-oscars-na-infancia\/#article\",\"isPartOf\":{\"@id\":\"https:\/\/portaltela.pt\/noticias\/2026\/03\/14\/isabel-zuaa-recorda-discurso-de-agradecimento-nos-oscars-na-infancia\/\"},\"author\":{\"name\":\"Telinha\",\"@id\":\"https:\/\/portaltela.pt\/#\/schema\/person\/c4278d4a6028830caff9ee44b42d32ed\"},\"headline\":\"Isab\u00e9l Zuaa recorda discurso de agradecimento nos Oscars na inf\u00e2ncia\",\"datePublished\":\"2026-03-14T15:00:00+00:00\",\"mainEntityOfPage\":{\"@id\":\"https:\/\/portaltela.pt\/noticias\/2026\/03\/14\/isabel-zuaa-recorda-discurso-de-agradecimento-nos-oscars-na-infancia\/\"},\"wordCount\":294,\"image\":{\"@id\":\"https:\/\/portaltela.pt\/noticias\/2026\/03\/14\/isabel-zuaa-recorda-discurso-de-agradecimento-nos-oscars-na-infancia\/#primaryimage\"},\"thumbnailUrl\":\"https:\/\/portaltela.pt\/s.01k8rhncp4jt1\/2026\/03\/5806df6d-b5a9-4fea-ac73-a0aacadc735f_1200x675.jpg\",\"keywords\":[\"Angola\",\"cinema\",\"cinema internacional\",\"Guin\u00e9-Bissau\",\"migra\u00e7\u00e3o\",\"Portugal\"],\"articleSection\":[\"Entretenimento\",\"Not\u00edcias\"],\"inLanguage\":\"pt-PT\"},{\"@type\":\"WebPage\",\"@id\":\"https:\/\/portaltela.pt\/noticias\/2026\/03\/14\/isabel-zuaa-recorda-discurso-de-agradecimento-nos-oscars-na-infancia\/\",\"url\":\"https:\/\/portaltela.pt\/noticias\/2026\/03\/14\/isabel-zuaa-recorda-discurso-de-agradecimento-nos-oscars-na-infancia\/\",\"name\":\"Isab\u00e9l Zuaa recorda discurso de agradecimento nos Oscars na inf\u00e2ncia - Portal Tela Portugal\",\"isPartOf\":{\"@id\":\"https:\/\/portaltela.pt\/#website\"},\"primaryImageOfPage\":{\"@id\":\"https:\/\/portaltela.pt\/noticias\/2026\/03\/14\/isabel-zuaa-recorda-discurso-de-agradecimento-nos-oscars-na-infancia\/#primaryimage\"},\"image\":{\"@id\":\"https:\/\/portaltela.pt\/noticias\/2026\/03\/14\/isabel-zuaa-recorda-discurso-de-agradecimento-nos-oscars-na-infancia\/#primaryimage\"},\"thumbnailUrl\":\"https:\/\/portaltela.pt\/s.01k8rhncp4jt1\/2026\/03\/5806df6d-b5a9-4fea-ac73-a0aacadc735f_1200x675.jpg\",\"datePublished\":\"2026-03-14T15:00:00+00:00\",\"author\":{\"@id\":\"https:\/\/portaltela.pt\/#\/schema\/person\/c4278d4a6028830caff9ee44b42d32ed\"},\"breadcrumb\":{\"@id\":\"https:\/\/portaltela.pt\/noticias\/2026\/03\/14\/isabel-zuaa-recorda-discurso-de-agradecimento-nos-oscars-na-infancia\/#breadcrumb\"},\"inLanguage\":\"pt-PT\",\"potentialAction\":[{\"@type\":\"ReadAction\",\"target\":[\"https:\/\/portaltela.pt\/noticias\/2026\/03\/14\/isabel-zuaa-recorda-discurso-de-agradecimento-nos-oscars-na-infancia\/\"]}]},{\"@type\":\"ImageObject\",\"inLanguage\":\"pt-PT\",\"@id\":\"https:\/\/portaltela.pt\/noticias\/2026\/03\/14\/isabel-zuaa-recorda-discurso-de-agradecimento-nos-oscars-na-infancia\/#primaryimage\",\"url\":\"https:\/\/portaltela.pt\/s.01k8rhncp4jt1\/2026\/03\/5806df6d-b5a9-4fea-ac73-a0aacadc735f_1200x675.jpg\",\"contentUrl\":\"https:\/\/portaltela.pt\/s.01k8rhncp4jt1\/2026\/03\/5806df6d-b5a9-4fea-ac73-a0aacadc735f_1200x675.jpg\",\"width\":796,\"height\":448,\"caption\":\"Photo\"},{\"@type\":\"BreadcrumbList\",\"@id\":\"https:\/\/portaltela.pt\/noticias\/2026\/03\/14\/isabel-zuaa-recorda-discurso-de-agradecimento-nos-oscars-na-infancia\/#breadcrumb\",\"itemListElement\":[{\"@type\":\"ListItem\",\"position\":1,\"name\":\"In\u00edcio\",\"item\":\"https:\/\/portaltela.pt\/\"},{\"@type\":\"ListItem\",\"position\":2,\"name\":\"Isab\u00e9l Zuaa recorda discurso de agradecimento nos Oscars na inf\u00e2ncia\"}]},{\"@type\":\"WebSite\",\"@id\":\"https:\/\/portaltela.pt\/#website\",\"url\":\"https:\/\/portaltela.pt\/\",\"name\":\"Portal Tela Portugal\",\"description\":\"\",\"potentialAction\":[{\"@type\":\"SearchAction\",\"target\":{\"@type\":\"EntryPoint\",\"urlTemplate\":\"https:\/\/portaltela.pt\/?s={search_term_string}\"},\"query-input\":{\"@type\":\"PropertyValueSpecification\",\"valueRequired\":true,\"valueName\":\"search_term_string\"}}],\"inLanguage\":\"pt-PT\"},{\"@type\":\"Person\",\"@id\":\"https:\/\/portaltela.pt\/#\/schema\/person\/c4278d4a6028830caff9ee44b42d32ed\",\"name\":\"Telinha\",\"image\":{\"@type\":\"ImageObject\",\"inLanguage\":\"pt-PT\",\"@id\":\"https:\/\/portaltela.pt\/s.01k8rhncp4jt1\/2025\/11\/talking-bot-125x125.png\",\"url\":\"https:\/\/portaltela.pt\/s.01k8rhncp4jt1\/2025\/11\/talking-bot-125x125.png\",\"contentUrl\":\"https:\/\/portaltela.pt\/s.01k8rhncp4jt1\/2025\/11\/talking-bot-125x125.png\",\"caption\":\"Telinha\"},\"sameAs\":[\"https:\/\/portaltela.pt\/\"],\"url\":\"https:\/\/portaltela.pt\/por\/367410592786\/\"}]}<\/script>\n<!-- \/ Yoast SEO plugin. -->","yoast_head_json":{"title":"Isab\u00e9l Zuaa recorda discurso de agradecimento nos Oscars na inf\u00e2ncia - Portal Tela Portugal","robots":{"index":"index","follow":"follow","max-snippet":"max-snippet:-1","max-image-preview":"max-image-preview:large","max-video-preview":"max-video-preview:-1"},"og_locale":"pt_PT","og_type":"article","og_title":"Isab\u00e9l Zuaa recorda discurso de agradecimento nos Oscars na inf\u00e2ncia - Portal Tela Portugal","og_description":"Isab\u00e9l Zuaa, atriz portuguesa de 38 anos, integra o elenco do filme brasileiro O Agente Secreto, que tem quatro nomea\u00e7\u00f5es aos \u00d3scares. A cerim\u00f3nia decorre em Los Angeles e ser\u00e1 transmitida pela RTP1 a partir das 23.00 horas, com o filme indicado para Melhor Filme, Melhor Filme Internacional, Melhor Ator (Wagner Moura) e Melhor Sele\u00e7\u00e3o de Elenco. A atriz recorda o seu sonho de inf\u00e2ncia de agradecer no palco dos \u00d3scares e revela ter constru\u00eddo uma carreira entre Portugal e Brasil. No filme, a personagem Teresa Vict\u00f3ria \u00e9 uma angolana exilada no Recife, traz camadas emocionais e hist\u00f3rico, e \u00e9 interpretada por Isab\u00e9l Zuaa. Zuaa aponta que, em Portugal, \u201co maior talento \u00e9 n\u00e3o desistir\u201d e segue a trabalhar em projetos nacionais e internacionais, mantendo a liga\u00e7\u00e3o entre culturas.","og_url":"https:\/\/portaltela.pt\/noticias\/2026\/03\/14\/isabel-zuaa-recorda-discurso-de-agradecimento-nos-oscars-na-infancia\/","og_site_name":"Portal Tela Portugal","article_published_time":"2026-03-14T15:00:00+00:00","author":"Telinha","twitter_card":"summary_large_image","twitter_misc":{"Escrito por":"Telinha","Tempo estimado de leitura":"1 minuto"},"schema":{"@context":"https:\/\/schema.org","@graph":[{"@type":"Article","@id":"https:\/\/portaltela.pt\/noticias\/2026\/03\/14\/isabel-zuaa-recorda-discurso-de-agradecimento-nos-oscars-na-infancia\/#article","isPartOf":{"@id":"https:\/\/portaltela.pt\/noticias\/2026\/03\/14\/isabel-zuaa-recorda-discurso-de-agradecimento-nos-oscars-na-infancia\/"},"author":{"name":"Telinha","@id":"https:\/\/portaltela.pt\/#\/schema\/person\/c4278d4a6028830caff9ee44b42d32ed"},"headline":"Isab\u00e9l Zuaa recorda discurso de agradecimento nos Oscars na inf\u00e2ncia","datePublished":"2026-03-14T15:00:00+00:00","mainEntityOfPage":{"@id":"https:\/\/portaltela.pt\/noticias\/2026\/03\/14\/isabel-zuaa-recorda-discurso-de-agradecimento-nos-oscars-na-infancia\/"},"wordCount":294,"image":{"@id":"https:\/\/portaltela.pt\/noticias\/2026\/03\/14\/isabel-zuaa-recorda-discurso-de-agradecimento-nos-oscars-na-infancia\/#primaryimage"},"thumbnailUrl":"https:\/\/portaltela.pt\/s.01k8rhncp4jt1\/2026\/03\/5806df6d-b5a9-4fea-ac73-a0aacadc735f_1200x675.jpg","keywords":["Angola","cinema","cinema internacional","Guin\u00e9-Bissau","migra\u00e7\u00e3o","Portugal"],"articleSection":["Entretenimento","Not\u00edcias"],"inLanguage":"pt-PT"},{"@type":"WebPage","@id":"https:\/\/portaltela.pt\/noticias\/2026\/03\/14\/isabel-zuaa-recorda-discurso-de-agradecimento-nos-oscars-na-infancia\/","url":"https:\/\/portaltela.pt\/noticias\/2026\/03\/14\/isabel-zuaa-recorda-discurso-de-agradecimento-nos-oscars-na-infancia\/","name":"Isab\u00e9l Zuaa recorda discurso de agradecimento nos Oscars na inf\u00e2ncia - Portal Tela Portugal","isPartOf":{"@id":"https:\/\/portaltela.pt\/#website"},"primaryImageOfPage":{"@id":"https:\/\/portaltela.pt\/noticias\/2026\/03\/14\/isabel-zuaa-recorda-discurso-de-agradecimento-nos-oscars-na-infancia\/#primaryimage"},"image":{"@id":"https:\/\/portaltela.pt\/noticias\/2026\/03\/14\/isabel-zuaa-recorda-discurso-de-agradecimento-nos-oscars-na-infancia\/#primaryimage"},"thumbnailUrl":"https:\/\/portaltela.pt\/s.01k8rhncp4jt1\/2026\/03\/5806df6d-b5a9-4fea-ac73-a0aacadc735f_1200x675.jpg","datePublished":"2026-03-14T15:00:00+00:00","author":{"@id":"https:\/\/portaltela.pt\/#\/schema\/person\/c4278d4a6028830caff9ee44b42d32ed"},"breadcrumb":{"@id":"https:\/\/portaltela.pt\/noticias\/2026\/03\/14\/isabel-zuaa-recorda-discurso-de-agradecimento-nos-oscars-na-infancia\/#breadcrumb"},"inLanguage":"pt-PT","potentialAction":[{"@type":"ReadAction","target":["https:\/\/portaltela.pt\/noticias\/2026\/03\/14\/isabel-zuaa-recorda-discurso-de-agradecimento-nos-oscars-na-infancia\/"]}]},{"@type":"ImageObject","inLanguage":"pt-PT","@id":"https:\/\/portaltela.pt\/noticias\/2026\/03\/14\/isabel-zuaa-recorda-discurso-de-agradecimento-nos-oscars-na-infancia\/#primaryimage","url":"https:\/\/portaltela.pt\/s.01k8rhncp4jt1\/2026\/03\/5806df6d-b5a9-4fea-ac73-a0aacadc735f_1200x675.jpg","contentUrl":"https:\/\/portaltela.pt\/s.01k8rhncp4jt1\/2026\/03\/5806df6d-b5a9-4fea-ac73-a0aacadc735f_1200x675.jpg","width":796,"height":448,"caption":"Photo"},{"@type":"BreadcrumbList","@id":"https:\/\/portaltela.pt\/noticias\/2026\/03\/14\/isabel-zuaa-recorda-discurso-de-agradecimento-nos-oscars-na-infancia\/#breadcrumb","itemListElement":[{"@type":"ListItem","position":1,"name":"In\u00edcio","item":"https:\/\/portaltela.pt\/"},{"@type":"ListItem","position":2,"name":"Isab\u00e9l Zuaa recorda discurso de agradecimento nos Oscars na inf\u00e2ncia"}]},{"@type":"WebSite","@id":"https:\/\/portaltela.pt\/#website","url":"https:\/\/portaltela.pt\/","name":"Portal Tela Portugal","description":"","potentialAction":[{"@type":"SearchAction","target":{"@type":"EntryPoint","urlTemplate":"https:\/\/portaltela.pt\/?s={search_term_string}"},"query-input":{"@type":"PropertyValueSpecification","valueRequired":true,"valueName":"search_term_string"}}],"inLanguage":"pt-PT"},{"@type":"Person","@id":"https:\/\/portaltela.pt\/#\/schema\/person\/c4278d4a6028830caff9ee44b42d32ed","name":"Telinha","image":{"@type":"ImageObject","inLanguage":"pt-PT","@id":"https:\/\/portaltela.pt\/s.01k8rhncp4jt1\/2025\/11\/talking-bot-125x125.png","url":"https:\/\/portaltela.pt\/s.01k8rhncp4jt1\/2025\/11\/talking-bot-125x125.png","contentUrl":"https:\/\/portaltela.pt\/s.01k8rhncp4jt1\/2025\/11\/talking-bot-125x125.png","caption":"Telinha"},"sameAs":["https:\/\/portaltela.pt\/"],"url":"https:\/\/portaltela.pt\/por\/367410592786\/"}]}},"_links":{"self":[{"href":"https:\/\/portaltela.pt\/api\/wp\/v2\/posts\/410109","targetHints":{"allow":["GET"]}}],"collection":[{"href":"https:\/\/portaltela.pt\/api\/wp\/v2\/posts"}],"about":[{"href":"https:\/\/portaltela.pt\/api\/wp\/v2\/types\/post"}],"author":[{"embeddable":true,"href":"https:\/\/portaltela.pt\/api\/wp\/v2\/users\/2"}],"replies":[{"embeddable":true,"href":"https:\/\/portaltela.pt\/api\/wp\/v2\/comments?post=410109"}],"version-history":[{"count":0,"href":"https:\/\/portaltela.pt\/api\/wp\/v2\/posts\/410109\/revisions"}],"wp:featuredmedia":[{"embeddable":true,"href":"https:\/\/portaltela.pt\/api\/wp\/v2\/media\/410126"}],"wp:attachment":[{"href":"https:\/\/portaltela.pt\/api\/wp\/v2\/media?parent=410109"}],"wp:term":[{"taxonomy":"category","embeddable":true,"href":"https:\/\/portaltela.pt\/api\/wp\/v2\/categories?post=410109"},{"taxonomy":"post_tag","embeddable":true,"href":"https:\/\/portaltela.pt\/api\/wp\/v2\/tags?post=410109"}],"curies":[{"name":"wp","href":"https:\/\/api.w.org\/{rel}","templated":true}]}}