{"id":410098,"date":"2026-03-14T12:11:00","date_gmt":"2026-03-14T15:11:00","guid":{"rendered":"https:\/\/portaltela.pt\/noticias\/2026\/03\/14\/capital-europeia-proibe-consumo-de-alcool-a-noite\/"},"modified":"2026-03-14T12:11:00","modified_gmt":"2026-03-14T15:11:00","slug":"capital-europeia-proibe-consumo-de-alcool-a-noite","status":"publish","type":"post","link":"https:\/\/portaltela.pt\/sociedade\/2026\/03\/14\/capital-europeia-proibe-consumo-de-alcool-a-noite\/","title":{"rendered":"Capital europeia pro\u00edbe consumo de \u00e1lcool \u00e0 noite"},"content":{"rendered":"<p>A C\u00e2mara de Vars\u00f3via aprovou, por larga maioria, a proibi\u00e7\u00e3o da venda de \u00e1lcool durante a noite na capital da Pol\u00f3nia. A medida entra em vigor a 1 de julho e visa reduzir os dist\u00farbios associados ao consumo nocturno.<\/p>\n<p>O novo regime aplica-se a lojas e postos de gasolina entre as 22h e as 6h. Reserva-se a exce\u00e7\u00e3o para venda em restaurantes, bares, locais de entretenimento e nos duty-free do Aeroporto Chopin, que serve Vars\u00f3via. O objetivo \u00e9 diminuir barulho e interven\u00e7\u00f5es de servi\u00e7os p\u00fablicos.<\/p>\n<p>Antes da decis\u00e3o, foi implementado um projeto-piloto semelhante em duas zonas da cidade, que j\u00e1 limitava a comercializa\u00e7\u00e3o de bebidas com teor alco\u00f3lico nesses hor\u00e1rios. A autarquia justificou a medida como resposta a problemas reais de ordem p\u00fablica.<\/p>\n<h3>Contexto local e europeu<\/h3>\n<p>Rafal Trzaskowski, presidente do munic\u00edpio, indicou que a restri\u00e7\u00e3o vem enfrentar dificuldades vividas pelos moradores. A medida j\u00e1 \u00e9 aplicada, noutras cidades polacas, desde 2018, com regras vari\u00e1veis conforme a localidade.<\/p>\n<p>Dados comunit\u00e1rios apontam que a Pol\u00f3nia ocupa o segundo lugar na UE em mortes associadas ao \u00e1lcool, apenas a seguir \u00e0 Eslov\u00e9nia, segundo o Eurostat. O governo local ressalva que o objetivo \u00e9 melhorar a seguran\u00e7a p\u00fablica sem indisponibilizar servi\u00e7os legais de alimenta\u00e7\u00e3o e lazer.<\/p>\n","protected":false},"excerpt":{"rendered":"<ul>\n<li>A C\u00e2mara de Vars\u00f3via aprovou, por larga maioria, a proibi\u00e7\u00e3o da venda de \u00e1lcool durante a noite, que entrar\u00e1 em vigor a 1 de julho.<\/li>\n<li>A medida visa reduzir problemas como barulho, perturba\u00e7\u00e3o da ordem e interven\u00e7\u00f5es de servi\u00e7os p\u00fablicos, conforme explica\u00e7\u00e3o do presidente municipal Rafal Trzaskowski.<\/li>\n<li>O munic\u00edpio j\u00e1 tinha implementado, num projeto-piloto, restri\u00e7\u00f5es entre as 22h e as 6h em duas \u00e1reas da cidade.<\/li>\n<li>A venda continua permitida em restaurantes, bares, locais de entretenimento e lojas duty-free no Aeroporto Chopin de Vars\u00f3via.<\/li>\n<li>A Pol\u00f3nia j\u00e1 aplica restri\u00e7\u00f5es semelhantes em quase 200 localidades desde 2018; segundo Eurostat, o pa\u00eds regista altas mortes associadas ao \u00e1lcool na UE.<\/li>\n<\/ul>\n","protected":false},"author":2,"featured_media":410102,"comment_status":"closed","ping_status":"closed","sticky":false,"template":"","format":"standard","meta":{"footnotes":""},"categories":[6745,6871],"tags":[6051,3131,2487,133,1488,250],"class_list":["post-410098","post","type-post","status-publish","format-standard","has-post-thumbnail","hentry","category-saude","category-sociedade","tag-alcool","tag-disturbios","tag-europa","tag-politicas-publicas","tag-polonia","tag-seguranca-publica"],"yoast_head":"<!-- This site is optimized with the Yoast SEO plugin v27.2 - https:\/\/yoast.com\/product\/yoast-seo-wordpress\/ -->\n<title>Capital europeia pro\u00edbe consumo de \u00e1lcool \u00e0 noite - Portal Tela Portugal<\/title>\n<meta name=\"robots\" content=\"index, follow, max-snippet:-1, max-image-preview:large, max-video-preview:-1\" \/>\n<meta property=\"og:locale\" content=\"pt_PT\" \/>\n<meta property=\"og:type\" content=\"article\" \/>\n<meta property=\"og:title\" content=\"Capital europeia pro\u00edbe consumo de \u00e1lcool \u00e0 noite - Portal Tela Portugal\" \/>\n<meta property=\"og:description\" content=\"A C\u00e2mara de Vars\u00f3via aprovou, por larga maioria, a proibi\u00e7\u00e3o da venda de \u00e1lcool durante a noite, que entrar\u00e1 em vigor a 1 de julho. A medida visa reduzir problemas como barulho, perturba\u00e7\u00e3o da ordem e interven\u00e7\u00f5es de servi\u00e7os p\u00fablicos, conforme explica\u00e7\u00e3o do presidente municipal Rafal Trzaskowski. O munic\u00edpio j\u00e1 tinha implementado, num projeto-piloto, restri\u00e7\u00f5es entre as 22h e as 6h em duas \u00e1reas da cidade. A venda continua permitida em restaurantes, bares, locais de entretenimento e lojas duty-free no Aeroporto Chopin de Vars\u00f3via. A Pol\u00f3nia j\u00e1 aplica restri\u00e7\u00f5es semelhantes em quase 200 localidades desde 2018; segundo Eurostat, o pa\u00eds regista altas mortes associadas ao \u00e1lcool na UE.\" \/>\n<meta property=\"og:url\" content=\"https:\/\/portaltela.pt\/noticias\/2026\/03\/14\/capital-europeia-proibe-consumo-de-alcool-a-noite\/\" \/>\n<meta property=\"og:site_name\" content=\"Portal Tela Portugal\" \/>\n<meta property=\"article:published_time\" content=\"2026-03-14T15:11:00+00:00\" \/>\n<meta name=\"author\" content=\"Telinha\" \/>\n<meta name=\"twitter:card\" content=\"summary_large_image\" \/>\n<meta name=\"twitter:label1\" content=\"Escrito por\" \/>\n\t<meta name=\"twitter:data1\" content=\"Telinha\" \/>\n\t<meta name=\"twitter:label2\" content=\"Tempo estimado de leitura\" \/>\n\t<meta name=\"twitter:data2\" content=\"1 minuto\" \/>\n<script type=\"application\/ld+json\" class=\"yoast-schema-graph\">{\"@context\":\"https:\/\/schema.org\",\"@graph\":[{\"@type\":\"Article\",\"@id\":\"https:\/\/portaltela.pt\/noticias\/2026\/03\/14\/capital-europeia-proibe-consumo-de-alcool-a-noite\/#article\",\"isPartOf\":{\"@id\":\"https:\/\/portaltela.pt\/noticias\/2026\/03\/14\/capital-europeia-proibe-consumo-de-alcool-a-noite\/\"},\"author\":{\"name\":\"Telinha\",\"@id\":\"https:\/\/portaltela.pt\/#\/schema\/person\/c4278d4a6028830caff9ee44b42d32ed\"},\"headline\":\"Capital europeia pro\u00edbe consumo de \u00e1lcool \u00e0 noite\",\"datePublished\":\"2026-03-14T15:11:00+00:00\",\"mainEntityOfPage\":{\"@id\":\"https:\/\/portaltela.pt\/noticias\/2026\/03\/14\/capital-europeia-proibe-consumo-de-alcool-a-noite\/\"},\"wordCount\":230,\"image\":{\"@id\":\"https:\/\/portaltela.pt\/noticias\/2026\/03\/14\/capital-europeia-proibe-consumo-de-alcool-a-noite\/#primaryimage\"},\"thumbnailUrl\":\"https:\/\/portaltela.pt\/s.01k8rhncp4jt1\/2026\/03\/image-938.jpg\",\"keywords\":[\"\u00e1lcool\",\"dist\u00farbios\",\"Europa\",\"pol\u00edticas p\u00fablicas\",\"Pol\u00f3nia\",\"seguran\u00e7a p\u00fablica\"],\"articleSection\":[\"Sa\u00fade\",\"Sociedade\"],\"inLanguage\":\"pt-PT\"},{\"@type\":\"WebPage\",\"@id\":\"https:\/\/portaltela.pt\/noticias\/2026\/03\/14\/capital-europeia-proibe-consumo-de-alcool-a-noite\/\",\"url\":\"https:\/\/portaltela.pt\/noticias\/2026\/03\/14\/capital-europeia-proibe-consumo-de-alcool-a-noite\/\",\"name\":\"Capital europeia pro\u00edbe consumo de \u00e1lcool \u00e0 noite - Portal Tela Portugal\",\"isPartOf\":{\"@id\":\"https:\/\/portaltela.pt\/#website\"},\"primaryImageOfPage\":{\"@id\":\"https:\/\/portaltela.pt\/noticias\/2026\/03\/14\/capital-europeia-proibe-consumo-de-alcool-a-noite\/#primaryimage\"},\"image\":{\"@id\":\"https:\/\/portaltela.pt\/noticias\/2026\/03\/14\/capital-europeia-proibe-consumo-de-alcool-a-noite\/#primaryimage\"},\"thumbnailUrl\":\"https:\/\/portaltela.pt\/s.01k8rhncp4jt1\/2026\/03\/image-938.jpg\",\"datePublished\":\"2026-03-14T15:11:00+00:00\",\"author\":{\"@id\":\"https:\/\/portaltela.pt\/#\/schema\/person\/c4278d4a6028830caff9ee44b42d32ed\"},\"breadcrumb\":{\"@id\":\"https:\/\/portaltela.pt\/noticias\/2026\/03\/14\/capital-europeia-proibe-consumo-de-alcool-a-noite\/#breadcrumb\"},\"inLanguage\":\"pt-PT\",\"potentialAction\":[{\"@type\":\"ReadAction\",\"target\":[\"https:\/\/portaltela.pt\/noticias\/2026\/03\/14\/capital-europeia-proibe-consumo-de-alcool-a-noite\/\"]}]},{\"@type\":\"ImageObject\",\"inLanguage\":\"pt-PT\",\"@id\":\"https:\/\/portaltela.pt\/noticias\/2026\/03\/14\/capital-europeia-proibe-consumo-de-alcool-a-noite\/#primaryimage\",\"url\":\"https:\/\/portaltela.pt\/s.01k8rhncp4jt1\/2026\/03\/image-938.jpg\",\"contentUrl\":\"https:\/\/portaltela.pt\/s.01k8rhncp4jt1\/2026\/03\/image-938.jpg\",\"width\":796,\"height\":448,\"caption\":\"Medida vai entrar em vigor em julho em Vars\u00f3via\"},{\"@type\":\"BreadcrumbList\",\"@id\":\"https:\/\/portaltela.pt\/noticias\/2026\/03\/14\/capital-europeia-proibe-consumo-de-alcool-a-noite\/#breadcrumb\",\"itemListElement\":[{\"@type\":\"ListItem\",\"position\":1,\"name\":\"In\u00edcio\",\"item\":\"https:\/\/portaltela.pt\/\"},{\"@type\":\"ListItem\",\"position\":2,\"name\":\"Capital europeia pro\u00edbe consumo de \u00e1lcool \u00e0 noite\"}]},{\"@type\":\"WebSite\",\"@id\":\"https:\/\/portaltela.pt\/#website\",\"url\":\"https:\/\/portaltela.pt\/\",\"name\":\"Portal Tela Portugal\",\"description\":\"\",\"potentialAction\":[{\"@type\":\"SearchAction\",\"target\":{\"@type\":\"EntryPoint\",\"urlTemplate\":\"https:\/\/portaltela.pt\/?s={search_term_string}\"},\"query-input\":{\"@type\":\"PropertyValueSpecification\",\"valueRequired\":true,\"valueName\":\"search_term_string\"}}],\"inLanguage\":\"pt-PT\"},{\"@type\":\"Person\",\"@id\":\"https:\/\/portaltela.pt\/#\/schema\/person\/c4278d4a6028830caff9ee44b42d32ed\",\"name\":\"Telinha\",\"image\":{\"@type\":\"ImageObject\",\"inLanguage\":\"pt-PT\",\"@id\":\"https:\/\/portaltela.pt\/s.01k8rhncp4jt1\/2025\/11\/talking-bot-125x125.png\",\"url\":\"https:\/\/portaltela.pt\/s.01k8rhncp4jt1\/2025\/11\/talking-bot-125x125.png\",\"contentUrl\":\"https:\/\/portaltela.pt\/s.01k8rhncp4jt1\/2025\/11\/talking-bot-125x125.png\",\"caption\":\"Telinha\"},\"sameAs\":[\"https:\/\/portaltela.pt\/\"],\"url\":\"https:\/\/portaltela.pt\/por\/367410592786\/\"}]}<\/script>\n<!-- \/ Yoast SEO plugin. -->","yoast_head_json":{"title":"Capital europeia pro\u00edbe consumo de \u00e1lcool \u00e0 noite - Portal Tela Portugal","robots":{"index":"index","follow":"follow","max-snippet":"max-snippet:-1","max-image-preview":"max-image-preview:large","max-video-preview":"max-video-preview:-1"},"og_locale":"pt_PT","og_type":"article","og_title":"Capital europeia pro\u00edbe consumo de \u00e1lcool \u00e0 noite - Portal Tela Portugal","og_description":"A C\u00e2mara de Vars\u00f3via aprovou, por larga maioria, a proibi\u00e7\u00e3o da venda de \u00e1lcool durante a noite, que entrar\u00e1 em vigor a 1 de julho. A medida visa reduzir problemas como barulho, perturba\u00e7\u00e3o da ordem e interven\u00e7\u00f5es de servi\u00e7os p\u00fablicos, conforme explica\u00e7\u00e3o do presidente municipal Rafal Trzaskowski. O munic\u00edpio j\u00e1 tinha implementado, num projeto-piloto, restri\u00e7\u00f5es entre as 22h e as 6h em duas \u00e1reas da cidade. A venda continua permitida em restaurantes, bares, locais de entretenimento e lojas duty-free no Aeroporto Chopin de Vars\u00f3via. A Pol\u00f3nia j\u00e1 aplica restri\u00e7\u00f5es semelhantes em quase 200 localidades desde 2018; segundo Eurostat, o pa\u00eds regista altas mortes associadas ao \u00e1lcool na UE.","og_url":"https:\/\/portaltela.pt\/noticias\/2026\/03\/14\/capital-europeia-proibe-consumo-de-alcool-a-noite\/","og_site_name":"Portal Tela Portugal","article_published_time":"2026-03-14T15:11:00+00:00","author":"Telinha","twitter_card":"summary_large_image","twitter_misc":{"Escrito por":"Telinha","Tempo estimado de leitura":"1 minuto"},"schema":{"@context":"https:\/\/schema.org","@graph":[{"@type":"Article","@id":"https:\/\/portaltela.pt\/noticias\/2026\/03\/14\/capital-europeia-proibe-consumo-de-alcool-a-noite\/#article","isPartOf":{"@id":"https:\/\/portaltela.pt\/noticias\/2026\/03\/14\/capital-europeia-proibe-consumo-de-alcool-a-noite\/"},"author":{"name":"Telinha","@id":"https:\/\/portaltela.pt\/#\/schema\/person\/c4278d4a6028830caff9ee44b42d32ed"},"headline":"Capital europeia pro\u00edbe consumo de \u00e1lcool \u00e0 noite","datePublished":"2026-03-14T15:11:00+00:00","mainEntityOfPage":{"@id":"https:\/\/portaltela.pt\/noticias\/2026\/03\/14\/capital-europeia-proibe-consumo-de-alcool-a-noite\/"},"wordCount":230,"image":{"@id":"https:\/\/portaltela.pt\/noticias\/2026\/03\/14\/capital-europeia-proibe-consumo-de-alcool-a-noite\/#primaryimage"},"thumbnailUrl":"https:\/\/portaltela.pt\/s.01k8rhncp4jt1\/2026\/03\/image-938.jpg","keywords":["\u00e1lcool","dist\u00farbios","Europa","pol\u00edticas p\u00fablicas","Pol\u00f3nia","seguran\u00e7a p\u00fablica"],"articleSection":["Sa\u00fade","Sociedade"],"inLanguage":"pt-PT"},{"@type":"WebPage","@id":"https:\/\/portaltela.pt\/noticias\/2026\/03\/14\/capital-europeia-proibe-consumo-de-alcool-a-noite\/","url":"https:\/\/portaltela.pt\/noticias\/2026\/03\/14\/capital-europeia-proibe-consumo-de-alcool-a-noite\/","name":"Capital europeia pro\u00edbe consumo de \u00e1lcool \u00e0 noite - Portal Tela Portugal","isPartOf":{"@id":"https:\/\/portaltela.pt\/#website"},"primaryImageOfPage":{"@id":"https:\/\/portaltela.pt\/noticias\/2026\/03\/14\/capital-europeia-proibe-consumo-de-alcool-a-noite\/#primaryimage"},"image":{"@id":"https:\/\/portaltela.pt\/noticias\/2026\/03\/14\/capital-europeia-proibe-consumo-de-alcool-a-noite\/#primaryimage"},"thumbnailUrl":"https:\/\/portaltela.pt\/s.01k8rhncp4jt1\/2026\/03\/image-938.jpg","datePublished":"2026-03-14T15:11:00+00:00","author":{"@id":"https:\/\/portaltela.pt\/#\/schema\/person\/c4278d4a6028830caff9ee44b42d32ed"},"breadcrumb":{"@id":"https:\/\/portaltela.pt\/noticias\/2026\/03\/14\/capital-europeia-proibe-consumo-de-alcool-a-noite\/#breadcrumb"},"inLanguage":"pt-PT","potentialAction":[{"@type":"ReadAction","target":["https:\/\/portaltela.pt\/noticias\/2026\/03\/14\/capital-europeia-proibe-consumo-de-alcool-a-noite\/"]}]},{"@type":"ImageObject","inLanguage":"pt-PT","@id":"https:\/\/portaltela.pt\/noticias\/2026\/03\/14\/capital-europeia-proibe-consumo-de-alcool-a-noite\/#primaryimage","url":"https:\/\/portaltela.pt\/s.01k8rhncp4jt1\/2026\/03\/image-938.jpg","contentUrl":"https:\/\/portaltela.pt\/s.01k8rhncp4jt1\/2026\/03\/image-938.jpg","width":796,"height":448,"caption":"Medida vai entrar em vigor em julho em Vars\u00f3via"},{"@type":"BreadcrumbList","@id":"https:\/\/portaltela.pt\/noticias\/2026\/03\/14\/capital-europeia-proibe-consumo-de-alcool-a-noite\/#breadcrumb","itemListElement":[{"@type":"ListItem","position":1,"name":"In\u00edcio","item":"https:\/\/portaltela.pt\/"},{"@type":"ListItem","position":2,"name":"Capital europeia pro\u00edbe consumo de \u00e1lcool \u00e0 noite"}]},{"@type":"WebSite","@id":"https:\/\/portaltela.pt\/#website","url":"https:\/\/portaltela.pt\/","name":"Portal Tela Portugal","description":"","potentialAction":[{"@type":"SearchAction","target":{"@type":"EntryPoint","urlTemplate":"https:\/\/portaltela.pt\/?s={search_term_string}"},"query-input":{"@type":"PropertyValueSpecification","valueRequired":true,"valueName":"search_term_string"}}],"inLanguage":"pt-PT"},{"@type":"Person","@id":"https:\/\/portaltela.pt\/#\/schema\/person\/c4278d4a6028830caff9ee44b42d32ed","name":"Telinha","image":{"@type":"ImageObject","inLanguage":"pt-PT","@id":"https:\/\/portaltela.pt\/s.01k8rhncp4jt1\/2025\/11\/talking-bot-125x125.png","url":"https:\/\/portaltela.pt\/s.01k8rhncp4jt1\/2025\/11\/talking-bot-125x125.png","contentUrl":"https:\/\/portaltela.pt\/s.01k8rhncp4jt1\/2025\/11\/talking-bot-125x125.png","caption":"Telinha"},"sameAs":["https:\/\/portaltela.pt\/"],"url":"https:\/\/portaltela.pt\/por\/367410592786\/"}]}},"_links":{"self":[{"href":"https:\/\/portaltela.pt\/api\/wp\/v2\/posts\/410098","targetHints":{"allow":["GET"]}}],"collection":[{"href":"https:\/\/portaltela.pt\/api\/wp\/v2\/posts"}],"about":[{"href":"https:\/\/portaltela.pt\/api\/wp\/v2\/types\/post"}],"author":[{"embeddable":true,"href":"https:\/\/portaltela.pt\/api\/wp\/v2\/users\/2"}],"replies":[{"embeddable":true,"href":"https:\/\/portaltela.pt\/api\/wp\/v2\/comments?post=410098"}],"version-history":[{"count":0,"href":"https:\/\/portaltela.pt\/api\/wp\/v2\/posts\/410098\/revisions"}],"wp:featuredmedia":[{"embeddable":true,"href":"https:\/\/portaltela.pt\/api\/wp\/v2\/media\/410102"}],"wp:attachment":[{"href":"https:\/\/portaltela.pt\/api\/wp\/v2\/media?parent=410098"}],"wp:term":[{"taxonomy":"category","embeddable":true,"href":"https:\/\/portaltela.pt\/api\/wp\/v2\/categories?post=410098"},{"taxonomy":"post_tag","embeddable":true,"href":"https:\/\/portaltela.pt\/api\/wp\/v2\/tags?post=410098"}],"curies":[{"name":"wp","href":"https:\/\/api.w.org\/{rel}","templated":true}]}}