{"id":410091,"date":"2026-03-14T12:32:00","date_gmt":"2026-03-14T15:32:00","guid":{"rendered":"https:\/\/portaltela.pt\/noticias\/2026\/03\/14\/associacao-de-policiais-propoe-tabela-remuneratoria-ao-governo\/"},"modified":"2026-03-14T12:32:00","modified_gmt":"2026-03-14T15:32:00","slug":"associacao-de-policiais-propoe-tabela-remuneratoria-ao-governo","status":"publish","type":"post","link":"https:\/\/portaltela.pt\/policia\/2026\/03\/14\/associacao-de-policiais-propoe-tabela-remuneratoria-ao-governo\/","title":{"rendered":"Associa\u00e7\u00e3o de policiais prop\u00f5e tabela remunerat\u00f3ria ao Governo"},"content":{"rendered":"<p>A ASPP\/PSP entregou ao Governo um documento com propostas destinadas a uma tabela remunerat\u00f3ria digna e justa, entre outras mat\u00e9rias. O objetivo \u00e9 conhecimento claro das pend\u00eancias pela tutela, segundo a associa\u00e7\u00e3o.<\/p>\n<p>A entrega foi comunicada pela ASPP\/PSP, que j\u00e1 procedeu \u00e0 entrega formal e \u00e0 an\u00e1lise do caderno reivindicativo e do acordo assinado em 2024 junto da nova tutela. Lu\u00eds Neves \u00e9 o ministro da Administra\u00e7\u00e3o Interna.<\/p>\n<p>A associa\u00e7\u00e3o detalha que pretende que o Minist\u00e9rio da Administra\u00e7\u00e3o Interna assuma de imediato o conhecimento profundo das mat\u00e9rias pendentes e as solu\u00e7\u00f5es estruturais para dignificar a carreira. O foco est\u00e1 na revis\u00e3o remunerat\u00f3ria e nos mecanismos de sustenta\u00e7\u00e3o.<\/p>\n<h3>Reivindica\u00e7\u00f5es e propostas<\/h3>\n<p>No documento, a ASPP\/PSP explica propostas de altera\u00e7\u00e3o para uma tabela remunerat\u00f3ria digna, bem como uma pol\u00edtica de suplementos que respeite a miss\u00e3o. Defende tamb\u00e9m a qualifica\u00e7\u00e3o da profiss\u00e3o face ao desgaste.<\/p>\n<p>A organiza\u00e7\u00e3o aponta a import\u00e2ncia da legisla\u00e7\u00e3o de seguran\u00e7a no trabalho, de um subsistema SAD\/PSP \u00e1gil e do cumprimento da lei de programa\u00e7\u00e3o de infra-estruturas e equipamentos. Destaca ainda a necessidade de celeridade.<\/p>\n<p>Prioridades imediatas incluem a altera\u00e7\u00e3o da portaria de avalia\u00e7\u00e3o de desempenho, visando o regime de dois anos e oito pontos, e a cria\u00e7\u00e3o administrativa de n\u00edveis para progress\u00e3o. O objetivo \u00e9 evitar lacunas para quem concluiu a avalia\u00e7\u00e3o.<\/p>\n<h3>Outros pontos e pr\u00f3ximos passos<\/h3>\n<p>A ASPP\/PSP aponta como urgente o desbloqueio da situa\u00e7\u00e3o da DIC-Porto e uma solu\u00e7\u00e3o para a norma de promo\u00e7\u00e3o a chefe coordenador, com foco nos profissionais j\u00e1 formados. Tamb\u00e9m \u00e9 necess\u00e1ria uma resolu\u00e7\u00e3o r\u00e1pida dos problemas da UNEF.<\/p>\n<p>Em paralelo com o caderno reivindicativo, a entidade solicita despacho interministerial sobre sa\u00eddas para a pr\u00e9-aposenta\u00e7\u00e3o em 2026. O grupo mant\u00e9m o foco no cumprimento do acordo de 2024 e na negocia\u00e7\u00e3o da tabela.<\/p>\n<p>A associa\u00e7\u00e3o j\u00e1 anunciou que, na pr\u00f3xima semana, Lu\u00eds Neves receber\u00e1 16 sindicatos da PSP e as associa\u00e7\u00f5es da GNR. O encontro inclui grupos com poder negocial e outros agrupados em dois blocos.<\/p>\n","protected":false},"excerpt":{"rendered":"<ul>\n<li>A Associa\u00e7\u00e3o Sindical dos Profissionais da Pol\u00edcia (ASPP\/PSP) entregou ao Governo um documento com propostas para uma tabela remunerat\u00f3ria digna e justa, e para dar conhecimento \u00e0s tutelas das mat\u00e9rias pendentes.<\/li>\n<li>A entrega ocorreu ap\u00f3s a reuni\u00e3o com o novo ministro da Administra\u00e7\u00e3o Interna, Lu\u00eds Neves, e visa que o Minist\u00e9rio assuma o conhecimento profundo das mat\u00e9rias pendentes e as solu\u00e7\u00f5es estruturais necess\u00e1rias.<\/li>\n<li>Entre as prioridades est\u00e3o a altera\u00e7\u00e3o da portaria de avalia\u00e7\u00e3o de desempenho, a cria\u00e7\u00e3o administrativa de n\u00edveis remunerat\u00f3rios para progress\u00e3o e o desbloqueio da situa\u00e7\u00e3o da DIC-Porto.<\/li>\n<li>A ASPP\/PSP tamb\u00e9m defende uma pol\u00edtica de supplements racional, a legisla\u00e7\u00e3o de seguran\u00e7a no trabalho e a agiliza\u00e7\u00e3o do subsistema SAD\/PSP para profissionais e familiares, bem como a implementa\u00e7\u00e3o da sa\u00edda de pr\u00e9-aposenta\u00e7\u00e3o em 2026.<\/li>\n<li>O ministro Lu\u00eds Neves vai receber, na pr\u00f3xima segunda-feira, os restantes 16 sindicatos da PSP e as associa\u00e7\u00f5es da GNR, com foco no cumprimento do acordo de 2024 e na negocia\u00e7\u00e3o da tabela remunerat\u00f3ria e suplementos.<\/li>\n<\/ul>\n","protected":false},"author":2,"featured_media":410093,"comment_status":"closed","ping_status":"closed","sticky":false,"template":"","format":"standard","meta":{"footnotes":""},"categories":[6781],"tags":[5704,5798,3418,2818,250,2841],"class_list":["post-410091","post","type-post","status-publish","format-standard","has-post-thumbnail","hentry","category-policia","tag-a-psp","tag-administracao-interna","tag-policia-de-seguranca-publica","tag-remuneracoes","tag-seguranca-publica","tag-trabalhadores"],"yoast_head":"<!-- This site is optimized with the Yoast SEO plugin v27.2 - https:\/\/yoast.com\/product\/yoast-seo-wordpress\/ -->\n<title>Associa\u00e7\u00e3o de policiais prop\u00f5e tabela remunerat\u00f3ria ao Governo - Portal Tela Portugal<\/title>\n<meta name=\"robots\" content=\"index, follow, max-snippet:-1, max-image-preview:large, max-video-preview:-1\" \/>\n<meta property=\"og:locale\" content=\"pt_PT\" \/>\n<meta property=\"og:type\" content=\"article\" \/>\n<meta property=\"og:title\" content=\"Associa\u00e7\u00e3o de policiais prop\u00f5e tabela remunerat\u00f3ria ao Governo - Portal Tela Portugal\" \/>\n<meta property=\"og:description\" content=\"A Associa\u00e7\u00e3o Sindical dos Profissionais da Pol\u00edcia (ASPP\/PSP) entregou ao Governo um documento com propostas para uma tabela remunerat\u00f3ria digna e justa, e para dar conhecimento \u00e0s tutelas das mat\u00e9rias pendentes. A entrega ocorreu ap\u00f3s a reuni\u00e3o com o novo ministro da Administra\u00e7\u00e3o Interna, Lu\u00eds Neves, e visa que o Minist\u00e9rio assuma o conhecimento profundo das mat\u00e9rias pendentes e as solu\u00e7\u00f5es estruturais necess\u00e1rias. Entre as prioridades est\u00e3o a altera\u00e7\u00e3o da portaria de avalia\u00e7\u00e3o de desempenho, a cria\u00e7\u00e3o administrativa de n\u00edveis remunerat\u00f3rios para progress\u00e3o e o desbloqueio da situa\u00e7\u00e3o da DIC-Porto. A ASPP\/PSP tamb\u00e9m defende uma pol\u00edtica de supplements racional, a legisla\u00e7\u00e3o de seguran\u00e7a no trabalho e a agiliza\u00e7\u00e3o do subsistema SAD\/PSP para profissionais e familiares, bem como a implementa\u00e7\u00e3o da sa\u00edda de pr\u00e9-aposenta\u00e7\u00e3o em 2026. O ministro Lu\u00eds Neves vai receber, na pr\u00f3xima segunda-feira, os restantes 16 sindicatos da PSP e as associa\u00e7\u00f5es da GNR, com foco no cumprimento do acordo de 2024 e na negocia\u00e7\u00e3o da tabela remunerat\u00f3ria e suplementos.\" \/>\n<meta property=\"og:url\" content=\"https:\/\/portaltela.pt\/noticias\/2026\/03\/14\/associacao-de-policiais-propoe-tabela-remuneratoria-ao-governo\/\" \/>\n<meta property=\"og:site_name\" content=\"Portal Tela Portugal\" \/>\n<meta property=\"article:published_time\" content=\"2026-03-14T15:32:00+00:00\" \/>\n<meta name=\"author\" content=\"Telinha\" \/>\n<meta name=\"twitter:card\" content=\"summary_large_image\" \/>\n<meta name=\"twitter:label1\" content=\"Escrito por\" \/>\n\t<meta name=\"twitter:data1\" content=\"Telinha\" \/>\n\t<meta name=\"twitter:label2\" content=\"Tempo estimado de leitura\" \/>\n\t<meta name=\"twitter:data2\" content=\"2 minutos\" \/>\n<script type=\"application\/ld+json\" class=\"yoast-schema-graph\">{\"@context\":\"https:\/\/schema.org\",\"@graph\":[{\"@type\":\"Article\",\"@id\":\"https:\/\/portaltela.pt\/noticias\/2026\/03\/14\/associacao-de-policiais-propoe-tabela-remuneratoria-ao-governo\/#article\",\"isPartOf\":{\"@id\":\"https:\/\/portaltela.pt\/noticias\/2026\/03\/14\/associacao-de-policiais-propoe-tabela-remuneratoria-ao-governo\/\"},\"author\":{\"name\":\"Telinha\",\"@id\":\"https:\/\/portaltela.pt\/#\/schema\/person\/c4278d4a6028830caff9ee44b42d32ed\"},\"headline\":\"Associa\u00e7\u00e3o de policiais prop\u00f5e tabela remunerat\u00f3ria ao Governo\",\"datePublished\":\"2026-03-14T15:32:00+00:00\",\"mainEntityOfPage\":{\"@id\":\"https:\/\/portaltela.pt\/noticias\/2026\/03\/14\/associacao-de-policiais-propoe-tabela-remuneratoria-ao-governo\/\"},\"wordCount\":380,\"image\":{\"@id\":\"https:\/\/portaltela.pt\/noticias\/2026\/03\/14\/associacao-de-policiais-propoe-tabela-remuneratoria-ao-governo\/#primaryimage\"},\"thumbnailUrl\":\"https:\/\/portaltela.pt\/s.01k8rhncp4jt1\/2026\/03\/2074221.jpg\",\"keywords\":[\"A PSP\",\"Administra\u00e7\u00e3o Interna\",\"Pol\u00edcia de Seguran\u00e7a P\u00fablica\",\"Remunera\u00e7\u00f5es\",\"seguran\u00e7a p\u00fablica\",\"trabalhadores\"],\"articleSection\":[\"Pol\u00edcia\"],\"inLanguage\":\"pt-PT\"},{\"@type\":\"WebPage\",\"@id\":\"https:\/\/portaltela.pt\/noticias\/2026\/03\/14\/associacao-de-policiais-propoe-tabela-remuneratoria-ao-governo\/\",\"url\":\"https:\/\/portaltela.pt\/noticias\/2026\/03\/14\/associacao-de-policiais-propoe-tabela-remuneratoria-ao-governo\/\",\"name\":\"Associa\u00e7\u00e3o de policiais prop\u00f5e tabela remunerat\u00f3ria ao Governo - Portal Tela Portugal\",\"isPartOf\":{\"@id\":\"https:\/\/portaltela.pt\/#website\"},\"primaryImageOfPage\":{\"@id\":\"https:\/\/portaltela.pt\/noticias\/2026\/03\/14\/associacao-de-policiais-propoe-tabela-remuneratoria-ao-governo\/#primaryimage\"},\"image\":{\"@id\":\"https:\/\/portaltela.pt\/noticias\/2026\/03\/14\/associacao-de-policiais-propoe-tabela-remuneratoria-ao-governo\/#primaryimage\"},\"thumbnailUrl\":\"https:\/\/portaltela.pt\/s.01k8rhncp4jt1\/2026\/03\/2074221.jpg\",\"datePublished\":\"2026-03-14T15:32:00+00:00\",\"author\":{\"@id\":\"https:\/\/portaltela.pt\/#\/schema\/person\/c4278d4a6028830caff9ee44b42d32ed\"},\"breadcrumb\":{\"@id\":\"https:\/\/portaltela.pt\/noticias\/2026\/03\/14\/associacao-de-policiais-propoe-tabela-remuneratoria-ao-governo\/#breadcrumb\"},\"inLanguage\":\"pt-PT\",\"potentialAction\":[{\"@type\":\"ReadAction\",\"target\":[\"https:\/\/portaltela.pt\/noticias\/2026\/03\/14\/associacao-de-policiais-propoe-tabela-remuneratoria-ao-governo\/\"]}]},{\"@type\":\"ImageObject\",\"inLanguage\":\"pt-PT\",\"@id\":\"https:\/\/portaltela.pt\/noticias\/2026\/03\/14\/associacao-de-policiais-propoe-tabela-remuneratoria-ao-governo\/#primaryimage\",\"url\":\"https:\/\/portaltela.pt\/s.01k8rhncp4jt1\/2026\/03\/2074221.jpg\",\"contentUrl\":\"https:\/\/portaltela.pt\/s.01k8rhncp4jt1\/2026\/03\/2074221.jpg\",\"width\":796,\"height\":448,\"caption\":\"H\u00e1 v\u00e1rios anos que os pol\u00edcias lutam por melhores condi\u00e7\u00f5es na carreira, incluindo remunerat\u00f3rias\"},{\"@type\":\"BreadcrumbList\",\"@id\":\"https:\/\/portaltela.pt\/noticias\/2026\/03\/14\/associacao-de-policiais-propoe-tabela-remuneratoria-ao-governo\/#breadcrumb\",\"itemListElement\":[{\"@type\":\"ListItem\",\"position\":1,\"name\":\"In\u00edcio\",\"item\":\"https:\/\/portaltela.pt\/\"},{\"@type\":\"ListItem\",\"position\":2,\"name\":\"Associa\u00e7\u00e3o de policiais prop\u00f5e tabela remunerat\u00f3ria ao Governo\"}]},{\"@type\":\"WebSite\",\"@id\":\"https:\/\/portaltela.pt\/#website\",\"url\":\"https:\/\/portaltela.pt\/\",\"name\":\"Portal Tela Portugal\",\"description\":\"\",\"potentialAction\":[{\"@type\":\"SearchAction\",\"target\":{\"@type\":\"EntryPoint\",\"urlTemplate\":\"https:\/\/portaltela.pt\/?s={search_term_string}\"},\"query-input\":{\"@type\":\"PropertyValueSpecification\",\"valueRequired\":true,\"valueName\":\"search_term_string\"}}],\"inLanguage\":\"pt-PT\"},{\"@type\":\"Person\",\"@id\":\"https:\/\/portaltela.pt\/#\/schema\/person\/c4278d4a6028830caff9ee44b42d32ed\",\"name\":\"Telinha\",\"image\":{\"@type\":\"ImageObject\",\"inLanguage\":\"pt-PT\",\"@id\":\"https:\/\/portaltela.pt\/s.01k8rhncp4jt1\/2025\/11\/talking-bot-125x125.png\",\"url\":\"https:\/\/portaltela.pt\/s.01k8rhncp4jt1\/2025\/11\/talking-bot-125x125.png\",\"contentUrl\":\"https:\/\/portaltela.pt\/s.01k8rhncp4jt1\/2025\/11\/talking-bot-125x125.png\",\"caption\":\"Telinha\"},\"sameAs\":[\"https:\/\/portaltela.pt\/\"],\"url\":\"https:\/\/portaltela.pt\/por\/367410592786\/\"}]}<\/script>\n<!-- \/ Yoast SEO plugin. -->","yoast_head_json":{"title":"Associa\u00e7\u00e3o de policiais prop\u00f5e tabela remunerat\u00f3ria ao Governo - Portal Tela Portugal","robots":{"index":"index","follow":"follow","max-snippet":"max-snippet:-1","max-image-preview":"max-image-preview:large","max-video-preview":"max-video-preview:-1"},"og_locale":"pt_PT","og_type":"article","og_title":"Associa\u00e7\u00e3o de policiais prop\u00f5e tabela remunerat\u00f3ria ao Governo - Portal Tela Portugal","og_description":"A Associa\u00e7\u00e3o Sindical dos Profissionais da Pol\u00edcia (ASPP\/PSP) entregou ao Governo um documento com propostas para uma tabela remunerat\u00f3ria digna e justa, e para dar conhecimento \u00e0s tutelas das mat\u00e9rias pendentes. A entrega ocorreu ap\u00f3s a reuni\u00e3o com o novo ministro da Administra\u00e7\u00e3o Interna, Lu\u00eds Neves, e visa que o Minist\u00e9rio assuma o conhecimento profundo das mat\u00e9rias pendentes e as solu\u00e7\u00f5es estruturais necess\u00e1rias. Entre as prioridades est\u00e3o a altera\u00e7\u00e3o da portaria de avalia\u00e7\u00e3o de desempenho, a cria\u00e7\u00e3o administrativa de n\u00edveis remunerat\u00f3rios para progress\u00e3o e o desbloqueio da situa\u00e7\u00e3o da DIC-Porto. A ASPP\/PSP tamb\u00e9m defende uma pol\u00edtica de supplements racional, a legisla\u00e7\u00e3o de seguran\u00e7a no trabalho e a agiliza\u00e7\u00e3o do subsistema SAD\/PSP para profissionais e familiares, bem como a implementa\u00e7\u00e3o da sa\u00edda de pr\u00e9-aposenta\u00e7\u00e3o em 2026. O ministro Lu\u00eds Neves vai receber, na pr\u00f3xima segunda-feira, os restantes 16 sindicatos da PSP e as associa\u00e7\u00f5es da GNR, com foco no cumprimento do acordo de 2024 e na negocia\u00e7\u00e3o da tabela remunerat\u00f3ria e suplementos.","og_url":"https:\/\/portaltela.pt\/noticias\/2026\/03\/14\/associacao-de-policiais-propoe-tabela-remuneratoria-ao-governo\/","og_site_name":"Portal Tela Portugal","article_published_time":"2026-03-14T15:32:00+00:00","author":"Telinha","twitter_card":"summary_large_image","twitter_misc":{"Escrito por":"Telinha","Tempo estimado de leitura":"2 minutos"},"schema":{"@context":"https:\/\/schema.org","@graph":[{"@type":"Article","@id":"https:\/\/portaltela.pt\/noticias\/2026\/03\/14\/associacao-de-policiais-propoe-tabela-remuneratoria-ao-governo\/#article","isPartOf":{"@id":"https:\/\/portaltela.pt\/noticias\/2026\/03\/14\/associacao-de-policiais-propoe-tabela-remuneratoria-ao-governo\/"},"author":{"name":"Telinha","@id":"https:\/\/portaltela.pt\/#\/schema\/person\/c4278d4a6028830caff9ee44b42d32ed"},"headline":"Associa\u00e7\u00e3o de policiais prop\u00f5e tabela remunerat\u00f3ria ao Governo","datePublished":"2026-03-14T15:32:00+00:00","mainEntityOfPage":{"@id":"https:\/\/portaltela.pt\/noticias\/2026\/03\/14\/associacao-de-policiais-propoe-tabela-remuneratoria-ao-governo\/"},"wordCount":380,"image":{"@id":"https:\/\/portaltela.pt\/noticias\/2026\/03\/14\/associacao-de-policiais-propoe-tabela-remuneratoria-ao-governo\/#primaryimage"},"thumbnailUrl":"https:\/\/portaltela.pt\/s.01k8rhncp4jt1\/2026\/03\/2074221.jpg","keywords":["A PSP","Administra\u00e7\u00e3o Interna","Pol\u00edcia de Seguran\u00e7a P\u00fablica","Remunera\u00e7\u00f5es","seguran\u00e7a p\u00fablica","trabalhadores"],"articleSection":["Pol\u00edcia"],"inLanguage":"pt-PT"},{"@type":"WebPage","@id":"https:\/\/portaltela.pt\/noticias\/2026\/03\/14\/associacao-de-policiais-propoe-tabela-remuneratoria-ao-governo\/","url":"https:\/\/portaltela.pt\/noticias\/2026\/03\/14\/associacao-de-policiais-propoe-tabela-remuneratoria-ao-governo\/","name":"Associa\u00e7\u00e3o de policiais prop\u00f5e tabela remunerat\u00f3ria ao Governo - Portal Tela Portugal","isPartOf":{"@id":"https:\/\/portaltela.pt\/#website"},"primaryImageOfPage":{"@id":"https:\/\/portaltela.pt\/noticias\/2026\/03\/14\/associacao-de-policiais-propoe-tabela-remuneratoria-ao-governo\/#primaryimage"},"image":{"@id":"https:\/\/portaltela.pt\/noticias\/2026\/03\/14\/associacao-de-policiais-propoe-tabela-remuneratoria-ao-governo\/#primaryimage"},"thumbnailUrl":"https:\/\/portaltela.pt\/s.01k8rhncp4jt1\/2026\/03\/2074221.jpg","datePublished":"2026-03-14T15:32:00+00:00","author":{"@id":"https:\/\/portaltela.pt\/#\/schema\/person\/c4278d4a6028830caff9ee44b42d32ed"},"breadcrumb":{"@id":"https:\/\/portaltela.pt\/noticias\/2026\/03\/14\/associacao-de-policiais-propoe-tabela-remuneratoria-ao-governo\/#breadcrumb"},"inLanguage":"pt-PT","potentialAction":[{"@type":"ReadAction","target":["https:\/\/portaltela.pt\/noticias\/2026\/03\/14\/associacao-de-policiais-propoe-tabela-remuneratoria-ao-governo\/"]}]},{"@type":"ImageObject","inLanguage":"pt-PT","@id":"https:\/\/portaltela.pt\/noticias\/2026\/03\/14\/associacao-de-policiais-propoe-tabela-remuneratoria-ao-governo\/#primaryimage","url":"https:\/\/portaltela.pt\/s.01k8rhncp4jt1\/2026\/03\/2074221.jpg","contentUrl":"https:\/\/portaltela.pt\/s.01k8rhncp4jt1\/2026\/03\/2074221.jpg","width":796,"height":448,"caption":"H\u00e1 v\u00e1rios anos que os pol\u00edcias lutam por melhores condi\u00e7\u00f5es na carreira, incluindo remunerat\u00f3rias"},{"@type":"BreadcrumbList","@id":"https:\/\/portaltela.pt\/noticias\/2026\/03\/14\/associacao-de-policiais-propoe-tabela-remuneratoria-ao-governo\/#breadcrumb","itemListElement":[{"@type":"ListItem","position":1,"name":"In\u00edcio","item":"https:\/\/portaltela.pt\/"},{"@type":"ListItem","position":2,"name":"Associa\u00e7\u00e3o de policiais prop\u00f5e tabela remunerat\u00f3ria ao Governo"}]},{"@type":"WebSite","@id":"https:\/\/portaltela.pt\/#website","url":"https:\/\/portaltela.pt\/","name":"Portal Tela Portugal","description":"","potentialAction":[{"@type":"SearchAction","target":{"@type":"EntryPoint","urlTemplate":"https:\/\/portaltela.pt\/?s={search_term_string}"},"query-input":{"@type":"PropertyValueSpecification","valueRequired":true,"valueName":"search_term_string"}}],"inLanguage":"pt-PT"},{"@type":"Person","@id":"https:\/\/portaltela.pt\/#\/schema\/person\/c4278d4a6028830caff9ee44b42d32ed","name":"Telinha","image":{"@type":"ImageObject","inLanguage":"pt-PT","@id":"https:\/\/portaltela.pt\/s.01k8rhncp4jt1\/2025\/11\/talking-bot-125x125.png","url":"https:\/\/portaltela.pt\/s.01k8rhncp4jt1\/2025\/11\/talking-bot-125x125.png","contentUrl":"https:\/\/portaltela.pt\/s.01k8rhncp4jt1\/2025\/11\/talking-bot-125x125.png","caption":"Telinha"},"sameAs":["https:\/\/portaltela.pt\/"],"url":"https:\/\/portaltela.pt\/por\/367410592786\/"}]}},"_links":{"self":[{"href":"https:\/\/portaltela.pt\/api\/wp\/v2\/posts\/410091","targetHints":{"allow":["GET"]}}],"collection":[{"href":"https:\/\/portaltela.pt\/api\/wp\/v2\/posts"}],"about":[{"href":"https:\/\/portaltela.pt\/api\/wp\/v2\/types\/post"}],"author":[{"embeddable":true,"href":"https:\/\/portaltela.pt\/api\/wp\/v2\/users\/2"}],"replies":[{"embeddable":true,"href":"https:\/\/portaltela.pt\/api\/wp\/v2\/comments?post=410091"}],"version-history":[{"count":0,"href":"https:\/\/portaltela.pt\/api\/wp\/v2\/posts\/410091\/revisions"}],"wp:featuredmedia":[{"embeddable":true,"href":"https:\/\/portaltela.pt\/api\/wp\/v2\/media\/410093"}],"wp:attachment":[{"href":"https:\/\/portaltela.pt\/api\/wp\/v2\/media?parent=410091"}],"wp:term":[{"taxonomy":"category","embeddable":true,"href":"https:\/\/portaltela.pt\/api\/wp\/v2\/categories?post=410091"},{"taxonomy":"post_tag","embeddable":true,"href":"https:\/\/portaltela.pt\/api\/wp\/v2\/tags?post=410091"}],"curies":[{"name":"wp","href":"https:\/\/api.w.org\/{rel}","templated":true}]}}