{"id":410079,"date":"2026-03-14T12:41:00","date_gmt":"2026-03-14T15:41:00","guid":{"rendered":"https:\/\/portaltela.pt\/noticias\/2026\/03\/14\/bolsonaro-apresenta-insuficiencia-renal-e-permanece-em-cuidados-intensivos\/"},"modified":"2026-03-14T12:41:00","modified_gmt":"2026-03-14T15:41:00","slug":"bolsonaro-apresenta-insuficiencia-renal-e-permanece-em-cuidados-intensivos","status":"publish","type":"post","link":"https:\/\/portaltela.pt\/noticias\/politica\/2026\/03\/14\/bolsonaro-apresenta-insuficiencia-renal-e-permanece-em-cuidados-intensivos\/","title":{"rendered":"Bolsonaro apresenta insufici\u00eancia renal e permanece em cuidados intensivos"},"content":{"rendered":"<p>O ex-presidente Jair Messias Bolsonaro continua internado na Unidade de Terapia Intensiva do Hospital DF Star, em Bras\u00edlia. O boletim m\u00e9dico desta manh\u00e3 confirma pneumonia bacteriana bilateral decorrente de broncoaspira\u00e7\u00e3o e piora da fun\u00e7\u00e3o renal.<\/p>\n<p>Segundo o hospital, Bolsonaro permanece est\u00e1vel clinicamente e em tratamento com antibi\u00f3ticos e hidrata\u00e7\u00e3o endovenosa. Tamb\u00e9m recebe fisioterapia respirat\u00f3ria e motora, com medidas de preven\u00e7\u00e3o \u00e0 trombose venosa.<\/p>\n<p>O paciente havia sido transferido para o hospital privado na manh\u00e3 de sexta-feira, ap\u00f3s ser levado de urg\u00eancia da pris\u00e3o da Papudinha, onde cumpre pena de 27 anos e 3 meses por tentativa de golpe de Estado. A gravidade do quadro justificou a transfer\u00eancia.<\/p>\n<p>Boletim ressalta que n\u00e3o h\u00e1 previs\u00e3o de alta da UTI no momento. A equipe m\u00e9dica acompanha de perto os sinais vitais, marcadores inflamat\u00f3rios e a fun\u00e7\u00e3o renal para ajustar o tratamento. A interna\u00e7\u00e3o ocorre em regime privado.<\/p>\n<p>A pneumonia foi identificada ap\u00f3s o epis\u00f3dio de broncoaspira\u00e7\u00e3o que afetou o estado respirat\u00f3rio, provocando dificuldades e necessidade de suporte m\u00e9dico intensivo. A dire\u00e7\u00e3o do hospital n\u00e3o revelou detalhes adicionais sobre o progn\u00f3stico.<\/p>\n<p>A situa\u00e7\u00e3o de Bolsonaro tem despertado aten\u00e7\u00e3o dos meios de comunica\u00e7\u00e3o e do p\u00fablico, com informa\u00e7\u00f5es sendo atualizadas conforme evolu\u00e7\u00e3o cl\u00ednica. N\u00e3o houve, at\u00e9 o momento, coment\u00e1rios de fontes oficiais sobre desdobramentos futuros.<\/p>\n<p>Fontes m\u00e9dicas destacaram que o quadro de insufici\u00eancia renal pode exigir monitoriza\u00e7\u00e3o e ajustes no tratamento, incluindo a possibilidade de suporte adicional, caso haja necessidade. A equipe permanece vigilante.<\/p>\n","protected":false},"excerpt":{"rendered":"<ul>\n<li>O ex-presidente Jair Messias Bolsonaro continua internado na Unidade de Terapia Intensiva do Hospital DF Star, em Bras\u00edlia, com pneumonia bacteriana bilateral decorrente de broncoaspira\u00e7\u00e3o.<\/li>\n<li>O estado cl\u00ednico \u00e9 considerado est\u00e1vel, mas houve piora na fun\u00e7\u00e3o renal e eleva\u00e7\u00e3o dos marcadores inflamat\u00f3rios.<\/li>\n<li>Mant\u00e9m tratamento com antibi\u00f3ticos, hidrata\u00e7\u00e3o venosa, fisioterapia respirat\u00f3ria e motora, al\u00e9m de medidas de preven\u00e7\u00e3o \u00e0 trombose venosa.<\/li>\n<li>N\u00e3o h\u00e1 previs\u00e3o de alta da UTI neste momento.<\/li>\n<li>Bolsonaro, que completa 71 anos na pr\u00f3xima semana, foi levado ao hospital na sexta-feira ap\u00f3s crise de calafrios, v\u00f3mitos e dificuldade respirat\u00f3ria, tendo sido transferido do servi\u00e7o prisional para a equipa m\u00e9dica do hospital privado.<\/li>\n<\/ul>\n","protected":false},"author":2,"featured_media":410086,"comment_status":"closed","ping_status":"closed","sticky":false,"template":"","format":"standard","meta":{"footnotes":""},"categories":[1,5],"tags":[2547,633,1907,2832,30,172],"class_list":["post-410079","post","type-post","status-publish","format-standard","has-post-thumbnail","hentry","category-noticias","category-politica","tag-brasil","tag-hospital","tag-pneumonias","tag-politica","tag-presidente","tag-saude"],"yoast_head":"<!-- This site is optimized with the Yoast SEO plugin v27.2 - https:\/\/yoast.com\/product\/yoast-seo-wordpress\/ -->\n<title>Bolsonaro apresenta insufici\u00eancia renal e permanece em cuidados intensivos - Portal Tela Portugal<\/title>\n<meta name=\"robots\" content=\"index, follow, max-snippet:-1, max-image-preview:large, max-video-preview:-1\" \/>\n<meta property=\"og:locale\" content=\"pt_PT\" \/>\n<meta property=\"og:type\" content=\"article\" \/>\n<meta property=\"og:title\" content=\"Bolsonaro apresenta insufici\u00eancia renal e permanece em cuidados intensivos - Portal Tela Portugal\" \/>\n<meta property=\"og:description\" content=\"O ex-presidente Jair Messias Bolsonaro continua internado na Unidade de Terapia Intensiva do Hospital DF Star, em Bras\u00edlia, com pneumonia bacteriana bilateral decorrente de broncoaspira\u00e7\u00e3o. O estado cl\u00ednico \u00e9 considerado est\u00e1vel, mas houve piora na fun\u00e7\u00e3o renal e eleva\u00e7\u00e3o dos marcadores inflamat\u00f3rios. Mant\u00e9m tratamento com antibi\u00f3ticos, hidrata\u00e7\u00e3o venosa, fisioterapia respirat\u00f3ria e motora, al\u00e9m de medidas de preven\u00e7\u00e3o \u00e0 trombose venosa. N\u00e3o h\u00e1 previs\u00e3o de alta da UTI neste momento. Bolsonaro, que completa 71 anos na pr\u00f3xima semana, foi levado ao hospital na sexta-feira ap\u00f3s crise de calafrios, v\u00f3mitos e dificuldade respirat\u00f3ria, tendo sido transferido do servi\u00e7o prisional para a equipa m\u00e9dica do hospital privado.\" \/>\n<meta property=\"og:url\" content=\"https:\/\/portaltela.pt\/noticias\/2026\/03\/14\/bolsonaro-apresenta-insuficiencia-renal-e-permanece-em-cuidados-intensivos\/\" \/>\n<meta property=\"og:site_name\" content=\"Portal Tela Portugal\" \/>\n<meta property=\"article:published_time\" content=\"2026-03-14T15:41:00+00:00\" \/>\n<meta name=\"author\" content=\"Telinha\" \/>\n<meta name=\"twitter:card\" content=\"summary_large_image\" \/>\n<meta name=\"twitter:label1\" content=\"Escrito por\" \/>\n\t<meta name=\"twitter:data1\" content=\"Telinha\" \/>\n\t<meta name=\"twitter:label2\" content=\"Tempo estimado de leitura\" \/>\n\t<meta name=\"twitter:data2\" content=\"1 minuto\" \/>\n<script type=\"application\/ld+json\" class=\"yoast-schema-graph\">{\"@context\":\"https:\/\/schema.org\",\"@graph\":[{\"@type\":\"Article\",\"@id\":\"https:\/\/portaltela.pt\/noticias\/2026\/03\/14\/bolsonaro-apresenta-insuficiencia-renal-e-permanece-em-cuidados-intensivos\/#article\",\"isPartOf\":{\"@id\":\"https:\/\/portaltela.pt\/noticias\/2026\/03\/14\/bolsonaro-apresenta-insuficiencia-renal-e-permanece-em-cuidados-intensivos\/\"},\"author\":{\"name\":\"Telinha\",\"@id\":\"https:\/\/portaltela.pt\/#\/schema\/person\/c4278d4a6028830caff9ee44b42d32ed\"},\"headline\":\"Bolsonaro apresenta insufici\u00eancia renal e permanece em cuidados intensivos\",\"datePublished\":\"2026-03-14T15:41:00+00:00\",\"mainEntityOfPage\":{\"@id\":\"https:\/\/portaltela.pt\/noticias\/2026\/03\/14\/bolsonaro-apresenta-insuficiencia-renal-e-permanece-em-cuidados-intensivos\/\"},\"wordCount\":286,\"image\":{\"@id\":\"https:\/\/portaltela.pt\/noticias\/2026\/03\/14\/bolsonaro-apresenta-insuficiencia-renal-e-permanece-em-cuidados-intensivos\/#primaryimage\"},\"thumbnailUrl\":\"https:\/\/portaltela.pt\/s.01k8rhncp4jt1\/2026\/03\/img_1500x1000uu2025-04-11-15-25-29-2202934.jpg\",\"keywords\":[\"Brasil\",\"hospital\",\"pneumonias\",\"pol\u00edtica\",\"presidente\",\"sa\u00fade\"],\"articleSection\":[\"Not\u00edcias\",\"Pol\u00edtica\"],\"inLanguage\":\"pt-PT\"},{\"@type\":\"WebPage\",\"@id\":\"https:\/\/portaltela.pt\/noticias\/2026\/03\/14\/bolsonaro-apresenta-insuficiencia-renal-e-permanece-em-cuidados-intensivos\/\",\"url\":\"https:\/\/portaltela.pt\/noticias\/2026\/03\/14\/bolsonaro-apresenta-insuficiencia-renal-e-permanece-em-cuidados-intensivos\/\",\"name\":\"Bolsonaro apresenta insufici\u00eancia renal e permanece em cuidados intensivos - Portal Tela Portugal\",\"isPartOf\":{\"@id\":\"https:\/\/portaltela.pt\/#website\"},\"primaryImageOfPage\":{\"@id\":\"https:\/\/portaltela.pt\/noticias\/2026\/03\/14\/bolsonaro-apresenta-insuficiencia-renal-e-permanece-em-cuidados-intensivos\/#primaryimage\"},\"image\":{\"@id\":\"https:\/\/portaltela.pt\/noticias\/2026\/03\/14\/bolsonaro-apresenta-insuficiencia-renal-e-permanece-em-cuidados-intensivos\/#primaryimage\"},\"thumbnailUrl\":\"https:\/\/portaltela.pt\/s.01k8rhncp4jt1\/2026\/03\/img_1500x1000uu2025-04-11-15-25-29-2202934.jpg\",\"datePublished\":\"2026-03-14T15:41:00+00:00\",\"author\":{\"@id\":\"https:\/\/portaltela.pt\/#\/schema\/person\/c4278d4a6028830caff9ee44b42d32ed\"},\"breadcrumb\":{\"@id\":\"https:\/\/portaltela.pt\/noticias\/2026\/03\/14\/bolsonaro-apresenta-insuficiencia-renal-e-permanece-em-cuidados-intensivos\/#breadcrumb\"},\"inLanguage\":\"pt-PT\",\"potentialAction\":[{\"@type\":\"ReadAction\",\"target\":[\"https:\/\/portaltela.pt\/noticias\/2026\/03\/14\/bolsonaro-apresenta-insuficiencia-renal-e-permanece-em-cuidados-intensivos\/\"]}]},{\"@type\":\"ImageObject\",\"inLanguage\":\"pt-PT\",\"@id\":\"https:\/\/portaltela.pt\/noticias\/2026\/03\/14\/bolsonaro-apresenta-insuficiencia-renal-e-permanece-em-cuidados-intensivos\/#primaryimage\",\"url\":\"https:\/\/portaltela.pt\/s.01k8rhncp4jt1\/2026\/03\/img_1500x1000uu2025-04-11-15-25-29-2202934.jpg\",\"contentUrl\":\"https:\/\/portaltela.pt\/s.01k8rhncp4jt1\/2026\/03\/img_1500x1000uu2025-04-11-15-25-29-2202934.jpg\",\"width\":796,\"height\":448,\"caption\":\"Jair Bolsonaro\"},{\"@type\":\"BreadcrumbList\",\"@id\":\"https:\/\/portaltela.pt\/noticias\/2026\/03\/14\/bolsonaro-apresenta-insuficiencia-renal-e-permanece-em-cuidados-intensivos\/#breadcrumb\",\"itemListElement\":[{\"@type\":\"ListItem\",\"position\":1,\"name\":\"In\u00edcio\",\"item\":\"https:\/\/portaltela.pt\/\"},{\"@type\":\"ListItem\",\"position\":2,\"name\":\"Bolsonaro apresenta insufici\u00eancia renal e permanece em cuidados intensivos\"}]},{\"@type\":\"WebSite\",\"@id\":\"https:\/\/portaltela.pt\/#website\",\"url\":\"https:\/\/portaltela.pt\/\",\"name\":\"Portal Tela Portugal\",\"description\":\"\",\"potentialAction\":[{\"@type\":\"SearchAction\",\"target\":{\"@type\":\"EntryPoint\",\"urlTemplate\":\"https:\/\/portaltela.pt\/?s={search_term_string}\"},\"query-input\":{\"@type\":\"PropertyValueSpecification\",\"valueRequired\":true,\"valueName\":\"search_term_string\"}}],\"inLanguage\":\"pt-PT\"},{\"@type\":\"Person\",\"@id\":\"https:\/\/portaltela.pt\/#\/schema\/person\/c4278d4a6028830caff9ee44b42d32ed\",\"name\":\"Telinha\",\"image\":{\"@type\":\"ImageObject\",\"inLanguage\":\"pt-PT\",\"@id\":\"https:\/\/portaltela.pt\/s.01k8rhncp4jt1\/2025\/11\/talking-bot-125x125.png\",\"url\":\"https:\/\/portaltela.pt\/s.01k8rhncp4jt1\/2025\/11\/talking-bot-125x125.png\",\"contentUrl\":\"https:\/\/portaltela.pt\/s.01k8rhncp4jt1\/2025\/11\/talking-bot-125x125.png\",\"caption\":\"Telinha\"},\"sameAs\":[\"https:\/\/portaltela.pt\/\"],\"url\":\"https:\/\/portaltela.pt\/por\/367410592786\/\"}]}<\/script>\n<!-- \/ Yoast SEO plugin. -->","yoast_head_json":{"title":"Bolsonaro apresenta insufici\u00eancia renal e permanece em cuidados intensivos - Portal Tela Portugal","robots":{"index":"index","follow":"follow","max-snippet":"max-snippet:-1","max-image-preview":"max-image-preview:large","max-video-preview":"max-video-preview:-1"},"og_locale":"pt_PT","og_type":"article","og_title":"Bolsonaro apresenta insufici\u00eancia renal e permanece em cuidados intensivos - Portal Tela Portugal","og_description":"O ex-presidente Jair Messias Bolsonaro continua internado na Unidade de Terapia Intensiva do Hospital DF Star, em Bras\u00edlia, com pneumonia bacteriana bilateral decorrente de broncoaspira\u00e7\u00e3o. O estado cl\u00ednico \u00e9 considerado est\u00e1vel, mas houve piora na fun\u00e7\u00e3o renal e eleva\u00e7\u00e3o dos marcadores inflamat\u00f3rios. Mant\u00e9m tratamento com antibi\u00f3ticos, hidrata\u00e7\u00e3o venosa, fisioterapia respirat\u00f3ria e motora, al\u00e9m de medidas de preven\u00e7\u00e3o \u00e0 trombose venosa. N\u00e3o h\u00e1 previs\u00e3o de alta da UTI neste momento. Bolsonaro, que completa 71 anos na pr\u00f3xima semana, foi levado ao hospital na sexta-feira ap\u00f3s crise de calafrios, v\u00f3mitos e dificuldade respirat\u00f3ria, tendo sido transferido do servi\u00e7o prisional para a equipa m\u00e9dica do hospital privado.","og_url":"https:\/\/portaltela.pt\/noticias\/2026\/03\/14\/bolsonaro-apresenta-insuficiencia-renal-e-permanece-em-cuidados-intensivos\/","og_site_name":"Portal Tela Portugal","article_published_time":"2026-03-14T15:41:00+00:00","author":"Telinha","twitter_card":"summary_large_image","twitter_misc":{"Escrito por":"Telinha","Tempo estimado de leitura":"1 minuto"},"schema":{"@context":"https:\/\/schema.org","@graph":[{"@type":"Article","@id":"https:\/\/portaltela.pt\/noticias\/2026\/03\/14\/bolsonaro-apresenta-insuficiencia-renal-e-permanece-em-cuidados-intensivos\/#article","isPartOf":{"@id":"https:\/\/portaltela.pt\/noticias\/2026\/03\/14\/bolsonaro-apresenta-insuficiencia-renal-e-permanece-em-cuidados-intensivos\/"},"author":{"name":"Telinha","@id":"https:\/\/portaltela.pt\/#\/schema\/person\/c4278d4a6028830caff9ee44b42d32ed"},"headline":"Bolsonaro apresenta insufici\u00eancia renal e permanece em cuidados intensivos","datePublished":"2026-03-14T15:41:00+00:00","mainEntityOfPage":{"@id":"https:\/\/portaltela.pt\/noticias\/2026\/03\/14\/bolsonaro-apresenta-insuficiencia-renal-e-permanece-em-cuidados-intensivos\/"},"wordCount":286,"image":{"@id":"https:\/\/portaltela.pt\/noticias\/2026\/03\/14\/bolsonaro-apresenta-insuficiencia-renal-e-permanece-em-cuidados-intensivos\/#primaryimage"},"thumbnailUrl":"https:\/\/portaltela.pt\/s.01k8rhncp4jt1\/2026\/03\/img_1500x1000uu2025-04-11-15-25-29-2202934.jpg","keywords":["Brasil","hospital","pneumonias","pol\u00edtica","presidente","sa\u00fade"],"articleSection":["Not\u00edcias","Pol\u00edtica"],"inLanguage":"pt-PT"},{"@type":"WebPage","@id":"https:\/\/portaltela.pt\/noticias\/2026\/03\/14\/bolsonaro-apresenta-insuficiencia-renal-e-permanece-em-cuidados-intensivos\/","url":"https:\/\/portaltela.pt\/noticias\/2026\/03\/14\/bolsonaro-apresenta-insuficiencia-renal-e-permanece-em-cuidados-intensivos\/","name":"Bolsonaro apresenta insufici\u00eancia renal e permanece em cuidados intensivos - Portal Tela Portugal","isPartOf":{"@id":"https:\/\/portaltela.pt\/#website"},"primaryImageOfPage":{"@id":"https:\/\/portaltela.pt\/noticias\/2026\/03\/14\/bolsonaro-apresenta-insuficiencia-renal-e-permanece-em-cuidados-intensivos\/#primaryimage"},"image":{"@id":"https:\/\/portaltela.pt\/noticias\/2026\/03\/14\/bolsonaro-apresenta-insuficiencia-renal-e-permanece-em-cuidados-intensivos\/#primaryimage"},"thumbnailUrl":"https:\/\/portaltela.pt\/s.01k8rhncp4jt1\/2026\/03\/img_1500x1000uu2025-04-11-15-25-29-2202934.jpg","datePublished":"2026-03-14T15:41:00+00:00","author":{"@id":"https:\/\/portaltela.pt\/#\/schema\/person\/c4278d4a6028830caff9ee44b42d32ed"},"breadcrumb":{"@id":"https:\/\/portaltela.pt\/noticias\/2026\/03\/14\/bolsonaro-apresenta-insuficiencia-renal-e-permanece-em-cuidados-intensivos\/#breadcrumb"},"inLanguage":"pt-PT","potentialAction":[{"@type":"ReadAction","target":["https:\/\/portaltela.pt\/noticias\/2026\/03\/14\/bolsonaro-apresenta-insuficiencia-renal-e-permanece-em-cuidados-intensivos\/"]}]},{"@type":"ImageObject","inLanguage":"pt-PT","@id":"https:\/\/portaltela.pt\/noticias\/2026\/03\/14\/bolsonaro-apresenta-insuficiencia-renal-e-permanece-em-cuidados-intensivos\/#primaryimage","url":"https:\/\/portaltela.pt\/s.01k8rhncp4jt1\/2026\/03\/img_1500x1000uu2025-04-11-15-25-29-2202934.jpg","contentUrl":"https:\/\/portaltela.pt\/s.01k8rhncp4jt1\/2026\/03\/img_1500x1000uu2025-04-11-15-25-29-2202934.jpg","width":796,"height":448,"caption":"Jair Bolsonaro"},{"@type":"BreadcrumbList","@id":"https:\/\/portaltela.pt\/noticias\/2026\/03\/14\/bolsonaro-apresenta-insuficiencia-renal-e-permanece-em-cuidados-intensivos\/#breadcrumb","itemListElement":[{"@type":"ListItem","position":1,"name":"In\u00edcio","item":"https:\/\/portaltela.pt\/"},{"@type":"ListItem","position":2,"name":"Bolsonaro apresenta insufici\u00eancia renal e permanece em cuidados intensivos"}]},{"@type":"WebSite","@id":"https:\/\/portaltela.pt\/#website","url":"https:\/\/portaltela.pt\/","name":"Portal Tela Portugal","description":"","potentialAction":[{"@type":"SearchAction","target":{"@type":"EntryPoint","urlTemplate":"https:\/\/portaltela.pt\/?s={search_term_string}"},"query-input":{"@type":"PropertyValueSpecification","valueRequired":true,"valueName":"search_term_string"}}],"inLanguage":"pt-PT"},{"@type":"Person","@id":"https:\/\/portaltela.pt\/#\/schema\/person\/c4278d4a6028830caff9ee44b42d32ed","name":"Telinha","image":{"@type":"ImageObject","inLanguage":"pt-PT","@id":"https:\/\/portaltela.pt\/s.01k8rhncp4jt1\/2025\/11\/talking-bot-125x125.png","url":"https:\/\/portaltela.pt\/s.01k8rhncp4jt1\/2025\/11\/talking-bot-125x125.png","contentUrl":"https:\/\/portaltela.pt\/s.01k8rhncp4jt1\/2025\/11\/talking-bot-125x125.png","caption":"Telinha"},"sameAs":["https:\/\/portaltela.pt\/"],"url":"https:\/\/portaltela.pt\/por\/367410592786\/"}]}},"_links":{"self":[{"href":"https:\/\/portaltela.pt\/api\/wp\/v2\/posts\/410079","targetHints":{"allow":["GET"]}}],"collection":[{"href":"https:\/\/portaltela.pt\/api\/wp\/v2\/posts"}],"about":[{"href":"https:\/\/portaltela.pt\/api\/wp\/v2\/types\/post"}],"author":[{"embeddable":true,"href":"https:\/\/portaltela.pt\/api\/wp\/v2\/users\/2"}],"replies":[{"embeddable":true,"href":"https:\/\/portaltela.pt\/api\/wp\/v2\/comments?post=410079"}],"version-history":[{"count":0,"href":"https:\/\/portaltela.pt\/api\/wp\/v2\/posts\/410079\/revisions"}],"wp:featuredmedia":[{"embeddable":true,"href":"https:\/\/portaltela.pt\/api\/wp\/v2\/media\/410086"}],"wp:attachment":[{"href":"https:\/\/portaltela.pt\/api\/wp\/v2\/media?parent=410079"}],"wp:term":[{"taxonomy":"category","embeddable":true,"href":"https:\/\/portaltela.pt\/api\/wp\/v2\/categories?post=410079"},{"taxonomy":"post_tag","embeddable":true,"href":"https:\/\/portaltela.pt\/api\/wp\/v2\/tags?post=410079"}],"curies":[{"name":"wp","href":"https:\/\/api.w.org\/{rel}","templated":true}]}}