{"id":410072,"date":"2026-03-14T12:31:00","date_gmt":"2026-03-14T15:31:00","guid":{"rendered":"https:\/\/portaltela.pt\/noticias\/2026\/03\/14\/arbil-regista-aumento-da-intensidade-de-fogo-durante-interceptacao-de-drones\/"},"modified":"2026-03-14T12:31:00","modified_gmt":"2026-03-14T15:31:00","slug":"arbil-regista-aumento-da-intensidade-de-fogo-durante-interceptacao-de-drones","status":"publish","type":"post","link":"https:\/\/portaltela.pt\/guerra\/2026\/03\/14\/arbil-regista-aumento-da-intensidade-de-fogo-durante-interceptacao-de-drones\/","title":{"rendered":"Arbil regista aumento da intensidade de fogo durante intercepta\u00e7\u00e3o de drones"},"content":{"rendered":"<p>Alfredo Leite, diretor-adjunto do Correio da Manh\u00e3, encontra-se no Curdist\u00e3o iraquiano e observou v\u00e1rios disparos que partiram de Arbil com o objetivo de interceptar drones. O rep\u00f3rter descreve um panorama de opera\u00e7\u00f5es no terreno para neutralizar aeronaves n\u00e3o tripuladas.<\/p>\n<p>Segundo informa\u00e7\u00e3o recolhida no local, a atividade militar tem-se intensificado na regi\u00e3o norte do Iraque. Grupos rebeldes com apoio de Teer\u00e3o teriam aumentado o alvo a posi\u00e7\u00f5es diplom\u00e1ticas, elevando o volume de confrontos.<\/p>\n<p>A testemunha indica que os disparos ocorreram na \u00e1rea urbana de Arbil, capital do Curdist\u00e3o, e que as a\u00e7\u00f5es fazem parte de uma estrat\u00e9gia de dissu\u00e3o e prote\u00e7\u00e3o de infraestruturas cr\u00edticas. O refor\u00e7o de vigil\u00e2ncia tem sido frequente nas \u00faltimas semanas.<\/p>\n<p>O relato surge num contexto de tens\u00f5es regionais, com especial aten\u00e7\u00e3o \u00e0 presen\u00e7a de actores n\u00e3o estatais e \u00e0 resposta de for\u00e7as locais. Autoridades locais n\u00e3o confirmaram detalhes adicionais sobre opera\u00e7\u00f5es espec\u00edficas ou danos materiais.<\/p>\n<p>A cobertura acompanha a evolu\u00e7\u00e3o dos acontecimentos ao longo das pr\u00f3ximas horas, com especialistas a monitorizarem impactos na seguran\u00e7a regional e na atividade diplom\u00e1tica na zona norte do Iraque.<\/p>\n","protected":false},"excerpt":{"rendered":"<ul>\n<li>Alfredo Leite, diretor-adjunto do Correio da Manh\u00e3, est\u00e1 no Curdist\u00e3o iraquiano e testemunhou disparos a partir de Arbil para intercetar drones.<\/li>\n<li>O rep\u00f3rter de guerra afirma que a \u201cintensidade de fogo\u201d no M\u00e9dio Oriente tem aumentado, sobretudo na zona norte do Iraque.<\/li>\n<li>Grupos rebeldes pr\u00f3-Teer\u00e3o continuam a atacar posi\u00e7\u00f5es diplom\u00e1ticas na regi\u00e3o.<\/li>\n<li>A informa\u00e7\u00e3o foi publicada em 14 de mar\u00e7o de 2026, \u00e0s 15h31.<\/li>\n<li>O relato junta-se a relatos de opera\u00e7\u00f5es de intercep\u00e7\u00e3o de drones na \u00e1rea.<\/li>\n<\/ul>\n","protected":false},"author":2,"featured_media":410080,"comment_status":"closed","ping_status":"closed","sticky":false,"template":"","format":"standard","meta":{"footnotes":""},"categories":[6790,6804],"tags":[2625,7212,62,6634,6261,4536],"class_list":["post-410072","post","type-post","status-publish","format-standard","has-post-thumbnail","hentry","category-conflitos","category-guerra","tag-aeronautica","tag-arbil","tag-guerra","tag-iraque","tag-regiao-norte","tag-seguranca"],"yoast_head":"<!-- This site is optimized with the Yoast SEO plugin v27.2 - https:\/\/yoast.com\/product\/yoast-seo-wordpress\/ -->\n<title>Arbil regista aumento da intensidade de fogo durante intercepta\u00e7\u00e3o de drones - Portal Tela Portugal<\/title>\n<meta name=\"robots\" content=\"index, follow, max-snippet:-1, max-image-preview:large, max-video-preview:-1\" \/>\n<meta property=\"og:locale\" content=\"pt_PT\" \/>\n<meta property=\"og:type\" content=\"article\" \/>\n<meta property=\"og:title\" content=\"Arbil regista aumento da intensidade de fogo durante intercepta\u00e7\u00e3o de drones - Portal Tela Portugal\" \/>\n<meta property=\"og:description\" content=\"Alfredo Leite, diretor-adjunto do Correio da Manh\u00e3, est\u00e1 no Curdist\u00e3o iraquiano e testemunhou disparos a partir de Arbil para intercetar drones. O rep\u00f3rter de guerra afirma que a \u201cintensidade de fogo\u201d no M\u00e9dio Oriente tem aumentado, sobretudo na zona norte do Iraque. Grupos rebeldes pr\u00f3-Teer\u00e3o continuam a atacar posi\u00e7\u00f5es diplom\u00e1ticas na regi\u00e3o. A informa\u00e7\u00e3o foi publicada em 14 de mar\u00e7o de 2026, \u00e0s 15h31. O relato junta-se a relatos de opera\u00e7\u00f5es de intercep\u00e7\u00e3o de drones na \u00e1rea.\" \/>\n<meta property=\"og:url\" content=\"https:\/\/portaltela.pt\/noticias\/2026\/03\/14\/arbil-regista-aumento-da-intensidade-de-fogo-durante-interceptacao-de-drones\/\" \/>\n<meta property=\"og:site_name\" content=\"Portal Tela Portugal\" \/>\n<meta property=\"article:published_time\" content=\"2026-03-14T15:31:00+00:00\" \/>\n<meta name=\"author\" content=\"Telinha\" \/>\n<meta name=\"twitter:card\" content=\"summary_large_image\" \/>\n<meta name=\"twitter:label1\" content=\"Escrito por\" \/>\n\t<meta name=\"twitter:data1\" content=\"Telinha\" \/>\n\t<meta name=\"twitter:label2\" content=\"Tempo estimado de leitura\" \/>\n\t<meta name=\"twitter:data2\" content=\"1 minuto\" \/>\n<script type=\"application\/ld+json\" class=\"yoast-schema-graph\">{\"@context\":\"https:\/\/schema.org\",\"@graph\":[{\"@type\":\"Article\",\"@id\":\"https:\/\/portaltela.pt\/noticias\/2026\/03\/14\/arbil-regista-aumento-da-intensidade-de-fogo-durante-interceptacao-de-drones\/#article\",\"isPartOf\":{\"@id\":\"https:\/\/portaltela.pt\/noticias\/2026\/03\/14\/arbil-regista-aumento-da-intensidade-de-fogo-durante-interceptacao-de-drones\/\"},\"author\":{\"name\":\"Telinha\",\"@id\":\"https:\/\/portaltela.pt\/#\/schema\/person\/c4278d4a6028830caff9ee44b42d32ed\"},\"headline\":\"Arbil regista aumento da intensidade de fogo durante intercepta\u00e7\u00e3o de drones\",\"datePublished\":\"2026-03-14T15:31:00+00:00\",\"mainEntityOfPage\":{\"@id\":\"https:\/\/portaltela.pt\/noticias\/2026\/03\/14\/arbil-regista-aumento-da-intensidade-de-fogo-durante-interceptacao-de-drones\/\"},\"wordCount\":217,\"image\":{\"@id\":\"https:\/\/portaltela.pt\/noticias\/2026\/03\/14\/arbil-regista-aumento-da-intensidade-de-fogo-durante-interceptacao-de-drones\/#primaryimage\"},\"thumbnailUrl\":\"https:\/\/portaltela.pt\/s.01k8rhncp4jt1\/2026\/03\/img_1500x1000uu2026-03-14-15-26-17-2272309.jpg\",\"keywords\":[\"aeron\u00e1utica\",\"Arbil\",\"guerra\",\"Iraque\",\"Regi\u00e3o Norte\",\"seguran\u00e7a\"],\"articleSection\":[\"Conflitos\",\"Guerra\"],\"inLanguage\":\"pt-PT\"},{\"@type\":\"WebPage\",\"@id\":\"https:\/\/portaltela.pt\/noticias\/2026\/03\/14\/arbil-regista-aumento-da-intensidade-de-fogo-durante-interceptacao-de-drones\/\",\"url\":\"https:\/\/portaltela.pt\/noticias\/2026\/03\/14\/arbil-regista-aumento-da-intensidade-de-fogo-durante-interceptacao-de-drones\/\",\"name\":\"Arbil regista aumento da intensidade de fogo durante intercepta\u00e7\u00e3o de drones - Portal Tela Portugal\",\"isPartOf\":{\"@id\":\"https:\/\/portaltela.pt\/#website\"},\"primaryImageOfPage\":{\"@id\":\"https:\/\/portaltela.pt\/noticias\/2026\/03\/14\/arbil-regista-aumento-da-intensidade-de-fogo-durante-interceptacao-de-drones\/#primaryimage\"},\"image\":{\"@id\":\"https:\/\/portaltela.pt\/noticias\/2026\/03\/14\/arbil-regista-aumento-da-intensidade-de-fogo-durante-interceptacao-de-drones\/#primaryimage\"},\"thumbnailUrl\":\"https:\/\/portaltela.pt\/s.01k8rhncp4jt1\/2026\/03\/img_1500x1000uu2026-03-14-15-26-17-2272309.jpg\",\"datePublished\":\"2026-03-14T15:31:00+00:00\",\"author\":{\"@id\":\"https:\/\/portaltela.pt\/#\/schema\/person\/c4278d4a6028830caff9ee44b42d32ed\"},\"breadcrumb\":{\"@id\":\"https:\/\/portaltela.pt\/noticias\/2026\/03\/14\/arbil-regista-aumento-da-intensidade-de-fogo-durante-interceptacao-de-drones\/#breadcrumb\"},\"inLanguage\":\"pt-PT\",\"potentialAction\":[{\"@type\":\"ReadAction\",\"target\":[\"https:\/\/portaltela.pt\/noticias\/2026\/03\/14\/arbil-regista-aumento-da-intensidade-de-fogo-durante-interceptacao-de-drones\/\"]}]},{\"@type\":\"ImageObject\",\"inLanguage\":\"pt-PT\",\"@id\":\"https:\/\/portaltela.pt\/noticias\/2026\/03\/14\/arbil-regista-aumento-da-intensidade-de-fogo-durante-interceptacao-de-drones\/#primaryimage\",\"url\":\"https:\/\/portaltela.pt\/s.01k8rhncp4jt1\/2026\/03\/img_1500x1000uu2026-03-14-15-26-17-2272309.jpg\",\"contentUrl\":\"https:\/\/portaltela.pt\/s.01k8rhncp4jt1\/2026\/03\/img_1500x1000uu2026-03-14-15-26-17-2272309.jpg\",\"width\":796,\"height\":448,\"caption\":\"\\\"Tem havido um aumento da intensidade de fogo\\\": Alfredo Leite testemunha disparos em Arbil para interce\u00e7\u00e3o de drones\"},{\"@type\":\"BreadcrumbList\",\"@id\":\"https:\/\/portaltela.pt\/noticias\/2026\/03\/14\/arbil-regista-aumento-da-intensidade-de-fogo-durante-interceptacao-de-drones\/#breadcrumb\",\"itemListElement\":[{\"@type\":\"ListItem\",\"position\":1,\"name\":\"In\u00edcio\",\"item\":\"https:\/\/portaltela.pt\/\"},{\"@type\":\"ListItem\",\"position\":2,\"name\":\"Arbil regista aumento da intensidade de fogo durante intercepta\u00e7\u00e3o de drones\"}]},{\"@type\":\"WebSite\",\"@id\":\"https:\/\/portaltela.pt\/#website\",\"url\":\"https:\/\/portaltela.pt\/\",\"name\":\"Portal Tela Portugal\",\"description\":\"\",\"potentialAction\":[{\"@type\":\"SearchAction\",\"target\":{\"@type\":\"EntryPoint\",\"urlTemplate\":\"https:\/\/portaltela.pt\/?s={search_term_string}\"},\"query-input\":{\"@type\":\"PropertyValueSpecification\",\"valueRequired\":true,\"valueName\":\"search_term_string\"}}],\"inLanguage\":\"pt-PT\"},{\"@type\":\"Person\",\"@id\":\"https:\/\/portaltela.pt\/#\/schema\/person\/c4278d4a6028830caff9ee44b42d32ed\",\"name\":\"Telinha\",\"image\":{\"@type\":\"ImageObject\",\"inLanguage\":\"pt-PT\",\"@id\":\"https:\/\/portaltela.pt\/s.01k8rhncp4jt1\/2025\/11\/talking-bot-125x125.png\",\"url\":\"https:\/\/portaltela.pt\/s.01k8rhncp4jt1\/2025\/11\/talking-bot-125x125.png\",\"contentUrl\":\"https:\/\/portaltela.pt\/s.01k8rhncp4jt1\/2025\/11\/talking-bot-125x125.png\",\"caption\":\"Telinha\"},\"sameAs\":[\"https:\/\/portaltela.pt\/\"],\"url\":\"https:\/\/portaltela.pt\/por\/367410592786\/\"}]}<\/script>\n<!-- \/ Yoast SEO plugin. -->","yoast_head_json":{"title":"Arbil regista aumento da intensidade de fogo durante intercepta\u00e7\u00e3o de drones - Portal Tela Portugal","robots":{"index":"index","follow":"follow","max-snippet":"max-snippet:-1","max-image-preview":"max-image-preview:large","max-video-preview":"max-video-preview:-1"},"og_locale":"pt_PT","og_type":"article","og_title":"Arbil regista aumento da intensidade de fogo durante intercepta\u00e7\u00e3o de drones - Portal Tela Portugal","og_description":"Alfredo Leite, diretor-adjunto do Correio da Manh\u00e3, est\u00e1 no Curdist\u00e3o iraquiano e testemunhou disparos a partir de Arbil para intercetar drones. O rep\u00f3rter de guerra afirma que a \u201cintensidade de fogo\u201d no M\u00e9dio Oriente tem aumentado, sobretudo na zona norte do Iraque. Grupos rebeldes pr\u00f3-Teer\u00e3o continuam a atacar posi\u00e7\u00f5es diplom\u00e1ticas na regi\u00e3o. A informa\u00e7\u00e3o foi publicada em 14 de mar\u00e7o de 2026, \u00e0s 15h31. O relato junta-se a relatos de opera\u00e7\u00f5es de intercep\u00e7\u00e3o de drones na \u00e1rea.","og_url":"https:\/\/portaltela.pt\/noticias\/2026\/03\/14\/arbil-regista-aumento-da-intensidade-de-fogo-durante-interceptacao-de-drones\/","og_site_name":"Portal Tela Portugal","article_published_time":"2026-03-14T15:31:00+00:00","author":"Telinha","twitter_card":"summary_large_image","twitter_misc":{"Escrito por":"Telinha","Tempo estimado de leitura":"1 minuto"},"schema":{"@context":"https:\/\/schema.org","@graph":[{"@type":"Article","@id":"https:\/\/portaltela.pt\/noticias\/2026\/03\/14\/arbil-regista-aumento-da-intensidade-de-fogo-durante-interceptacao-de-drones\/#article","isPartOf":{"@id":"https:\/\/portaltela.pt\/noticias\/2026\/03\/14\/arbil-regista-aumento-da-intensidade-de-fogo-durante-interceptacao-de-drones\/"},"author":{"name":"Telinha","@id":"https:\/\/portaltela.pt\/#\/schema\/person\/c4278d4a6028830caff9ee44b42d32ed"},"headline":"Arbil regista aumento da intensidade de fogo durante intercepta\u00e7\u00e3o de drones","datePublished":"2026-03-14T15:31:00+00:00","mainEntityOfPage":{"@id":"https:\/\/portaltela.pt\/noticias\/2026\/03\/14\/arbil-regista-aumento-da-intensidade-de-fogo-durante-interceptacao-de-drones\/"},"wordCount":217,"image":{"@id":"https:\/\/portaltela.pt\/noticias\/2026\/03\/14\/arbil-regista-aumento-da-intensidade-de-fogo-durante-interceptacao-de-drones\/#primaryimage"},"thumbnailUrl":"https:\/\/portaltela.pt\/s.01k8rhncp4jt1\/2026\/03\/img_1500x1000uu2026-03-14-15-26-17-2272309.jpg","keywords":["aeron\u00e1utica","Arbil","guerra","Iraque","Regi\u00e3o Norte","seguran\u00e7a"],"articleSection":["Conflitos","Guerra"],"inLanguage":"pt-PT"},{"@type":"WebPage","@id":"https:\/\/portaltela.pt\/noticias\/2026\/03\/14\/arbil-regista-aumento-da-intensidade-de-fogo-durante-interceptacao-de-drones\/","url":"https:\/\/portaltela.pt\/noticias\/2026\/03\/14\/arbil-regista-aumento-da-intensidade-de-fogo-durante-interceptacao-de-drones\/","name":"Arbil regista aumento da intensidade de fogo durante intercepta\u00e7\u00e3o de drones - Portal Tela Portugal","isPartOf":{"@id":"https:\/\/portaltela.pt\/#website"},"primaryImageOfPage":{"@id":"https:\/\/portaltela.pt\/noticias\/2026\/03\/14\/arbil-regista-aumento-da-intensidade-de-fogo-durante-interceptacao-de-drones\/#primaryimage"},"image":{"@id":"https:\/\/portaltela.pt\/noticias\/2026\/03\/14\/arbil-regista-aumento-da-intensidade-de-fogo-durante-interceptacao-de-drones\/#primaryimage"},"thumbnailUrl":"https:\/\/portaltela.pt\/s.01k8rhncp4jt1\/2026\/03\/img_1500x1000uu2026-03-14-15-26-17-2272309.jpg","datePublished":"2026-03-14T15:31:00+00:00","author":{"@id":"https:\/\/portaltela.pt\/#\/schema\/person\/c4278d4a6028830caff9ee44b42d32ed"},"breadcrumb":{"@id":"https:\/\/portaltela.pt\/noticias\/2026\/03\/14\/arbil-regista-aumento-da-intensidade-de-fogo-durante-interceptacao-de-drones\/#breadcrumb"},"inLanguage":"pt-PT","potentialAction":[{"@type":"ReadAction","target":["https:\/\/portaltela.pt\/noticias\/2026\/03\/14\/arbil-regista-aumento-da-intensidade-de-fogo-durante-interceptacao-de-drones\/"]}]},{"@type":"ImageObject","inLanguage":"pt-PT","@id":"https:\/\/portaltela.pt\/noticias\/2026\/03\/14\/arbil-regista-aumento-da-intensidade-de-fogo-durante-interceptacao-de-drones\/#primaryimage","url":"https:\/\/portaltela.pt\/s.01k8rhncp4jt1\/2026\/03\/img_1500x1000uu2026-03-14-15-26-17-2272309.jpg","contentUrl":"https:\/\/portaltela.pt\/s.01k8rhncp4jt1\/2026\/03\/img_1500x1000uu2026-03-14-15-26-17-2272309.jpg","width":796,"height":448,"caption":"\"Tem havido um aumento da intensidade de fogo\": Alfredo Leite testemunha disparos em Arbil para interce\u00e7\u00e3o de drones"},{"@type":"BreadcrumbList","@id":"https:\/\/portaltela.pt\/noticias\/2026\/03\/14\/arbil-regista-aumento-da-intensidade-de-fogo-durante-interceptacao-de-drones\/#breadcrumb","itemListElement":[{"@type":"ListItem","position":1,"name":"In\u00edcio","item":"https:\/\/portaltela.pt\/"},{"@type":"ListItem","position":2,"name":"Arbil regista aumento da intensidade de fogo durante intercepta\u00e7\u00e3o de drones"}]},{"@type":"WebSite","@id":"https:\/\/portaltela.pt\/#website","url":"https:\/\/portaltela.pt\/","name":"Portal Tela Portugal","description":"","potentialAction":[{"@type":"SearchAction","target":{"@type":"EntryPoint","urlTemplate":"https:\/\/portaltela.pt\/?s={search_term_string}"},"query-input":{"@type":"PropertyValueSpecification","valueRequired":true,"valueName":"search_term_string"}}],"inLanguage":"pt-PT"},{"@type":"Person","@id":"https:\/\/portaltela.pt\/#\/schema\/person\/c4278d4a6028830caff9ee44b42d32ed","name":"Telinha","image":{"@type":"ImageObject","inLanguage":"pt-PT","@id":"https:\/\/portaltela.pt\/s.01k8rhncp4jt1\/2025\/11\/talking-bot-125x125.png","url":"https:\/\/portaltela.pt\/s.01k8rhncp4jt1\/2025\/11\/talking-bot-125x125.png","contentUrl":"https:\/\/portaltela.pt\/s.01k8rhncp4jt1\/2025\/11\/talking-bot-125x125.png","caption":"Telinha"},"sameAs":["https:\/\/portaltela.pt\/"],"url":"https:\/\/portaltela.pt\/por\/367410592786\/"}]}},"_links":{"self":[{"href":"https:\/\/portaltela.pt\/api\/wp\/v2\/posts\/410072","targetHints":{"allow":["GET"]}}],"collection":[{"href":"https:\/\/portaltela.pt\/api\/wp\/v2\/posts"}],"about":[{"href":"https:\/\/portaltela.pt\/api\/wp\/v2\/types\/post"}],"author":[{"embeddable":true,"href":"https:\/\/portaltela.pt\/api\/wp\/v2\/users\/2"}],"replies":[{"embeddable":true,"href":"https:\/\/portaltela.pt\/api\/wp\/v2\/comments?post=410072"}],"version-history":[{"count":0,"href":"https:\/\/portaltela.pt\/api\/wp\/v2\/posts\/410072\/revisions"}],"wp:featuredmedia":[{"embeddable":true,"href":"https:\/\/portaltela.pt\/api\/wp\/v2\/media\/410080"}],"wp:attachment":[{"href":"https:\/\/portaltela.pt\/api\/wp\/v2\/media?parent=410072"}],"wp:term":[{"taxonomy":"category","embeddable":true,"href":"https:\/\/portaltela.pt\/api\/wp\/v2\/categories?post=410072"},{"taxonomy":"post_tag","embeddable":true,"href":"https:\/\/portaltela.pt\/api\/wp\/v2\/tags?post=410072"}],"curies":[{"name":"wp","href":"https:\/\/api.w.org\/{rel}","templated":true}]}}