{"id":410069,"date":"2026-03-14T12:20:00","date_gmt":"2026-03-14T15:20:00","guid":{"rendered":"https:\/\/portaltela.pt\/noticias\/2026\/03\/14\/instituto-de-apoio-a-crianca-regista-quase-3-500-pedidos-de-apoio-em-2025-2\/"},"modified":"2026-03-14T12:20:00","modified_gmt":"2026-03-14T15:20:00","slug":"instituto-de-apoio-a-crianca-regista-quase-3-500-pedidos-de-apoio-em-2025-2","status":"publish","type":"post","link":"https:\/\/portaltela.pt\/saude\/2026\/03\/14\/instituto-de-apoio-a-crianca-regista-quase-3-500-pedidos-de-apoio-em-2025-2\/","title":{"rendered":"Instituto de Apoio \u00e0 Crian\u00e7a regista quase 3.500 pedidos de apoio em 2025"},"content":{"rendered":"<p>O Instituto de Apoio \u00e0 Crian\u00e7a (IAC) registou perto de 3500 pedidos de apoio em Portugal no ano de 2025. As solicita\u00e7\u00f5es refletem sobretudo sofrimento psicol\u00f3gico, solid\u00e3o, idea\u00e7\u00e3o suicida, press\u00e3o escolar e d\u00favidas na escolha da \u00e1rea profissional, bem como casos de bullying.<\/p>\n<p>Anabela Reis, respons\u00e1vel pela \u00e1rea de comunica\u00e7\u00e3o do IAC, explicou \u00e0 Lusa que a maior parte dos pedidos chega por via telef\u00f3nica ou WhatsApp. Adolescentes entre os 14 e os 18 anos procuram apoio por press\u00f5es acad\u00e9micas e preocupa\u00e7\u00f5es com o futuro.<\/p>\n<p>Aumento de pedidos por via digital<\/p>\n<p>H\u00e1 uma tend\u00eancia clara para o uso de mensagens digitais, com muitos jovens a recorrer ao WhatsApp pela vergonha de pedir ajuda aos pais. O IAC assinala tamb\u00e9m que a press\u00e3o social nas redes contribui para o agravamento do sofrimento.<\/p>\n<p>Autoles\u00e3o entre jovens continua a aumentar<\/p>\n<p>A respons\u00e1vel destacou ainda um crescimento de casos de autoles\u00e3o entre adolescentes cada vez mais jovens, inclusiv\u00e9 entre 12 e 13 anos, fen\u00f3meno que j\u00e1 tinha sido observado em faixas et\u00e1rias mais altas.<\/p>\n<p>Al\u00e9m da linha telef\u00f3nica, h\u00e1 pedidos de apoio jur\u00eddico e de institui\u00e7\u00f5es parceiras, apresentados pelas fam\u00edlias. A generalidade das solicita\u00e7\u00f5es diz respeito \u00e0 sa\u00fade emocional, viol\u00eancia, vulnerabilidade social e conflitos familiares.<\/p>\n<p>Quase 3500 pedidos em 2025<\/p>\n<p>Num comunicado de imprensa, o IAC indica que a atividade de apoio, em 2025, refletiu a crescente procura de orienta\u00e7\u00e3o e acompanhamento especializado. O instituto mant\u00e9m o compromisso de responder \u00e0s necessidades das crian\u00e7as e das fam\u00edlias.<\/p>\n<p>Nova estrat\u00e9gia de comunica\u00e7\u00e3o para menores<\/p>\n<p>Este ano, o IAC aposta numa nova forma de comunica\u00e7\u00e3o direccionada a crian\u00e7as e jovens, visando promover a participa\u00e7\u00e3o infantil e criar espa\u00e7os de informa\u00e7\u00e3o e reflex\u00e3o sobre temas do quotidiano.<\/p>\n<p>Resposta \u00e0s crises na regi\u00e3o Centro<\/p>\n<p>Em resposta \u00e0s tempestades, designadamente a tempestade Kristin, o IAC criou um servi\u00e7o de apoio psicol\u00f3gico online em situa\u00e7\u00e3o de crise, destinado a crian\u00e7as, jovens e fam\u00edlias de forma r\u00e1pida e especializada.<\/p>\n<p>O presidente do IAC, Manuel Ata\u00edde Coutinho, sublinha o direito de a crian\u00e7a ser protegida e refor\u00e7a a necessidade de respostas adequadas para evitar uma inf\u00e2ncia \u201croubada\u201d.<\/p>\n<p>O IAC celebra 43 anos de atividade e reitera o compromisso de desenvolver respostas ajustadas \u00e0s necessidades das crian\u00e7as e comunidades, promovendo prote\u00e7\u00e3o, participa\u00e7\u00e3o e bem-estar das novas gera\u00e7\u00f5es.<\/p>\n","protected":false},"excerpt":{"rendered":"<ul>\n<li>Em 2025, o Instituto de Apoio \u00e0 Crian\u00e7a registou quase 3.500 pedidos de apoio para crian\u00e7as e jovens em Portugal.<\/li>\n<li>Os principais motivos s\u00e3o sofrimento psicol\u00f3gico elevado, solid\u00e3o, idea\u00e7\u00e3o suicida, press\u00e3o na escola com as notas, ang\u00fastias na escolha da \u00e1rea profissional e bullying.<\/li>\n<li>Os pedidos chegam principalmente por linha telef\u00f3nica e, cada vez mais, por WhatsApp, com jovens entre os 14 e os 18 anos; muitos procuram ajuda por vergonha de pedir aos pais.<\/li>\n<li>Os comportamentos autolesivos t\u00eam vindo a aumentar entre adolescentes cada vez mais novos, com casos de crian\u00e7as de 12 e 13 anos j\u00e1 a surgir.<\/li>\n<li>O IAC vai lan\u00e7ar uma nova forma de comunica\u00e7\u00e3o dirigida a crian\u00e7as e jovens e criou um servi\u00e7o de apoio psicol\u00f3gico online em crise para a regi\u00e3o Centro, ap\u00f3s a tempestade Kristin.<\/li>\n<\/ul>\n","protected":false},"author":2,"featured_media":410076,"comment_status":"closed","ping_status":"closed","sticky":false,"template":"","format":"standard","meta":{"footnotes":""},"categories":[6745],"tags":[5018,3953,4650,55,939,2244],"class_list":["post-410069","post","type-post","status-publish","format-standard","has-post-thumbnail","hentry","category-saude","tag-adolescentes","tag-criancas","tag-regiao-centro","tag-saude-mental","tag-violencia","tag-violencia-psicologica"],"yoast_head":"<!-- This site is optimized with the Yoast SEO plugin v27.2 - https:\/\/yoast.com\/product\/yoast-seo-wordpress\/ -->\n<title>Instituto de Apoio \u00e0 Crian\u00e7a regista quase 3.500 pedidos de apoio em 2025 - Portal Tela Portugal<\/title>\n<meta name=\"robots\" content=\"index, follow, max-snippet:-1, max-image-preview:large, max-video-preview:-1\" \/>\n<meta property=\"og:locale\" content=\"pt_PT\" \/>\n<meta property=\"og:type\" content=\"article\" \/>\n<meta property=\"og:title\" content=\"Instituto de Apoio \u00e0 Crian\u00e7a regista quase 3.500 pedidos de apoio em 2025 - Portal Tela Portugal\" \/>\n<meta property=\"og:description\" content=\"Em 2025, o Instituto de Apoio \u00e0 Crian\u00e7a registou quase 3.500 pedidos de apoio para crian\u00e7as e jovens em Portugal. Os principais motivos s\u00e3o sofrimento psicol\u00f3gico elevado, solid\u00e3o, idea\u00e7\u00e3o suicida, press\u00e3o na escola com as notas, ang\u00fastias na escolha da \u00e1rea profissional e bullying. Os pedidos chegam principalmente por linha telef\u00f3nica e, cada vez mais, por WhatsApp, com jovens entre os 14 e os 18 anos; muitos procuram ajuda por vergonha de pedir aos pais. Os comportamentos autolesivos t\u00eam vindo a aumentar entre adolescentes cada vez mais novos, com casos de crian\u00e7as de 12 e 13 anos j\u00e1 a surgir. O IAC vai lan\u00e7ar uma nova forma de comunica\u00e7\u00e3o dirigida a crian\u00e7as e jovens e criou um servi\u00e7o de apoio psicol\u00f3gico online em crise para a regi\u00e3o Centro, ap\u00f3s a tempestade Kristin.\" \/>\n<meta property=\"og:url\" content=\"https:\/\/portaltela.pt\/noticias\/2026\/03\/14\/instituto-de-apoio-a-crianca-regista-quase-3-500-pedidos-de-apoio-em-2025-2\/\" \/>\n<meta property=\"og:site_name\" content=\"Portal Tela Portugal\" \/>\n<meta property=\"article:published_time\" content=\"2026-03-14T15:20:00+00:00\" \/>\n<meta name=\"author\" content=\"Telinha\" \/>\n<meta name=\"twitter:card\" content=\"summary_large_image\" \/>\n<meta name=\"twitter:label1\" content=\"Escrito por\" \/>\n\t<meta name=\"twitter:data1\" content=\"Telinha\" \/>\n\t<meta name=\"twitter:label2\" content=\"Tempo estimado de leitura\" \/>\n\t<meta name=\"twitter:data2\" content=\"2 minutos\" \/>\n<script type=\"application\/ld+json\" class=\"yoast-schema-graph\">{\"@context\":\"https:\/\/schema.org\",\"@graph\":[{\"@type\":\"Article\",\"@id\":\"https:\/\/portaltela.pt\/noticias\/2026\/03\/14\/instituto-de-apoio-a-crianca-regista-quase-3-500-pedidos-de-apoio-em-2025-2\/#article\",\"isPartOf\":{\"@id\":\"https:\/\/portaltela.pt\/noticias\/2026\/03\/14\/instituto-de-apoio-a-crianca-regista-quase-3-500-pedidos-de-apoio-em-2025-2\/\"},\"author\":{\"name\":\"Telinha\",\"@id\":\"https:\/\/portaltela.pt\/#\/schema\/person\/c4278d4a6028830caff9ee44b42d32ed\"},\"headline\":\"Instituto de Apoio \u00e0 Crian\u00e7a regista quase 3.500 pedidos de apoio em 2025\",\"datePublished\":\"2026-03-14T15:20:00+00:00\",\"mainEntityOfPage\":{\"@id\":\"https:\/\/portaltela.pt\/noticias\/2026\/03\/14\/instituto-de-apoio-a-crianca-regista-quase-3-500-pedidos-de-apoio-em-2025-2\/\"},\"wordCount\":428,\"image\":{\"@id\":\"https:\/\/portaltela.pt\/noticias\/2026\/03\/14\/instituto-de-apoio-a-crianca-regista-quase-3-500-pedidos-de-apoio-em-2025-2\/#primaryimage\"},\"thumbnailUrl\":\"https:\/\/portaltela.pt\/s.01k8rhncp4jt1\/2026\/03\/2074218.jpg\",\"keywords\":[\"adolescentes\",\"crian\u00e7as\",\"Regi\u00e3o Centro\",\"sa\u00fade mental\",\"viol\u00eancia\",\"viol\u00eancia psicol\u00f3gica\"],\"articleSection\":[\"Sa\u00fade\"],\"inLanguage\":\"pt-PT\"},{\"@type\":\"WebPage\",\"@id\":\"https:\/\/portaltela.pt\/noticias\/2026\/03\/14\/instituto-de-apoio-a-crianca-regista-quase-3-500-pedidos-de-apoio-em-2025-2\/\",\"url\":\"https:\/\/portaltela.pt\/noticias\/2026\/03\/14\/instituto-de-apoio-a-crianca-regista-quase-3-500-pedidos-de-apoio-em-2025-2\/\",\"name\":\"Instituto de Apoio \u00e0 Crian\u00e7a regista quase 3.500 pedidos de apoio em 2025 - Portal Tela Portugal\",\"isPartOf\":{\"@id\":\"https:\/\/portaltela.pt\/#website\"},\"primaryImageOfPage\":{\"@id\":\"https:\/\/portaltela.pt\/noticias\/2026\/03\/14\/instituto-de-apoio-a-crianca-regista-quase-3-500-pedidos-de-apoio-em-2025-2\/#primaryimage\"},\"image\":{\"@id\":\"https:\/\/portaltela.pt\/noticias\/2026\/03\/14\/instituto-de-apoio-a-crianca-regista-quase-3-500-pedidos-de-apoio-em-2025-2\/#primaryimage\"},\"thumbnailUrl\":\"https:\/\/portaltela.pt\/s.01k8rhncp4jt1\/2026\/03\/2074218.jpg\",\"datePublished\":\"2026-03-14T15:20:00+00:00\",\"author\":{\"@id\":\"https:\/\/portaltela.pt\/#\/schema\/person\/c4278d4a6028830caff9ee44b42d32ed\"},\"breadcrumb\":{\"@id\":\"https:\/\/portaltela.pt\/noticias\/2026\/03\/14\/instituto-de-apoio-a-crianca-regista-quase-3-500-pedidos-de-apoio-em-2025-2\/#breadcrumb\"},\"inLanguage\":\"pt-PT\",\"potentialAction\":[{\"@type\":\"ReadAction\",\"target\":[\"https:\/\/portaltela.pt\/noticias\/2026\/03\/14\/instituto-de-apoio-a-crianca-regista-quase-3-500-pedidos-de-apoio-em-2025-2\/\"]}]},{\"@type\":\"ImageObject\",\"inLanguage\":\"pt-PT\",\"@id\":\"https:\/\/portaltela.pt\/noticias\/2026\/03\/14\/instituto-de-apoio-a-crianca-regista-quase-3-500-pedidos-de-apoio-em-2025-2\/#primaryimage\",\"url\":\"https:\/\/portaltela.pt\/s.01k8rhncp4jt1\/2026\/03\/2074218.jpg\",\"contentUrl\":\"https:\/\/portaltela.pt\/s.01k8rhncp4jt1\/2026\/03\/2074218.jpg\",\"width\":796,\"height\":448,\"caption\":\"Muitos jovens \\\"t\u00eam vergonha\\\" de pedir ajuda aos pais, diz IAC\"},{\"@type\":\"BreadcrumbList\",\"@id\":\"https:\/\/portaltela.pt\/noticias\/2026\/03\/14\/instituto-de-apoio-a-crianca-regista-quase-3-500-pedidos-de-apoio-em-2025-2\/#breadcrumb\",\"itemListElement\":[{\"@type\":\"ListItem\",\"position\":1,\"name\":\"In\u00edcio\",\"item\":\"https:\/\/portaltela.pt\/\"},{\"@type\":\"ListItem\",\"position\":2,\"name\":\"Instituto de Apoio \u00e0 Crian\u00e7a regista quase 3.500 pedidos de apoio em 2025\"}]},{\"@type\":\"WebSite\",\"@id\":\"https:\/\/portaltela.pt\/#website\",\"url\":\"https:\/\/portaltela.pt\/\",\"name\":\"Portal Tela Portugal\",\"description\":\"\",\"potentialAction\":[{\"@type\":\"SearchAction\",\"target\":{\"@type\":\"EntryPoint\",\"urlTemplate\":\"https:\/\/portaltela.pt\/?s={search_term_string}\"},\"query-input\":{\"@type\":\"PropertyValueSpecification\",\"valueRequired\":true,\"valueName\":\"search_term_string\"}}],\"inLanguage\":\"pt-PT\"},{\"@type\":\"Person\",\"@id\":\"https:\/\/portaltela.pt\/#\/schema\/person\/c4278d4a6028830caff9ee44b42d32ed\",\"name\":\"Telinha\",\"image\":{\"@type\":\"ImageObject\",\"inLanguage\":\"pt-PT\",\"@id\":\"https:\/\/portaltela.pt\/s.01k8rhncp4jt1\/2025\/11\/talking-bot-125x125.png\",\"url\":\"https:\/\/portaltela.pt\/s.01k8rhncp4jt1\/2025\/11\/talking-bot-125x125.png\",\"contentUrl\":\"https:\/\/portaltela.pt\/s.01k8rhncp4jt1\/2025\/11\/talking-bot-125x125.png\",\"caption\":\"Telinha\"},\"sameAs\":[\"https:\/\/portaltela.pt\/\"],\"url\":\"https:\/\/portaltela.pt\/por\/367410592786\/\"}]}<\/script>\n<!-- \/ Yoast SEO plugin. -->","yoast_head_json":{"title":"Instituto de Apoio \u00e0 Crian\u00e7a regista quase 3.500 pedidos de apoio em 2025 - Portal Tela Portugal","robots":{"index":"index","follow":"follow","max-snippet":"max-snippet:-1","max-image-preview":"max-image-preview:large","max-video-preview":"max-video-preview:-1"},"og_locale":"pt_PT","og_type":"article","og_title":"Instituto de Apoio \u00e0 Crian\u00e7a regista quase 3.500 pedidos de apoio em 2025 - Portal Tela Portugal","og_description":"Em 2025, o Instituto de Apoio \u00e0 Crian\u00e7a registou quase 3.500 pedidos de apoio para crian\u00e7as e jovens em Portugal. Os principais motivos s\u00e3o sofrimento psicol\u00f3gico elevado, solid\u00e3o, idea\u00e7\u00e3o suicida, press\u00e3o na escola com as notas, ang\u00fastias na escolha da \u00e1rea profissional e bullying. Os pedidos chegam principalmente por linha telef\u00f3nica e, cada vez mais, por WhatsApp, com jovens entre os 14 e os 18 anos; muitos procuram ajuda por vergonha de pedir aos pais. Os comportamentos autolesivos t\u00eam vindo a aumentar entre adolescentes cada vez mais novos, com casos de crian\u00e7as de 12 e 13 anos j\u00e1 a surgir. O IAC vai lan\u00e7ar uma nova forma de comunica\u00e7\u00e3o dirigida a crian\u00e7as e jovens e criou um servi\u00e7o de apoio psicol\u00f3gico online em crise para a regi\u00e3o Centro, ap\u00f3s a tempestade Kristin.","og_url":"https:\/\/portaltela.pt\/noticias\/2026\/03\/14\/instituto-de-apoio-a-crianca-regista-quase-3-500-pedidos-de-apoio-em-2025-2\/","og_site_name":"Portal Tela Portugal","article_published_time":"2026-03-14T15:20:00+00:00","author":"Telinha","twitter_card":"summary_large_image","twitter_misc":{"Escrito por":"Telinha","Tempo estimado de leitura":"2 minutos"},"schema":{"@context":"https:\/\/schema.org","@graph":[{"@type":"Article","@id":"https:\/\/portaltela.pt\/noticias\/2026\/03\/14\/instituto-de-apoio-a-crianca-regista-quase-3-500-pedidos-de-apoio-em-2025-2\/#article","isPartOf":{"@id":"https:\/\/portaltela.pt\/noticias\/2026\/03\/14\/instituto-de-apoio-a-crianca-regista-quase-3-500-pedidos-de-apoio-em-2025-2\/"},"author":{"name":"Telinha","@id":"https:\/\/portaltela.pt\/#\/schema\/person\/c4278d4a6028830caff9ee44b42d32ed"},"headline":"Instituto de Apoio \u00e0 Crian\u00e7a regista quase 3.500 pedidos de apoio em 2025","datePublished":"2026-03-14T15:20:00+00:00","mainEntityOfPage":{"@id":"https:\/\/portaltela.pt\/noticias\/2026\/03\/14\/instituto-de-apoio-a-crianca-regista-quase-3-500-pedidos-de-apoio-em-2025-2\/"},"wordCount":428,"image":{"@id":"https:\/\/portaltela.pt\/noticias\/2026\/03\/14\/instituto-de-apoio-a-crianca-regista-quase-3-500-pedidos-de-apoio-em-2025-2\/#primaryimage"},"thumbnailUrl":"https:\/\/portaltela.pt\/s.01k8rhncp4jt1\/2026\/03\/2074218.jpg","keywords":["adolescentes","crian\u00e7as","Regi\u00e3o Centro","sa\u00fade mental","viol\u00eancia","viol\u00eancia psicol\u00f3gica"],"articleSection":["Sa\u00fade"],"inLanguage":"pt-PT"},{"@type":"WebPage","@id":"https:\/\/portaltela.pt\/noticias\/2026\/03\/14\/instituto-de-apoio-a-crianca-regista-quase-3-500-pedidos-de-apoio-em-2025-2\/","url":"https:\/\/portaltela.pt\/noticias\/2026\/03\/14\/instituto-de-apoio-a-crianca-regista-quase-3-500-pedidos-de-apoio-em-2025-2\/","name":"Instituto de Apoio \u00e0 Crian\u00e7a regista quase 3.500 pedidos de apoio em 2025 - Portal Tela Portugal","isPartOf":{"@id":"https:\/\/portaltela.pt\/#website"},"primaryImageOfPage":{"@id":"https:\/\/portaltela.pt\/noticias\/2026\/03\/14\/instituto-de-apoio-a-crianca-regista-quase-3-500-pedidos-de-apoio-em-2025-2\/#primaryimage"},"image":{"@id":"https:\/\/portaltela.pt\/noticias\/2026\/03\/14\/instituto-de-apoio-a-crianca-regista-quase-3-500-pedidos-de-apoio-em-2025-2\/#primaryimage"},"thumbnailUrl":"https:\/\/portaltela.pt\/s.01k8rhncp4jt1\/2026\/03\/2074218.jpg","datePublished":"2026-03-14T15:20:00+00:00","author":{"@id":"https:\/\/portaltela.pt\/#\/schema\/person\/c4278d4a6028830caff9ee44b42d32ed"},"breadcrumb":{"@id":"https:\/\/portaltela.pt\/noticias\/2026\/03\/14\/instituto-de-apoio-a-crianca-regista-quase-3-500-pedidos-de-apoio-em-2025-2\/#breadcrumb"},"inLanguage":"pt-PT","potentialAction":[{"@type":"ReadAction","target":["https:\/\/portaltela.pt\/noticias\/2026\/03\/14\/instituto-de-apoio-a-crianca-regista-quase-3-500-pedidos-de-apoio-em-2025-2\/"]}]},{"@type":"ImageObject","inLanguage":"pt-PT","@id":"https:\/\/portaltela.pt\/noticias\/2026\/03\/14\/instituto-de-apoio-a-crianca-regista-quase-3-500-pedidos-de-apoio-em-2025-2\/#primaryimage","url":"https:\/\/portaltela.pt\/s.01k8rhncp4jt1\/2026\/03\/2074218.jpg","contentUrl":"https:\/\/portaltela.pt\/s.01k8rhncp4jt1\/2026\/03\/2074218.jpg","width":796,"height":448,"caption":"Muitos jovens \"t\u00eam vergonha\" de pedir ajuda aos pais, diz IAC"},{"@type":"BreadcrumbList","@id":"https:\/\/portaltela.pt\/noticias\/2026\/03\/14\/instituto-de-apoio-a-crianca-regista-quase-3-500-pedidos-de-apoio-em-2025-2\/#breadcrumb","itemListElement":[{"@type":"ListItem","position":1,"name":"In\u00edcio","item":"https:\/\/portaltela.pt\/"},{"@type":"ListItem","position":2,"name":"Instituto de Apoio \u00e0 Crian\u00e7a regista quase 3.500 pedidos de apoio em 2025"}]},{"@type":"WebSite","@id":"https:\/\/portaltela.pt\/#website","url":"https:\/\/portaltela.pt\/","name":"Portal Tela Portugal","description":"","potentialAction":[{"@type":"SearchAction","target":{"@type":"EntryPoint","urlTemplate":"https:\/\/portaltela.pt\/?s={search_term_string}"},"query-input":{"@type":"PropertyValueSpecification","valueRequired":true,"valueName":"search_term_string"}}],"inLanguage":"pt-PT"},{"@type":"Person","@id":"https:\/\/portaltela.pt\/#\/schema\/person\/c4278d4a6028830caff9ee44b42d32ed","name":"Telinha","image":{"@type":"ImageObject","inLanguage":"pt-PT","@id":"https:\/\/portaltela.pt\/s.01k8rhncp4jt1\/2025\/11\/talking-bot-125x125.png","url":"https:\/\/portaltela.pt\/s.01k8rhncp4jt1\/2025\/11\/talking-bot-125x125.png","contentUrl":"https:\/\/portaltela.pt\/s.01k8rhncp4jt1\/2025\/11\/talking-bot-125x125.png","caption":"Telinha"},"sameAs":["https:\/\/portaltela.pt\/"],"url":"https:\/\/portaltela.pt\/por\/367410592786\/"}]}},"_links":{"self":[{"href":"https:\/\/portaltela.pt\/api\/wp\/v2\/posts\/410069","targetHints":{"allow":["GET"]}}],"collection":[{"href":"https:\/\/portaltela.pt\/api\/wp\/v2\/posts"}],"about":[{"href":"https:\/\/portaltela.pt\/api\/wp\/v2\/types\/post"}],"author":[{"embeddable":true,"href":"https:\/\/portaltela.pt\/api\/wp\/v2\/users\/2"}],"replies":[{"embeddable":true,"href":"https:\/\/portaltela.pt\/api\/wp\/v2\/comments?post=410069"}],"version-history":[{"count":0,"href":"https:\/\/portaltela.pt\/api\/wp\/v2\/posts\/410069\/revisions"}],"wp:featuredmedia":[{"embeddable":true,"href":"https:\/\/portaltela.pt\/api\/wp\/v2\/media\/410076"}],"wp:attachment":[{"href":"https:\/\/portaltela.pt\/api\/wp\/v2\/media?parent=410069"}],"wp:term":[{"taxonomy":"category","embeddable":true,"href":"https:\/\/portaltela.pt\/api\/wp\/v2\/categories?post=410069"},{"taxonomy":"post_tag","embeddable":true,"href":"https:\/\/portaltela.pt\/api\/wp\/v2\/tags?post=410069"}],"curies":[{"name":"wp","href":"https:\/\/api.w.org\/{rel}","templated":true}]}}