{"id":410065,"date":"2026-03-14T08:19:00","date_gmt":"2026-03-14T11:19:00","guid":{"rendered":"https:\/\/portaltela.pt\/noticias\/2026\/03\/14\/diddy-ainda-na-prisao-processa-a-justica-dos-eua\/"},"modified":"2026-03-14T08:19:00","modified_gmt":"2026-03-14T11:19:00","slug":"diddy-ainda-na-prisao-processa-a-justica-dos-eua","status":"publish","type":"post","link":"https:\/\/portaltela.pt\/musica\/2026\/03\/14\/diddy-ainda-na-prisao-processa-a-justica-dos-eua\/","title":{"rendered":"Diddy, ainda na pris\u00e3o, processa a Justi\u00e7a dos EUA"},"content":{"rendered":"<p>Sean Diddy Combs, conhecido como Diddy, recorreu da senten\u00e7a de 50 meses de pris\u00e3o nos EUA, afirmando que a pena foi severa demais. A defesa apresentou o recurso na sexta-feira, segundo o TMZ, pedindo liberta\u00e7\u00e3o imediata.<\/p>\n<p>Advogados de Diddy sustentam que a pena atual \u00e9 quase quatro vezes superior ao que \u00e9 t\u00edpico para os crimes de prostitui\u00e7\u00e3o associados ao caso. Argumentam que ele foi absolvido de tr\u00e1fico sexual e extors\u00e3o.<\/p>\n<p>O r\u00e9u foi, em julho do ano passado, absolvido das principais acusa\u00e7\u00f5es federais que enfrentava, tendo sido condenado apenas por duas acusa\u00e7\u00f5es relacionadas com transporte para fins de prostitui\u00e7\u00e3o.<\/p>\n<p>Na pe\u00e7a apresentada, a defesa descreve a senten\u00e7a como uma \u201cpervers\u00e3o da justi\u00e7a\u201d e solicita ao tribunal de apela\u00e7\u00f5es que ordene a liberta\u00e7\u00e3o imediata, ou que determine um novo julgamento ap\u00f3s rever as condena\u00e7\u00f5es.<\/p>\n","protected":false},"excerpt":{"rendered":"<ul>\n<li>Os advogados de Sean Diddy Combs apresentaram um recurso pedindo a liberta\u00e7\u00e3o imediata do magnata da m\u00fasica, ap\u00f3s a redu\u00e7\u00e3o da sua pena.<\/li>\n<li>A defesa alega que a senten\u00e7a de 50 meses foi excessiva e que o juiz o puniu por crimes dos quais foi absolvido.<\/li>\n<li>Segundo o TMZ, o recurso sustenta que a condena\u00e7\u00e3o \u00e9 cerca de quatro vezes superior ao que seria normal para os crimes relacionados \u00e0 prostitui\u00e7\u00e3o.<\/li>\n<li>Os advogados descrevem a decis\u00e3o como uma \u201cpervers\u00e3o da justi\u00e7a\u201d e solicitam que um tribunal de apela\u00e7\u00f5es ordene a liberta\u00e7\u00e3o imediata ou determine um novo julgamento.<\/li>\n<li>Diddy foi absolvido, em julho do ano passado, das principais acusa\u00e7\u00f5es federais; ficou apenas condenado por duas acusa\u00e7\u00f5es de transporte para fins de prostitui\u00e7\u00e3o.<\/li>\n<\/ul>\n","protected":false},"author":2,"featured_media":410067,"comment_status":"closed","ping_status":"closed","sticky":false,"template":"","format":"standard","meta":{"footnotes":""},"categories":[6675,6676],"tags":[147,3081,6484,1600,5450,803],"class_list":["post-410065","post","type-post","status-publish","format-standard","has-post-thumbnail","hentry","category-celebridades","category-musica","tag-crime","tag-crimes-internacionais","tag-direito-penal","tag-estados-unidos","tag-jurisdicao-internacional","tag-justica"],"yoast_head":"<!-- This site is optimized with the Yoast SEO plugin v27.2 - https:\/\/yoast.com\/product\/yoast-seo-wordpress\/ -->\n<title>Diddy, ainda na pris\u00e3o, processa a Justi\u00e7a dos EUA - Portal Tela Portugal<\/title>\n<meta name=\"robots\" content=\"index, follow, max-snippet:-1, max-image-preview:large, max-video-preview:-1\" \/>\n<meta property=\"og:locale\" content=\"pt_PT\" \/>\n<meta property=\"og:type\" content=\"article\" \/>\n<meta property=\"og:title\" content=\"Diddy, ainda na pris\u00e3o, processa a Justi\u00e7a dos EUA - Portal Tela Portugal\" \/>\n<meta property=\"og:description\" content=\"Os advogados de Sean Diddy Combs apresentaram um recurso pedindo a liberta\u00e7\u00e3o imediata do magnata da m\u00fasica, ap\u00f3s a redu\u00e7\u00e3o da sua pena. A defesa alega que a senten\u00e7a de 50 meses foi excessiva e que o juiz o puniu por crimes dos quais foi absolvido. Segundo o TMZ, o recurso sustenta que a condena\u00e7\u00e3o \u00e9 cerca de quatro vezes superior ao que seria normal para os crimes relacionados \u00e0 prostitui\u00e7\u00e3o. Os advogados descrevem a decis\u00e3o como uma \u201cpervers\u00e3o da justi\u00e7a\u201d e solicitam que um tribunal de apela\u00e7\u00f5es ordene a liberta\u00e7\u00e3o imediata ou determine um novo julgamento. Diddy foi absolvido, em julho do ano passado, das principais acusa\u00e7\u00f5es federais; ficou apenas condenado por duas acusa\u00e7\u00f5es de transporte para fins de prostitui\u00e7\u00e3o.\" \/>\n<meta property=\"og:url\" content=\"https:\/\/portaltela.pt\/noticias\/2026\/03\/14\/diddy-ainda-na-prisao-processa-a-justica-dos-eua\/\" \/>\n<meta property=\"og:site_name\" content=\"Portal Tela Portugal\" \/>\n<meta property=\"article:published_time\" content=\"2026-03-14T11:19:00+00:00\" \/>\n<meta name=\"author\" content=\"Telinha\" \/>\n<meta name=\"twitter:card\" content=\"summary_large_image\" \/>\n<meta name=\"twitter:label1\" content=\"Escrito por\" \/>\n\t<meta name=\"twitter:data1\" content=\"Telinha\" \/>\n\t<meta name=\"twitter:label2\" content=\"Tempo estimado de leitura\" \/>\n\t<meta name=\"twitter:data2\" content=\"1 minuto\" \/>\n<script type=\"application\/ld+json\" class=\"yoast-schema-graph\">{\"@context\":\"https:\/\/schema.org\",\"@graph\":[{\"@type\":\"Article\",\"@id\":\"https:\/\/portaltela.pt\/noticias\/2026\/03\/14\/diddy-ainda-na-prisao-processa-a-justica-dos-eua\/#article\",\"isPartOf\":{\"@id\":\"https:\/\/portaltela.pt\/noticias\/2026\/03\/14\/diddy-ainda-na-prisao-processa-a-justica-dos-eua\/\"},\"author\":{\"name\":\"Telinha\",\"@id\":\"https:\/\/portaltela.pt\/#\/schema\/person\/c4278d4a6028830caff9ee44b42d32ed\"},\"headline\":\"Diddy, ainda na pris\u00e3o, processa a Justi\u00e7a dos EUA\",\"datePublished\":\"2026-03-14T11:19:00+00:00\",\"mainEntityOfPage\":{\"@id\":\"https:\/\/portaltela.pt\/noticias\/2026\/03\/14\/diddy-ainda-na-prisao-processa-a-justica-dos-eua\/\"},\"wordCount\":161,\"image\":{\"@id\":\"https:\/\/portaltela.pt\/noticias\/2026\/03\/14\/diddy-ainda-na-prisao-processa-a-justica-dos-eua\/#primaryimage\"},\"thumbnailUrl\":\"https:\/\/portaltela.pt\/s.01k8rhncp4jt1\/2026\/03\/img_1280x718uu2017-12-22-23-08-50-695083-im-638854274763098561.jpg\",\"keywords\":[\"crime\",\"crimes internacionais\",\"Direito Penal\",\"Estados Unidos\",\"jurisdi\u00e7\u00e3o internacional\",\"justi\u00e7a\"],\"articleSection\":[\"Celebridades\",\"M\u00fasica\"],\"inLanguage\":\"pt-PT\"},{\"@type\":\"WebPage\",\"@id\":\"https:\/\/portaltela.pt\/noticias\/2026\/03\/14\/diddy-ainda-na-prisao-processa-a-justica-dos-eua\/\",\"url\":\"https:\/\/portaltela.pt\/noticias\/2026\/03\/14\/diddy-ainda-na-prisao-processa-a-justica-dos-eua\/\",\"name\":\"Diddy, ainda na pris\u00e3o, processa a Justi\u00e7a dos EUA - Portal Tela Portugal\",\"isPartOf\":{\"@id\":\"https:\/\/portaltela.pt\/#website\"},\"primaryImageOfPage\":{\"@id\":\"https:\/\/portaltela.pt\/noticias\/2026\/03\/14\/diddy-ainda-na-prisao-processa-a-justica-dos-eua\/#primaryimage\"},\"image\":{\"@id\":\"https:\/\/portaltela.pt\/noticias\/2026\/03\/14\/diddy-ainda-na-prisao-processa-a-justica-dos-eua\/#primaryimage\"},\"thumbnailUrl\":\"https:\/\/portaltela.pt\/s.01k8rhncp4jt1\/2026\/03\/img_1280x718uu2017-12-22-23-08-50-695083-im-638854274763098561.jpg\",\"datePublished\":\"2026-03-14T11:19:00+00:00\",\"author\":{\"@id\":\"https:\/\/portaltela.pt\/#\/schema\/person\/c4278d4a6028830caff9ee44b42d32ed\"},\"breadcrumb\":{\"@id\":\"https:\/\/portaltela.pt\/noticias\/2026\/03\/14\/diddy-ainda-na-prisao-processa-a-justica-dos-eua\/#breadcrumb\"},\"inLanguage\":\"pt-PT\",\"potentialAction\":[{\"@type\":\"ReadAction\",\"target\":[\"https:\/\/portaltela.pt\/noticias\/2026\/03\/14\/diddy-ainda-na-prisao-processa-a-justica-dos-eua\/\"]}]},{\"@type\":\"ImageObject\",\"inLanguage\":\"pt-PT\",\"@id\":\"https:\/\/portaltela.pt\/noticias\/2026\/03\/14\/diddy-ainda-na-prisao-processa-a-justica-dos-eua\/#primaryimage\",\"url\":\"https:\/\/portaltela.pt\/s.01k8rhncp4jt1\/2026\/03\/img_1280x718uu2017-12-22-23-08-50-695083-im-638854274763098561.jpg\",\"contentUrl\":\"https:\/\/portaltela.pt\/s.01k8rhncp4jt1\/2026\/03\/img_1280x718uu2017-12-22-23-08-50-695083-im-638854274763098561.jpg\",\"width\":796,\"height\":448,\"caption\":\"Sean Diddy Combs\"},{\"@type\":\"BreadcrumbList\",\"@id\":\"https:\/\/portaltela.pt\/noticias\/2026\/03\/14\/diddy-ainda-na-prisao-processa-a-justica-dos-eua\/#breadcrumb\",\"itemListElement\":[{\"@type\":\"ListItem\",\"position\":1,\"name\":\"In\u00edcio\",\"item\":\"https:\/\/portaltela.pt\/\"},{\"@type\":\"ListItem\",\"position\":2,\"name\":\"Diddy, ainda na pris\u00e3o, processa a Justi\u00e7a dos EUA\"}]},{\"@type\":\"WebSite\",\"@id\":\"https:\/\/portaltela.pt\/#website\",\"url\":\"https:\/\/portaltela.pt\/\",\"name\":\"Portal Tela Portugal\",\"description\":\"\",\"potentialAction\":[{\"@type\":\"SearchAction\",\"target\":{\"@type\":\"EntryPoint\",\"urlTemplate\":\"https:\/\/portaltela.pt\/?s={search_term_string}\"},\"query-input\":{\"@type\":\"PropertyValueSpecification\",\"valueRequired\":true,\"valueName\":\"search_term_string\"}}],\"inLanguage\":\"pt-PT\"},{\"@type\":\"Person\",\"@id\":\"https:\/\/portaltela.pt\/#\/schema\/person\/c4278d4a6028830caff9ee44b42d32ed\",\"name\":\"Telinha\",\"image\":{\"@type\":\"ImageObject\",\"inLanguage\":\"pt-PT\",\"@id\":\"https:\/\/portaltela.pt\/s.01k8rhncp4jt1\/2025\/11\/talking-bot-125x125.png\",\"url\":\"https:\/\/portaltela.pt\/s.01k8rhncp4jt1\/2025\/11\/talking-bot-125x125.png\",\"contentUrl\":\"https:\/\/portaltela.pt\/s.01k8rhncp4jt1\/2025\/11\/talking-bot-125x125.png\",\"caption\":\"Telinha\"},\"sameAs\":[\"https:\/\/portaltela.pt\/\"],\"url\":\"https:\/\/portaltela.pt\/por\/367410592786\/\"}]}<\/script>\n<!-- \/ Yoast SEO plugin. -->","yoast_head_json":{"title":"Diddy, ainda na pris\u00e3o, processa a Justi\u00e7a dos EUA - Portal Tela Portugal","robots":{"index":"index","follow":"follow","max-snippet":"max-snippet:-1","max-image-preview":"max-image-preview:large","max-video-preview":"max-video-preview:-1"},"og_locale":"pt_PT","og_type":"article","og_title":"Diddy, ainda na pris\u00e3o, processa a Justi\u00e7a dos EUA - Portal Tela Portugal","og_description":"Os advogados de Sean Diddy Combs apresentaram um recurso pedindo a liberta\u00e7\u00e3o imediata do magnata da m\u00fasica, ap\u00f3s a redu\u00e7\u00e3o da sua pena. A defesa alega que a senten\u00e7a de 50 meses foi excessiva e que o juiz o puniu por crimes dos quais foi absolvido. Segundo o TMZ, o recurso sustenta que a condena\u00e7\u00e3o \u00e9 cerca de quatro vezes superior ao que seria normal para os crimes relacionados \u00e0 prostitui\u00e7\u00e3o. Os advogados descrevem a decis\u00e3o como uma \u201cpervers\u00e3o da justi\u00e7a\u201d e solicitam que um tribunal de apela\u00e7\u00f5es ordene a liberta\u00e7\u00e3o imediata ou determine um novo julgamento. Diddy foi absolvido, em julho do ano passado, das principais acusa\u00e7\u00f5es federais; ficou apenas condenado por duas acusa\u00e7\u00f5es de transporte para fins de prostitui\u00e7\u00e3o.","og_url":"https:\/\/portaltela.pt\/noticias\/2026\/03\/14\/diddy-ainda-na-prisao-processa-a-justica-dos-eua\/","og_site_name":"Portal Tela Portugal","article_published_time":"2026-03-14T11:19:00+00:00","author":"Telinha","twitter_card":"summary_large_image","twitter_misc":{"Escrito por":"Telinha","Tempo estimado de leitura":"1 minuto"},"schema":{"@context":"https:\/\/schema.org","@graph":[{"@type":"Article","@id":"https:\/\/portaltela.pt\/noticias\/2026\/03\/14\/diddy-ainda-na-prisao-processa-a-justica-dos-eua\/#article","isPartOf":{"@id":"https:\/\/portaltela.pt\/noticias\/2026\/03\/14\/diddy-ainda-na-prisao-processa-a-justica-dos-eua\/"},"author":{"name":"Telinha","@id":"https:\/\/portaltela.pt\/#\/schema\/person\/c4278d4a6028830caff9ee44b42d32ed"},"headline":"Diddy, ainda na pris\u00e3o, processa a Justi\u00e7a dos EUA","datePublished":"2026-03-14T11:19:00+00:00","mainEntityOfPage":{"@id":"https:\/\/portaltela.pt\/noticias\/2026\/03\/14\/diddy-ainda-na-prisao-processa-a-justica-dos-eua\/"},"wordCount":161,"image":{"@id":"https:\/\/portaltela.pt\/noticias\/2026\/03\/14\/diddy-ainda-na-prisao-processa-a-justica-dos-eua\/#primaryimage"},"thumbnailUrl":"https:\/\/portaltela.pt\/s.01k8rhncp4jt1\/2026\/03\/img_1280x718uu2017-12-22-23-08-50-695083-im-638854274763098561.jpg","keywords":["crime","crimes internacionais","Direito Penal","Estados Unidos","jurisdi\u00e7\u00e3o internacional","justi\u00e7a"],"articleSection":["Celebridades","M\u00fasica"],"inLanguage":"pt-PT"},{"@type":"WebPage","@id":"https:\/\/portaltela.pt\/noticias\/2026\/03\/14\/diddy-ainda-na-prisao-processa-a-justica-dos-eua\/","url":"https:\/\/portaltela.pt\/noticias\/2026\/03\/14\/diddy-ainda-na-prisao-processa-a-justica-dos-eua\/","name":"Diddy, ainda na pris\u00e3o, processa a Justi\u00e7a dos EUA - Portal Tela Portugal","isPartOf":{"@id":"https:\/\/portaltela.pt\/#website"},"primaryImageOfPage":{"@id":"https:\/\/portaltela.pt\/noticias\/2026\/03\/14\/diddy-ainda-na-prisao-processa-a-justica-dos-eua\/#primaryimage"},"image":{"@id":"https:\/\/portaltela.pt\/noticias\/2026\/03\/14\/diddy-ainda-na-prisao-processa-a-justica-dos-eua\/#primaryimage"},"thumbnailUrl":"https:\/\/portaltela.pt\/s.01k8rhncp4jt1\/2026\/03\/img_1280x718uu2017-12-22-23-08-50-695083-im-638854274763098561.jpg","datePublished":"2026-03-14T11:19:00+00:00","author":{"@id":"https:\/\/portaltela.pt\/#\/schema\/person\/c4278d4a6028830caff9ee44b42d32ed"},"breadcrumb":{"@id":"https:\/\/portaltela.pt\/noticias\/2026\/03\/14\/diddy-ainda-na-prisao-processa-a-justica-dos-eua\/#breadcrumb"},"inLanguage":"pt-PT","potentialAction":[{"@type":"ReadAction","target":["https:\/\/portaltela.pt\/noticias\/2026\/03\/14\/diddy-ainda-na-prisao-processa-a-justica-dos-eua\/"]}]},{"@type":"ImageObject","inLanguage":"pt-PT","@id":"https:\/\/portaltela.pt\/noticias\/2026\/03\/14\/diddy-ainda-na-prisao-processa-a-justica-dos-eua\/#primaryimage","url":"https:\/\/portaltela.pt\/s.01k8rhncp4jt1\/2026\/03\/img_1280x718uu2017-12-22-23-08-50-695083-im-638854274763098561.jpg","contentUrl":"https:\/\/portaltela.pt\/s.01k8rhncp4jt1\/2026\/03\/img_1280x718uu2017-12-22-23-08-50-695083-im-638854274763098561.jpg","width":796,"height":448,"caption":"Sean Diddy Combs"},{"@type":"BreadcrumbList","@id":"https:\/\/portaltela.pt\/noticias\/2026\/03\/14\/diddy-ainda-na-prisao-processa-a-justica-dos-eua\/#breadcrumb","itemListElement":[{"@type":"ListItem","position":1,"name":"In\u00edcio","item":"https:\/\/portaltela.pt\/"},{"@type":"ListItem","position":2,"name":"Diddy, ainda na pris\u00e3o, processa a Justi\u00e7a dos EUA"}]},{"@type":"WebSite","@id":"https:\/\/portaltela.pt\/#website","url":"https:\/\/portaltela.pt\/","name":"Portal Tela Portugal","description":"","potentialAction":[{"@type":"SearchAction","target":{"@type":"EntryPoint","urlTemplate":"https:\/\/portaltela.pt\/?s={search_term_string}"},"query-input":{"@type":"PropertyValueSpecification","valueRequired":true,"valueName":"search_term_string"}}],"inLanguage":"pt-PT"},{"@type":"Person","@id":"https:\/\/portaltela.pt\/#\/schema\/person\/c4278d4a6028830caff9ee44b42d32ed","name":"Telinha","image":{"@type":"ImageObject","inLanguage":"pt-PT","@id":"https:\/\/portaltela.pt\/s.01k8rhncp4jt1\/2025\/11\/talking-bot-125x125.png","url":"https:\/\/portaltela.pt\/s.01k8rhncp4jt1\/2025\/11\/talking-bot-125x125.png","contentUrl":"https:\/\/portaltela.pt\/s.01k8rhncp4jt1\/2025\/11\/talking-bot-125x125.png","caption":"Telinha"},"sameAs":["https:\/\/portaltela.pt\/"],"url":"https:\/\/portaltela.pt\/por\/367410592786\/"}]}},"_links":{"self":[{"href":"https:\/\/portaltela.pt\/api\/wp\/v2\/posts\/410065","targetHints":{"allow":["GET"]}}],"collection":[{"href":"https:\/\/portaltela.pt\/api\/wp\/v2\/posts"}],"about":[{"href":"https:\/\/portaltela.pt\/api\/wp\/v2\/types\/post"}],"author":[{"embeddable":true,"href":"https:\/\/portaltela.pt\/api\/wp\/v2\/users\/2"}],"replies":[{"embeddable":true,"href":"https:\/\/portaltela.pt\/api\/wp\/v2\/comments?post=410065"}],"version-history":[{"count":0,"href":"https:\/\/portaltela.pt\/api\/wp\/v2\/posts\/410065\/revisions"}],"wp:featuredmedia":[{"embeddable":true,"href":"https:\/\/portaltela.pt\/api\/wp\/v2\/media\/410067"}],"wp:attachment":[{"href":"https:\/\/portaltela.pt\/api\/wp\/v2\/media?parent=410065"}],"wp:term":[{"taxonomy":"category","embeddable":true,"href":"https:\/\/portaltela.pt\/api\/wp\/v2\/categories?post=410065"},{"taxonomy":"post_tag","embeddable":true,"href":"https:\/\/portaltela.pt\/api\/wp\/v2\/tags?post=410065"}],"curies":[{"name":"wp","href":"https:\/\/api.w.org\/{rel}","templated":true}]}}