{"id":410031,"date":"2026-03-14T11:51:25","date_gmt":"2026-03-14T14:51:25","guid":{"rendered":"https:\/\/portaltela.pt\/noticias\/2026\/03\/14\/eua-divulgam-imagens-de-ataques-a-ilha-iraniana-de-kharg-2\/"},"modified":"2026-03-14T11:51:25","modified_gmt":"2026-03-14T14:51:25","slug":"eua-divulgam-imagens-de-ataques-a-ilha-iraniana-de-kharg-2","status":"publish","type":"post","link":"https:\/\/portaltela.pt\/noticias\/internacional\/2026\/03\/14\/eua-divulgam-imagens-de-ataques-a-ilha-iraniana-de-kharg-2\/","title":{"rendered":"EUA divulgam imagens de ataques \u00e0 ilha iraniana de Kharg"},"content":{"rendered":"<p>O Comando Central dos Estados Unidos (CENTCOM) divulgou v\u00eddeos que mostram ataques a alvos militares na ilha iraniana de Kharg, considerada um polo estrat\u00e9gico para as exporta\u00e7\u00f5es de petr\u00f3leo do Ir\u00e3o. A divulga\u00e7\u00e3o insere-se na atual frente de confrontos na regi\u00e3o.<\/p>\n<p>Kharg \u00e9 vista como pe\u00e7a-chave na log\u00edstica do petr\u00f3leo iraniano, o que confere aos ataques um impacto potencial sobre a atividade energ\u00e9tica regional. As imagens mostram alvos militares na ilha, ligada ao controlo de infraestruturas importantes.<\/p>\n<p>As imagens foram tornadas p\u00fablicas pelo CENTCOM, integrando a ofensiva militar norte-americana no conflito em curso na regi\u00e3o. N\u00e3o foram detalhadas informa\u00e7\u00f5es adicionais sobre hor\u00e1rios espec\u00edficos, n\u00fameros de v\u00edtimas ou danos verificados.<\/p>\n<h3>Contexto estrat\u00e9gico<\/h3>\n<p>A ilha Kharg alberga instala\u00e7\u00f5es de armazenamento e exporta\u00e7\u00e3o de petr\u00f3leo, o que a torna um ponto sens\u00edvel para a economia iraniana e para o com\u00e9rcio global de hidrocarbonetos. Dados oficiais n\u00e3o foram divulgados sobre o alcance imediato dos ataques.<\/p>\n","protected":false},"excerpt":{"rendered":"<ul>\n<li>O Comando Central dos Estados Unidos (CENTCOM) divulgou v\u00eddeos que mostram ataques a alvos militares na ilha de Kharg, Ir\u00e3o.<\/li>\n<li>Kharg \u00e9 considerado um ponto estrat\u00e9gico para as exporta\u00e7\u00f5es de petr\u00f3leo iraniano.<\/li>\n<li>As imagens integram a ofensiva militar norte-americana no atual conflito na regi\u00e3o.<\/li>\n<li>A nota n\u00e3o detalha datas ou n\u00fameros de impactos, apresentando apenas os fatos divulgados pelo CENTCOM.<\/li>\n<\/ul>\n","protected":false},"author":2,"featured_media":410034,"comment_status":"closed","ping_status":"closed","sticky":false,"template":"","format":"standard","meta":{"footnotes":""},"categories":[6790,4],"tags":[3368,3861,174,2551,1615,3153],"class_list":["post-410031","post","type-post","status-publish","format-standard","has-post-thumbnail","hentry","category-conflitos","category-internacional","tag-comercio-internacional","tag-economia-internacional","tag-energia","tag-hidrocarbonetos","tag-infraestrutura","tag-ira"],"yoast_head":"<!-- This site is optimized with the Yoast SEO plugin v27.2 - https:\/\/yoast.com\/product\/yoast-seo-wordpress\/ -->\n<title>EUA divulgam imagens de ataques \u00e0 ilha iraniana de Kharg - Portal Tela Portugal<\/title>\n<meta name=\"robots\" content=\"index, follow, max-snippet:-1, max-image-preview:large, max-video-preview:-1\" \/>\n<meta property=\"og:locale\" content=\"pt_PT\" \/>\n<meta property=\"og:type\" content=\"article\" \/>\n<meta property=\"og:title\" content=\"EUA divulgam imagens de ataques \u00e0 ilha iraniana de Kharg - Portal Tela Portugal\" \/>\n<meta property=\"og:description\" content=\"O Comando Central dos Estados Unidos (CENTCOM) divulgou v\u00eddeos que mostram ataques a alvos militares na ilha de Kharg, Ir\u00e3o. Kharg \u00e9 considerado um ponto estrat\u00e9gico para as exporta\u00e7\u00f5es de petr\u00f3leo iraniano. As imagens integram a ofensiva militar norte-americana no atual conflito na regi\u00e3o. A nota n\u00e3o detalha datas ou n\u00fameros de impactos, apresentando apenas os fatos divulgados pelo CENTCOM.\" \/>\n<meta property=\"og:url\" content=\"https:\/\/portaltela.pt\/noticias\/2026\/03\/14\/eua-divulgam-imagens-de-ataques-a-ilha-iraniana-de-kharg-2\/\" \/>\n<meta property=\"og:site_name\" content=\"Portal Tela Portugal\" \/>\n<meta property=\"article:published_time\" content=\"2026-03-14T14:51:25+00:00\" \/>\n<meta name=\"author\" content=\"Telinha\" \/>\n<meta name=\"twitter:card\" content=\"summary_large_image\" \/>\n<meta name=\"twitter:label1\" content=\"Escrito por\" \/>\n\t<meta name=\"twitter:data1\" content=\"Telinha\" \/>\n\t<meta name=\"twitter:label2\" content=\"Tempo estimado de leitura\" \/>\n\t<meta name=\"twitter:data2\" content=\"1 minuto\" \/>\n<script type=\"application\/ld+json\" class=\"yoast-schema-graph\">{\"@context\":\"https:\/\/schema.org\",\"@graph\":[{\"@type\":\"Article\",\"@id\":\"https:\/\/portaltela.pt\/noticias\/2026\/03\/14\/eua-divulgam-imagens-de-ataques-a-ilha-iraniana-de-kharg-2\/#article\",\"isPartOf\":{\"@id\":\"https:\/\/portaltela.pt\/noticias\/2026\/03\/14\/eua-divulgam-imagens-de-ataques-a-ilha-iraniana-de-kharg-2\/\"},\"author\":{\"name\":\"Telinha\",\"@id\":\"https:\/\/portaltela.pt\/#\/schema\/person\/c4278d4a6028830caff9ee44b42d32ed\"},\"headline\":\"EUA divulgam imagens de ataques \u00e0 ilha iraniana de Kharg\",\"datePublished\":\"2026-03-14T14:51:25+00:00\",\"mainEntityOfPage\":{\"@id\":\"https:\/\/portaltela.pt\/noticias\/2026\/03\/14\/eua-divulgam-imagens-de-ataques-a-ilha-iraniana-de-kharg-2\/\"},\"wordCount\":185,\"image\":{\"@id\":\"https:\/\/portaltela.pt\/noticias\/2026\/03\/14\/eua-divulgam-imagens-de-ataques-a-ilha-iraniana-de-kharg-2\/#primaryimage\"},\"thumbnailUrl\":\"https:\/\/portaltela.pt\/s.01k8rhncp4jt1\/2026\/03\/img_1200x721uu2026-03-14-14-49-29-2426861.jpg\",\"keywords\":[\"com\u00e9rcio internacional\",\"economia internacional\",\"energia\",\"hidrocarbonetos\",\"infraestrutura\",\"Ir\u00e3\"],\"articleSection\":[\"Conflitos\",\"Internacional\"],\"inLanguage\":\"pt-PT\"},{\"@type\":\"WebPage\",\"@id\":\"https:\/\/portaltela.pt\/noticias\/2026\/03\/14\/eua-divulgam-imagens-de-ataques-a-ilha-iraniana-de-kharg-2\/\",\"url\":\"https:\/\/portaltela.pt\/noticias\/2026\/03\/14\/eua-divulgam-imagens-de-ataques-a-ilha-iraniana-de-kharg-2\/\",\"name\":\"EUA divulgam imagens de ataques \u00e0 ilha iraniana de Kharg - Portal Tela Portugal\",\"isPartOf\":{\"@id\":\"https:\/\/portaltela.pt\/#website\"},\"primaryImageOfPage\":{\"@id\":\"https:\/\/portaltela.pt\/noticias\/2026\/03\/14\/eua-divulgam-imagens-de-ataques-a-ilha-iraniana-de-kharg-2\/#primaryimage\"},\"image\":{\"@id\":\"https:\/\/portaltela.pt\/noticias\/2026\/03\/14\/eua-divulgam-imagens-de-ataques-a-ilha-iraniana-de-kharg-2\/#primaryimage\"},\"thumbnailUrl\":\"https:\/\/portaltela.pt\/s.01k8rhncp4jt1\/2026\/03\/img_1200x721uu2026-03-14-14-49-29-2426861.jpg\",\"datePublished\":\"2026-03-14T14:51:25+00:00\",\"author\":{\"@id\":\"https:\/\/portaltela.pt\/#\/schema\/person\/c4278d4a6028830caff9ee44b42d32ed\"},\"breadcrumb\":{\"@id\":\"https:\/\/portaltela.pt\/noticias\/2026\/03\/14\/eua-divulgam-imagens-de-ataques-a-ilha-iraniana-de-kharg-2\/#breadcrumb\"},\"inLanguage\":\"pt-PT\",\"potentialAction\":[{\"@type\":\"ReadAction\",\"target\":[\"https:\/\/portaltela.pt\/noticias\/2026\/03\/14\/eua-divulgam-imagens-de-ataques-a-ilha-iraniana-de-kharg-2\/\"]}]},{\"@type\":\"ImageObject\",\"inLanguage\":\"pt-PT\",\"@id\":\"https:\/\/portaltela.pt\/noticias\/2026\/03\/14\/eua-divulgam-imagens-de-ataques-a-ilha-iraniana-de-kharg-2\/#primaryimage\",\"url\":\"https:\/\/portaltela.pt\/s.01k8rhncp4jt1\/2026\/03\/img_1200x721uu2026-03-14-14-49-29-2426861.jpg\",\"contentUrl\":\"https:\/\/portaltela.pt\/s.01k8rhncp4jt1\/2026\/03\/img_1200x721uu2026-03-14-14-49-29-2426861.jpg\",\"width\":796,\"height\":448,\"caption\":\"Photo\"},{\"@type\":\"BreadcrumbList\",\"@id\":\"https:\/\/portaltela.pt\/noticias\/2026\/03\/14\/eua-divulgam-imagens-de-ataques-a-ilha-iraniana-de-kharg-2\/#breadcrumb\",\"itemListElement\":[{\"@type\":\"ListItem\",\"position\":1,\"name\":\"In\u00edcio\",\"item\":\"https:\/\/portaltela.pt\/\"},{\"@type\":\"ListItem\",\"position\":2,\"name\":\"EUA divulgam imagens de ataques \u00e0 ilha iraniana de Kharg\"}]},{\"@type\":\"WebSite\",\"@id\":\"https:\/\/portaltela.pt\/#website\",\"url\":\"https:\/\/portaltela.pt\/\",\"name\":\"Portal Tela Portugal\",\"description\":\"\",\"potentialAction\":[{\"@type\":\"SearchAction\",\"target\":{\"@type\":\"EntryPoint\",\"urlTemplate\":\"https:\/\/portaltela.pt\/?s={search_term_string}\"},\"query-input\":{\"@type\":\"PropertyValueSpecification\",\"valueRequired\":true,\"valueName\":\"search_term_string\"}}],\"inLanguage\":\"pt-PT\"},{\"@type\":\"Person\",\"@id\":\"https:\/\/portaltela.pt\/#\/schema\/person\/c4278d4a6028830caff9ee44b42d32ed\",\"name\":\"Telinha\",\"image\":{\"@type\":\"ImageObject\",\"inLanguage\":\"pt-PT\",\"@id\":\"https:\/\/portaltela.pt\/s.01k8rhncp4jt1\/2025\/11\/talking-bot-125x125.png\",\"url\":\"https:\/\/portaltela.pt\/s.01k8rhncp4jt1\/2025\/11\/talking-bot-125x125.png\",\"contentUrl\":\"https:\/\/portaltela.pt\/s.01k8rhncp4jt1\/2025\/11\/talking-bot-125x125.png\",\"caption\":\"Telinha\"},\"sameAs\":[\"https:\/\/portaltela.pt\/\"],\"url\":\"https:\/\/portaltela.pt\/por\/367410592786\/\"}]}<\/script>\n<!-- \/ Yoast SEO plugin. -->","yoast_head_json":{"title":"EUA divulgam imagens de ataques \u00e0 ilha iraniana de Kharg - Portal Tela Portugal","robots":{"index":"index","follow":"follow","max-snippet":"max-snippet:-1","max-image-preview":"max-image-preview:large","max-video-preview":"max-video-preview:-1"},"og_locale":"pt_PT","og_type":"article","og_title":"EUA divulgam imagens de ataques \u00e0 ilha iraniana de Kharg - Portal Tela Portugal","og_description":"O Comando Central dos Estados Unidos (CENTCOM) divulgou v\u00eddeos que mostram ataques a alvos militares na ilha de Kharg, Ir\u00e3o. Kharg \u00e9 considerado um ponto estrat\u00e9gico para as exporta\u00e7\u00f5es de petr\u00f3leo iraniano. As imagens integram a ofensiva militar norte-americana no atual conflito na regi\u00e3o. A nota n\u00e3o detalha datas ou n\u00fameros de impactos, apresentando apenas os fatos divulgados pelo CENTCOM.","og_url":"https:\/\/portaltela.pt\/noticias\/2026\/03\/14\/eua-divulgam-imagens-de-ataques-a-ilha-iraniana-de-kharg-2\/","og_site_name":"Portal Tela Portugal","article_published_time":"2026-03-14T14:51:25+00:00","author":"Telinha","twitter_card":"summary_large_image","twitter_misc":{"Escrito por":"Telinha","Tempo estimado de leitura":"1 minuto"},"schema":{"@context":"https:\/\/schema.org","@graph":[{"@type":"Article","@id":"https:\/\/portaltela.pt\/noticias\/2026\/03\/14\/eua-divulgam-imagens-de-ataques-a-ilha-iraniana-de-kharg-2\/#article","isPartOf":{"@id":"https:\/\/portaltela.pt\/noticias\/2026\/03\/14\/eua-divulgam-imagens-de-ataques-a-ilha-iraniana-de-kharg-2\/"},"author":{"name":"Telinha","@id":"https:\/\/portaltela.pt\/#\/schema\/person\/c4278d4a6028830caff9ee44b42d32ed"},"headline":"EUA divulgam imagens de ataques \u00e0 ilha iraniana de Kharg","datePublished":"2026-03-14T14:51:25+00:00","mainEntityOfPage":{"@id":"https:\/\/portaltela.pt\/noticias\/2026\/03\/14\/eua-divulgam-imagens-de-ataques-a-ilha-iraniana-de-kharg-2\/"},"wordCount":185,"image":{"@id":"https:\/\/portaltela.pt\/noticias\/2026\/03\/14\/eua-divulgam-imagens-de-ataques-a-ilha-iraniana-de-kharg-2\/#primaryimage"},"thumbnailUrl":"https:\/\/portaltela.pt\/s.01k8rhncp4jt1\/2026\/03\/img_1200x721uu2026-03-14-14-49-29-2426861.jpg","keywords":["com\u00e9rcio internacional","economia internacional","energia","hidrocarbonetos","infraestrutura","Ir\u00e3"],"articleSection":["Conflitos","Internacional"],"inLanguage":"pt-PT"},{"@type":"WebPage","@id":"https:\/\/portaltela.pt\/noticias\/2026\/03\/14\/eua-divulgam-imagens-de-ataques-a-ilha-iraniana-de-kharg-2\/","url":"https:\/\/portaltela.pt\/noticias\/2026\/03\/14\/eua-divulgam-imagens-de-ataques-a-ilha-iraniana-de-kharg-2\/","name":"EUA divulgam imagens de ataques \u00e0 ilha iraniana de Kharg - Portal Tela Portugal","isPartOf":{"@id":"https:\/\/portaltela.pt\/#website"},"primaryImageOfPage":{"@id":"https:\/\/portaltela.pt\/noticias\/2026\/03\/14\/eua-divulgam-imagens-de-ataques-a-ilha-iraniana-de-kharg-2\/#primaryimage"},"image":{"@id":"https:\/\/portaltela.pt\/noticias\/2026\/03\/14\/eua-divulgam-imagens-de-ataques-a-ilha-iraniana-de-kharg-2\/#primaryimage"},"thumbnailUrl":"https:\/\/portaltela.pt\/s.01k8rhncp4jt1\/2026\/03\/img_1200x721uu2026-03-14-14-49-29-2426861.jpg","datePublished":"2026-03-14T14:51:25+00:00","author":{"@id":"https:\/\/portaltela.pt\/#\/schema\/person\/c4278d4a6028830caff9ee44b42d32ed"},"breadcrumb":{"@id":"https:\/\/portaltela.pt\/noticias\/2026\/03\/14\/eua-divulgam-imagens-de-ataques-a-ilha-iraniana-de-kharg-2\/#breadcrumb"},"inLanguage":"pt-PT","potentialAction":[{"@type":"ReadAction","target":["https:\/\/portaltela.pt\/noticias\/2026\/03\/14\/eua-divulgam-imagens-de-ataques-a-ilha-iraniana-de-kharg-2\/"]}]},{"@type":"ImageObject","inLanguage":"pt-PT","@id":"https:\/\/portaltela.pt\/noticias\/2026\/03\/14\/eua-divulgam-imagens-de-ataques-a-ilha-iraniana-de-kharg-2\/#primaryimage","url":"https:\/\/portaltela.pt\/s.01k8rhncp4jt1\/2026\/03\/img_1200x721uu2026-03-14-14-49-29-2426861.jpg","contentUrl":"https:\/\/portaltela.pt\/s.01k8rhncp4jt1\/2026\/03\/img_1200x721uu2026-03-14-14-49-29-2426861.jpg","width":796,"height":448,"caption":"Photo"},{"@type":"BreadcrumbList","@id":"https:\/\/portaltela.pt\/noticias\/2026\/03\/14\/eua-divulgam-imagens-de-ataques-a-ilha-iraniana-de-kharg-2\/#breadcrumb","itemListElement":[{"@type":"ListItem","position":1,"name":"In\u00edcio","item":"https:\/\/portaltela.pt\/"},{"@type":"ListItem","position":2,"name":"EUA divulgam imagens de ataques \u00e0 ilha iraniana de Kharg"}]},{"@type":"WebSite","@id":"https:\/\/portaltela.pt\/#website","url":"https:\/\/portaltela.pt\/","name":"Portal Tela Portugal","description":"","potentialAction":[{"@type":"SearchAction","target":{"@type":"EntryPoint","urlTemplate":"https:\/\/portaltela.pt\/?s={search_term_string}"},"query-input":{"@type":"PropertyValueSpecification","valueRequired":true,"valueName":"search_term_string"}}],"inLanguage":"pt-PT"},{"@type":"Person","@id":"https:\/\/portaltela.pt\/#\/schema\/person\/c4278d4a6028830caff9ee44b42d32ed","name":"Telinha","image":{"@type":"ImageObject","inLanguage":"pt-PT","@id":"https:\/\/portaltela.pt\/s.01k8rhncp4jt1\/2025\/11\/talking-bot-125x125.png","url":"https:\/\/portaltela.pt\/s.01k8rhncp4jt1\/2025\/11\/talking-bot-125x125.png","contentUrl":"https:\/\/portaltela.pt\/s.01k8rhncp4jt1\/2025\/11\/talking-bot-125x125.png","caption":"Telinha"},"sameAs":["https:\/\/portaltela.pt\/"],"url":"https:\/\/portaltela.pt\/por\/367410592786\/"}]}},"_links":{"self":[{"href":"https:\/\/portaltela.pt\/api\/wp\/v2\/posts\/410031","targetHints":{"allow":["GET"]}}],"collection":[{"href":"https:\/\/portaltela.pt\/api\/wp\/v2\/posts"}],"about":[{"href":"https:\/\/portaltela.pt\/api\/wp\/v2\/types\/post"}],"author":[{"embeddable":true,"href":"https:\/\/portaltela.pt\/api\/wp\/v2\/users\/2"}],"replies":[{"embeddable":true,"href":"https:\/\/portaltela.pt\/api\/wp\/v2\/comments?post=410031"}],"version-history":[{"count":0,"href":"https:\/\/portaltela.pt\/api\/wp\/v2\/posts\/410031\/revisions"}],"wp:featuredmedia":[{"embeddable":true,"href":"https:\/\/portaltela.pt\/api\/wp\/v2\/media\/410034"}],"wp:attachment":[{"href":"https:\/\/portaltela.pt\/api\/wp\/v2\/media?parent=410031"}],"wp:term":[{"taxonomy":"category","embeddable":true,"href":"https:\/\/portaltela.pt\/api\/wp\/v2\/categories?post=410031"},{"taxonomy":"post_tag","embeddable":true,"href":"https:\/\/portaltela.pt\/api\/wp\/v2\/tags?post=410031"}],"curies":[{"name":"wp","href":"https:\/\/api.w.org\/{rel}","templated":true}]}}