{"id":410009,"date":"2026-03-14T11:01:57","date_gmt":"2026-03-14T14:01:57","guid":{"rendered":"https:\/\/portaltela.pt\/noticias\/2026\/03\/14\/viriatos-vencem-3-1-e-regressam-aos-triunfos-diante-do-ac-viseu-leixoes\/"},"modified":"2026-03-14T11:01:57","modified_gmt":"2026-03-14T14:01:57","slug":"viriatos-vencem-3-1-e-regressam-aos-triunfos-diante-do-ac-viseu-leixoes","status":"publish","type":"post","link":"https:\/\/portaltela.pt\/desporto\/futebol\/2026\/03\/14\/viriatos-vencem-3-1-e-regressam-aos-triunfos-diante-do-ac-viseu-leixoes\/","title":{"rendered":"Viriatos vencem 3-1 e regressam aos triunfos diante do Ac. Viseu-Leix\u00f5es"},"content":{"rendered":"<p>O Acad\u00e9mico de Viseu venceu o Leix\u00f5es por 3-1, no Fontelo, na 26.\u00aa jornada da 2.\u00aa Liga. A equipa de S\u00e9rgio Fonseca respondeu a uma desvantagem inicial com uma reviravolta que a mant\u00e9m no 2.\u00ba posto, numa luta pela subida direta ao principal escal\u00e3o.<\/p>\n<p>Bryan Rochez inaugurou o marcador para o Leix\u00f5es aos 19 minutos, com Gon\u00e7alo Tabua\u00e7o a evitar o golo em duas ocasi\u00f5es. O Viseu empatou aos 43 minutos, por Kharaman, de cabe\u00e7a. O primeiro tempo terminou 1-1.<\/p>\n<p>Gu Costa deu a reviravolta logo aos 49 minutos, de cabe\u00e7a, ap\u00f3s assist\u00eancia de Jo\u00e3o Guilherme. Aos 60, Rochez voltou a amea\u00e7ar, mas o poste impediu o empate. O Leix\u00f5es ficou reduzido a dez homens aos 71, pela expuls\u00e3o de Rochez, e Andr\u00e9 Cl\u00f3vis fechou o resultado aos 75 minutos.<\/p>\n<h3>Detalhes do jogo e respostas dos treinadores<\/h3>\n<p>O Acad\u00e9mico de Viseu soma 47 pontos, mantendo o 2.\u00ba lugar. O Leix\u00f5es fica provisoriamente em 12.\u00ba, com 31 pontos. O \u00e1rbitro foi Cl\u00e1udio Pereira, com cart\u00f5es a Cl\u00e1udio Ara\u00fajo, Lu\u00eds Silva e Tom\u00e1s Silva, al\u00e9m da expuls\u00e3o de Rochez aos 71 minutos.<\/p>\n<h3>Forma\u00e7\u00e3o e momentos-chave<\/h3>\n<p>A equipa viseense alinhou Domen Gril entre os postes, com Robinho, Pedro Barcelos, Anthony Correia e Gu Costa na defesa. No meio-campo atuaram Messeguem, Lu\u00eds Silva e Kharaman, com Jo\u00e3o Guilherme, \u00c1lvaro Zamora e Andr\u00e9 Cl\u00f3vis no ataque.<\/p>\n<p>O Leix\u00f5es apresentou Tabua\u00e7o, Paulinho, Louren\u00e7o Henriques, Sim\u00e3ozinho e Bryan Rochez no XI, entre outros. Carlos Fangueiro viu a forma\u00e7\u00e3o com Salvador Agra, Cl\u00e1udio Ara\u00fajo e Bica a entrarem ao longo da partida. Assist\u00eancia total de 2.953 espectadores.<\/p>\n","protected":false},"excerpt":{"rendered":"<ul>\n<li>O Acad\u00e9mico de Viseu venceu em casa o Leix\u00f5es por 3-1, na 26.\u00aa jornada da segunda liga, mantendo-se no segundo lugar da tabela.<\/li>\n<li>Bryan Rochez abriu para o Leix\u00f5es aos 19 minutos; Kharaman empatou aos 43 minutos; Gu Costa aos 49 minutos e Andr\u00e9 Cl\u00f3vis aos 75 minutos garantiram a reviravolta do Viseu.<\/li>\n<li>A equipa viseense virou ap\u00f3s o intervalo, com Gu Costa de cabe\u00e7a e Jo\u00e3o Guilherme a oferecer a assist\u00eancia; Bryan Rochez foi expulso aos 71 minutos.<\/li>\n<li>O Acad\u00e9mico de Viseu soma 47 pontos, enquanto o Leix\u00f5es fica provisoriamente em 12\u00ba com 31 pontos.<\/li>\n<li>A partida, disputada no Est\u00e1dio do Fontelo, contou com 2.953 espetadores e foi dirigida pelo \u00e1rbitro Cl\u00e1udio Pereira.<\/li>\n<\/ul>\n","protected":false},"author":2,"featured_media":410010,"comment_status":"closed","ping_status":"closed","sticky":false,"template":"","format":"standard","meta":{"footnotes":""},"categories":[21,24],"tags":[4175,5687,6920,32,48,1890],"class_list":["post-410009","post","type-post","status-publish","format-standard","has-post-thumbnail","hentry","category-desporto","category-futebol","tag-2-a-liga","tag-academico","tag-arbitros","tag-futebol","tag-gols","tag-leixoes"],"yoast_head":"<!-- This site is optimized with the Yoast SEO plugin v27.2 - https:\/\/yoast.com\/product\/yoast-seo-wordpress\/ -->\n<title>Viriatos vencem 3-1 e regressam aos triunfos diante do Ac. Viseu-Leix\u00f5es - Portal Tela Portugal<\/title>\n<meta name=\"robots\" content=\"index, follow, max-snippet:-1, max-image-preview:large, max-video-preview:-1\" \/>\n<meta property=\"og:locale\" content=\"pt_PT\" \/>\n<meta property=\"og:type\" content=\"article\" \/>\n<meta property=\"og:title\" content=\"Viriatos vencem 3-1 e regressam aos triunfos diante do Ac. Viseu-Leix\u00f5es - Portal Tela Portugal\" \/>\n<meta property=\"og:description\" content=\"O Acad\u00e9mico de Viseu venceu em casa o Leix\u00f5es por 3-1, na 26.\u00aa jornada da segunda liga, mantendo-se no segundo lugar da tabela. Bryan Rochez abriu para o Leix\u00f5es aos 19 minutos; Kharaman empatou aos 43 minutos; Gu Costa aos 49 minutos e Andr\u00e9 Cl\u00f3vis aos 75 minutos garantiram a reviravolta do Viseu. A equipa viseense virou ap\u00f3s o intervalo, com Gu Costa de cabe\u00e7a e Jo\u00e3o Guilherme a oferecer a assist\u00eancia; Bryan Rochez foi expulso aos 71 minutos. O Acad\u00e9mico de Viseu soma 47 pontos, enquanto o Leix\u00f5es fica provisoriamente em 12\u00ba com 31 pontos. A partida, disputada no Est\u00e1dio do Fontelo, contou com 2.953 espetadores e foi dirigida pelo \u00e1rbitro Cl\u00e1udio Pereira.\" \/>\n<meta property=\"og:url\" content=\"https:\/\/portaltela.pt\/noticias\/2026\/03\/14\/viriatos-vencem-3-1-e-regressam-aos-triunfos-diante-do-ac-viseu-leixoes\/\" \/>\n<meta property=\"og:site_name\" content=\"Portal Tela Portugal\" \/>\n<meta property=\"article:published_time\" content=\"2026-03-14T14:01:57+00:00\" \/>\n<meta name=\"author\" content=\"Telinha\" \/>\n<meta name=\"twitter:card\" content=\"summary_large_image\" \/>\n<meta name=\"twitter:label1\" content=\"Escrito por\" \/>\n\t<meta name=\"twitter:data1\" content=\"Telinha\" \/>\n\t<meta name=\"twitter:label2\" content=\"Tempo estimado de leitura\" \/>\n\t<meta name=\"twitter:data2\" content=\"1 minuto\" \/>\n<script type=\"application\/ld+json\" class=\"yoast-schema-graph\">{\"@context\":\"https:\/\/schema.org\",\"@graph\":[{\"@type\":\"Article\",\"@id\":\"https:\/\/portaltela.pt\/noticias\/2026\/03\/14\/viriatos-vencem-3-1-e-regressam-aos-triunfos-diante-do-ac-viseu-leixoes\/#article\",\"isPartOf\":{\"@id\":\"https:\/\/portaltela.pt\/noticias\/2026\/03\/14\/viriatos-vencem-3-1-e-regressam-aos-triunfos-diante-do-ac-viseu-leixoes\/\"},\"author\":{\"name\":\"Telinha\",\"@id\":\"https:\/\/portaltela.pt\/#\/schema\/person\/c4278d4a6028830caff9ee44b42d32ed\"},\"headline\":\"Viriatos vencem 3-1 e regressam aos triunfos diante do Ac. Viseu-Leix\u00f5es\",\"datePublished\":\"2026-03-14T14:01:57+00:00\",\"mainEntityOfPage\":{\"@id\":\"https:\/\/portaltela.pt\/noticias\/2026\/03\/14\/viriatos-vencem-3-1-e-regressam-aos-triunfos-diante-do-ac-viseu-leixoes\/\"},\"wordCount\":296,\"image\":{\"@id\":\"https:\/\/portaltela.pt\/noticias\/2026\/03\/14\/viriatos-vencem-3-1-e-regressam-aos-triunfos-diante-do-ac-viseu-leixoes\/#primaryimage\"},\"thumbnailUrl\":\"https:\/\/portaltela.pt\/s.01k8rhncp4jt1\/2026\/03\/img_920x518uu2026-03-14-14-01-23-2426854.jpg\",\"keywords\":[\"2.\u00aa Liga\",\"Acad\u00e9mico\",\"\u00e1rbitros\",\"futebol\",\"gols\",\"Leix\u00f5es\"],\"articleSection\":[\"Desporto\",\"Futebol\"],\"inLanguage\":\"pt-PT\"},{\"@type\":\"WebPage\",\"@id\":\"https:\/\/portaltela.pt\/noticias\/2026\/03\/14\/viriatos-vencem-3-1-e-regressam-aos-triunfos-diante-do-ac-viseu-leixoes\/\",\"url\":\"https:\/\/portaltela.pt\/noticias\/2026\/03\/14\/viriatos-vencem-3-1-e-regressam-aos-triunfos-diante-do-ac-viseu-leixoes\/\",\"name\":\"Viriatos vencem 3-1 e regressam aos triunfos diante do Ac. Viseu-Leix\u00f5es - Portal Tela Portugal\",\"isPartOf\":{\"@id\":\"https:\/\/portaltela.pt\/#website\"},\"primaryImageOfPage\":{\"@id\":\"https:\/\/portaltela.pt\/noticias\/2026\/03\/14\/viriatos-vencem-3-1-e-regressam-aos-triunfos-diante-do-ac-viseu-leixoes\/#primaryimage\"},\"image\":{\"@id\":\"https:\/\/portaltela.pt\/noticias\/2026\/03\/14\/viriatos-vencem-3-1-e-regressam-aos-triunfos-diante-do-ac-viseu-leixoes\/#primaryimage\"},\"thumbnailUrl\":\"https:\/\/portaltela.pt\/s.01k8rhncp4jt1\/2026\/03\/img_920x518uu2026-03-14-14-01-23-2426854.jpg\",\"datePublished\":\"2026-03-14T14:01:57+00:00\",\"author\":{\"@id\":\"https:\/\/portaltela.pt\/#\/schema\/person\/c4278d4a6028830caff9ee44b42d32ed\"},\"breadcrumb\":{\"@id\":\"https:\/\/portaltela.pt\/noticias\/2026\/03\/14\/viriatos-vencem-3-1-e-regressam-aos-triunfos-diante-do-ac-viseu-leixoes\/#breadcrumb\"},\"inLanguage\":\"pt-PT\",\"potentialAction\":[{\"@type\":\"ReadAction\",\"target\":[\"https:\/\/portaltela.pt\/noticias\/2026\/03\/14\/viriatos-vencem-3-1-e-regressam-aos-triunfos-diante-do-ac-viseu-leixoes\/\"]}]},{\"@type\":\"ImageObject\",\"inLanguage\":\"pt-PT\",\"@id\":\"https:\/\/portaltela.pt\/noticias\/2026\/03\/14\/viriatos-vencem-3-1-e-regressam-aos-triunfos-diante-do-ac-viseu-leixoes\/#primaryimage\",\"url\":\"https:\/\/portaltela.pt\/s.01k8rhncp4jt1\/2026\/03\/img_920x518uu2026-03-14-14-01-23-2426854.jpg\",\"contentUrl\":\"https:\/\/portaltela.pt\/s.01k8rhncp4jt1\/2026\/03\/img_920x518uu2026-03-14-14-01-23-2426854.jpg\",\"width\":796,\"height\":448,\"caption\":\"Jogadores do Ac. Viseu festejam triunfo sobre o Leix\u00f5es\"},{\"@type\":\"BreadcrumbList\",\"@id\":\"https:\/\/portaltela.pt\/noticias\/2026\/03\/14\/viriatos-vencem-3-1-e-regressam-aos-triunfos-diante-do-ac-viseu-leixoes\/#breadcrumb\",\"itemListElement\":[{\"@type\":\"ListItem\",\"position\":1,\"name\":\"In\u00edcio\",\"item\":\"https:\/\/portaltela.pt\/\"},{\"@type\":\"ListItem\",\"position\":2,\"name\":\"Viriatos vencem 3-1 e regressam aos triunfos diante do Ac. Viseu-Leix\u00f5es\"}]},{\"@type\":\"WebSite\",\"@id\":\"https:\/\/portaltela.pt\/#website\",\"url\":\"https:\/\/portaltela.pt\/\",\"name\":\"Portal Tela Portugal\",\"description\":\"\",\"potentialAction\":[{\"@type\":\"SearchAction\",\"target\":{\"@type\":\"EntryPoint\",\"urlTemplate\":\"https:\/\/portaltela.pt\/?s={search_term_string}\"},\"query-input\":{\"@type\":\"PropertyValueSpecification\",\"valueRequired\":true,\"valueName\":\"search_term_string\"}}],\"inLanguage\":\"pt-PT\"},{\"@type\":\"Person\",\"@id\":\"https:\/\/portaltela.pt\/#\/schema\/person\/c4278d4a6028830caff9ee44b42d32ed\",\"name\":\"Telinha\",\"image\":{\"@type\":\"ImageObject\",\"inLanguage\":\"pt-PT\",\"@id\":\"https:\/\/portaltela.pt\/s.01k8rhncp4jt1\/2025\/11\/talking-bot-125x125.png\",\"url\":\"https:\/\/portaltela.pt\/s.01k8rhncp4jt1\/2025\/11\/talking-bot-125x125.png\",\"contentUrl\":\"https:\/\/portaltela.pt\/s.01k8rhncp4jt1\/2025\/11\/talking-bot-125x125.png\",\"caption\":\"Telinha\"},\"sameAs\":[\"https:\/\/portaltela.pt\/\"],\"url\":\"https:\/\/portaltela.pt\/por\/367410592786\/\"}]}<\/script>\n<!-- \/ Yoast SEO plugin. -->","yoast_head_json":{"title":"Viriatos vencem 3-1 e regressam aos triunfos diante do Ac. Viseu-Leix\u00f5es - Portal Tela Portugal","robots":{"index":"index","follow":"follow","max-snippet":"max-snippet:-1","max-image-preview":"max-image-preview:large","max-video-preview":"max-video-preview:-1"},"og_locale":"pt_PT","og_type":"article","og_title":"Viriatos vencem 3-1 e regressam aos triunfos diante do Ac. Viseu-Leix\u00f5es - Portal Tela Portugal","og_description":"O Acad\u00e9mico de Viseu venceu em casa o Leix\u00f5es por 3-1, na 26.\u00aa jornada da segunda liga, mantendo-se no segundo lugar da tabela. Bryan Rochez abriu para o Leix\u00f5es aos 19 minutos; Kharaman empatou aos 43 minutos; Gu Costa aos 49 minutos e Andr\u00e9 Cl\u00f3vis aos 75 minutos garantiram a reviravolta do Viseu. A equipa viseense virou ap\u00f3s o intervalo, com Gu Costa de cabe\u00e7a e Jo\u00e3o Guilherme a oferecer a assist\u00eancia; Bryan Rochez foi expulso aos 71 minutos. O Acad\u00e9mico de Viseu soma 47 pontos, enquanto o Leix\u00f5es fica provisoriamente em 12\u00ba com 31 pontos. A partida, disputada no Est\u00e1dio do Fontelo, contou com 2.953 espetadores e foi dirigida pelo \u00e1rbitro Cl\u00e1udio Pereira.","og_url":"https:\/\/portaltela.pt\/noticias\/2026\/03\/14\/viriatos-vencem-3-1-e-regressam-aos-triunfos-diante-do-ac-viseu-leixoes\/","og_site_name":"Portal Tela Portugal","article_published_time":"2026-03-14T14:01:57+00:00","author":"Telinha","twitter_card":"summary_large_image","twitter_misc":{"Escrito por":"Telinha","Tempo estimado de leitura":"1 minuto"},"schema":{"@context":"https:\/\/schema.org","@graph":[{"@type":"Article","@id":"https:\/\/portaltela.pt\/noticias\/2026\/03\/14\/viriatos-vencem-3-1-e-regressam-aos-triunfos-diante-do-ac-viseu-leixoes\/#article","isPartOf":{"@id":"https:\/\/portaltela.pt\/noticias\/2026\/03\/14\/viriatos-vencem-3-1-e-regressam-aos-triunfos-diante-do-ac-viseu-leixoes\/"},"author":{"name":"Telinha","@id":"https:\/\/portaltela.pt\/#\/schema\/person\/c4278d4a6028830caff9ee44b42d32ed"},"headline":"Viriatos vencem 3-1 e regressam aos triunfos diante do Ac. Viseu-Leix\u00f5es","datePublished":"2026-03-14T14:01:57+00:00","mainEntityOfPage":{"@id":"https:\/\/portaltela.pt\/noticias\/2026\/03\/14\/viriatos-vencem-3-1-e-regressam-aos-triunfos-diante-do-ac-viseu-leixoes\/"},"wordCount":296,"image":{"@id":"https:\/\/portaltela.pt\/noticias\/2026\/03\/14\/viriatos-vencem-3-1-e-regressam-aos-triunfos-diante-do-ac-viseu-leixoes\/#primaryimage"},"thumbnailUrl":"https:\/\/portaltela.pt\/s.01k8rhncp4jt1\/2026\/03\/img_920x518uu2026-03-14-14-01-23-2426854.jpg","keywords":["2.\u00aa Liga","Acad\u00e9mico","\u00e1rbitros","futebol","gols","Leix\u00f5es"],"articleSection":["Desporto","Futebol"],"inLanguage":"pt-PT"},{"@type":"WebPage","@id":"https:\/\/portaltela.pt\/noticias\/2026\/03\/14\/viriatos-vencem-3-1-e-regressam-aos-triunfos-diante-do-ac-viseu-leixoes\/","url":"https:\/\/portaltela.pt\/noticias\/2026\/03\/14\/viriatos-vencem-3-1-e-regressam-aos-triunfos-diante-do-ac-viseu-leixoes\/","name":"Viriatos vencem 3-1 e regressam aos triunfos diante do Ac. Viseu-Leix\u00f5es - Portal Tela Portugal","isPartOf":{"@id":"https:\/\/portaltela.pt\/#website"},"primaryImageOfPage":{"@id":"https:\/\/portaltela.pt\/noticias\/2026\/03\/14\/viriatos-vencem-3-1-e-regressam-aos-triunfos-diante-do-ac-viseu-leixoes\/#primaryimage"},"image":{"@id":"https:\/\/portaltela.pt\/noticias\/2026\/03\/14\/viriatos-vencem-3-1-e-regressam-aos-triunfos-diante-do-ac-viseu-leixoes\/#primaryimage"},"thumbnailUrl":"https:\/\/portaltela.pt\/s.01k8rhncp4jt1\/2026\/03\/img_920x518uu2026-03-14-14-01-23-2426854.jpg","datePublished":"2026-03-14T14:01:57+00:00","author":{"@id":"https:\/\/portaltela.pt\/#\/schema\/person\/c4278d4a6028830caff9ee44b42d32ed"},"breadcrumb":{"@id":"https:\/\/portaltela.pt\/noticias\/2026\/03\/14\/viriatos-vencem-3-1-e-regressam-aos-triunfos-diante-do-ac-viseu-leixoes\/#breadcrumb"},"inLanguage":"pt-PT","potentialAction":[{"@type":"ReadAction","target":["https:\/\/portaltela.pt\/noticias\/2026\/03\/14\/viriatos-vencem-3-1-e-regressam-aos-triunfos-diante-do-ac-viseu-leixoes\/"]}]},{"@type":"ImageObject","inLanguage":"pt-PT","@id":"https:\/\/portaltela.pt\/noticias\/2026\/03\/14\/viriatos-vencem-3-1-e-regressam-aos-triunfos-diante-do-ac-viseu-leixoes\/#primaryimage","url":"https:\/\/portaltela.pt\/s.01k8rhncp4jt1\/2026\/03\/img_920x518uu2026-03-14-14-01-23-2426854.jpg","contentUrl":"https:\/\/portaltela.pt\/s.01k8rhncp4jt1\/2026\/03\/img_920x518uu2026-03-14-14-01-23-2426854.jpg","width":796,"height":448,"caption":"Jogadores do Ac. Viseu festejam triunfo sobre o Leix\u00f5es"},{"@type":"BreadcrumbList","@id":"https:\/\/portaltela.pt\/noticias\/2026\/03\/14\/viriatos-vencem-3-1-e-regressam-aos-triunfos-diante-do-ac-viseu-leixoes\/#breadcrumb","itemListElement":[{"@type":"ListItem","position":1,"name":"In\u00edcio","item":"https:\/\/portaltela.pt\/"},{"@type":"ListItem","position":2,"name":"Viriatos vencem 3-1 e regressam aos triunfos diante do Ac. Viseu-Leix\u00f5es"}]},{"@type":"WebSite","@id":"https:\/\/portaltela.pt\/#website","url":"https:\/\/portaltela.pt\/","name":"Portal Tela Portugal","description":"","potentialAction":[{"@type":"SearchAction","target":{"@type":"EntryPoint","urlTemplate":"https:\/\/portaltela.pt\/?s={search_term_string}"},"query-input":{"@type":"PropertyValueSpecification","valueRequired":true,"valueName":"search_term_string"}}],"inLanguage":"pt-PT"},{"@type":"Person","@id":"https:\/\/portaltela.pt\/#\/schema\/person\/c4278d4a6028830caff9ee44b42d32ed","name":"Telinha","image":{"@type":"ImageObject","inLanguage":"pt-PT","@id":"https:\/\/portaltela.pt\/s.01k8rhncp4jt1\/2025\/11\/talking-bot-125x125.png","url":"https:\/\/portaltela.pt\/s.01k8rhncp4jt1\/2025\/11\/talking-bot-125x125.png","contentUrl":"https:\/\/portaltela.pt\/s.01k8rhncp4jt1\/2025\/11\/talking-bot-125x125.png","caption":"Telinha"},"sameAs":["https:\/\/portaltela.pt\/"],"url":"https:\/\/portaltela.pt\/por\/367410592786\/"}]}},"_links":{"self":[{"href":"https:\/\/portaltela.pt\/api\/wp\/v2\/posts\/410009","targetHints":{"allow":["GET"]}}],"collection":[{"href":"https:\/\/portaltela.pt\/api\/wp\/v2\/posts"}],"about":[{"href":"https:\/\/portaltela.pt\/api\/wp\/v2\/types\/post"}],"author":[{"embeddable":true,"href":"https:\/\/portaltela.pt\/api\/wp\/v2\/users\/2"}],"replies":[{"embeddable":true,"href":"https:\/\/portaltela.pt\/api\/wp\/v2\/comments?post=410009"}],"version-history":[{"count":0,"href":"https:\/\/portaltela.pt\/api\/wp\/v2\/posts\/410009\/revisions"}],"wp:featuredmedia":[{"embeddable":true,"href":"https:\/\/portaltela.pt\/api\/wp\/v2\/media\/410010"}],"wp:attachment":[{"href":"https:\/\/portaltela.pt\/api\/wp\/v2\/media?parent=410009"}],"wp:term":[{"taxonomy":"category","embeddable":true,"href":"https:\/\/portaltela.pt\/api\/wp\/v2\/categories?post=410009"},{"taxonomy":"post_tag","embeddable":true,"href":"https:\/\/portaltela.pt\/api\/wp\/v2\/tags?post=410009"}],"curies":[{"name":"wp","href":"https:\/\/api.w.org\/{rel}","templated":true}]}}