{"id":409988,"date":"2026-03-14T08:33:00","date_gmt":"2026-03-14T11:33:00","guid":{"rendered":"https:\/\/portaltela.pt\/noticias\/2026\/03\/14\/mil-socios-do-sporting-ja-votaram-na-primeira-hora-do-ato-eleitoral\/"},"modified":"2026-03-14T08:33:00","modified_gmt":"2026-03-14T11:33:00","slug":"mil-socios-do-sporting-ja-votaram-na-primeira-hora-do-ato-eleitoral","status":"publish","type":"post","link":"https:\/\/portaltela.pt\/desporto\/futebol\/2026\/03\/14\/mil-socios-do-sporting-ja-votaram-na-primeira-hora-do-ato-eleitoral\/","title":{"rendered":"Mil s\u00f3cios do Sporting j\u00e1 votaram na primeira hora do ato eleitoral"},"content":{"rendered":"<p>Cerca de mil s\u00f3cios do Sporting votaram na primeira hora do ato eleitoral para os \u00f3rg\u00e3os sociais do clube, segundo o presidente da Mesa da Assembleia Geral (MAG). A vota\u00e7\u00e3o come\u00e7ou hoje, de forma cont\u00ednua, nas instala\u00e7\u00f5es do clube.<\/p>\n<p>O presidente da MAG informou que, no momento em que as mesas abriram, j\u00e1 tinham exercido o direito de voto cerca de 1.000 associados. A marcha das urnas segue em ritmo est\u00e1vel e sem registos de incidentes at\u00e9 ao momento.<\/p>\n<p>N\u00e3o foram apresentados dados adicionais sobre a participa\u00e7\u00e3o ao longo do dia, nem sobre as listas ou propostas em concurso. O processo eleitoral visa eleger os membros para os \u00f3rg\u00e3os sociais do Sporting.<\/p>\n","protected":false},"excerpt":{"rendered":"<ul>\n<li>Cerca de mil s\u00f3cios do Sporting votaram na primeira hora do ato eleitoral, uma hora ap\u00f3s a abertura das mesas de voto.<\/li>\n<li>A informa\u00e7\u00e3o foi avan\u00e7ada pelo presidente da Mesa da Assembleia Geral (MAG).<\/li>\n<li>As elei\u00e7\u00f5es dizem respeito aos \u00f3rg\u00e3os sociais do clube.<\/li>\n<\/ul>\n","protected":false},"author":2,"featured_media":409991,"comment_status":"closed","ping_status":"closed","sticky":false,"template":"","format":"standard","meta":{"footnotes":""},"categories":[21,24],"tags":[6498,152,68,30,1652],"class_list":["post-409988","post","type-post","status-publish","format-standard","has-post-thumbnail","hentry","category-desporto","category-futebol","tag-associados","tag-desporto","tag-eleicoes","tag-presidente","tag-sporting"],"yoast_head":"<!-- This site is optimized with the Yoast SEO plugin v27.2 - https:\/\/yoast.com\/product\/yoast-seo-wordpress\/ -->\n<title>Mil s\u00f3cios do Sporting j\u00e1 votaram na primeira hora do ato eleitoral - Portal Tela Portugal<\/title>\n<meta name=\"robots\" content=\"index, follow, max-snippet:-1, max-image-preview:large, max-video-preview:-1\" \/>\n<meta property=\"og:locale\" content=\"pt_PT\" \/>\n<meta property=\"og:type\" content=\"article\" \/>\n<meta property=\"og:title\" content=\"Mil s\u00f3cios do Sporting j\u00e1 votaram na primeira hora do ato eleitoral - Portal Tela Portugal\" \/>\n<meta property=\"og:description\" content=\"Cerca de mil s\u00f3cios do Sporting votaram na primeira hora do ato eleitoral, uma hora ap\u00f3s a abertura das mesas de voto. A informa\u00e7\u00e3o foi avan\u00e7ada pelo presidente da Mesa da Assembleia Geral (MAG). As elei\u00e7\u00f5es dizem respeito aos \u00f3rg\u00e3os sociais do clube.\" \/>\n<meta property=\"og:url\" content=\"https:\/\/portaltela.pt\/noticias\/2026\/03\/14\/mil-socios-do-sporting-ja-votaram-na-primeira-hora-do-ato-eleitoral\/\" \/>\n<meta property=\"og:site_name\" content=\"Portal Tela Portugal\" \/>\n<meta property=\"article:published_time\" content=\"2026-03-14T11:33:00+00:00\" \/>\n<meta name=\"author\" content=\"Telinha\" \/>\n<meta name=\"twitter:card\" content=\"summary_large_image\" \/>\n<meta name=\"twitter:label1\" content=\"Escrito por\" \/>\n\t<meta name=\"twitter:data1\" content=\"Telinha\" \/>\n\t<meta name=\"twitter:label2\" content=\"Tempo estimado de leitura\" \/>\n\t<meta name=\"twitter:data2\" content=\"1 minuto\" \/>\n<script type=\"application\/ld+json\" class=\"yoast-schema-graph\">{\"@context\":\"https:\/\/schema.org\",\"@graph\":[{\"@type\":\"Article\",\"@id\":\"https:\/\/portaltela.pt\/noticias\/2026\/03\/14\/mil-socios-do-sporting-ja-votaram-na-primeira-hora-do-ato-eleitoral\/#article\",\"isPartOf\":{\"@id\":\"https:\/\/portaltela.pt\/noticias\/2026\/03\/14\/mil-socios-do-sporting-ja-votaram-na-primeira-hora-do-ato-eleitoral\/\"},\"author\":{\"name\":\"Telinha\",\"@id\":\"https:\/\/portaltela.pt\/#\/schema\/person\/c4278d4a6028830caff9ee44b42d32ed\"},\"headline\":\"Mil s\u00f3cios do Sporting j\u00e1 votaram na primeira hora do ato eleitoral\",\"datePublished\":\"2026-03-14T11:33:00+00:00\",\"mainEntityOfPage\":{\"@id\":\"https:\/\/portaltela.pt\/noticias\/2026\/03\/14\/mil-socios-do-sporting-ja-votaram-na-primeira-hora-do-ato-eleitoral\/\"},\"wordCount\":134,\"image\":{\"@id\":\"https:\/\/portaltela.pt\/noticias\/2026\/03\/14\/mil-socios-do-sporting-ja-votaram-na-primeira-hora-do-ato-eleitoral\/#primaryimage\"},\"thumbnailUrl\":\"https:\/\/portaltela.pt\/s.01k8rhncp4jt1\/2026\/03\/CACHE_780X1200_ANALOG_WATERMARKED_46750724_5005617_14032026113135.jpg\",\"keywords\":[\"associados\",\"desporto\",\"elei\u00e7\u00f5es\",\"presidente\",\"Sporting\"],\"articleSection\":[\"Desporto\",\"Futebol\"],\"inLanguage\":\"pt-PT\"},{\"@type\":\"WebPage\",\"@id\":\"https:\/\/portaltela.pt\/noticias\/2026\/03\/14\/mil-socios-do-sporting-ja-votaram-na-primeira-hora-do-ato-eleitoral\/\",\"url\":\"https:\/\/portaltela.pt\/noticias\/2026\/03\/14\/mil-socios-do-sporting-ja-votaram-na-primeira-hora-do-ato-eleitoral\/\",\"name\":\"Mil s\u00f3cios do Sporting j\u00e1 votaram na primeira hora do ato eleitoral - Portal Tela Portugal\",\"isPartOf\":{\"@id\":\"https:\/\/portaltela.pt\/#website\"},\"primaryImageOfPage\":{\"@id\":\"https:\/\/portaltela.pt\/noticias\/2026\/03\/14\/mil-socios-do-sporting-ja-votaram-na-primeira-hora-do-ato-eleitoral\/#primaryimage\"},\"image\":{\"@id\":\"https:\/\/portaltela.pt\/noticias\/2026\/03\/14\/mil-socios-do-sporting-ja-votaram-na-primeira-hora-do-ato-eleitoral\/#primaryimage\"},\"thumbnailUrl\":\"https:\/\/portaltela.pt\/s.01k8rhncp4jt1\/2026\/03\/CACHE_780X1200_ANALOG_WATERMARKED_46750724_5005617_14032026113135.jpg\",\"datePublished\":\"2026-03-14T11:33:00+00:00\",\"author\":{\"@id\":\"https:\/\/portaltela.pt\/#\/schema\/person\/c4278d4a6028830caff9ee44b42d32ed\"},\"breadcrumb\":{\"@id\":\"https:\/\/portaltela.pt\/noticias\/2026\/03\/14\/mil-socios-do-sporting-ja-votaram-na-primeira-hora-do-ato-eleitoral\/#breadcrumb\"},\"inLanguage\":\"pt-PT\",\"potentialAction\":[{\"@type\":\"ReadAction\",\"target\":[\"https:\/\/portaltela.pt\/noticias\/2026\/03\/14\/mil-socios-do-sporting-ja-votaram-na-primeira-hora-do-ato-eleitoral\/\"]}]},{\"@type\":\"ImageObject\",\"inLanguage\":\"pt-PT\",\"@id\":\"https:\/\/portaltela.pt\/noticias\/2026\/03\/14\/mil-socios-do-sporting-ja-votaram-na-primeira-hora-do-ato-eleitoral\/#primaryimage\",\"url\":\"https:\/\/portaltela.pt\/s.01k8rhncp4jt1\/2026\/03\/CACHE_780X1200_ANALOG_WATERMARKED_46750724_5005617_14032026113135.jpg\",\"contentUrl\":\"https:\/\/portaltela.pt\/s.01k8rhncp4jt1\/2026\/03\/CACHE_780X1200_ANALOG_WATERMARKED_46750724_5005617_14032026113135.jpg\",\"width\":796,\"height\":448,\"caption\":\"Cerca de mil s\u00f3cios do Sporting votaram na primeira hora do ato eleitoral\"},{\"@type\":\"BreadcrumbList\",\"@id\":\"https:\/\/portaltela.pt\/noticias\/2026\/03\/14\/mil-socios-do-sporting-ja-votaram-na-primeira-hora-do-ato-eleitoral\/#breadcrumb\",\"itemListElement\":[{\"@type\":\"ListItem\",\"position\":1,\"name\":\"In\u00edcio\",\"item\":\"https:\/\/portaltela.pt\/\"},{\"@type\":\"ListItem\",\"position\":2,\"name\":\"Mil s\u00f3cios do Sporting j\u00e1 votaram na primeira hora do ato eleitoral\"}]},{\"@type\":\"WebSite\",\"@id\":\"https:\/\/portaltela.pt\/#website\",\"url\":\"https:\/\/portaltela.pt\/\",\"name\":\"Portal Tela Portugal\",\"description\":\"\",\"potentialAction\":[{\"@type\":\"SearchAction\",\"target\":{\"@type\":\"EntryPoint\",\"urlTemplate\":\"https:\/\/portaltela.pt\/?s={search_term_string}\"},\"query-input\":{\"@type\":\"PropertyValueSpecification\",\"valueRequired\":true,\"valueName\":\"search_term_string\"}}],\"inLanguage\":\"pt-PT\"},{\"@type\":\"Person\",\"@id\":\"https:\/\/portaltela.pt\/#\/schema\/person\/c4278d4a6028830caff9ee44b42d32ed\",\"name\":\"Telinha\",\"image\":{\"@type\":\"ImageObject\",\"inLanguage\":\"pt-PT\",\"@id\":\"https:\/\/portaltela.pt\/s.01k8rhncp4jt1\/2025\/11\/talking-bot-125x125.png\",\"url\":\"https:\/\/portaltela.pt\/s.01k8rhncp4jt1\/2025\/11\/talking-bot-125x125.png\",\"contentUrl\":\"https:\/\/portaltela.pt\/s.01k8rhncp4jt1\/2025\/11\/talking-bot-125x125.png\",\"caption\":\"Telinha\"},\"sameAs\":[\"https:\/\/portaltela.pt\/\"],\"url\":\"https:\/\/portaltela.pt\/por\/367410592786\/\"}]}<\/script>\n<!-- \/ Yoast SEO plugin. -->","yoast_head_json":{"title":"Mil s\u00f3cios do Sporting j\u00e1 votaram na primeira hora do ato eleitoral - Portal Tela Portugal","robots":{"index":"index","follow":"follow","max-snippet":"max-snippet:-1","max-image-preview":"max-image-preview:large","max-video-preview":"max-video-preview:-1"},"og_locale":"pt_PT","og_type":"article","og_title":"Mil s\u00f3cios do Sporting j\u00e1 votaram na primeira hora do ato eleitoral - Portal Tela Portugal","og_description":"Cerca de mil s\u00f3cios do Sporting votaram na primeira hora do ato eleitoral, uma hora ap\u00f3s a abertura das mesas de voto. A informa\u00e7\u00e3o foi avan\u00e7ada pelo presidente da Mesa da Assembleia Geral (MAG). As elei\u00e7\u00f5es dizem respeito aos \u00f3rg\u00e3os sociais do clube.","og_url":"https:\/\/portaltela.pt\/noticias\/2026\/03\/14\/mil-socios-do-sporting-ja-votaram-na-primeira-hora-do-ato-eleitoral\/","og_site_name":"Portal Tela Portugal","article_published_time":"2026-03-14T11:33:00+00:00","author":"Telinha","twitter_card":"summary_large_image","twitter_misc":{"Escrito por":"Telinha","Tempo estimado de leitura":"1 minuto"},"schema":{"@context":"https:\/\/schema.org","@graph":[{"@type":"Article","@id":"https:\/\/portaltela.pt\/noticias\/2026\/03\/14\/mil-socios-do-sporting-ja-votaram-na-primeira-hora-do-ato-eleitoral\/#article","isPartOf":{"@id":"https:\/\/portaltela.pt\/noticias\/2026\/03\/14\/mil-socios-do-sporting-ja-votaram-na-primeira-hora-do-ato-eleitoral\/"},"author":{"name":"Telinha","@id":"https:\/\/portaltela.pt\/#\/schema\/person\/c4278d4a6028830caff9ee44b42d32ed"},"headline":"Mil s\u00f3cios do Sporting j\u00e1 votaram na primeira hora do ato eleitoral","datePublished":"2026-03-14T11:33:00+00:00","mainEntityOfPage":{"@id":"https:\/\/portaltela.pt\/noticias\/2026\/03\/14\/mil-socios-do-sporting-ja-votaram-na-primeira-hora-do-ato-eleitoral\/"},"wordCount":134,"image":{"@id":"https:\/\/portaltela.pt\/noticias\/2026\/03\/14\/mil-socios-do-sporting-ja-votaram-na-primeira-hora-do-ato-eleitoral\/#primaryimage"},"thumbnailUrl":"https:\/\/portaltela.pt\/s.01k8rhncp4jt1\/2026\/03\/CACHE_780X1200_ANALOG_WATERMARKED_46750724_5005617_14032026113135.jpg","keywords":["associados","desporto","elei\u00e7\u00f5es","presidente","Sporting"],"articleSection":["Desporto","Futebol"],"inLanguage":"pt-PT"},{"@type":"WebPage","@id":"https:\/\/portaltela.pt\/noticias\/2026\/03\/14\/mil-socios-do-sporting-ja-votaram-na-primeira-hora-do-ato-eleitoral\/","url":"https:\/\/portaltela.pt\/noticias\/2026\/03\/14\/mil-socios-do-sporting-ja-votaram-na-primeira-hora-do-ato-eleitoral\/","name":"Mil s\u00f3cios do Sporting j\u00e1 votaram na primeira hora do ato eleitoral - Portal Tela Portugal","isPartOf":{"@id":"https:\/\/portaltela.pt\/#website"},"primaryImageOfPage":{"@id":"https:\/\/portaltela.pt\/noticias\/2026\/03\/14\/mil-socios-do-sporting-ja-votaram-na-primeira-hora-do-ato-eleitoral\/#primaryimage"},"image":{"@id":"https:\/\/portaltela.pt\/noticias\/2026\/03\/14\/mil-socios-do-sporting-ja-votaram-na-primeira-hora-do-ato-eleitoral\/#primaryimage"},"thumbnailUrl":"https:\/\/portaltela.pt\/s.01k8rhncp4jt1\/2026\/03\/CACHE_780X1200_ANALOG_WATERMARKED_46750724_5005617_14032026113135.jpg","datePublished":"2026-03-14T11:33:00+00:00","author":{"@id":"https:\/\/portaltela.pt\/#\/schema\/person\/c4278d4a6028830caff9ee44b42d32ed"},"breadcrumb":{"@id":"https:\/\/portaltela.pt\/noticias\/2026\/03\/14\/mil-socios-do-sporting-ja-votaram-na-primeira-hora-do-ato-eleitoral\/#breadcrumb"},"inLanguage":"pt-PT","potentialAction":[{"@type":"ReadAction","target":["https:\/\/portaltela.pt\/noticias\/2026\/03\/14\/mil-socios-do-sporting-ja-votaram-na-primeira-hora-do-ato-eleitoral\/"]}]},{"@type":"ImageObject","inLanguage":"pt-PT","@id":"https:\/\/portaltela.pt\/noticias\/2026\/03\/14\/mil-socios-do-sporting-ja-votaram-na-primeira-hora-do-ato-eleitoral\/#primaryimage","url":"https:\/\/portaltela.pt\/s.01k8rhncp4jt1\/2026\/03\/CACHE_780X1200_ANALOG_WATERMARKED_46750724_5005617_14032026113135.jpg","contentUrl":"https:\/\/portaltela.pt\/s.01k8rhncp4jt1\/2026\/03\/CACHE_780X1200_ANALOG_WATERMARKED_46750724_5005617_14032026113135.jpg","width":796,"height":448,"caption":"Cerca de mil s\u00f3cios do Sporting votaram na primeira hora do ato eleitoral"},{"@type":"BreadcrumbList","@id":"https:\/\/portaltela.pt\/noticias\/2026\/03\/14\/mil-socios-do-sporting-ja-votaram-na-primeira-hora-do-ato-eleitoral\/#breadcrumb","itemListElement":[{"@type":"ListItem","position":1,"name":"In\u00edcio","item":"https:\/\/portaltela.pt\/"},{"@type":"ListItem","position":2,"name":"Mil s\u00f3cios do Sporting j\u00e1 votaram na primeira hora do ato eleitoral"}]},{"@type":"WebSite","@id":"https:\/\/portaltela.pt\/#website","url":"https:\/\/portaltela.pt\/","name":"Portal Tela Portugal","description":"","potentialAction":[{"@type":"SearchAction","target":{"@type":"EntryPoint","urlTemplate":"https:\/\/portaltela.pt\/?s={search_term_string}"},"query-input":{"@type":"PropertyValueSpecification","valueRequired":true,"valueName":"search_term_string"}}],"inLanguage":"pt-PT"},{"@type":"Person","@id":"https:\/\/portaltela.pt\/#\/schema\/person\/c4278d4a6028830caff9ee44b42d32ed","name":"Telinha","image":{"@type":"ImageObject","inLanguage":"pt-PT","@id":"https:\/\/portaltela.pt\/s.01k8rhncp4jt1\/2025\/11\/talking-bot-125x125.png","url":"https:\/\/portaltela.pt\/s.01k8rhncp4jt1\/2025\/11\/talking-bot-125x125.png","contentUrl":"https:\/\/portaltela.pt\/s.01k8rhncp4jt1\/2025\/11\/talking-bot-125x125.png","caption":"Telinha"},"sameAs":["https:\/\/portaltela.pt\/"],"url":"https:\/\/portaltela.pt\/por\/367410592786\/"}]}},"_links":{"self":[{"href":"https:\/\/portaltela.pt\/api\/wp\/v2\/posts\/409988","targetHints":{"allow":["GET"]}}],"collection":[{"href":"https:\/\/portaltela.pt\/api\/wp\/v2\/posts"}],"about":[{"href":"https:\/\/portaltela.pt\/api\/wp\/v2\/types\/post"}],"author":[{"embeddable":true,"href":"https:\/\/portaltela.pt\/api\/wp\/v2\/users\/2"}],"replies":[{"embeddable":true,"href":"https:\/\/portaltela.pt\/api\/wp\/v2\/comments?post=409988"}],"version-history":[{"count":0,"href":"https:\/\/portaltela.pt\/api\/wp\/v2\/posts\/409988\/revisions"}],"wp:featuredmedia":[{"embeddable":true,"href":"https:\/\/portaltela.pt\/api\/wp\/v2\/media\/409991"}],"wp:attachment":[{"href":"https:\/\/portaltela.pt\/api\/wp\/v2\/media?parent=409988"}],"wp:term":[{"taxonomy":"category","embeddable":true,"href":"https:\/\/portaltela.pt\/api\/wp\/v2\/categories?post=409988"},{"taxonomy":"post_tag","embeddable":true,"href":"https:\/\/portaltela.pt\/api\/wp\/v2\/tags?post=409988"}],"curies":[{"name":"wp","href":"https:\/\/api.w.org\/{rel}","templated":true}]}}