{"id":409980,"date":"2026-03-14T10:17:00","date_gmt":"2026-03-14T13:17:00","guid":{"rendered":"https:\/\/portaltela.pt\/noticias\/2026\/03\/14\/emissoes-de-gases-com-efeito-de-estufa-estagnaram-na-alemanha-no-ano-passado\/"},"modified":"2026-03-14T10:17:00","modified_gmt":"2026-03-14T13:17:00","slug":"emissoes-de-gases-com-efeito-de-estufa-estagnaram-na-alemanha-no-ano-passado","status":"publish","type":"post","link":"https:\/\/portaltela.pt\/noticias\/2026\/03\/14\/emissoes-de-gases-com-efeito-de-estufa-estagnaram-na-alemanha-no-ano-passado\/","title":{"rendered":"Emiss\u00f5es de gases com efeito de estufa estagnaram na Alemanha no ano passado"},"content":{"rendered":"<p>As emiss\u00f5es de gases com efeito de estufa na Alemanha estagnaram no ano passado, com uma redu\u00e7\u00e3o de apenas <strong>0,1%<\/strong> em rela\u00e7\u00e3o a 2024, anunciou hoje o Minist\u00e9rio do Ambiente. O progresso foi descrito como muito lento.<\/p>\n<p>Segundo o Minist\u00e9rio do Ambiente, o recuo de apenas <strong>0,1%<\/strong> face a 2024 confirma uma evolu\u00e7\u00e3o moderadamente baixa no esfor\u00e7o de redu\u00e7\u00e3o de emiss\u00f5es.<\/p>\n<p>A nota oficial n\u00e3o detalha factores espec\u00edficos por tr\u00e1s da estagna\u00e7\u00e3o nem apresenta medidas futuras, cabendo aos analistas e aos setores p\u00fablicos e privados a avalia\u00e7\u00e3o de cen\u00e1rios e estrat\u00e9gias.<\/p>\n","protected":false},"excerpt":{"rendered":"<ul>\n<li>Emiss\u00f5es de gases com efeito de estufa na Alemanha ca\u00edram 0,1% em rela\u00e7\u00e3o a 2024.<\/li>\n<li>O Minist\u00e9rio do Ambiente descreveu o progresso como muito lento, dizendo que est\u00e1 quase estagnado.<\/li>\n<li>As informa\u00e7\u00f5es foram anunciadas hoje pelo minist\u00e9rio.<\/li>\n<li>O conte\u00fado completo da not\u00edcia est\u00e1 dispon\u00edvel apenas para subscritores.<\/li>\n<\/ul>\n","protected":false},"author":2,"featured_media":409982,"comment_status":"closed","ping_status":"closed","sticky":false,"template":"","format":"standard","meta":{"footnotes":""},"categories":[1],"tags":[1603,3100,5224,7073,942,45],"class_list":["post-409980","post","type-post","status-publish","format-standard","has-post-thumbnail","hentry","category-noticias","tag-alemanha","tag-ambiental","tag-clima","tag-emissoes","tag-emissoes-de-gases-de-efeito-de-estufa","tag-meio-ambiente"],"yoast_head":"<!-- This site is optimized with the Yoast SEO plugin v27.2 - https:\/\/yoast.com\/product\/yoast-seo-wordpress\/ -->\n<title>Emiss\u00f5es de gases com efeito de estufa estagnaram na Alemanha no ano passado - Portal Tela Portugal<\/title>\n<meta name=\"robots\" content=\"index, follow, max-snippet:-1, max-image-preview:large, max-video-preview:-1\" \/>\n<meta property=\"og:locale\" content=\"pt_PT\" \/>\n<meta property=\"og:type\" content=\"article\" \/>\n<meta property=\"og:title\" content=\"Emiss\u00f5es de gases com efeito de estufa estagnaram na Alemanha no ano passado - Portal Tela Portugal\" \/>\n<meta property=\"og:description\" content=\"Emiss\u00f5es de gases com efeito de estufa na Alemanha ca\u00edram 0,1% em rela\u00e7\u00e3o a 2024. O Minist\u00e9rio do Ambiente descreveu o progresso como muito lento, dizendo que est\u00e1 quase estagnado. As informa\u00e7\u00f5es foram anunciadas hoje pelo minist\u00e9rio. O conte\u00fado completo da not\u00edcia est\u00e1 dispon\u00edvel apenas para subscritores.\" \/>\n<meta property=\"og:url\" content=\"https:\/\/portaltela.pt\/noticias\/2026\/03\/14\/emissoes-de-gases-com-efeito-de-estufa-estagnaram-na-alemanha-no-ano-passado\/\" \/>\n<meta property=\"og:site_name\" content=\"Portal Tela Portugal\" \/>\n<meta property=\"article:published_time\" content=\"2026-03-14T13:17:00+00:00\" \/>\n<meta name=\"author\" content=\"Telinha\" \/>\n<meta name=\"twitter:card\" content=\"summary_large_image\" \/>\n<meta name=\"twitter:label1\" content=\"Escrito por\" \/>\n\t<meta name=\"twitter:data1\" content=\"Telinha\" \/>\n\t<meta name=\"twitter:label2\" content=\"Tempo estimado de leitura\" \/>\n\t<meta name=\"twitter:data2\" content=\"1 minuto\" \/>\n<script type=\"application\/ld+json\" class=\"yoast-schema-graph\">{\"@context\":\"https:\/\/schema.org\",\"@graph\":[{\"@type\":\"Article\",\"@id\":\"https:\/\/portaltela.pt\/noticias\/2026\/03\/14\/emissoes-de-gases-com-efeito-de-estufa-estagnaram-na-alemanha-no-ano-passado\/#article\",\"isPartOf\":{\"@id\":\"https:\/\/portaltela.pt\/noticias\/2026\/03\/14\/emissoes-de-gases-com-efeito-de-estufa-estagnaram-na-alemanha-no-ano-passado\/\"},\"author\":{\"name\":\"Telinha\",\"@id\":\"https:\/\/portaltela.pt\/#\/schema\/person\/c4278d4a6028830caff9ee44b42d32ed\"},\"headline\":\"Emiss\u00f5es de gases com efeito de estufa estagnaram na Alemanha no ano passado\",\"datePublished\":\"2026-03-14T13:17:00+00:00\",\"mainEntityOfPage\":{\"@id\":\"https:\/\/portaltela.pt\/noticias\/2026\/03\/14\/emissoes-de-gases-com-efeito-de-estufa-estagnaram-na-alemanha-no-ano-passado\/\"},\"wordCount\":118,\"image\":{\"@id\":\"https:\/\/portaltela.pt\/noticias\/2026\/03\/14\/emissoes-de-gases-com-efeito-de-estufa-estagnaram-na-alemanha-no-ano-passado\/#primaryimage\"},\"thumbnailUrl\":\"https:\/\/portaltela.pt\/s.01k8rhncp4jt1\/2026\/03\/CACHE_780X1200_ANALOG_WATERMARKED_25335091_2799287_26022019022914.jpg\",\"keywords\":[\"Alemanha\",\"ambiental\",\"clima\",\"emiss\u00f5es\",\"Emiss\u00f5es de Gases de Efeito de Estufa\",\"meio-ambiente\"],\"articleSection\":[\"Not\u00edcias\"],\"inLanguage\":\"pt-PT\"},{\"@type\":\"WebPage\",\"@id\":\"https:\/\/portaltela.pt\/noticias\/2026\/03\/14\/emissoes-de-gases-com-efeito-de-estufa-estagnaram-na-alemanha-no-ano-passado\/\",\"url\":\"https:\/\/portaltela.pt\/noticias\/2026\/03\/14\/emissoes-de-gases-com-efeito-de-estufa-estagnaram-na-alemanha-no-ano-passado\/\",\"name\":\"Emiss\u00f5es de gases com efeito de estufa estagnaram na Alemanha no ano passado - Portal Tela Portugal\",\"isPartOf\":{\"@id\":\"https:\/\/portaltela.pt\/#website\"},\"primaryImageOfPage\":{\"@id\":\"https:\/\/portaltela.pt\/noticias\/2026\/03\/14\/emissoes-de-gases-com-efeito-de-estufa-estagnaram-na-alemanha-no-ano-passado\/#primaryimage\"},\"image\":{\"@id\":\"https:\/\/portaltela.pt\/noticias\/2026\/03\/14\/emissoes-de-gases-com-efeito-de-estufa-estagnaram-na-alemanha-no-ano-passado\/#primaryimage\"},\"thumbnailUrl\":\"https:\/\/portaltela.pt\/s.01k8rhncp4jt1\/2026\/03\/CACHE_780X1200_ANALOG_WATERMARKED_25335091_2799287_26022019022914.jpg\",\"datePublished\":\"2026-03-14T13:17:00+00:00\",\"author\":{\"@id\":\"https:\/\/portaltela.pt\/#\/schema\/person\/c4278d4a6028830caff9ee44b42d32ed\"},\"breadcrumb\":{\"@id\":\"https:\/\/portaltela.pt\/noticias\/2026\/03\/14\/emissoes-de-gases-com-efeito-de-estufa-estagnaram-na-alemanha-no-ano-passado\/#breadcrumb\"},\"inLanguage\":\"pt-PT\",\"potentialAction\":[{\"@type\":\"ReadAction\",\"target\":[\"https:\/\/portaltela.pt\/noticias\/2026\/03\/14\/emissoes-de-gases-com-efeito-de-estufa-estagnaram-na-alemanha-no-ano-passado\/\"]}]},{\"@type\":\"ImageObject\",\"inLanguage\":\"pt-PT\",\"@id\":\"https:\/\/portaltela.pt\/noticias\/2026\/03\/14\/emissoes-de-gases-com-efeito-de-estufa-estagnaram-na-alemanha-no-ano-passado\/#primaryimage\",\"url\":\"https:\/\/portaltela.pt\/s.01k8rhncp4jt1\/2026\/03\/CACHE_780X1200_ANALOG_WATERMARKED_25335091_2799287_26022019022914.jpg\",\"contentUrl\":\"https:\/\/portaltela.pt\/s.01k8rhncp4jt1\/2026\/03\/CACHE_780X1200_ANALOG_WATERMARKED_25335091_2799287_26022019022914.jpg\",\"width\":796,\"height\":448,\"caption\":\"Emiss\u00f5es de gases com efeito de estufa estagnaram no ano passado na Alemanha\"},{\"@type\":\"BreadcrumbList\",\"@id\":\"https:\/\/portaltela.pt\/noticias\/2026\/03\/14\/emissoes-de-gases-com-efeito-de-estufa-estagnaram-na-alemanha-no-ano-passado\/#breadcrumb\",\"itemListElement\":[{\"@type\":\"ListItem\",\"position\":1,\"name\":\"In\u00edcio\",\"item\":\"https:\/\/portaltela.pt\/\"},{\"@type\":\"ListItem\",\"position\":2,\"name\":\"Emiss\u00f5es de gases com efeito de estufa estagnaram na Alemanha no ano passado\"}]},{\"@type\":\"WebSite\",\"@id\":\"https:\/\/portaltela.pt\/#website\",\"url\":\"https:\/\/portaltela.pt\/\",\"name\":\"Portal Tela Portugal\",\"description\":\"\",\"potentialAction\":[{\"@type\":\"SearchAction\",\"target\":{\"@type\":\"EntryPoint\",\"urlTemplate\":\"https:\/\/portaltela.pt\/?s={search_term_string}\"},\"query-input\":{\"@type\":\"PropertyValueSpecification\",\"valueRequired\":true,\"valueName\":\"search_term_string\"}}],\"inLanguage\":\"pt-PT\"},{\"@type\":\"Person\",\"@id\":\"https:\/\/portaltela.pt\/#\/schema\/person\/c4278d4a6028830caff9ee44b42d32ed\",\"name\":\"Telinha\",\"image\":{\"@type\":\"ImageObject\",\"inLanguage\":\"pt-PT\",\"@id\":\"https:\/\/portaltela.pt\/s.01k8rhncp4jt1\/2025\/11\/talking-bot-125x125.png\",\"url\":\"https:\/\/portaltela.pt\/s.01k8rhncp4jt1\/2025\/11\/talking-bot-125x125.png\",\"contentUrl\":\"https:\/\/portaltela.pt\/s.01k8rhncp4jt1\/2025\/11\/talking-bot-125x125.png\",\"caption\":\"Telinha\"},\"sameAs\":[\"https:\/\/portaltela.pt\/\"],\"url\":\"https:\/\/portaltela.pt\/por\/367410592786\/\"}]}<\/script>\n<!-- \/ Yoast SEO plugin. -->","yoast_head_json":{"title":"Emiss\u00f5es de gases com efeito de estufa estagnaram na Alemanha no ano passado - Portal Tela Portugal","robots":{"index":"index","follow":"follow","max-snippet":"max-snippet:-1","max-image-preview":"max-image-preview:large","max-video-preview":"max-video-preview:-1"},"og_locale":"pt_PT","og_type":"article","og_title":"Emiss\u00f5es de gases com efeito de estufa estagnaram na Alemanha no ano passado - Portal Tela Portugal","og_description":"Emiss\u00f5es de gases com efeito de estufa na Alemanha ca\u00edram 0,1% em rela\u00e7\u00e3o a 2024. O Minist\u00e9rio do Ambiente descreveu o progresso como muito lento, dizendo que est\u00e1 quase estagnado. As informa\u00e7\u00f5es foram anunciadas hoje pelo minist\u00e9rio. O conte\u00fado completo da not\u00edcia est\u00e1 dispon\u00edvel apenas para subscritores.","og_url":"https:\/\/portaltela.pt\/noticias\/2026\/03\/14\/emissoes-de-gases-com-efeito-de-estufa-estagnaram-na-alemanha-no-ano-passado\/","og_site_name":"Portal Tela Portugal","article_published_time":"2026-03-14T13:17:00+00:00","author":"Telinha","twitter_card":"summary_large_image","twitter_misc":{"Escrito por":"Telinha","Tempo estimado de leitura":"1 minuto"},"schema":{"@context":"https:\/\/schema.org","@graph":[{"@type":"Article","@id":"https:\/\/portaltela.pt\/noticias\/2026\/03\/14\/emissoes-de-gases-com-efeito-de-estufa-estagnaram-na-alemanha-no-ano-passado\/#article","isPartOf":{"@id":"https:\/\/portaltela.pt\/noticias\/2026\/03\/14\/emissoes-de-gases-com-efeito-de-estufa-estagnaram-na-alemanha-no-ano-passado\/"},"author":{"name":"Telinha","@id":"https:\/\/portaltela.pt\/#\/schema\/person\/c4278d4a6028830caff9ee44b42d32ed"},"headline":"Emiss\u00f5es de gases com efeito de estufa estagnaram na Alemanha no ano passado","datePublished":"2026-03-14T13:17:00+00:00","mainEntityOfPage":{"@id":"https:\/\/portaltela.pt\/noticias\/2026\/03\/14\/emissoes-de-gases-com-efeito-de-estufa-estagnaram-na-alemanha-no-ano-passado\/"},"wordCount":118,"image":{"@id":"https:\/\/portaltela.pt\/noticias\/2026\/03\/14\/emissoes-de-gases-com-efeito-de-estufa-estagnaram-na-alemanha-no-ano-passado\/#primaryimage"},"thumbnailUrl":"https:\/\/portaltela.pt\/s.01k8rhncp4jt1\/2026\/03\/CACHE_780X1200_ANALOG_WATERMARKED_25335091_2799287_26022019022914.jpg","keywords":["Alemanha","ambiental","clima","emiss\u00f5es","Emiss\u00f5es de Gases de Efeito de Estufa","meio-ambiente"],"articleSection":["Not\u00edcias"],"inLanguage":"pt-PT"},{"@type":"WebPage","@id":"https:\/\/portaltela.pt\/noticias\/2026\/03\/14\/emissoes-de-gases-com-efeito-de-estufa-estagnaram-na-alemanha-no-ano-passado\/","url":"https:\/\/portaltela.pt\/noticias\/2026\/03\/14\/emissoes-de-gases-com-efeito-de-estufa-estagnaram-na-alemanha-no-ano-passado\/","name":"Emiss\u00f5es de gases com efeito de estufa estagnaram na Alemanha no ano passado - Portal Tela Portugal","isPartOf":{"@id":"https:\/\/portaltela.pt\/#website"},"primaryImageOfPage":{"@id":"https:\/\/portaltela.pt\/noticias\/2026\/03\/14\/emissoes-de-gases-com-efeito-de-estufa-estagnaram-na-alemanha-no-ano-passado\/#primaryimage"},"image":{"@id":"https:\/\/portaltela.pt\/noticias\/2026\/03\/14\/emissoes-de-gases-com-efeito-de-estufa-estagnaram-na-alemanha-no-ano-passado\/#primaryimage"},"thumbnailUrl":"https:\/\/portaltela.pt\/s.01k8rhncp4jt1\/2026\/03\/CACHE_780X1200_ANALOG_WATERMARKED_25335091_2799287_26022019022914.jpg","datePublished":"2026-03-14T13:17:00+00:00","author":{"@id":"https:\/\/portaltela.pt\/#\/schema\/person\/c4278d4a6028830caff9ee44b42d32ed"},"breadcrumb":{"@id":"https:\/\/portaltela.pt\/noticias\/2026\/03\/14\/emissoes-de-gases-com-efeito-de-estufa-estagnaram-na-alemanha-no-ano-passado\/#breadcrumb"},"inLanguage":"pt-PT","potentialAction":[{"@type":"ReadAction","target":["https:\/\/portaltela.pt\/noticias\/2026\/03\/14\/emissoes-de-gases-com-efeito-de-estufa-estagnaram-na-alemanha-no-ano-passado\/"]}]},{"@type":"ImageObject","inLanguage":"pt-PT","@id":"https:\/\/portaltela.pt\/noticias\/2026\/03\/14\/emissoes-de-gases-com-efeito-de-estufa-estagnaram-na-alemanha-no-ano-passado\/#primaryimage","url":"https:\/\/portaltela.pt\/s.01k8rhncp4jt1\/2026\/03\/CACHE_780X1200_ANALOG_WATERMARKED_25335091_2799287_26022019022914.jpg","contentUrl":"https:\/\/portaltela.pt\/s.01k8rhncp4jt1\/2026\/03\/CACHE_780X1200_ANALOG_WATERMARKED_25335091_2799287_26022019022914.jpg","width":796,"height":448,"caption":"Emiss\u00f5es de gases com efeito de estufa estagnaram no ano passado na Alemanha"},{"@type":"BreadcrumbList","@id":"https:\/\/portaltela.pt\/noticias\/2026\/03\/14\/emissoes-de-gases-com-efeito-de-estufa-estagnaram-na-alemanha-no-ano-passado\/#breadcrumb","itemListElement":[{"@type":"ListItem","position":1,"name":"In\u00edcio","item":"https:\/\/portaltela.pt\/"},{"@type":"ListItem","position":2,"name":"Emiss\u00f5es de gases com efeito de estufa estagnaram na Alemanha no ano passado"}]},{"@type":"WebSite","@id":"https:\/\/portaltela.pt\/#website","url":"https:\/\/portaltela.pt\/","name":"Portal Tela Portugal","description":"","potentialAction":[{"@type":"SearchAction","target":{"@type":"EntryPoint","urlTemplate":"https:\/\/portaltela.pt\/?s={search_term_string}"},"query-input":{"@type":"PropertyValueSpecification","valueRequired":true,"valueName":"search_term_string"}}],"inLanguage":"pt-PT"},{"@type":"Person","@id":"https:\/\/portaltela.pt\/#\/schema\/person\/c4278d4a6028830caff9ee44b42d32ed","name":"Telinha","image":{"@type":"ImageObject","inLanguage":"pt-PT","@id":"https:\/\/portaltela.pt\/s.01k8rhncp4jt1\/2025\/11\/talking-bot-125x125.png","url":"https:\/\/portaltela.pt\/s.01k8rhncp4jt1\/2025\/11\/talking-bot-125x125.png","contentUrl":"https:\/\/portaltela.pt\/s.01k8rhncp4jt1\/2025\/11\/talking-bot-125x125.png","caption":"Telinha"},"sameAs":["https:\/\/portaltela.pt\/"],"url":"https:\/\/portaltela.pt\/por\/367410592786\/"}]}},"_links":{"self":[{"href":"https:\/\/portaltela.pt\/api\/wp\/v2\/posts\/409980","targetHints":{"allow":["GET"]}}],"collection":[{"href":"https:\/\/portaltela.pt\/api\/wp\/v2\/posts"}],"about":[{"href":"https:\/\/portaltela.pt\/api\/wp\/v2\/types\/post"}],"author":[{"embeddable":true,"href":"https:\/\/portaltela.pt\/api\/wp\/v2\/users\/2"}],"replies":[{"embeddable":true,"href":"https:\/\/portaltela.pt\/api\/wp\/v2\/comments?post=409980"}],"version-history":[{"count":0,"href":"https:\/\/portaltela.pt\/api\/wp\/v2\/posts\/409980\/revisions"}],"wp:featuredmedia":[{"embeddable":true,"href":"https:\/\/portaltela.pt\/api\/wp\/v2\/media\/409982"}],"wp:attachment":[{"href":"https:\/\/portaltela.pt\/api\/wp\/v2\/media?parent=409980"}],"wp:term":[{"taxonomy":"category","embeddable":true,"href":"https:\/\/portaltela.pt\/api\/wp\/v2\/categories?post=409980"},{"taxonomy":"post_tag","embeddable":true,"href":"https:\/\/portaltela.pt\/api\/wp\/v2\/tags?post=409980"}],"curies":[{"name":"wp","href":"https:\/\/api.w.org\/{rel}","templated":true}]}}