{"id":409969,"date":"2026-03-14T10:13:59","date_gmt":"2026-03-14T13:13:59","guid":{"rendered":"https:\/\/portaltela.pt\/noticias\/2026\/03\/14\/relato-de-quem-vive-num-circuito-de-valencia-abandonado-apos-gastos-em-asfalto\/"},"modified":"2026-03-14T10:13:59","modified_gmt":"2026-03-14T13:13:59","slug":"relato-de-quem-vive-num-circuito-de-valencia-abandonado-apos-gastos-em-asfalto","status":"publish","type":"post","link":"https:\/\/portaltela.pt\/noticias\/2026\/03\/14\/relato-de-quem-vive-num-circuito-de-valencia-abandonado-apos-gastos-em-asfalto\/","title":{"rendered":"Relato de quem vive num circuito de Val\u00eancia abandonado ap\u00f3s gastos em asfalto"},"content":{"rendered":"<p>O Circuito Urbano de Val\u00eancia, inaugurado em 2008, foi constru\u00eddo com um investimento pr\u00f3ximo de 300 milh\u00f5es de euros. A obra, que come\u00e7ou em outubro de 2007, tinha autoriza\u00e7\u00e3o para receber corridas at\u00e9 2013, mas acabou por abandonar-se em 2012, depois da \u00faltima prova de F\u00f3rmula 1 realizada na pista. Na altura, a corrida coroou a vit\u00f3ria de Fernando Alonso pela Ferrari.<\/p>\n<p>Hoje, cerca de 14 anos depois da \u00faltima F\u00f3rmula 1, o recinto serve de casa a centenas de sem-abrigo. Existem tendas entre as curvas 17 e 18, onde residentes descrevem a presen\u00e7a de corridas noturnas ilegais. A degrada\u00e7\u00e3o \u00e9 vis\u00edvel, com marcas de borracha queimada no asfalto.<\/p>\n<p>Apesar do abandono, a zona mant\u00e9m alguma liga\u00e7\u00e3o com a comunidade local. O Bairro de Natzaret fica pr\u00f3ximo, e os moradores cruzam a ponte Cuc de llum para chegar ao porto. O relacionamento entre residentes do circuito e vizinhos tem sido marcado pela conviv\u00eancia pac\u00edfica, sem incidentes significativos reportados.<\/p>\n<p>A mudan\u00e7a de destino da F\u00f3rmula 1 tamb\u00e9m ficou conhecida a n\u00edvel nacional. O glamour que Val\u00eancia viveu durante cinco temporadas estendeu-se a Barcelona e Madrid, que hoje recebem as etapas 9 e 16 do atual calend\u00e1rio da competi\u00e7\u00e3o.<\/p>\n<p>Fonte: moradores locais e relatos de imprensa local.<\/p>\n","protected":false},"excerpt":{"rendered":"<ul>\n<li>O Circuito Urbano de Val\u00eancia, inaugurado em 2008 para o Grande Pr\u00e9mio da Europa, teve licen\u00e7a para receber corridas at\u00e9 20 de agosto de 2013, mas ficou abandonado j\u00e1 em 2012, com a \u00faltima corrida de F\u00f3rmula 1 a ver-se em Val\u00eancia e a vencer Fernando Alonso.<\/li>\n<li>O investimento no tra\u00e7ado rondou os 300 milh\u00f5es de euros; hoje o espa\u00e7o abriga centenas de sem-abrigo e \u00e9 palco de corridas ilegais noturnas entre as curvas 17 e 18.<\/li>\n<li>Moradores entrevistados relatam condi\u00e7\u00f5es prec\u00e1rias, como banho ao ar livre no inverno, e questionam onde ficou o dinheiro investido no circuito.<\/li>\n<li>Mesmo em situa\u00e7\u00e3o de abandono, a comunidade vizinha \u2014 incluindo o Bairro de Natzaret \u2014 mant\u00e9m rela\u00e7\u00f5es cordiais com os residentes do circuito, sem maiores incidentes.<\/li>\n<li>O glamour da F\u00f3rmula 1 queVal\u00eancia viveu h\u00e1 anos transferiu-se para Barcelona e Madrid, que hoje recebem as rondas do calend\u00e1rio atual do Grande Circo.<\/li>\n<\/ul>\n","protected":false},"author":2,"featured_media":409972,"comment_status":"closed","ping_status":"closed","sticky":false,"template":"","format":"standard","meta":{"footnotes":""},"categories":[1],"tags":[3504,4590,3004,3189,169,2672],"class_list":["post-409969","post","type-post","status-publish","format-standard","has-post-thumbnail","hentry","category-noticias","tag-corridas","tag-desabrigos","tag-desalojados","tag-formula-1","tag-turismo","tag-valencia"],"yoast_head":"<!-- This site is optimized with the Yoast SEO plugin v27.2 - https:\/\/yoast.com\/product\/yoast-seo-wordpress\/ -->\n<title>Relato de quem vive num circuito de Val\u00eancia abandonado ap\u00f3s gastos em asfalto - Portal Tela Portugal<\/title>\n<meta name=\"robots\" content=\"index, follow, max-snippet:-1, max-image-preview:large, max-video-preview:-1\" \/>\n<meta property=\"og:locale\" content=\"pt_PT\" \/>\n<meta property=\"og:type\" content=\"article\" \/>\n<meta property=\"og:title\" content=\"Relato de quem vive num circuito de Val\u00eancia abandonado ap\u00f3s gastos em asfalto - Portal Tela Portugal\" \/>\n<meta property=\"og:description\" content=\"O Circuito Urbano de Val\u00eancia, inaugurado em 2008 para o Grande Pr\u00e9mio da Europa, teve licen\u00e7a para receber corridas at\u00e9 20 de agosto de 2013, mas ficou abandonado j\u00e1 em 2012, com a \u00faltima corrida de F\u00f3rmula 1 a ver-se em Val\u00eancia e a vencer Fernando Alonso. O investimento no tra\u00e7ado rondou os 300 milh\u00f5es de euros; hoje o espa\u00e7o abriga centenas de sem-abrigo e \u00e9 palco de corridas ilegais noturnas entre as curvas 17 e 18. Moradores entrevistados relatam condi\u00e7\u00f5es prec\u00e1rias, como banho ao ar livre no inverno, e questionam onde ficou o dinheiro investido no circuito. Mesmo em situa\u00e7\u00e3o de abandono, a comunidade vizinha \u2014 incluindo o Bairro de Natzaret \u2014 mant\u00e9m rela\u00e7\u00f5es cordiais com os residentes do circuito, sem maiores incidentes. O glamour da F\u00f3rmula 1 queVal\u00eancia viveu h\u00e1 anos transferiu-se para Barcelona e Madrid, que hoje recebem as rondas do calend\u00e1rio atual do Grande Circo.\" \/>\n<meta property=\"og:url\" content=\"https:\/\/portaltela.pt\/noticias\/2026\/03\/14\/relato-de-quem-vive-num-circuito-de-valencia-abandonado-apos-gastos-em-asfalto\/\" \/>\n<meta property=\"og:site_name\" content=\"Portal Tela Portugal\" \/>\n<meta property=\"article:published_time\" content=\"2026-03-14T13:13:59+00:00\" \/>\n<meta name=\"author\" content=\"Telinha\" \/>\n<meta name=\"twitter:card\" content=\"summary_large_image\" \/>\n<meta name=\"twitter:label1\" content=\"Escrito por\" \/>\n\t<meta name=\"twitter:data1\" content=\"Telinha\" \/>\n\t<meta name=\"twitter:label2\" content=\"Tempo estimado de leitura\" \/>\n\t<meta name=\"twitter:data2\" content=\"1 minuto\" \/>\n<script type=\"application\/ld+json\" class=\"yoast-schema-graph\">{\"@context\":\"https:\/\/schema.org\",\"@graph\":[{\"@type\":\"Article\",\"@id\":\"https:\/\/portaltela.pt\/noticias\/2026\/03\/14\/relato-de-quem-vive-num-circuito-de-valencia-abandonado-apos-gastos-em-asfalto\/#article\",\"isPartOf\":{\"@id\":\"https:\/\/portaltela.pt\/noticias\/2026\/03\/14\/relato-de-quem-vive-num-circuito-de-valencia-abandonado-apos-gastos-em-asfalto\/\"},\"author\":{\"name\":\"Telinha\",\"@id\":\"https:\/\/portaltela.pt\/#\/schema\/person\/c4278d4a6028830caff9ee44b42d32ed\"},\"headline\":\"Relato de quem vive num circuito de Val\u00eancia abandonado ap\u00f3s gastos em asfalto\",\"datePublished\":\"2026-03-14T13:13:59+00:00\",\"mainEntityOfPage\":{\"@id\":\"https:\/\/portaltela.pt\/noticias\/2026\/03\/14\/relato-de-quem-vive-num-circuito-de-valencia-abandonado-apos-gastos-em-asfalto\/\"},\"wordCount\":230,\"image\":{\"@id\":\"https:\/\/portaltela.pt\/noticias\/2026\/03\/14\/relato-de-quem-vive-num-circuito-de-valencia-abandonado-apos-gastos-em-asfalto\/#primaryimage\"},\"thumbnailUrl\":\"https:\/\/portaltela.pt\/s.01k8rhncp4jt1\/2026\/03\/img_920x518uu2026-03-14-13-13-01-2426850.jpg\",\"keywords\":[\"corridas\",\"desabrigos\",\"desalojados\",\"F\u00f3rmula 1\",\"turismo\",\"Valencia\"],\"articleSection\":[\"Not\u00edcias\"],\"inLanguage\":\"pt-PT\"},{\"@type\":\"WebPage\",\"@id\":\"https:\/\/portaltela.pt\/noticias\/2026\/03\/14\/relato-de-quem-vive-num-circuito-de-valencia-abandonado-apos-gastos-em-asfalto\/\",\"url\":\"https:\/\/portaltela.pt\/noticias\/2026\/03\/14\/relato-de-quem-vive-num-circuito-de-valencia-abandonado-apos-gastos-em-asfalto\/\",\"name\":\"Relato de quem vive num circuito de Val\u00eancia abandonado ap\u00f3s gastos em asfalto - Portal Tela Portugal\",\"isPartOf\":{\"@id\":\"https:\/\/portaltela.pt\/#website\"},\"primaryImageOfPage\":{\"@id\":\"https:\/\/portaltela.pt\/noticias\/2026\/03\/14\/relato-de-quem-vive-num-circuito-de-valencia-abandonado-apos-gastos-em-asfalto\/#primaryimage\"},\"image\":{\"@id\":\"https:\/\/portaltela.pt\/noticias\/2026\/03\/14\/relato-de-quem-vive-num-circuito-de-valencia-abandonado-apos-gastos-em-asfalto\/#primaryimage\"},\"thumbnailUrl\":\"https:\/\/portaltela.pt\/s.01k8rhncp4jt1\/2026\/03\/img_920x518uu2026-03-14-13-13-01-2426850.jpg\",\"datePublished\":\"2026-03-14T13:13:59+00:00\",\"author\":{\"@id\":\"https:\/\/portaltela.pt\/#\/schema\/person\/c4278d4a6028830caff9ee44b42d32ed\"},\"breadcrumb\":{\"@id\":\"https:\/\/portaltela.pt\/noticias\/2026\/03\/14\/relato-de-quem-vive-num-circuito-de-valencia-abandonado-apos-gastos-em-asfalto\/#breadcrumb\"},\"inLanguage\":\"pt-PT\",\"potentialAction\":[{\"@type\":\"ReadAction\",\"target\":[\"https:\/\/portaltela.pt\/noticias\/2026\/03\/14\/relato-de-quem-vive-num-circuito-de-valencia-abandonado-apos-gastos-em-asfalto\/\"]}]},{\"@type\":\"ImageObject\",\"inLanguage\":\"pt-PT\",\"@id\":\"https:\/\/portaltela.pt\/noticias\/2026\/03\/14\/relato-de-quem-vive-num-circuito-de-valencia-abandonado-apos-gastos-em-asfalto\/#primaryimage\",\"url\":\"https:\/\/portaltela.pt\/s.01k8rhncp4jt1\/2026\/03\/img_920x518uu2026-03-14-13-13-01-2426850.jpg\",\"contentUrl\":\"https:\/\/portaltela.pt\/s.01k8rhncp4jt1\/2026\/03\/img_920x518uu2026-03-14-13-13-01-2426850.jpg\",\"width\":796,\"height\":448,\"caption\":\"Felipe Massa, antigo piloto de F\u00f3rmula 1, durante o GP da Europa em 2012, ao volante de um Ferrari\"},{\"@type\":\"BreadcrumbList\",\"@id\":\"https:\/\/portaltela.pt\/noticias\/2026\/03\/14\/relato-de-quem-vive-num-circuito-de-valencia-abandonado-apos-gastos-em-asfalto\/#breadcrumb\",\"itemListElement\":[{\"@type\":\"ListItem\",\"position\":1,\"name\":\"In\u00edcio\",\"item\":\"https:\/\/portaltela.pt\/\"},{\"@type\":\"ListItem\",\"position\":2,\"name\":\"Relato de quem vive num circuito de Val\u00eancia abandonado ap\u00f3s gastos em asfalto\"}]},{\"@type\":\"WebSite\",\"@id\":\"https:\/\/portaltela.pt\/#website\",\"url\":\"https:\/\/portaltela.pt\/\",\"name\":\"Portal Tela Portugal\",\"description\":\"\",\"potentialAction\":[{\"@type\":\"SearchAction\",\"target\":{\"@type\":\"EntryPoint\",\"urlTemplate\":\"https:\/\/portaltela.pt\/?s={search_term_string}\"},\"query-input\":{\"@type\":\"PropertyValueSpecification\",\"valueRequired\":true,\"valueName\":\"search_term_string\"}}],\"inLanguage\":\"pt-PT\"},{\"@type\":\"Person\",\"@id\":\"https:\/\/portaltela.pt\/#\/schema\/person\/c4278d4a6028830caff9ee44b42d32ed\",\"name\":\"Telinha\",\"image\":{\"@type\":\"ImageObject\",\"inLanguage\":\"pt-PT\",\"@id\":\"https:\/\/portaltela.pt\/s.01k8rhncp4jt1\/2025\/11\/talking-bot-125x125.png\",\"url\":\"https:\/\/portaltela.pt\/s.01k8rhncp4jt1\/2025\/11\/talking-bot-125x125.png\",\"contentUrl\":\"https:\/\/portaltela.pt\/s.01k8rhncp4jt1\/2025\/11\/talking-bot-125x125.png\",\"caption\":\"Telinha\"},\"sameAs\":[\"https:\/\/portaltela.pt\/\"],\"url\":\"https:\/\/portaltela.pt\/por\/367410592786\/\"}]}<\/script>\n<!-- \/ Yoast SEO plugin. -->","yoast_head_json":{"title":"Relato de quem vive num circuito de Val\u00eancia abandonado ap\u00f3s gastos em asfalto - Portal Tela Portugal","robots":{"index":"index","follow":"follow","max-snippet":"max-snippet:-1","max-image-preview":"max-image-preview:large","max-video-preview":"max-video-preview:-1"},"og_locale":"pt_PT","og_type":"article","og_title":"Relato de quem vive num circuito de Val\u00eancia abandonado ap\u00f3s gastos em asfalto - Portal Tela Portugal","og_description":"O Circuito Urbano de Val\u00eancia, inaugurado em 2008 para o Grande Pr\u00e9mio da Europa, teve licen\u00e7a para receber corridas at\u00e9 20 de agosto de 2013, mas ficou abandonado j\u00e1 em 2012, com a \u00faltima corrida de F\u00f3rmula 1 a ver-se em Val\u00eancia e a vencer Fernando Alonso. O investimento no tra\u00e7ado rondou os 300 milh\u00f5es de euros; hoje o espa\u00e7o abriga centenas de sem-abrigo e \u00e9 palco de corridas ilegais noturnas entre as curvas 17 e 18. Moradores entrevistados relatam condi\u00e7\u00f5es prec\u00e1rias, como banho ao ar livre no inverno, e questionam onde ficou o dinheiro investido no circuito. Mesmo em situa\u00e7\u00e3o de abandono, a comunidade vizinha \u2014 incluindo o Bairro de Natzaret \u2014 mant\u00e9m rela\u00e7\u00f5es cordiais com os residentes do circuito, sem maiores incidentes. O glamour da F\u00f3rmula 1 queVal\u00eancia viveu h\u00e1 anos transferiu-se para Barcelona e Madrid, que hoje recebem as rondas do calend\u00e1rio atual do Grande Circo.","og_url":"https:\/\/portaltela.pt\/noticias\/2026\/03\/14\/relato-de-quem-vive-num-circuito-de-valencia-abandonado-apos-gastos-em-asfalto\/","og_site_name":"Portal Tela Portugal","article_published_time":"2026-03-14T13:13:59+00:00","author":"Telinha","twitter_card":"summary_large_image","twitter_misc":{"Escrito por":"Telinha","Tempo estimado de leitura":"1 minuto"},"schema":{"@context":"https:\/\/schema.org","@graph":[{"@type":"Article","@id":"https:\/\/portaltela.pt\/noticias\/2026\/03\/14\/relato-de-quem-vive-num-circuito-de-valencia-abandonado-apos-gastos-em-asfalto\/#article","isPartOf":{"@id":"https:\/\/portaltela.pt\/noticias\/2026\/03\/14\/relato-de-quem-vive-num-circuito-de-valencia-abandonado-apos-gastos-em-asfalto\/"},"author":{"name":"Telinha","@id":"https:\/\/portaltela.pt\/#\/schema\/person\/c4278d4a6028830caff9ee44b42d32ed"},"headline":"Relato de quem vive num circuito de Val\u00eancia abandonado ap\u00f3s gastos em asfalto","datePublished":"2026-03-14T13:13:59+00:00","mainEntityOfPage":{"@id":"https:\/\/portaltela.pt\/noticias\/2026\/03\/14\/relato-de-quem-vive-num-circuito-de-valencia-abandonado-apos-gastos-em-asfalto\/"},"wordCount":230,"image":{"@id":"https:\/\/portaltela.pt\/noticias\/2026\/03\/14\/relato-de-quem-vive-num-circuito-de-valencia-abandonado-apos-gastos-em-asfalto\/#primaryimage"},"thumbnailUrl":"https:\/\/portaltela.pt\/s.01k8rhncp4jt1\/2026\/03\/img_920x518uu2026-03-14-13-13-01-2426850.jpg","keywords":["corridas","desabrigos","desalojados","F\u00f3rmula 1","turismo","Valencia"],"articleSection":["Not\u00edcias"],"inLanguage":"pt-PT"},{"@type":"WebPage","@id":"https:\/\/portaltela.pt\/noticias\/2026\/03\/14\/relato-de-quem-vive-num-circuito-de-valencia-abandonado-apos-gastos-em-asfalto\/","url":"https:\/\/portaltela.pt\/noticias\/2026\/03\/14\/relato-de-quem-vive-num-circuito-de-valencia-abandonado-apos-gastos-em-asfalto\/","name":"Relato de quem vive num circuito de Val\u00eancia abandonado ap\u00f3s gastos em asfalto - Portal Tela Portugal","isPartOf":{"@id":"https:\/\/portaltela.pt\/#website"},"primaryImageOfPage":{"@id":"https:\/\/portaltela.pt\/noticias\/2026\/03\/14\/relato-de-quem-vive-num-circuito-de-valencia-abandonado-apos-gastos-em-asfalto\/#primaryimage"},"image":{"@id":"https:\/\/portaltela.pt\/noticias\/2026\/03\/14\/relato-de-quem-vive-num-circuito-de-valencia-abandonado-apos-gastos-em-asfalto\/#primaryimage"},"thumbnailUrl":"https:\/\/portaltela.pt\/s.01k8rhncp4jt1\/2026\/03\/img_920x518uu2026-03-14-13-13-01-2426850.jpg","datePublished":"2026-03-14T13:13:59+00:00","author":{"@id":"https:\/\/portaltela.pt\/#\/schema\/person\/c4278d4a6028830caff9ee44b42d32ed"},"breadcrumb":{"@id":"https:\/\/portaltela.pt\/noticias\/2026\/03\/14\/relato-de-quem-vive-num-circuito-de-valencia-abandonado-apos-gastos-em-asfalto\/#breadcrumb"},"inLanguage":"pt-PT","potentialAction":[{"@type":"ReadAction","target":["https:\/\/portaltela.pt\/noticias\/2026\/03\/14\/relato-de-quem-vive-num-circuito-de-valencia-abandonado-apos-gastos-em-asfalto\/"]}]},{"@type":"ImageObject","inLanguage":"pt-PT","@id":"https:\/\/portaltela.pt\/noticias\/2026\/03\/14\/relato-de-quem-vive-num-circuito-de-valencia-abandonado-apos-gastos-em-asfalto\/#primaryimage","url":"https:\/\/portaltela.pt\/s.01k8rhncp4jt1\/2026\/03\/img_920x518uu2026-03-14-13-13-01-2426850.jpg","contentUrl":"https:\/\/portaltela.pt\/s.01k8rhncp4jt1\/2026\/03\/img_920x518uu2026-03-14-13-13-01-2426850.jpg","width":796,"height":448,"caption":"Felipe Massa, antigo piloto de F\u00f3rmula 1, durante o GP da Europa em 2012, ao volante de um Ferrari"},{"@type":"BreadcrumbList","@id":"https:\/\/portaltela.pt\/noticias\/2026\/03\/14\/relato-de-quem-vive-num-circuito-de-valencia-abandonado-apos-gastos-em-asfalto\/#breadcrumb","itemListElement":[{"@type":"ListItem","position":1,"name":"In\u00edcio","item":"https:\/\/portaltela.pt\/"},{"@type":"ListItem","position":2,"name":"Relato de quem vive num circuito de Val\u00eancia abandonado ap\u00f3s gastos em asfalto"}]},{"@type":"WebSite","@id":"https:\/\/portaltela.pt\/#website","url":"https:\/\/portaltela.pt\/","name":"Portal Tela Portugal","description":"","potentialAction":[{"@type":"SearchAction","target":{"@type":"EntryPoint","urlTemplate":"https:\/\/portaltela.pt\/?s={search_term_string}"},"query-input":{"@type":"PropertyValueSpecification","valueRequired":true,"valueName":"search_term_string"}}],"inLanguage":"pt-PT"},{"@type":"Person","@id":"https:\/\/portaltela.pt\/#\/schema\/person\/c4278d4a6028830caff9ee44b42d32ed","name":"Telinha","image":{"@type":"ImageObject","inLanguage":"pt-PT","@id":"https:\/\/portaltela.pt\/s.01k8rhncp4jt1\/2025\/11\/talking-bot-125x125.png","url":"https:\/\/portaltela.pt\/s.01k8rhncp4jt1\/2025\/11\/talking-bot-125x125.png","contentUrl":"https:\/\/portaltela.pt\/s.01k8rhncp4jt1\/2025\/11\/talking-bot-125x125.png","caption":"Telinha"},"sameAs":["https:\/\/portaltela.pt\/"],"url":"https:\/\/portaltela.pt\/por\/367410592786\/"}]}},"_links":{"self":[{"href":"https:\/\/portaltela.pt\/api\/wp\/v2\/posts\/409969","targetHints":{"allow":["GET"]}}],"collection":[{"href":"https:\/\/portaltela.pt\/api\/wp\/v2\/posts"}],"about":[{"href":"https:\/\/portaltela.pt\/api\/wp\/v2\/types\/post"}],"author":[{"embeddable":true,"href":"https:\/\/portaltela.pt\/api\/wp\/v2\/users\/2"}],"replies":[{"embeddable":true,"href":"https:\/\/portaltela.pt\/api\/wp\/v2\/comments?post=409969"}],"version-history":[{"count":0,"href":"https:\/\/portaltela.pt\/api\/wp\/v2\/posts\/409969\/revisions"}],"wp:featuredmedia":[{"embeddable":true,"href":"https:\/\/portaltela.pt\/api\/wp\/v2\/media\/409972"}],"wp:attachment":[{"href":"https:\/\/portaltela.pt\/api\/wp\/v2\/media?parent=409969"}],"wp:term":[{"taxonomy":"category","embeddable":true,"href":"https:\/\/portaltela.pt\/api\/wp\/v2\/categories?post=409969"},{"taxonomy":"post_tag","embeddable":true,"href":"https:\/\/portaltela.pt\/api\/wp\/v2\/tags?post=409969"}],"curies":[{"name":"wp","href":"https:\/\/api.w.org\/{rel}","templated":true}]}}