{"id":409934,"date":"2026-03-14T09:26:00","date_gmt":"2026-03-14T12:26:00","guid":{"rendered":"https:\/\/portaltela.pt\/noticias\/2026\/03\/14\/memorias-do-teatro-da-cornucopia-chegam-aos-cinemas\/"},"modified":"2026-03-14T09:26:00","modified_gmt":"2026-03-14T12:26:00","slug":"memorias-do-teatro-da-cornucopia-chegam-aos-cinemas","status":"publish","type":"post","link":"https:\/\/portaltela.pt\/noticias\/2026\/03\/14\/memorias-do-teatro-da-cornucopia-chegam-aos-cinemas\/","title":{"rendered":"Mem\u00f3rias do Teatro da Cornuc\u00f3pia chegam aos cinemas"},"content":{"rendered":"<p>Mem\u00f3rias do Teatro da Cornuc\u00f3pia entra em cartaz nos cinemas, trazendo \u00e0 ribalta uma paisagem de vidas diversas que se cruzam no espa\u00e7o teatral e cinematogr\u00e1fico. A produ\u00e7\u00e3o promete explorar mem\u00f3rias e hist\u00f3rias por meio de imagens e entrevistas, com o objetivo de oferecer uma vis\u00e3o plural sobre o percurso do emblem\u00e1tico espa\u00e7o cultural.<\/p>\n<p>A informa\u00e7\u00e3o dispon\u00edvel indica que o projeto envolve uma equipa criativa ligada ao teatro, com a transposi\u00e7\u00e3o para o surto cinematogr\u00e1fico a constituir o ponto central da estreia. O lan\u00e7amento \u00e9 apresentado como uma oportunidade para revisitar o legado do Teatro da Cornuc\u00f3pia sob uma nova lente audiovisual.<\/p>\n<p>Num produto informativo, a nota de direitos autorais da pe\u00e7a indica que o conte\u00fado est\u00e1 protegido pelas leis de direitos de autor e propriedade intelectual em Portugal e na Uni\u00e3o Europeia, proibindo a reprodu\u00e7\u00e3o ou divulga\u00e7\u00e3o n\u00e3o autorizadas. A documenta\u00e7\u00e3o original refor\u00e7a a necessidade de autoriza\u00e7\u00e3o pr\u00e9via para qualquer reprodu\u00e7\u00e3o externa.<\/p>\n","protected":false},"excerpt":{"rendered":"<ul>\n<li>&#8220;Mem\u00f3rias do Teatro da Cornuc\u00f3pia&#8221;, apresentado como uma constela\u00e7\u00e3o de vidas, estreia-se nos cinemas.<\/li>\n<li>A informa\u00e7\u00e3o \u00e9 veiculada pela ag\u00eancia Lusa.<\/li>\n<li>O t\u00edtulo sugeriu que o filme re\u00fane v\u00e1rias hist\u00f3rias ligadas ao teatro.<\/li>\n<li>Ainda n\u00e3o h\u00e1 detalhes sobre datas de estreia ou locais de exibi\u00e7\u00e3o.<\/li>\n<li>A not\u00edcia est\u00e1 protegida por direitos de autor e propriedade intelectual.<\/li>\n<\/ul>\n","protected":false},"author":2,"featured_media":409939,"comment_status":"closed","ping_status":"closed","sticky":false,"template":"","format":"standard","meta":{"footnotes":""},"categories":[1],"tags":[112,145,6373,981,240,119],"class_list":["post-409934","post","type-post","status-publish","format-standard","has-post-thumbnail","hentry","category-noticias","tag-cinema","tag-cultura","tag-direitos","tag-lisboa","tag-propriedade-intelectual","tag-teatro"],"yoast_head":"<!-- This site is optimized with the Yoast SEO plugin v27.2 - https:\/\/yoast.com\/product\/yoast-seo-wordpress\/ -->\n<title>Mem\u00f3rias do Teatro da Cornuc\u00f3pia chegam aos cinemas - Portal Tela Portugal<\/title>\n<meta name=\"robots\" content=\"index, follow, max-snippet:-1, max-image-preview:large, max-video-preview:-1\" \/>\n<meta property=\"og:locale\" content=\"pt_PT\" \/>\n<meta property=\"og:type\" content=\"article\" \/>\n<meta property=\"og:title\" content=\"Mem\u00f3rias do Teatro da Cornuc\u00f3pia chegam aos cinemas - Portal Tela Portugal\" \/>\n<meta property=\"og:description\" content=\"&quot;Mem\u00f3rias do Teatro da Cornuc\u00f3pia&quot;, apresentado como uma constela\u00e7\u00e3o de vidas, estreia-se nos cinemas. A informa\u00e7\u00e3o \u00e9 veiculada pela ag\u00eancia Lusa. O t\u00edtulo sugeriu que o filme re\u00fane v\u00e1rias hist\u00f3rias ligadas ao teatro. Ainda n\u00e3o h\u00e1 detalhes sobre datas de estreia ou locais de exibi\u00e7\u00e3o. A not\u00edcia est\u00e1 protegida por direitos de autor e propriedade intelectual.\" \/>\n<meta property=\"og:url\" content=\"https:\/\/portaltela.pt\/noticias\/2026\/03\/14\/memorias-do-teatro-da-cornucopia-chegam-aos-cinemas\/\" \/>\n<meta property=\"og:site_name\" content=\"Portal Tela Portugal\" \/>\n<meta property=\"article:published_time\" content=\"2026-03-14T12:26:00+00:00\" \/>\n<meta name=\"author\" content=\"Telinha\" \/>\n<meta name=\"twitter:card\" content=\"summary_large_image\" \/>\n<meta name=\"twitter:label1\" content=\"Escrito por\" \/>\n\t<meta name=\"twitter:data1\" content=\"Telinha\" \/>\n\t<meta name=\"twitter:label2\" content=\"Tempo estimado de leitura\" \/>\n\t<meta name=\"twitter:data2\" content=\"1 minuto\" \/>\n<script type=\"application\/ld+json\" class=\"yoast-schema-graph\">{\"@context\":\"https:\/\/schema.org\",\"@graph\":[{\"@type\":\"Article\",\"@id\":\"https:\/\/portaltela.pt\/noticias\/2026\/03\/14\/memorias-do-teatro-da-cornucopia-chegam-aos-cinemas\/#article\",\"isPartOf\":{\"@id\":\"https:\/\/portaltela.pt\/noticias\/2026\/03\/14\/memorias-do-teatro-da-cornucopia-chegam-aos-cinemas\/\"},\"author\":{\"name\":\"Telinha\",\"@id\":\"https:\/\/portaltela.pt\/#\/schema\/person\/c4278d4a6028830caff9ee44b42d32ed\"},\"headline\":\"Mem\u00f3rias do Teatro da Cornuc\u00f3pia chegam aos cinemas\",\"datePublished\":\"2026-03-14T12:26:00+00:00\",\"mainEntityOfPage\":{\"@id\":\"https:\/\/portaltela.pt\/noticias\/2026\/03\/14\/memorias-do-teatro-da-cornucopia-chegam-aos-cinemas\/\"},\"wordCount\":188,\"image\":{\"@id\":\"https:\/\/portaltela.pt\/noticias\/2026\/03\/14\/memorias-do-teatro-da-cornucopia-chegam-aos-cinemas\/#primaryimage\"},\"thumbnailUrl\":\"https:\/\/portaltela.pt\/s.01k8rhncp4jt1\/2026\/03\/CACHE_780X1200_ANALOG_WATERMARKED_46745376_8652117_13032026124307.jpg\",\"keywords\":[\"cinema\",\"cultura\",\"direitos\",\"Lisboa\",\"propriedade intelectual\",\"teatro\"],\"articleSection\":[\"Not\u00edcias\"],\"inLanguage\":\"pt-PT\"},{\"@type\":\"WebPage\",\"@id\":\"https:\/\/portaltela.pt\/noticias\/2026\/03\/14\/memorias-do-teatro-da-cornucopia-chegam-aos-cinemas\/\",\"url\":\"https:\/\/portaltela.pt\/noticias\/2026\/03\/14\/memorias-do-teatro-da-cornucopia-chegam-aos-cinemas\/\",\"name\":\"Mem\u00f3rias do Teatro da Cornuc\u00f3pia chegam aos cinemas - Portal Tela Portugal\",\"isPartOf\":{\"@id\":\"https:\/\/portaltela.pt\/#website\"},\"primaryImageOfPage\":{\"@id\":\"https:\/\/portaltela.pt\/noticias\/2026\/03\/14\/memorias-do-teatro-da-cornucopia-chegam-aos-cinemas\/#primaryimage\"},\"image\":{\"@id\":\"https:\/\/portaltela.pt\/noticias\/2026\/03\/14\/memorias-do-teatro-da-cornucopia-chegam-aos-cinemas\/#primaryimage\"},\"thumbnailUrl\":\"https:\/\/portaltela.pt\/s.01k8rhncp4jt1\/2026\/03\/CACHE_780X1200_ANALOG_WATERMARKED_46745376_8652117_13032026124307.jpg\",\"datePublished\":\"2026-03-14T12:26:00+00:00\",\"author\":{\"@id\":\"https:\/\/portaltela.pt\/#\/schema\/person\/c4278d4a6028830caff9ee44b42d32ed\"},\"breadcrumb\":{\"@id\":\"https:\/\/portaltela.pt\/noticias\/2026\/03\/14\/memorias-do-teatro-da-cornucopia-chegam-aos-cinemas\/#breadcrumb\"},\"inLanguage\":\"pt-PT\",\"potentialAction\":[{\"@type\":\"ReadAction\",\"target\":[\"https:\/\/portaltela.pt\/noticias\/2026\/03\/14\/memorias-do-teatro-da-cornucopia-chegam-aos-cinemas\/\"]}]},{\"@type\":\"ImageObject\",\"inLanguage\":\"pt-PT\",\"@id\":\"https:\/\/portaltela.pt\/noticias\/2026\/03\/14\/memorias-do-teatro-da-cornucopia-chegam-aos-cinemas\/#primaryimage\",\"url\":\"https:\/\/portaltela.pt\/s.01k8rhncp4jt1\/2026\/03\/CACHE_780X1200_ANALOG_WATERMARKED_46745376_8652117_13032026124307.jpg\",\"contentUrl\":\"https:\/\/portaltela.pt\/s.01k8rhncp4jt1\/2026\/03\/CACHE_780X1200_ANALOG_WATERMARKED_46745376_8652117_13032026124307.jpg\",\"width\":796,\"height\":448,\"caption\":\"Mem\u00f3rias do Teatro da Cornuc\u00f3pia, uma constela\u00e7\u00e3o de vidas a estrear-se nos cinemas\"},{\"@type\":\"BreadcrumbList\",\"@id\":\"https:\/\/portaltela.pt\/noticias\/2026\/03\/14\/memorias-do-teatro-da-cornucopia-chegam-aos-cinemas\/#breadcrumb\",\"itemListElement\":[{\"@type\":\"ListItem\",\"position\":1,\"name\":\"In\u00edcio\",\"item\":\"https:\/\/portaltela.pt\/\"},{\"@type\":\"ListItem\",\"position\":2,\"name\":\"Mem\u00f3rias do Teatro da Cornuc\u00f3pia chegam aos cinemas\"}]},{\"@type\":\"WebSite\",\"@id\":\"https:\/\/portaltela.pt\/#website\",\"url\":\"https:\/\/portaltela.pt\/\",\"name\":\"Portal Tela Portugal\",\"description\":\"\",\"potentialAction\":[{\"@type\":\"SearchAction\",\"target\":{\"@type\":\"EntryPoint\",\"urlTemplate\":\"https:\/\/portaltela.pt\/?s={search_term_string}\"},\"query-input\":{\"@type\":\"PropertyValueSpecification\",\"valueRequired\":true,\"valueName\":\"search_term_string\"}}],\"inLanguage\":\"pt-PT\"},{\"@type\":\"Person\",\"@id\":\"https:\/\/portaltela.pt\/#\/schema\/person\/c4278d4a6028830caff9ee44b42d32ed\",\"name\":\"Telinha\",\"image\":{\"@type\":\"ImageObject\",\"inLanguage\":\"pt-PT\",\"@id\":\"https:\/\/portaltela.pt\/s.01k8rhncp4jt1\/2025\/11\/talking-bot-125x125.png\",\"url\":\"https:\/\/portaltela.pt\/s.01k8rhncp4jt1\/2025\/11\/talking-bot-125x125.png\",\"contentUrl\":\"https:\/\/portaltela.pt\/s.01k8rhncp4jt1\/2025\/11\/talking-bot-125x125.png\",\"caption\":\"Telinha\"},\"sameAs\":[\"https:\/\/portaltela.pt\/\"],\"url\":\"https:\/\/portaltela.pt\/por\/367410592786\/\"}]}<\/script>\n<!-- \/ Yoast SEO plugin. -->","yoast_head_json":{"title":"Mem\u00f3rias do Teatro da Cornuc\u00f3pia chegam aos cinemas - Portal Tela Portugal","robots":{"index":"index","follow":"follow","max-snippet":"max-snippet:-1","max-image-preview":"max-image-preview:large","max-video-preview":"max-video-preview:-1"},"og_locale":"pt_PT","og_type":"article","og_title":"Mem\u00f3rias do Teatro da Cornuc\u00f3pia chegam aos cinemas - Portal Tela Portugal","og_description":"\"Mem\u00f3rias do Teatro da Cornuc\u00f3pia\", apresentado como uma constela\u00e7\u00e3o de vidas, estreia-se nos cinemas. A informa\u00e7\u00e3o \u00e9 veiculada pela ag\u00eancia Lusa. O t\u00edtulo sugeriu que o filme re\u00fane v\u00e1rias hist\u00f3rias ligadas ao teatro. Ainda n\u00e3o h\u00e1 detalhes sobre datas de estreia ou locais de exibi\u00e7\u00e3o. A not\u00edcia est\u00e1 protegida por direitos de autor e propriedade intelectual.","og_url":"https:\/\/portaltela.pt\/noticias\/2026\/03\/14\/memorias-do-teatro-da-cornucopia-chegam-aos-cinemas\/","og_site_name":"Portal Tela Portugal","article_published_time":"2026-03-14T12:26:00+00:00","author":"Telinha","twitter_card":"summary_large_image","twitter_misc":{"Escrito por":"Telinha","Tempo estimado de leitura":"1 minuto"},"schema":{"@context":"https:\/\/schema.org","@graph":[{"@type":"Article","@id":"https:\/\/portaltela.pt\/noticias\/2026\/03\/14\/memorias-do-teatro-da-cornucopia-chegam-aos-cinemas\/#article","isPartOf":{"@id":"https:\/\/portaltela.pt\/noticias\/2026\/03\/14\/memorias-do-teatro-da-cornucopia-chegam-aos-cinemas\/"},"author":{"name":"Telinha","@id":"https:\/\/portaltela.pt\/#\/schema\/person\/c4278d4a6028830caff9ee44b42d32ed"},"headline":"Mem\u00f3rias do Teatro da Cornuc\u00f3pia chegam aos cinemas","datePublished":"2026-03-14T12:26:00+00:00","mainEntityOfPage":{"@id":"https:\/\/portaltela.pt\/noticias\/2026\/03\/14\/memorias-do-teatro-da-cornucopia-chegam-aos-cinemas\/"},"wordCount":188,"image":{"@id":"https:\/\/portaltela.pt\/noticias\/2026\/03\/14\/memorias-do-teatro-da-cornucopia-chegam-aos-cinemas\/#primaryimage"},"thumbnailUrl":"https:\/\/portaltela.pt\/s.01k8rhncp4jt1\/2026\/03\/CACHE_780X1200_ANALOG_WATERMARKED_46745376_8652117_13032026124307.jpg","keywords":["cinema","cultura","direitos","Lisboa","propriedade intelectual","teatro"],"articleSection":["Not\u00edcias"],"inLanguage":"pt-PT"},{"@type":"WebPage","@id":"https:\/\/portaltela.pt\/noticias\/2026\/03\/14\/memorias-do-teatro-da-cornucopia-chegam-aos-cinemas\/","url":"https:\/\/portaltela.pt\/noticias\/2026\/03\/14\/memorias-do-teatro-da-cornucopia-chegam-aos-cinemas\/","name":"Mem\u00f3rias do Teatro da Cornuc\u00f3pia chegam aos cinemas - Portal Tela Portugal","isPartOf":{"@id":"https:\/\/portaltela.pt\/#website"},"primaryImageOfPage":{"@id":"https:\/\/portaltela.pt\/noticias\/2026\/03\/14\/memorias-do-teatro-da-cornucopia-chegam-aos-cinemas\/#primaryimage"},"image":{"@id":"https:\/\/portaltela.pt\/noticias\/2026\/03\/14\/memorias-do-teatro-da-cornucopia-chegam-aos-cinemas\/#primaryimage"},"thumbnailUrl":"https:\/\/portaltela.pt\/s.01k8rhncp4jt1\/2026\/03\/CACHE_780X1200_ANALOG_WATERMARKED_46745376_8652117_13032026124307.jpg","datePublished":"2026-03-14T12:26:00+00:00","author":{"@id":"https:\/\/portaltela.pt\/#\/schema\/person\/c4278d4a6028830caff9ee44b42d32ed"},"breadcrumb":{"@id":"https:\/\/portaltela.pt\/noticias\/2026\/03\/14\/memorias-do-teatro-da-cornucopia-chegam-aos-cinemas\/#breadcrumb"},"inLanguage":"pt-PT","potentialAction":[{"@type":"ReadAction","target":["https:\/\/portaltela.pt\/noticias\/2026\/03\/14\/memorias-do-teatro-da-cornucopia-chegam-aos-cinemas\/"]}]},{"@type":"ImageObject","inLanguage":"pt-PT","@id":"https:\/\/portaltela.pt\/noticias\/2026\/03\/14\/memorias-do-teatro-da-cornucopia-chegam-aos-cinemas\/#primaryimage","url":"https:\/\/portaltela.pt\/s.01k8rhncp4jt1\/2026\/03\/CACHE_780X1200_ANALOG_WATERMARKED_46745376_8652117_13032026124307.jpg","contentUrl":"https:\/\/portaltela.pt\/s.01k8rhncp4jt1\/2026\/03\/CACHE_780X1200_ANALOG_WATERMARKED_46745376_8652117_13032026124307.jpg","width":796,"height":448,"caption":"Mem\u00f3rias do Teatro da Cornuc\u00f3pia, uma constela\u00e7\u00e3o de vidas a estrear-se nos cinemas"},{"@type":"BreadcrumbList","@id":"https:\/\/portaltela.pt\/noticias\/2026\/03\/14\/memorias-do-teatro-da-cornucopia-chegam-aos-cinemas\/#breadcrumb","itemListElement":[{"@type":"ListItem","position":1,"name":"In\u00edcio","item":"https:\/\/portaltela.pt\/"},{"@type":"ListItem","position":2,"name":"Mem\u00f3rias do Teatro da Cornuc\u00f3pia chegam aos cinemas"}]},{"@type":"WebSite","@id":"https:\/\/portaltela.pt\/#website","url":"https:\/\/portaltela.pt\/","name":"Portal Tela Portugal","description":"","potentialAction":[{"@type":"SearchAction","target":{"@type":"EntryPoint","urlTemplate":"https:\/\/portaltela.pt\/?s={search_term_string}"},"query-input":{"@type":"PropertyValueSpecification","valueRequired":true,"valueName":"search_term_string"}}],"inLanguage":"pt-PT"},{"@type":"Person","@id":"https:\/\/portaltela.pt\/#\/schema\/person\/c4278d4a6028830caff9ee44b42d32ed","name":"Telinha","image":{"@type":"ImageObject","inLanguage":"pt-PT","@id":"https:\/\/portaltela.pt\/s.01k8rhncp4jt1\/2025\/11\/talking-bot-125x125.png","url":"https:\/\/portaltela.pt\/s.01k8rhncp4jt1\/2025\/11\/talking-bot-125x125.png","contentUrl":"https:\/\/portaltela.pt\/s.01k8rhncp4jt1\/2025\/11\/talking-bot-125x125.png","caption":"Telinha"},"sameAs":["https:\/\/portaltela.pt\/"],"url":"https:\/\/portaltela.pt\/por\/367410592786\/"}]}},"_links":{"self":[{"href":"https:\/\/portaltela.pt\/api\/wp\/v2\/posts\/409934","targetHints":{"allow":["GET"]}}],"collection":[{"href":"https:\/\/portaltela.pt\/api\/wp\/v2\/posts"}],"about":[{"href":"https:\/\/portaltela.pt\/api\/wp\/v2\/types\/post"}],"author":[{"embeddable":true,"href":"https:\/\/portaltela.pt\/api\/wp\/v2\/users\/2"}],"replies":[{"embeddable":true,"href":"https:\/\/portaltela.pt\/api\/wp\/v2\/comments?post=409934"}],"version-history":[{"count":0,"href":"https:\/\/portaltela.pt\/api\/wp\/v2\/posts\/409934\/revisions"}],"wp:featuredmedia":[{"embeddable":true,"href":"https:\/\/portaltela.pt\/api\/wp\/v2\/media\/409939"}],"wp:attachment":[{"href":"https:\/\/portaltela.pt\/api\/wp\/v2\/media?parent=409934"}],"wp:term":[{"taxonomy":"category","embeddable":true,"href":"https:\/\/portaltela.pt\/api\/wp\/v2\/categories?post=409934"},{"taxonomy":"post_tag","embeddable":true,"href":"https:\/\/portaltela.pt\/api\/wp\/v2\/tags?post=409934"}],"curies":[{"name":"wp","href":"https:\/\/api.w.org\/{rel}","templated":true}]}}