{"id":409932,"date":"2026-03-14T09:32:00","date_gmt":"2026-03-14T12:32:00","guid":{"rendered":"https:\/\/portaltela.pt\/noticias\/2026\/03\/14\/europa-diversifica-energia-apos-crise-na-ucrania-riscos-de-mercado\/"},"modified":"2026-03-14T09:32:00","modified_gmt":"2026-03-14T12:32:00","slug":"europa-diversifica-energia-apos-crise-na-ucrania-riscos-de-mercado","status":"publish","type":"post","link":"https:\/\/portaltela.pt\/energia\/2026\/03\/14\/europa-diversifica-energia-apos-crise-na-ucrania-riscos-de-mercado\/","title":{"rendered":"Europa diversifica energia ap\u00f3s crise na Ucr\u00e2nia, riscos de mercado"},"content":{"rendered":"<p>A Europa reduziu a depend\u00eancia energ\u00e9tica da R\u00fassia ap\u00f3s a invas\u00e3o da Ucr\u00e2nia, diversificando fornecedores de g\u00e1s. A mudan\u00e7a foi r\u00e1pida, visando estabilidade mas mantendo riscos de volatilidade de pre\u00e7os. A an\u00e1lise aponta vulnerabilidades ao mercado global.<\/p>\n<p>A diversifica\u00e7\u00e3o incluiu g\u00e1s natural liquefeito (GNL) vindo dos Estados Unidos e do Catar, al\u00e9m de maior investimento em energias renov\u00e1veis. Mesmo com ganhos em seguran\u00e7a de abastecimento, o continente enfrenta custos elevados e depend\u00eancia externa.<\/p>\n<p>Ainda assim, a infraestrutura de transporte e armazenamento n\u00e3o atingiu plena resili\u00eancia. Especialistas destacam que as redes precisam de expans\u00e3o para acompanhar volumes e prever interrup\u00e7\u00f5es.<\/p>\n<h3>Desafios para a resili\u00eancia<\/h3>\n<p>A depend\u00eancia de fontes externas continua a ser ponto cr\u00edtico. A volatilidade dos pre\u00e7os de energia global pode impactar tarifas e, por isso, h\u00e1 press\u00e3o para acelerar a transi\u00e7\u00e3o energ\u00e9tica e ampliar capacidades.<\/p>\n<p>Especialistas recomendam manter o foco em renov\u00e1veis e em infraestruturas de conectividade. O objetivo \u00e9 reduzir vulnerabilidades sem comprometer o abastecimento ou a competitividade econ\u00f3mica.<\/p>\n<p>A diversifica\u00e7\u00e3o energ\u00e9tica \u00e9 vista como estrat\u00e9gia de longo prazo. Exige planejamento e investimentos cont\u00ednuos para evitar que choques de mercado afetem a estabilidade econ\u00f3mica do continente.<\/p>\n","protected":false},"excerpt":{"rendered":"<ul>\n<li>A Europa reduziu a depend\u00eancia da R\u00fassia e diversificou os fornecedores de g\u00e1s, mantendo por\u00e9m risco de choques de pre\u00e7o.<\/li>\n<li>A diversifica\u00e7\u00e3o ocorreu de forma r\u00e1pida, mas n\u00e3o eliminou todas as vulnerabilidades relacionadas ao abastecimento e ao mercado global.<\/li>\n<li>Benef\u00edcios incluem maior seguran\u00e7a de abastecimento, mas h\u00e1 novos desafios: exposi\u00e7\u00e3o a varia\u00e7\u00f5es de pre\u00e7os e tens\u00f5es geopol\u00edticas com novos fornecedores.<\/li>\n<li>A crise acelerou a procura por fontes alternativas, como g\u00e1s natural liquefeito (GNL) dos Estados Unidos e do Catar, al\u00e9m de investimento em energias renov\u00e1veis, com a infraestrutura de transporte e armazenamento ainda por ampliar.<\/li>\n<li>A depend\u00eancia de fatores externos continua cr\u00edtica; especialistas recomendam continuar a investir em energias renov\u00e1veis e em infraestrutura para reduzir a vulnerabilidade, tratando a diversifica\u00e7\u00e3o como estrat\u00e9gia de longo prazo.<\/li>\n<\/ul>\n","protected":false},"author":2,"featured_media":409936,"comment_status":"closed","ping_status":"closed","sticky":false,"template":"","format":"standard","meta":{"footnotes":""},"categories":[6806],"tags":[6115,4729,174,5231,3603,2487],"class_list":["post-409932","post","type-post","status-publish","format-standard","has-post-thumbnail","hentry","category-energia","tag-_economia","tag-abastecimento-de-energia","tag-energia","tag-energia-sustentavel","tag-energias-renovaveis","tag-europa"],"yoast_head":"<!-- This site is optimized with the Yoast SEO plugin v27.2 - https:\/\/yoast.com\/product\/yoast-seo-wordpress\/ -->\n<title>Europa diversifica energia ap\u00f3s crise na Ucr\u00e2nia, riscos de mercado - Portal Tela Portugal<\/title>\n<meta name=\"robots\" content=\"index, follow, max-snippet:-1, max-image-preview:large, max-video-preview:-1\" \/>\n<meta property=\"og:locale\" content=\"pt_PT\" \/>\n<meta property=\"og:type\" content=\"article\" \/>\n<meta property=\"og:title\" content=\"Europa diversifica energia ap\u00f3s crise na Ucr\u00e2nia, riscos de mercado - Portal Tela Portugal\" \/>\n<meta property=\"og:description\" content=\"A Europa reduziu a depend\u00eancia da R\u00fassia e diversificou os fornecedores de g\u00e1s, mantendo por\u00e9m risco de choques de pre\u00e7o. A diversifica\u00e7\u00e3o ocorreu de forma r\u00e1pida, mas n\u00e3o eliminou todas as vulnerabilidades relacionadas ao abastecimento e ao mercado global. Benef\u00edcios incluem maior seguran\u00e7a de abastecimento, mas h\u00e1 novos desafios: exposi\u00e7\u00e3o a varia\u00e7\u00f5es de pre\u00e7os e tens\u00f5es geopol\u00edticas com novos fornecedores. A crise acelerou a procura por fontes alternativas, como g\u00e1s natural liquefeito (GNL) dos Estados Unidos e do Catar, al\u00e9m de investimento em energias renov\u00e1veis, com a infraestrutura de transporte e armazenamento ainda por ampliar. A depend\u00eancia de fatores externos continua cr\u00edtica; especialistas recomendam continuar a investir em energias renov\u00e1veis e em infraestrutura para reduzir a vulnerabilidade, tratando a diversifica\u00e7\u00e3o como estrat\u00e9gia de longo prazo.\" \/>\n<meta property=\"og:url\" content=\"https:\/\/portaltela.pt\/noticias\/2026\/03\/14\/europa-diversifica-energia-apos-crise-na-ucrania-riscos-de-mercado\/\" \/>\n<meta property=\"og:site_name\" content=\"Portal Tela Portugal\" \/>\n<meta property=\"article:published_time\" content=\"2026-03-14T12:32:00+00:00\" \/>\n<meta name=\"author\" content=\"Telinha\" \/>\n<meta name=\"twitter:card\" content=\"summary_large_image\" \/>\n<meta name=\"twitter:label1\" content=\"Escrito por\" \/>\n\t<meta name=\"twitter:data1\" content=\"Telinha\" \/>\n\t<meta name=\"twitter:label2\" content=\"Tempo estimado de leitura\" \/>\n\t<meta name=\"twitter:data2\" content=\"1 minuto\" \/>\n<script type=\"application\/ld+json\" class=\"yoast-schema-graph\">{\"@context\":\"https:\/\/schema.org\",\"@graph\":[{\"@type\":\"Article\",\"@id\":\"https:\/\/portaltela.pt\/noticias\/2026\/03\/14\/europa-diversifica-energia-apos-crise-na-ucrania-riscos-de-mercado\/#article\",\"isPartOf\":{\"@id\":\"https:\/\/portaltela.pt\/noticias\/2026\/03\/14\/europa-diversifica-energia-apos-crise-na-ucrania-riscos-de-mercado\/\"},\"author\":{\"name\":\"Telinha\",\"@id\":\"https:\/\/portaltela.pt\/#\/schema\/person\/c4278d4a6028830caff9ee44b42d32ed\"},\"headline\":\"Europa diversifica energia ap\u00f3s crise na Ucr\u00e2nia, riscos de mercado\",\"datePublished\":\"2026-03-14T12:32:00+00:00\",\"mainEntityOfPage\":{\"@id\":\"https:\/\/portaltela.pt\/noticias\/2026\/03\/14\/europa-diversifica-energia-apos-crise-na-ucrania-riscos-de-mercado\/\"},\"wordCount\":233,\"image\":{\"@id\":\"https:\/\/portaltela.pt\/noticias\/2026\/03\/14\/europa-diversifica-energia-apos-crise-na-ucrania-riscos-de-mercado\/#primaryimage\"},\"thumbnailUrl\":\"https:\/\/portaltela.pt\/s.01k8rhncp4jt1\/2026\/03\/dn2F2025-06-092Fpay7a4ez2Fpru6d43ek0xu.jpg\",\"keywords\":[\"_economia\",\"abastecimento de energia\",\"energia\",\"Energia sustent\u00e1vel\",\"energias renov\u00e1veis\",\"Europa\"],\"articleSection\":[\"Energia\"],\"inLanguage\":\"pt-PT\"},{\"@type\":\"WebPage\",\"@id\":\"https:\/\/portaltela.pt\/noticias\/2026\/03\/14\/europa-diversifica-energia-apos-crise-na-ucrania-riscos-de-mercado\/\",\"url\":\"https:\/\/portaltela.pt\/noticias\/2026\/03\/14\/europa-diversifica-energia-apos-crise-na-ucrania-riscos-de-mercado\/\",\"name\":\"Europa diversifica energia ap\u00f3s crise na Ucr\u00e2nia, riscos de mercado - Portal Tela Portugal\",\"isPartOf\":{\"@id\":\"https:\/\/portaltela.pt\/#website\"},\"primaryImageOfPage\":{\"@id\":\"https:\/\/portaltela.pt\/noticias\/2026\/03\/14\/europa-diversifica-energia-apos-crise-na-ucrania-riscos-de-mercado\/#primaryimage\"},\"image\":{\"@id\":\"https:\/\/portaltela.pt\/noticias\/2026\/03\/14\/europa-diversifica-energia-apos-crise-na-ucrania-riscos-de-mercado\/#primaryimage\"},\"thumbnailUrl\":\"https:\/\/portaltela.pt\/s.01k8rhncp4jt1\/2026\/03\/dn2F2025-06-092Fpay7a4ez2Fpru6d43ek0xu.jpg\",\"datePublished\":\"2026-03-14T12:32:00+00:00\",\"author\":{\"@id\":\"https:\/\/portaltela.pt\/#\/schema\/person\/c4278d4a6028830caff9ee44b42d32ed\"},\"breadcrumb\":{\"@id\":\"https:\/\/portaltela.pt\/noticias\/2026\/03\/14\/europa-diversifica-energia-apos-crise-na-ucrania-riscos-de-mercado\/#breadcrumb\"},\"inLanguage\":\"pt-PT\",\"potentialAction\":[{\"@type\":\"ReadAction\",\"target\":[\"https:\/\/portaltela.pt\/noticias\/2026\/03\/14\/europa-diversifica-energia-apos-crise-na-ucrania-riscos-de-mercado\/\"]}]},{\"@type\":\"ImageObject\",\"inLanguage\":\"pt-PT\",\"@id\":\"https:\/\/portaltela.pt\/noticias\/2026\/03\/14\/europa-diversifica-energia-apos-crise-na-ucrania-riscos-de-mercado\/#primaryimage\",\"url\":\"https:\/\/portaltela.pt\/s.01k8rhncp4jt1\/2026\/03\/dn2F2025-06-092Fpay7a4ez2Fpru6d43ek0xu.jpg\",\"contentUrl\":\"https:\/\/portaltela.pt\/s.01k8rhncp4jt1\/2026\/03\/dn2F2025-06-092Fpay7a4ez2Fpru6d43ek0xu.jpg\",\"width\":1200,\"height\":675,\"caption\":\"Photo\"},{\"@type\":\"BreadcrumbList\",\"@id\":\"https:\/\/portaltela.pt\/noticias\/2026\/03\/14\/europa-diversifica-energia-apos-crise-na-ucrania-riscos-de-mercado\/#breadcrumb\",\"itemListElement\":[{\"@type\":\"ListItem\",\"position\":1,\"name\":\"In\u00edcio\",\"item\":\"https:\/\/portaltela.pt\/\"},{\"@type\":\"ListItem\",\"position\":2,\"name\":\"Europa diversifica energia ap\u00f3s crise na Ucr\u00e2nia, riscos de mercado\"}]},{\"@type\":\"WebSite\",\"@id\":\"https:\/\/portaltela.pt\/#website\",\"url\":\"https:\/\/portaltela.pt\/\",\"name\":\"Portal Tela Portugal\",\"description\":\"\",\"potentialAction\":[{\"@type\":\"SearchAction\",\"target\":{\"@type\":\"EntryPoint\",\"urlTemplate\":\"https:\/\/portaltela.pt\/?s={search_term_string}\"},\"query-input\":{\"@type\":\"PropertyValueSpecification\",\"valueRequired\":true,\"valueName\":\"search_term_string\"}}],\"inLanguage\":\"pt-PT\"},{\"@type\":\"Person\",\"@id\":\"https:\/\/portaltela.pt\/#\/schema\/person\/c4278d4a6028830caff9ee44b42d32ed\",\"name\":\"Telinha\",\"image\":{\"@type\":\"ImageObject\",\"inLanguage\":\"pt-PT\",\"@id\":\"https:\/\/portaltela.pt\/s.01k8rhncp4jt1\/2025\/11\/talking-bot-125x125.png\",\"url\":\"https:\/\/portaltela.pt\/s.01k8rhncp4jt1\/2025\/11\/talking-bot-125x125.png\",\"contentUrl\":\"https:\/\/portaltela.pt\/s.01k8rhncp4jt1\/2025\/11\/talking-bot-125x125.png\",\"caption\":\"Telinha\"},\"sameAs\":[\"https:\/\/portaltela.pt\/\"],\"url\":\"https:\/\/portaltela.pt\/por\/367410592786\/\"}]}<\/script>\n<!-- \/ Yoast SEO plugin. -->","yoast_head_json":{"title":"Europa diversifica energia ap\u00f3s crise na Ucr\u00e2nia, riscos de mercado - Portal Tela Portugal","robots":{"index":"index","follow":"follow","max-snippet":"max-snippet:-1","max-image-preview":"max-image-preview:large","max-video-preview":"max-video-preview:-1"},"og_locale":"pt_PT","og_type":"article","og_title":"Europa diversifica energia ap\u00f3s crise na Ucr\u00e2nia, riscos de mercado - Portal Tela Portugal","og_description":"A Europa reduziu a depend\u00eancia da R\u00fassia e diversificou os fornecedores de g\u00e1s, mantendo por\u00e9m risco de choques de pre\u00e7o. A diversifica\u00e7\u00e3o ocorreu de forma r\u00e1pida, mas n\u00e3o eliminou todas as vulnerabilidades relacionadas ao abastecimento e ao mercado global. Benef\u00edcios incluem maior seguran\u00e7a de abastecimento, mas h\u00e1 novos desafios: exposi\u00e7\u00e3o a varia\u00e7\u00f5es de pre\u00e7os e tens\u00f5es geopol\u00edticas com novos fornecedores. A crise acelerou a procura por fontes alternativas, como g\u00e1s natural liquefeito (GNL) dos Estados Unidos e do Catar, al\u00e9m de investimento em energias renov\u00e1veis, com a infraestrutura de transporte e armazenamento ainda por ampliar. A depend\u00eancia de fatores externos continua cr\u00edtica; especialistas recomendam continuar a investir em energias renov\u00e1veis e em infraestrutura para reduzir a vulnerabilidade, tratando a diversifica\u00e7\u00e3o como estrat\u00e9gia de longo prazo.","og_url":"https:\/\/portaltela.pt\/noticias\/2026\/03\/14\/europa-diversifica-energia-apos-crise-na-ucrania-riscos-de-mercado\/","og_site_name":"Portal Tela Portugal","article_published_time":"2026-03-14T12:32:00+00:00","author":"Telinha","twitter_card":"summary_large_image","twitter_misc":{"Escrito por":"Telinha","Tempo estimado de leitura":"1 minuto"},"schema":{"@context":"https:\/\/schema.org","@graph":[{"@type":"Article","@id":"https:\/\/portaltela.pt\/noticias\/2026\/03\/14\/europa-diversifica-energia-apos-crise-na-ucrania-riscos-de-mercado\/#article","isPartOf":{"@id":"https:\/\/portaltela.pt\/noticias\/2026\/03\/14\/europa-diversifica-energia-apos-crise-na-ucrania-riscos-de-mercado\/"},"author":{"name":"Telinha","@id":"https:\/\/portaltela.pt\/#\/schema\/person\/c4278d4a6028830caff9ee44b42d32ed"},"headline":"Europa diversifica energia ap\u00f3s crise na Ucr\u00e2nia, riscos de mercado","datePublished":"2026-03-14T12:32:00+00:00","mainEntityOfPage":{"@id":"https:\/\/portaltela.pt\/noticias\/2026\/03\/14\/europa-diversifica-energia-apos-crise-na-ucrania-riscos-de-mercado\/"},"wordCount":233,"image":{"@id":"https:\/\/portaltela.pt\/noticias\/2026\/03\/14\/europa-diversifica-energia-apos-crise-na-ucrania-riscos-de-mercado\/#primaryimage"},"thumbnailUrl":"https:\/\/portaltela.pt\/s.01k8rhncp4jt1\/2026\/03\/dn2F2025-06-092Fpay7a4ez2Fpru6d43ek0xu.jpg","keywords":["_economia","abastecimento de energia","energia","Energia sustent\u00e1vel","energias renov\u00e1veis","Europa"],"articleSection":["Energia"],"inLanguage":"pt-PT"},{"@type":"WebPage","@id":"https:\/\/portaltela.pt\/noticias\/2026\/03\/14\/europa-diversifica-energia-apos-crise-na-ucrania-riscos-de-mercado\/","url":"https:\/\/portaltela.pt\/noticias\/2026\/03\/14\/europa-diversifica-energia-apos-crise-na-ucrania-riscos-de-mercado\/","name":"Europa diversifica energia ap\u00f3s crise na Ucr\u00e2nia, riscos de mercado - Portal Tela Portugal","isPartOf":{"@id":"https:\/\/portaltela.pt\/#website"},"primaryImageOfPage":{"@id":"https:\/\/portaltela.pt\/noticias\/2026\/03\/14\/europa-diversifica-energia-apos-crise-na-ucrania-riscos-de-mercado\/#primaryimage"},"image":{"@id":"https:\/\/portaltela.pt\/noticias\/2026\/03\/14\/europa-diversifica-energia-apos-crise-na-ucrania-riscos-de-mercado\/#primaryimage"},"thumbnailUrl":"https:\/\/portaltela.pt\/s.01k8rhncp4jt1\/2026\/03\/dn2F2025-06-092Fpay7a4ez2Fpru6d43ek0xu.jpg","datePublished":"2026-03-14T12:32:00+00:00","author":{"@id":"https:\/\/portaltela.pt\/#\/schema\/person\/c4278d4a6028830caff9ee44b42d32ed"},"breadcrumb":{"@id":"https:\/\/portaltela.pt\/noticias\/2026\/03\/14\/europa-diversifica-energia-apos-crise-na-ucrania-riscos-de-mercado\/#breadcrumb"},"inLanguage":"pt-PT","potentialAction":[{"@type":"ReadAction","target":["https:\/\/portaltela.pt\/noticias\/2026\/03\/14\/europa-diversifica-energia-apos-crise-na-ucrania-riscos-de-mercado\/"]}]},{"@type":"ImageObject","inLanguage":"pt-PT","@id":"https:\/\/portaltela.pt\/noticias\/2026\/03\/14\/europa-diversifica-energia-apos-crise-na-ucrania-riscos-de-mercado\/#primaryimage","url":"https:\/\/portaltela.pt\/s.01k8rhncp4jt1\/2026\/03\/dn2F2025-06-092Fpay7a4ez2Fpru6d43ek0xu.jpg","contentUrl":"https:\/\/portaltela.pt\/s.01k8rhncp4jt1\/2026\/03\/dn2F2025-06-092Fpay7a4ez2Fpru6d43ek0xu.jpg","width":1200,"height":675,"caption":"Photo"},{"@type":"BreadcrumbList","@id":"https:\/\/portaltela.pt\/noticias\/2026\/03\/14\/europa-diversifica-energia-apos-crise-na-ucrania-riscos-de-mercado\/#breadcrumb","itemListElement":[{"@type":"ListItem","position":1,"name":"In\u00edcio","item":"https:\/\/portaltela.pt\/"},{"@type":"ListItem","position":2,"name":"Europa diversifica energia ap\u00f3s crise na Ucr\u00e2nia, riscos de mercado"}]},{"@type":"WebSite","@id":"https:\/\/portaltela.pt\/#website","url":"https:\/\/portaltela.pt\/","name":"Portal Tela Portugal","description":"","potentialAction":[{"@type":"SearchAction","target":{"@type":"EntryPoint","urlTemplate":"https:\/\/portaltela.pt\/?s={search_term_string}"},"query-input":{"@type":"PropertyValueSpecification","valueRequired":true,"valueName":"search_term_string"}}],"inLanguage":"pt-PT"},{"@type":"Person","@id":"https:\/\/portaltela.pt\/#\/schema\/person\/c4278d4a6028830caff9ee44b42d32ed","name":"Telinha","image":{"@type":"ImageObject","inLanguage":"pt-PT","@id":"https:\/\/portaltela.pt\/s.01k8rhncp4jt1\/2025\/11\/talking-bot-125x125.png","url":"https:\/\/portaltela.pt\/s.01k8rhncp4jt1\/2025\/11\/talking-bot-125x125.png","contentUrl":"https:\/\/portaltela.pt\/s.01k8rhncp4jt1\/2025\/11\/talking-bot-125x125.png","caption":"Telinha"},"sameAs":["https:\/\/portaltela.pt\/"],"url":"https:\/\/portaltela.pt\/por\/367410592786\/"}]}},"_links":{"self":[{"href":"https:\/\/portaltela.pt\/api\/wp\/v2\/posts\/409932","targetHints":{"allow":["GET"]}}],"collection":[{"href":"https:\/\/portaltela.pt\/api\/wp\/v2\/posts"}],"about":[{"href":"https:\/\/portaltela.pt\/api\/wp\/v2\/types\/post"}],"author":[{"embeddable":true,"href":"https:\/\/portaltela.pt\/api\/wp\/v2\/users\/2"}],"replies":[{"embeddable":true,"href":"https:\/\/portaltela.pt\/api\/wp\/v2\/comments?post=409932"}],"version-history":[{"count":0,"href":"https:\/\/portaltela.pt\/api\/wp\/v2\/posts\/409932\/revisions"}],"wp:featuredmedia":[{"embeddable":true,"href":"https:\/\/portaltela.pt\/api\/wp\/v2\/media\/409936"}],"wp:attachment":[{"href":"https:\/\/portaltela.pt\/api\/wp\/v2\/media?parent=409932"}],"wp:term":[{"taxonomy":"category","embeddable":true,"href":"https:\/\/portaltela.pt\/api\/wp\/v2\/categories?post=409932"},{"taxonomy":"post_tag","embeddable":true,"href":"https:\/\/portaltela.pt\/api\/wp\/v2\/tags?post=409932"}],"curies":[{"name":"wp","href":"https:\/\/api.w.org\/{rel}","templated":true}]}}