{"id":409921,"date":"2026-03-14T09:12:28","date_gmt":"2026-03-14T12:12:28","guid":{"rendered":"https:\/\/portaltela.pt\/noticias\/2026\/03\/14\/petit-quer-santa-clara-a-olhar-para-cima-ainda-nao-ganhamos-nada\/"},"modified":"2026-03-14T09:12:28","modified_gmt":"2026-03-14T12:12:28","slug":"petit-quer-santa-clara-a-olhar-para-cima-ainda-nao-ganhamos-nada","status":"publish","type":"post","link":"https:\/\/portaltela.pt\/desporto\/futebol\/2026\/03\/14\/petit-quer-santa-clara-a-olhar-para-cima-ainda-nao-ganhamos-nada\/","title":{"rendered":"Petit quer Santa Clara a olhar para cima: ainda n\u00e3o ganh\u00e1mos nada"},"content":{"rendered":"<p>O treinador Petit pediu ao Santa Clara que olhe sempre para cima, depois de a equipa vencer o \u00faltimo jogo. O triunfo frente ao V. Guimar\u00e3es foi a principal leitura da confer\u00eancia realizada no est\u00e1dio de S\u00e3o Miguel, em Ponta Delgada.<\/p>\n<p>O t\u00e9cnico sublinhou que ainda n\u00e3o ganham nada e que \u00e9 essencial manter a ambi\u00e7\u00e3o. A vit\u00f3ria de 2-0 foi apenas tr\u00eas pontos conquistados, e o foco voltou-se para o pr\u00f3ximo advers\u00e1rio, o Aves.<\/p>\n<p>Na \u00faltima jornada, o Santa Clara somou tr\u00eas pontos na rece\u00e7\u00e3o ao V. Guimar\u00e3es, encerrando um ciclo de 11 jogos sem vencer no campeonato. O objetivo passa por manter a consist\u00eancia do grupo.<\/p>\n<p>O AVS figura na cauda da Liga, com apenas 10 pontos, depois de dois empates e uma derrota nos \u00faltimos quatro encontros. O clube recebe o Santa Clara em Vila das Aves, num jogo a contar para a 26.\u00aa jornada.<\/p>\n<p>O Santa Clara ocupa o 16.\u00ba lugar, com 22 pontos, e enfrenta o 18.\u00ba, com 10 pontos. A partida est\u00e1 marcada para domingo, \u00e0s 14h30, no est\u00e1dio do Clube Desportivo das Aves, com arbitragem de Gustavo Correia.<\/p>\n","protected":false},"excerpt":{"rendered":"<ul>\n<li>O treinador Petit afirmou que o Santa Clara deve olhar sempre para cima, mesmo ap\u00f3s tr\u00eas pontos conquistados na \u00faltima jornada frente ao V. Guimar\u00e3es.<\/li>\n<li>O objetivo \u00e9 manter a ambi\u00e7\u00e3o, com foco na continuidade do rendimento e na mentalidade de trabalho, diante de um AVS que ainda luta pela fuga \u00e0 despromo\u00e7\u00e3o.<\/li>\n<li>A derrota anterior \u00e0 jornada foi a vit\u00f3ria do Santa Clara sobre o V. Guimar\u00e3es por 2 a 0, que encerrou um ciclo de 11 jogos sem vencer no campeonato.<\/li>\n<li>O pr\u00f3ximo jogo \u00e9 contra o Aves (AVS), fora de casa, com o foco n\u00e3o apenas na classifica\u00e7\u00e3o, mas no que o advers\u00e1rio tem feito nos \u00faltimos quatro encontros.<\/li>\n<li>O Santa Clara ocupa o 16.\u00ba lugar, com 22 pontos, e o AVS \u00e9 o 18.\u00ba e \u00faltimo, com 10 pontos; a partida realiza-se no domingo, \u00e0s 14h30, no est\u00e1dio do Clube Desportivo das Aves.<\/li>\n<\/ul>\n","protected":false},"author":2,"featured_media":409923,"comment_status":"closed","ping_status":"closed","sticky":false,"template":"","format":"standard","meta":{"footnotes":""},"categories":[21,24],"tags":[7206,152,32,1786,998],"class_list":["post-409921","post","type-post","status-publish","format-standard","has-post-thumbnail","hentry","category-desporto","category-futebol","tag-aves","tag-desporto","tag-futebol","tag-liga","tag-santa-clara"],"yoast_head":"<!-- This site is optimized with the Yoast SEO plugin v27.2 - https:\/\/yoast.com\/product\/yoast-seo-wordpress\/ -->\n<title>Petit quer Santa Clara a olhar para cima: ainda n\u00e3o ganh\u00e1mos nada - Portal Tela Portugal<\/title>\n<meta name=\"robots\" content=\"index, follow, max-snippet:-1, max-image-preview:large, max-video-preview:-1\" \/>\n<meta property=\"og:locale\" content=\"pt_PT\" \/>\n<meta property=\"og:type\" content=\"article\" \/>\n<meta property=\"og:title\" content=\"Petit quer Santa Clara a olhar para cima: ainda n\u00e3o ganh\u00e1mos nada - Portal Tela Portugal\" \/>\n<meta property=\"og:description\" content=\"O treinador Petit afirmou que o Santa Clara deve olhar sempre para cima, mesmo ap\u00f3s tr\u00eas pontos conquistados na \u00faltima jornada frente ao V. Guimar\u00e3es. O objetivo \u00e9 manter a ambi\u00e7\u00e3o, com foco na continuidade do rendimento e na mentalidade de trabalho, diante de um AVS que ainda luta pela fuga \u00e0 despromo\u00e7\u00e3o. A derrota anterior \u00e0 jornada foi a vit\u00f3ria do Santa Clara sobre o V. Guimar\u00e3es por 2 a 0, que encerrou um ciclo de 11 jogos sem vencer no campeonato. O pr\u00f3ximo jogo \u00e9 contra o Aves (AVS), fora de casa, com o foco n\u00e3o apenas na classifica\u00e7\u00e3o, mas no que o advers\u00e1rio tem feito nos \u00faltimos quatro encontros. O Santa Clara ocupa o 16.\u00ba lugar, com 22 pontos, e o AVS \u00e9 o 18.\u00ba e \u00faltimo, com 10 pontos; a partida realiza-se no domingo, \u00e0s 14h30, no est\u00e1dio do Clube Desportivo das Aves.\" \/>\n<meta property=\"og:url\" content=\"https:\/\/portaltela.pt\/noticias\/2026\/03\/14\/petit-quer-santa-clara-a-olhar-para-cima-ainda-nao-ganhamos-nada\/\" \/>\n<meta property=\"og:site_name\" content=\"Portal Tela Portugal\" \/>\n<meta property=\"article:published_time\" content=\"2026-03-14T12:12:28+00:00\" \/>\n<meta name=\"author\" content=\"Telinha\" \/>\n<meta name=\"twitter:card\" content=\"summary_large_image\" \/>\n<meta name=\"twitter:label1\" content=\"Escrito por\" \/>\n\t<meta name=\"twitter:data1\" content=\"Telinha\" \/>\n\t<meta name=\"twitter:label2\" content=\"Tempo estimado de leitura\" \/>\n\t<meta name=\"twitter:data2\" content=\"1 minuto\" \/>\n<script type=\"application\/ld+json\" class=\"yoast-schema-graph\">{\"@context\":\"https:\/\/schema.org\",\"@graph\":[{\"@type\":\"Article\",\"@id\":\"https:\/\/portaltela.pt\/noticias\/2026\/03\/14\/petit-quer-santa-clara-a-olhar-para-cima-ainda-nao-ganhamos-nada\/#article\",\"isPartOf\":{\"@id\":\"https:\/\/portaltela.pt\/noticias\/2026\/03\/14\/petit-quer-santa-clara-a-olhar-para-cima-ainda-nao-ganhamos-nada\/\"},\"author\":{\"name\":\"Telinha\",\"@id\":\"https:\/\/portaltela.pt\/#\/schema\/person\/c4278d4a6028830caff9ee44b42d32ed\"},\"headline\":\"Petit quer Santa Clara a olhar para cima: ainda n\u00e3o ganh\u00e1mos nada\",\"datePublished\":\"2026-03-14T12:12:28+00:00\",\"mainEntityOfPage\":{\"@id\":\"https:\/\/portaltela.pt\/noticias\/2026\/03\/14\/petit-quer-santa-clara-a-olhar-para-cima-ainda-nao-ganhamos-nada\/\"},\"wordCount\":207,\"image\":{\"@id\":\"https:\/\/portaltela.pt\/noticias\/2026\/03\/14\/petit-quer-santa-clara-a-olhar-para-cima-ainda-nao-ganhamos-nada\/#primaryimage\"},\"thumbnailUrl\":\"https:\/\/portaltela.pt\/s.01k8rhncp4jt1\/2026\/03\/img_920x518uu2026-02-12-16-25-29-2421156-im-639078959709443700.jpg\",\"keywords\":[\"Aves\",\"desporto\",\"futebol\",\"Liga\",\"Santa Clara\"],\"articleSection\":[\"Desporto\",\"Futebol\"],\"inLanguage\":\"pt-PT\"},{\"@type\":\"WebPage\",\"@id\":\"https:\/\/portaltela.pt\/noticias\/2026\/03\/14\/petit-quer-santa-clara-a-olhar-para-cima-ainda-nao-ganhamos-nada\/\",\"url\":\"https:\/\/portaltela.pt\/noticias\/2026\/03\/14\/petit-quer-santa-clara-a-olhar-para-cima-ainda-nao-ganhamos-nada\/\",\"name\":\"Petit quer Santa Clara a olhar para cima: ainda n\u00e3o ganh\u00e1mos nada - Portal Tela Portugal\",\"isPartOf\":{\"@id\":\"https:\/\/portaltela.pt\/#website\"},\"primaryImageOfPage\":{\"@id\":\"https:\/\/portaltela.pt\/noticias\/2026\/03\/14\/petit-quer-santa-clara-a-olhar-para-cima-ainda-nao-ganhamos-nada\/#primaryimage\"},\"image\":{\"@id\":\"https:\/\/portaltela.pt\/noticias\/2026\/03\/14\/petit-quer-santa-clara-a-olhar-para-cima-ainda-nao-ganhamos-nada\/#primaryimage\"},\"thumbnailUrl\":\"https:\/\/portaltela.pt\/s.01k8rhncp4jt1\/2026\/03\/img_920x518uu2026-02-12-16-25-29-2421156-im-639078959709443700.jpg\",\"datePublished\":\"2026-03-14T12:12:28+00:00\",\"author\":{\"@id\":\"https:\/\/portaltela.pt\/#\/schema\/person\/c4278d4a6028830caff9ee44b42d32ed\"},\"breadcrumb\":{\"@id\":\"https:\/\/portaltela.pt\/noticias\/2026\/03\/14\/petit-quer-santa-clara-a-olhar-para-cima-ainda-nao-ganhamos-nada\/#breadcrumb\"},\"inLanguage\":\"pt-PT\",\"potentialAction\":[{\"@type\":\"ReadAction\",\"target\":[\"https:\/\/portaltela.pt\/noticias\/2026\/03\/14\/petit-quer-santa-clara-a-olhar-para-cima-ainda-nao-ganhamos-nada\/\"]}]},{\"@type\":\"ImageObject\",\"inLanguage\":\"pt-PT\",\"@id\":\"https:\/\/portaltela.pt\/noticias\/2026\/03\/14\/petit-quer-santa-clara-a-olhar-para-cima-ainda-nao-ganhamos-nada\/#primaryimage\",\"url\":\"https:\/\/portaltela.pt\/s.01k8rhncp4jt1\/2026\/03\/img_920x518uu2026-02-12-16-25-29-2421156-im-639078959709443700.jpg\",\"contentUrl\":\"https:\/\/portaltela.pt\/s.01k8rhncp4jt1\/2026\/03\/img_920x518uu2026-02-12-16-25-29-2421156-im-639078959709443700.jpg\",\"width\":796,\"height\":448,\"caption\":\"Petit, treinador do Santa Clara\"},{\"@type\":\"BreadcrumbList\",\"@id\":\"https:\/\/portaltela.pt\/noticias\/2026\/03\/14\/petit-quer-santa-clara-a-olhar-para-cima-ainda-nao-ganhamos-nada\/#breadcrumb\",\"itemListElement\":[{\"@type\":\"ListItem\",\"position\":1,\"name\":\"In\u00edcio\",\"item\":\"https:\/\/portaltela.pt\/\"},{\"@type\":\"ListItem\",\"position\":2,\"name\":\"Petit quer Santa Clara a olhar para cima: ainda n\u00e3o ganh\u00e1mos nada\"}]},{\"@type\":\"WebSite\",\"@id\":\"https:\/\/portaltela.pt\/#website\",\"url\":\"https:\/\/portaltela.pt\/\",\"name\":\"Portal Tela Portugal\",\"description\":\"\",\"potentialAction\":[{\"@type\":\"SearchAction\",\"target\":{\"@type\":\"EntryPoint\",\"urlTemplate\":\"https:\/\/portaltela.pt\/?s={search_term_string}\"},\"query-input\":{\"@type\":\"PropertyValueSpecification\",\"valueRequired\":true,\"valueName\":\"search_term_string\"}}],\"inLanguage\":\"pt-PT\"},{\"@type\":\"Person\",\"@id\":\"https:\/\/portaltela.pt\/#\/schema\/person\/c4278d4a6028830caff9ee44b42d32ed\",\"name\":\"Telinha\",\"image\":{\"@type\":\"ImageObject\",\"inLanguage\":\"pt-PT\",\"@id\":\"https:\/\/portaltela.pt\/s.01k8rhncp4jt1\/2025\/11\/talking-bot-125x125.png\",\"url\":\"https:\/\/portaltela.pt\/s.01k8rhncp4jt1\/2025\/11\/talking-bot-125x125.png\",\"contentUrl\":\"https:\/\/portaltela.pt\/s.01k8rhncp4jt1\/2025\/11\/talking-bot-125x125.png\",\"caption\":\"Telinha\"},\"sameAs\":[\"https:\/\/portaltela.pt\/\"],\"url\":\"https:\/\/portaltela.pt\/por\/367410592786\/\"}]}<\/script>\n<!-- \/ Yoast SEO plugin. -->","yoast_head_json":{"title":"Petit quer Santa Clara a olhar para cima: ainda n\u00e3o ganh\u00e1mos nada - Portal Tela Portugal","robots":{"index":"index","follow":"follow","max-snippet":"max-snippet:-1","max-image-preview":"max-image-preview:large","max-video-preview":"max-video-preview:-1"},"og_locale":"pt_PT","og_type":"article","og_title":"Petit quer Santa Clara a olhar para cima: ainda n\u00e3o ganh\u00e1mos nada - Portal Tela Portugal","og_description":"O treinador Petit afirmou que o Santa Clara deve olhar sempre para cima, mesmo ap\u00f3s tr\u00eas pontos conquistados na \u00faltima jornada frente ao V. Guimar\u00e3es. O objetivo \u00e9 manter a ambi\u00e7\u00e3o, com foco na continuidade do rendimento e na mentalidade de trabalho, diante de um AVS que ainda luta pela fuga \u00e0 despromo\u00e7\u00e3o. A derrota anterior \u00e0 jornada foi a vit\u00f3ria do Santa Clara sobre o V. Guimar\u00e3es por 2 a 0, que encerrou um ciclo de 11 jogos sem vencer no campeonato. O pr\u00f3ximo jogo \u00e9 contra o Aves (AVS), fora de casa, com o foco n\u00e3o apenas na classifica\u00e7\u00e3o, mas no que o advers\u00e1rio tem feito nos \u00faltimos quatro encontros. O Santa Clara ocupa o 16.\u00ba lugar, com 22 pontos, e o AVS \u00e9 o 18.\u00ba e \u00faltimo, com 10 pontos; a partida realiza-se no domingo, \u00e0s 14h30, no est\u00e1dio do Clube Desportivo das Aves.","og_url":"https:\/\/portaltela.pt\/noticias\/2026\/03\/14\/petit-quer-santa-clara-a-olhar-para-cima-ainda-nao-ganhamos-nada\/","og_site_name":"Portal Tela Portugal","article_published_time":"2026-03-14T12:12:28+00:00","author":"Telinha","twitter_card":"summary_large_image","twitter_misc":{"Escrito por":"Telinha","Tempo estimado de leitura":"1 minuto"},"schema":{"@context":"https:\/\/schema.org","@graph":[{"@type":"Article","@id":"https:\/\/portaltela.pt\/noticias\/2026\/03\/14\/petit-quer-santa-clara-a-olhar-para-cima-ainda-nao-ganhamos-nada\/#article","isPartOf":{"@id":"https:\/\/portaltela.pt\/noticias\/2026\/03\/14\/petit-quer-santa-clara-a-olhar-para-cima-ainda-nao-ganhamos-nada\/"},"author":{"name":"Telinha","@id":"https:\/\/portaltela.pt\/#\/schema\/person\/c4278d4a6028830caff9ee44b42d32ed"},"headline":"Petit quer Santa Clara a olhar para cima: ainda n\u00e3o ganh\u00e1mos nada","datePublished":"2026-03-14T12:12:28+00:00","mainEntityOfPage":{"@id":"https:\/\/portaltela.pt\/noticias\/2026\/03\/14\/petit-quer-santa-clara-a-olhar-para-cima-ainda-nao-ganhamos-nada\/"},"wordCount":207,"image":{"@id":"https:\/\/portaltela.pt\/noticias\/2026\/03\/14\/petit-quer-santa-clara-a-olhar-para-cima-ainda-nao-ganhamos-nada\/#primaryimage"},"thumbnailUrl":"https:\/\/portaltela.pt\/s.01k8rhncp4jt1\/2026\/03\/img_920x518uu2026-02-12-16-25-29-2421156-im-639078959709443700.jpg","keywords":["Aves","desporto","futebol","Liga","Santa Clara"],"articleSection":["Desporto","Futebol"],"inLanguage":"pt-PT"},{"@type":"WebPage","@id":"https:\/\/portaltela.pt\/noticias\/2026\/03\/14\/petit-quer-santa-clara-a-olhar-para-cima-ainda-nao-ganhamos-nada\/","url":"https:\/\/portaltela.pt\/noticias\/2026\/03\/14\/petit-quer-santa-clara-a-olhar-para-cima-ainda-nao-ganhamos-nada\/","name":"Petit quer Santa Clara a olhar para cima: ainda n\u00e3o ganh\u00e1mos nada - Portal Tela Portugal","isPartOf":{"@id":"https:\/\/portaltela.pt\/#website"},"primaryImageOfPage":{"@id":"https:\/\/portaltela.pt\/noticias\/2026\/03\/14\/petit-quer-santa-clara-a-olhar-para-cima-ainda-nao-ganhamos-nada\/#primaryimage"},"image":{"@id":"https:\/\/portaltela.pt\/noticias\/2026\/03\/14\/petit-quer-santa-clara-a-olhar-para-cima-ainda-nao-ganhamos-nada\/#primaryimage"},"thumbnailUrl":"https:\/\/portaltela.pt\/s.01k8rhncp4jt1\/2026\/03\/img_920x518uu2026-02-12-16-25-29-2421156-im-639078959709443700.jpg","datePublished":"2026-03-14T12:12:28+00:00","author":{"@id":"https:\/\/portaltela.pt\/#\/schema\/person\/c4278d4a6028830caff9ee44b42d32ed"},"breadcrumb":{"@id":"https:\/\/portaltela.pt\/noticias\/2026\/03\/14\/petit-quer-santa-clara-a-olhar-para-cima-ainda-nao-ganhamos-nada\/#breadcrumb"},"inLanguage":"pt-PT","potentialAction":[{"@type":"ReadAction","target":["https:\/\/portaltela.pt\/noticias\/2026\/03\/14\/petit-quer-santa-clara-a-olhar-para-cima-ainda-nao-ganhamos-nada\/"]}]},{"@type":"ImageObject","inLanguage":"pt-PT","@id":"https:\/\/portaltela.pt\/noticias\/2026\/03\/14\/petit-quer-santa-clara-a-olhar-para-cima-ainda-nao-ganhamos-nada\/#primaryimage","url":"https:\/\/portaltela.pt\/s.01k8rhncp4jt1\/2026\/03\/img_920x518uu2026-02-12-16-25-29-2421156-im-639078959709443700.jpg","contentUrl":"https:\/\/portaltela.pt\/s.01k8rhncp4jt1\/2026\/03\/img_920x518uu2026-02-12-16-25-29-2421156-im-639078959709443700.jpg","width":796,"height":448,"caption":"Petit, treinador do Santa Clara"},{"@type":"BreadcrumbList","@id":"https:\/\/portaltela.pt\/noticias\/2026\/03\/14\/petit-quer-santa-clara-a-olhar-para-cima-ainda-nao-ganhamos-nada\/#breadcrumb","itemListElement":[{"@type":"ListItem","position":1,"name":"In\u00edcio","item":"https:\/\/portaltela.pt\/"},{"@type":"ListItem","position":2,"name":"Petit quer Santa Clara a olhar para cima: ainda n\u00e3o ganh\u00e1mos nada"}]},{"@type":"WebSite","@id":"https:\/\/portaltela.pt\/#website","url":"https:\/\/portaltela.pt\/","name":"Portal Tela Portugal","description":"","potentialAction":[{"@type":"SearchAction","target":{"@type":"EntryPoint","urlTemplate":"https:\/\/portaltela.pt\/?s={search_term_string}"},"query-input":{"@type":"PropertyValueSpecification","valueRequired":true,"valueName":"search_term_string"}}],"inLanguage":"pt-PT"},{"@type":"Person","@id":"https:\/\/portaltela.pt\/#\/schema\/person\/c4278d4a6028830caff9ee44b42d32ed","name":"Telinha","image":{"@type":"ImageObject","inLanguage":"pt-PT","@id":"https:\/\/portaltela.pt\/s.01k8rhncp4jt1\/2025\/11\/talking-bot-125x125.png","url":"https:\/\/portaltela.pt\/s.01k8rhncp4jt1\/2025\/11\/talking-bot-125x125.png","contentUrl":"https:\/\/portaltela.pt\/s.01k8rhncp4jt1\/2025\/11\/talking-bot-125x125.png","caption":"Telinha"},"sameAs":["https:\/\/portaltela.pt\/"],"url":"https:\/\/portaltela.pt\/por\/367410592786\/"}]}},"_links":{"self":[{"href":"https:\/\/portaltela.pt\/api\/wp\/v2\/posts\/409921","targetHints":{"allow":["GET"]}}],"collection":[{"href":"https:\/\/portaltela.pt\/api\/wp\/v2\/posts"}],"about":[{"href":"https:\/\/portaltela.pt\/api\/wp\/v2\/types\/post"}],"author":[{"embeddable":true,"href":"https:\/\/portaltela.pt\/api\/wp\/v2\/users\/2"}],"replies":[{"embeddable":true,"href":"https:\/\/portaltela.pt\/api\/wp\/v2\/comments?post=409921"}],"version-history":[{"count":0,"href":"https:\/\/portaltela.pt\/api\/wp\/v2\/posts\/409921\/revisions"}],"wp:featuredmedia":[{"embeddable":true,"href":"https:\/\/portaltela.pt\/api\/wp\/v2\/media\/409923"}],"wp:attachment":[{"href":"https:\/\/portaltela.pt\/api\/wp\/v2\/media?parent=409921"}],"wp:term":[{"taxonomy":"category","embeddable":true,"href":"https:\/\/portaltela.pt\/api\/wp\/v2\/categories?post=409921"},{"taxonomy":"post_tag","embeddable":true,"href":"https:\/\/portaltela.pt\/api\/wp\/v2\/tags?post=409921"}],"curies":[{"name":"wp","href":"https:\/\/api.w.org\/{rel}","templated":true}]}}