{"id":409916,"date":"2026-03-14T08:53:08","date_gmt":"2026-03-14T11:53:08","guid":{"rendered":"https:\/\/portaltela.pt\/noticias\/2026\/03\/14\/presidente-do-rebordosa-garante-clube-pronto-para-a-liga-3\/"},"modified":"2026-03-14T08:53:08","modified_gmt":"2026-03-14T11:53:08","slug":"presidente-do-rebordosa-garante-clube-pronto-para-a-liga-3","status":"publish","type":"post","link":"https:\/\/portaltela.pt\/desporto\/futebol\/2026\/03\/14\/presidente-do-rebordosa-garante-clube-pronto-para-a-liga-3\/","title":{"rendered":"Presidente do Rebordosa garante clube pronto para a Liga 3"},"content":{"rendered":"<p>O Rebordosa Atl\u00e9tico Clube (RAC) afirma estar preparado para disputar pela primeira vez a Liga 3, objetivo que pretende alcan\u00e7ar no final da \u00e9poca, marcando o 60.\u00ba anivers\u00e1rio do clube. A garantia \u00e9 do presidente Joaquim Barbosa, em declara\u00e7\u00f5es \u00e0 Lusa.<\/p>\n<p>Segundo Barbosa, o RAC preferiu criar condi\u00e7\u00f5es s\u00f3lidas antes de avan\u00e7ar para subidas competitivas. A dire\u00e7\u00e3o j\u00e1 realizou contactos com v\u00e1rias entidades e realizou ajustes no est\u00e1dio para competir em divis\u00f5es superiores, com a perspetiva de avan\u00e7ar para 2026\/27.<\/p>\n<p>Este ano, a equipa iniciou a \u00e9poca com uma base de jogadores experientes, refor\u00e7ada por novas entradas e por um treinador ambicioso, com contrato renovado ap\u00f3s uma derrota no passado. A dire\u00e7\u00e3o destacou o foco na vitorias e na somat\u00f3ria de pontos.<\/p>\n<p>O RAC tem sido l\u00edder da S\u00e9rie B e est\u00e1 garantido na fase de subida com sete jornadas para o fim. O clube n\u00e3o sofreu derrota no campeonato at\u00e9 ao momento, um feito partilhado apenas pelo Benfica entre os clubes nacionais.<\/p>\n<p>Joaquim Barbosa destacou a liga\u00e7\u00e3o entre o t\u00e9cnico V\u00edtor Gamito e o plantel, sublinhando o compromisso de todos em manter a cad\u00eancia de treino com exig\u00eancia. O objetivo \u00e9 chegar \u00e0 final do Campeonato de Portugal, no Jamor, a 10 de junho.<\/p>\n<p>O presidente refor\u00e7ou que o clube est\u00e1 preparado para enfrentar eventuais contratempos, contando com o departamento m\u00e9dico e a estabilidade da dire\u00e7\u00e3o. Barbosa mencionou ainda a import\u00e2ncia de manter a uni\u00e3o entre dire\u00e7\u00e3o, treinador e jogadores, como pilar do projeto.<\/p>\n<p>Num registo de mem\u00f3ria, Barbosa recordou antigos dirigentes e figuras hist\u00f3ricas do clube, bem como figuras do futebol nacional. O foco atual permanece na ambi\u00e7\u00e3o desportiva, mantendo o Rebordosa centrado na progress\u00e3o competitiva da equipa.<\/p>\n","protected":false},"excerpt":{"rendered":"<ul>\n<li>O Rebordosa Atl\u00e9tico Clube est\u00e1 preparado para disputar, pela primeira vez, a Liga 3, com a subida esperada j\u00e1 em 2026\/27.<\/li>\n<li>O presidente Joaquim Barbosa afirma que o clube concentrou-se primeiro em criar condi\u00e7\u00f5es, com ajustes no est\u00e1dio ap\u00f3s reuni\u00f5es com v\u00e1rias entidades.<\/li>\n<li>A subida \u00e0 Liga 3 coincidiria com o 60.\u00ba anivers\u00e1rio do clube, em maio, e seria o ponto mais alto da hist\u00f3ria do Rebordosa.<\/li>\n<li>A equipa lidera a S\u00e9rie B e n\u00e3o perdeu no campeonato, com o desempenho das primeiras 10 jornadas refor\u00e7ando a ambi\u00e7\u00e3o de chegar ao Jamor na final do Campeonato de Portugal a 10 de junho.<\/li>\n<li>Barbosa destaca a liga\u00e7\u00e3o entre treino exigente do t\u00e9cnico e a ambi\u00e7\u00e3o dos atletas, assegurando um plano para enfrentar a eventual primeira derrota e manter boa rela\u00e7\u00e3o com o treinador V\u00edtor Gamito.<\/li>\n<\/ul>\n","protected":false},"author":2,"featured_media":409918,"comment_status":"closed","ping_status":"closed","sticky":false,"template":"","format":"standard","meta":{"footnotes":""},"categories":[21,24],"tags":[1268,1367,152,32,242,2477],"class_list":["post-409916","post","type-post","status-publish","format-standard","has-post-thumbnail","hentry","category-desporto","category-futebol","tag-campeonato-de-portugal","tag-clubes","tag-desporto","tag-futebol","tag-jogadores","tag-treinadores"],"yoast_head":"<!-- This site is optimized with the Yoast SEO plugin v27.2 - https:\/\/yoast.com\/product\/yoast-seo-wordpress\/ -->\n<title>Presidente do Rebordosa garante clube pronto para a Liga 3 - Portal Tela Portugal<\/title>\n<meta name=\"robots\" content=\"index, follow, max-snippet:-1, max-image-preview:large, max-video-preview:-1\" \/>\n<meta property=\"og:locale\" content=\"pt_PT\" \/>\n<meta property=\"og:type\" content=\"article\" \/>\n<meta property=\"og:title\" content=\"Presidente do Rebordosa garante clube pronto para a Liga 3 - Portal Tela Portugal\" \/>\n<meta property=\"og:description\" content=\"O Rebordosa Atl\u00e9tico Clube est\u00e1 preparado para disputar, pela primeira vez, a Liga 3, com a subida esperada j\u00e1 em 2026\/27. O presidente Joaquim Barbosa afirma que o clube concentrou-se primeiro em criar condi\u00e7\u00f5es, com ajustes no est\u00e1dio ap\u00f3s reuni\u00f5es com v\u00e1rias entidades. A subida \u00e0 Liga 3 coincidiria com o 60.\u00ba anivers\u00e1rio do clube, em maio, e seria o ponto mais alto da hist\u00f3ria do Rebordosa. A equipa lidera a S\u00e9rie B e n\u00e3o perdeu no campeonato, com o desempenho das primeiras 10 jornadas refor\u00e7ando a ambi\u00e7\u00e3o de chegar ao Jamor na final do Campeonato de Portugal a 10 de junho. Barbosa destaca a liga\u00e7\u00e3o entre treino exigente do t\u00e9cnico e a ambi\u00e7\u00e3o dos atletas, assegurando um plano para enfrentar a eventual primeira derrota e manter boa rela\u00e7\u00e3o com o treinador V\u00edtor Gamito.\" \/>\n<meta property=\"og:url\" content=\"https:\/\/portaltela.pt\/noticias\/2026\/03\/14\/presidente-do-rebordosa-garante-clube-pronto-para-a-liga-3\/\" \/>\n<meta property=\"og:site_name\" content=\"Portal Tela Portugal\" \/>\n<meta property=\"article:published_time\" content=\"2026-03-14T11:53:08+00:00\" \/>\n<meta name=\"author\" content=\"Telinha\" \/>\n<meta name=\"twitter:card\" content=\"summary_large_image\" \/>\n<meta name=\"twitter:label1\" content=\"Escrito por\" \/>\n\t<meta name=\"twitter:data1\" content=\"Telinha\" \/>\n\t<meta name=\"twitter:label2\" content=\"Tempo estimado de leitura\" \/>\n\t<meta name=\"twitter:data2\" content=\"2 minutos\" \/>\n<script type=\"application\/ld+json\" class=\"yoast-schema-graph\">{\"@context\":\"https:\/\/schema.org\",\"@graph\":[{\"@type\":\"Article\",\"@id\":\"https:\/\/portaltela.pt\/noticias\/2026\/03\/14\/presidente-do-rebordosa-garante-clube-pronto-para-a-liga-3\/#article\",\"isPartOf\":{\"@id\":\"https:\/\/portaltela.pt\/noticias\/2026\/03\/14\/presidente-do-rebordosa-garante-clube-pronto-para-a-liga-3\/\"},\"author\":{\"name\":\"Telinha\",\"@id\":\"https:\/\/portaltela.pt\/#\/schema\/person\/c4278d4a6028830caff9ee44b42d32ed\"},\"headline\":\"Presidente do Rebordosa garante clube pronto para a Liga 3\",\"datePublished\":\"2026-03-14T11:53:08+00:00\",\"mainEntityOfPage\":{\"@id\":\"https:\/\/portaltela.pt\/noticias\/2026\/03\/14\/presidente-do-rebordosa-garante-clube-pronto-para-a-liga-3\/\"},\"wordCount\":315,\"image\":{\"@id\":\"https:\/\/portaltela.pt\/noticias\/2026\/03\/14\/presidente-do-rebordosa-garante-clube-pronto-para-a-liga-3\/#primaryimage\"},\"thumbnailUrl\":\"https:\/\/portaltela.pt\/s.01k8rhncp4jt1\/2026\/03\/img_920x518uu2026-03-14-11-46-02-2426836.jpg\",\"keywords\":[\"Campeonato de Portugal\",\"clubes\",\"desporto\",\"futebol\",\"jogadores\",\"treinadores\"],\"articleSection\":[\"Desporto\",\"Futebol\"],\"inLanguage\":\"pt-PT\"},{\"@type\":\"WebPage\",\"@id\":\"https:\/\/portaltela.pt\/noticias\/2026\/03\/14\/presidente-do-rebordosa-garante-clube-pronto-para-a-liga-3\/\",\"url\":\"https:\/\/portaltela.pt\/noticias\/2026\/03\/14\/presidente-do-rebordosa-garante-clube-pronto-para-a-liga-3\/\",\"name\":\"Presidente do Rebordosa garante clube pronto para a Liga 3 - Portal Tela Portugal\",\"isPartOf\":{\"@id\":\"https:\/\/portaltela.pt\/#website\"},\"primaryImageOfPage\":{\"@id\":\"https:\/\/portaltela.pt\/noticias\/2026\/03\/14\/presidente-do-rebordosa-garante-clube-pronto-para-a-liga-3\/#primaryimage\"},\"image\":{\"@id\":\"https:\/\/portaltela.pt\/noticias\/2026\/03\/14\/presidente-do-rebordosa-garante-clube-pronto-para-a-liga-3\/#primaryimage\"},\"thumbnailUrl\":\"https:\/\/portaltela.pt\/s.01k8rhncp4jt1\/2026\/03\/img_920x518uu2026-03-14-11-46-02-2426836.jpg\",\"datePublished\":\"2026-03-14T11:53:08+00:00\",\"author\":{\"@id\":\"https:\/\/portaltela.pt\/#\/schema\/person\/c4278d4a6028830caff9ee44b42d32ed\"},\"breadcrumb\":{\"@id\":\"https:\/\/portaltela.pt\/noticias\/2026\/03\/14\/presidente-do-rebordosa-garante-clube-pronto-para-a-liga-3\/#breadcrumb\"},\"inLanguage\":\"pt-PT\",\"potentialAction\":[{\"@type\":\"ReadAction\",\"target\":[\"https:\/\/portaltela.pt\/noticias\/2026\/03\/14\/presidente-do-rebordosa-garante-clube-pronto-para-a-liga-3\/\"]}]},{\"@type\":\"ImageObject\",\"inLanguage\":\"pt-PT\",\"@id\":\"https:\/\/portaltela.pt\/noticias\/2026\/03\/14\/presidente-do-rebordosa-garante-clube-pronto-para-a-liga-3\/#primaryimage\",\"url\":\"https:\/\/portaltela.pt\/s.01k8rhncp4jt1\/2026\/03\/img_920x518uu2026-03-14-11-46-02-2426836.jpg\",\"contentUrl\":\"https:\/\/portaltela.pt\/s.01k8rhncp4jt1\/2026\/03\/img_920x518uu2026-03-14-11-46-02-2426836.jpg\",\"width\":796,\"height\":448,\"caption\":\"Rebordosa Atl\u00e9tico Clube (RAC)\"},{\"@type\":\"BreadcrumbList\",\"@id\":\"https:\/\/portaltela.pt\/noticias\/2026\/03\/14\/presidente-do-rebordosa-garante-clube-pronto-para-a-liga-3\/#breadcrumb\",\"itemListElement\":[{\"@type\":\"ListItem\",\"position\":1,\"name\":\"In\u00edcio\",\"item\":\"https:\/\/portaltela.pt\/\"},{\"@type\":\"ListItem\",\"position\":2,\"name\":\"Presidente do Rebordosa garante clube pronto para a Liga 3\"}]},{\"@type\":\"WebSite\",\"@id\":\"https:\/\/portaltela.pt\/#website\",\"url\":\"https:\/\/portaltela.pt\/\",\"name\":\"Portal Tela Portugal\",\"description\":\"\",\"potentialAction\":[{\"@type\":\"SearchAction\",\"target\":{\"@type\":\"EntryPoint\",\"urlTemplate\":\"https:\/\/portaltela.pt\/?s={search_term_string}\"},\"query-input\":{\"@type\":\"PropertyValueSpecification\",\"valueRequired\":true,\"valueName\":\"search_term_string\"}}],\"inLanguage\":\"pt-PT\"},{\"@type\":\"Person\",\"@id\":\"https:\/\/portaltela.pt\/#\/schema\/person\/c4278d4a6028830caff9ee44b42d32ed\",\"name\":\"Telinha\",\"image\":{\"@type\":\"ImageObject\",\"inLanguage\":\"pt-PT\",\"@id\":\"https:\/\/portaltela.pt\/s.01k8rhncp4jt1\/2025\/11\/talking-bot-125x125.png\",\"url\":\"https:\/\/portaltela.pt\/s.01k8rhncp4jt1\/2025\/11\/talking-bot-125x125.png\",\"contentUrl\":\"https:\/\/portaltela.pt\/s.01k8rhncp4jt1\/2025\/11\/talking-bot-125x125.png\",\"caption\":\"Telinha\"},\"sameAs\":[\"https:\/\/portaltela.pt\/\"],\"url\":\"https:\/\/portaltela.pt\/por\/367410592786\/\"}]}<\/script>\n<!-- \/ Yoast SEO plugin. -->","yoast_head_json":{"title":"Presidente do Rebordosa garante clube pronto para a Liga 3 - Portal Tela Portugal","robots":{"index":"index","follow":"follow","max-snippet":"max-snippet:-1","max-image-preview":"max-image-preview:large","max-video-preview":"max-video-preview:-1"},"og_locale":"pt_PT","og_type":"article","og_title":"Presidente do Rebordosa garante clube pronto para a Liga 3 - Portal Tela Portugal","og_description":"O Rebordosa Atl\u00e9tico Clube est\u00e1 preparado para disputar, pela primeira vez, a Liga 3, com a subida esperada j\u00e1 em 2026\/27. O presidente Joaquim Barbosa afirma que o clube concentrou-se primeiro em criar condi\u00e7\u00f5es, com ajustes no est\u00e1dio ap\u00f3s reuni\u00f5es com v\u00e1rias entidades. A subida \u00e0 Liga 3 coincidiria com o 60.\u00ba anivers\u00e1rio do clube, em maio, e seria o ponto mais alto da hist\u00f3ria do Rebordosa. A equipa lidera a S\u00e9rie B e n\u00e3o perdeu no campeonato, com o desempenho das primeiras 10 jornadas refor\u00e7ando a ambi\u00e7\u00e3o de chegar ao Jamor na final do Campeonato de Portugal a 10 de junho. Barbosa destaca a liga\u00e7\u00e3o entre treino exigente do t\u00e9cnico e a ambi\u00e7\u00e3o dos atletas, assegurando um plano para enfrentar a eventual primeira derrota e manter boa rela\u00e7\u00e3o com o treinador V\u00edtor Gamito.","og_url":"https:\/\/portaltela.pt\/noticias\/2026\/03\/14\/presidente-do-rebordosa-garante-clube-pronto-para-a-liga-3\/","og_site_name":"Portal Tela Portugal","article_published_time":"2026-03-14T11:53:08+00:00","author":"Telinha","twitter_card":"summary_large_image","twitter_misc":{"Escrito por":"Telinha","Tempo estimado de leitura":"2 minutos"},"schema":{"@context":"https:\/\/schema.org","@graph":[{"@type":"Article","@id":"https:\/\/portaltela.pt\/noticias\/2026\/03\/14\/presidente-do-rebordosa-garante-clube-pronto-para-a-liga-3\/#article","isPartOf":{"@id":"https:\/\/portaltela.pt\/noticias\/2026\/03\/14\/presidente-do-rebordosa-garante-clube-pronto-para-a-liga-3\/"},"author":{"name":"Telinha","@id":"https:\/\/portaltela.pt\/#\/schema\/person\/c4278d4a6028830caff9ee44b42d32ed"},"headline":"Presidente do Rebordosa garante clube pronto para a Liga 3","datePublished":"2026-03-14T11:53:08+00:00","mainEntityOfPage":{"@id":"https:\/\/portaltela.pt\/noticias\/2026\/03\/14\/presidente-do-rebordosa-garante-clube-pronto-para-a-liga-3\/"},"wordCount":315,"image":{"@id":"https:\/\/portaltela.pt\/noticias\/2026\/03\/14\/presidente-do-rebordosa-garante-clube-pronto-para-a-liga-3\/#primaryimage"},"thumbnailUrl":"https:\/\/portaltela.pt\/s.01k8rhncp4jt1\/2026\/03\/img_920x518uu2026-03-14-11-46-02-2426836.jpg","keywords":["Campeonato de Portugal","clubes","desporto","futebol","jogadores","treinadores"],"articleSection":["Desporto","Futebol"],"inLanguage":"pt-PT"},{"@type":"WebPage","@id":"https:\/\/portaltela.pt\/noticias\/2026\/03\/14\/presidente-do-rebordosa-garante-clube-pronto-para-a-liga-3\/","url":"https:\/\/portaltela.pt\/noticias\/2026\/03\/14\/presidente-do-rebordosa-garante-clube-pronto-para-a-liga-3\/","name":"Presidente do Rebordosa garante clube pronto para a Liga 3 - Portal Tela Portugal","isPartOf":{"@id":"https:\/\/portaltela.pt\/#website"},"primaryImageOfPage":{"@id":"https:\/\/portaltela.pt\/noticias\/2026\/03\/14\/presidente-do-rebordosa-garante-clube-pronto-para-a-liga-3\/#primaryimage"},"image":{"@id":"https:\/\/portaltela.pt\/noticias\/2026\/03\/14\/presidente-do-rebordosa-garante-clube-pronto-para-a-liga-3\/#primaryimage"},"thumbnailUrl":"https:\/\/portaltela.pt\/s.01k8rhncp4jt1\/2026\/03\/img_920x518uu2026-03-14-11-46-02-2426836.jpg","datePublished":"2026-03-14T11:53:08+00:00","author":{"@id":"https:\/\/portaltela.pt\/#\/schema\/person\/c4278d4a6028830caff9ee44b42d32ed"},"breadcrumb":{"@id":"https:\/\/portaltela.pt\/noticias\/2026\/03\/14\/presidente-do-rebordosa-garante-clube-pronto-para-a-liga-3\/#breadcrumb"},"inLanguage":"pt-PT","potentialAction":[{"@type":"ReadAction","target":["https:\/\/portaltela.pt\/noticias\/2026\/03\/14\/presidente-do-rebordosa-garante-clube-pronto-para-a-liga-3\/"]}]},{"@type":"ImageObject","inLanguage":"pt-PT","@id":"https:\/\/portaltela.pt\/noticias\/2026\/03\/14\/presidente-do-rebordosa-garante-clube-pronto-para-a-liga-3\/#primaryimage","url":"https:\/\/portaltela.pt\/s.01k8rhncp4jt1\/2026\/03\/img_920x518uu2026-03-14-11-46-02-2426836.jpg","contentUrl":"https:\/\/portaltela.pt\/s.01k8rhncp4jt1\/2026\/03\/img_920x518uu2026-03-14-11-46-02-2426836.jpg","width":796,"height":448,"caption":"Rebordosa Atl\u00e9tico Clube (RAC)"},{"@type":"BreadcrumbList","@id":"https:\/\/portaltela.pt\/noticias\/2026\/03\/14\/presidente-do-rebordosa-garante-clube-pronto-para-a-liga-3\/#breadcrumb","itemListElement":[{"@type":"ListItem","position":1,"name":"In\u00edcio","item":"https:\/\/portaltela.pt\/"},{"@type":"ListItem","position":2,"name":"Presidente do Rebordosa garante clube pronto para a Liga 3"}]},{"@type":"WebSite","@id":"https:\/\/portaltela.pt\/#website","url":"https:\/\/portaltela.pt\/","name":"Portal Tela Portugal","description":"","potentialAction":[{"@type":"SearchAction","target":{"@type":"EntryPoint","urlTemplate":"https:\/\/portaltela.pt\/?s={search_term_string}"},"query-input":{"@type":"PropertyValueSpecification","valueRequired":true,"valueName":"search_term_string"}}],"inLanguage":"pt-PT"},{"@type":"Person","@id":"https:\/\/portaltela.pt\/#\/schema\/person\/c4278d4a6028830caff9ee44b42d32ed","name":"Telinha","image":{"@type":"ImageObject","inLanguage":"pt-PT","@id":"https:\/\/portaltela.pt\/s.01k8rhncp4jt1\/2025\/11\/talking-bot-125x125.png","url":"https:\/\/portaltela.pt\/s.01k8rhncp4jt1\/2025\/11\/talking-bot-125x125.png","contentUrl":"https:\/\/portaltela.pt\/s.01k8rhncp4jt1\/2025\/11\/talking-bot-125x125.png","caption":"Telinha"},"sameAs":["https:\/\/portaltela.pt\/"],"url":"https:\/\/portaltela.pt\/por\/367410592786\/"}]}},"_links":{"self":[{"href":"https:\/\/portaltela.pt\/api\/wp\/v2\/posts\/409916","targetHints":{"allow":["GET"]}}],"collection":[{"href":"https:\/\/portaltela.pt\/api\/wp\/v2\/posts"}],"about":[{"href":"https:\/\/portaltela.pt\/api\/wp\/v2\/types\/post"}],"author":[{"embeddable":true,"href":"https:\/\/portaltela.pt\/api\/wp\/v2\/users\/2"}],"replies":[{"embeddable":true,"href":"https:\/\/portaltela.pt\/api\/wp\/v2\/comments?post=409916"}],"version-history":[{"count":0,"href":"https:\/\/portaltela.pt\/api\/wp\/v2\/posts\/409916\/revisions"}],"wp:featuredmedia":[{"embeddable":true,"href":"https:\/\/portaltela.pt\/api\/wp\/v2\/media\/409918"}],"wp:attachment":[{"href":"https:\/\/portaltela.pt\/api\/wp\/v2\/media?parent=409916"}],"wp:term":[{"taxonomy":"category","embeddable":true,"href":"https:\/\/portaltela.pt\/api\/wp\/v2\/categories?post=409916"},{"taxonomy":"post_tag","embeddable":true,"href":"https:\/\/portaltela.pt\/api\/wp\/v2\/tags?post=409916"}],"curies":[{"name":"wp","href":"https:\/\/api.w.org\/{rel}","templated":true}]}}