{"id":409889,"date":"2026-03-14T07:21:00","date_gmt":"2026-03-14T10:21:00","guid":{"rendered":"https:\/\/portaltela.pt\/noticias\/2026\/03\/14\/primeiros-lotes-de-celulas-car-t-em-portugal-ficam-prontos-no-final-do-ano\/"},"modified":"2026-03-14T07:21:00","modified_gmt":"2026-03-14T10:21:00","slug":"primeiros-lotes-de-celulas-car-t-em-portugal-ficam-prontos-no-final-do-ano","status":"publish","type":"post","link":"https:\/\/portaltela.pt\/noticias\/2026\/03\/14\/primeiros-lotes-de-celulas-car-t-em-portugal-ficam-prontos-no-final-do-ano\/","title":{"rendered":"Primeiros lotes de c\u00e9lulas CAR-T em Portugal ficam prontos no final do ano"},"content":{"rendered":"<p>Os primeiros lotes de simula\u00e7\u00e3o de c\u00e9lulas CAR-T devem ficar prontos no final deste ano no IPO do Porto. O projeto prev\u00ea a cria\u00e7\u00e3o de um centro de produ\u00e7\u00e3o dedicado a esta imunoterapia inovadora, em funcionamento no Porto, Portugal.<\/p>\n<p>O esfor\u00e7o est\u00e1 em fase de execu\u00e7\u00e3o, com a constru\u00e7\u00e3o da infraestrutura a avan\u00e7ar e as equipas a serem capacitadas para trabalhar com as c\u00e9lulas CAR-T. O financiamento resulta de duas linhas do Plano de Recupera\u00e7\u00e3o e Resili\u00eancia (PRR).<\/p>\n<p>Al\u00e9m da montagem f\u00edsica do laborat\u00f3rio, o projeto contempla a forma\u00e7\u00e3o t\u00e9cnica das equipas e a implementa\u00e7\u00e3o de processos para a produ\u00e7\u00e3o e controlo de qualidade das c\u00e9lulas CAR-T. A iniciativa refor\u00e7a a capacidade nacional em terapias avan\u00e7adas.<\/p>\n","protected":false},"excerpt":{"rendered":"<ul>\n<li>Os primeiros lotes de simula\u00e7\u00e3o de c\u00e9lulas CAR-T do IPO do Porto devem ficar prontos no final do ano.<\/li>\n<li>O projeto de produ\u00e7\u00e3o est\u00e1 em execu\u00e7\u00e3o e \u00e9 financiado por duas linhas do Plano de Recupera\u00e7\u00e3o e Resili\u00eancia (PRR).<\/li>\n<li>Al\u00e9m da constru\u00e7\u00e3o da infraestrutura, as equipas est\u00e3o a ser capacitadas para trabalhar com a imunoterapia CAR-T.<\/li>\n<li>O IPO do Porto avan\u00e7a com a implementa\u00e7\u00e3o do centro de produ\u00e7\u00e3o de CAR-T.<\/li>\n<\/ul>\n","protected":false},"author":2,"featured_media":409891,"comment_status":"closed","ping_status":"closed","sticky":false,"template":"","format":"standard","meta":{"footnotes":""},"categories":[1],"tags":[241,1992,982,1014,172,153],"class_list":["post-409889","post","type-post","status-publish","format-standard","has-post-thumbnail","hentry","category-noticias","tag-biotecnologia","tag-ciencia","tag-porto","tag-portugal","tag-saude","tag-tecnologia"],"yoast_head":"<!-- This site is optimized with the Yoast SEO plugin v27.2 - https:\/\/yoast.com\/product\/yoast-seo-wordpress\/ -->\n<title>Primeiros lotes de c\u00e9lulas CAR-T em Portugal ficam prontos no final do ano - Portal Tela Portugal<\/title>\n<meta name=\"robots\" content=\"index, follow, max-snippet:-1, max-image-preview:large, max-video-preview:-1\" \/>\n<meta property=\"og:locale\" content=\"pt_PT\" \/>\n<meta property=\"og:type\" content=\"article\" \/>\n<meta property=\"og:title\" content=\"Primeiros lotes de c\u00e9lulas CAR-T em Portugal ficam prontos no final do ano - Portal Tela Portugal\" \/>\n<meta property=\"og:description\" content=\"Os primeiros lotes de simula\u00e7\u00e3o de c\u00e9lulas CAR-T do IPO do Porto devem ficar prontos no final do ano. O projeto de produ\u00e7\u00e3o est\u00e1 em execu\u00e7\u00e3o e \u00e9 financiado por duas linhas do Plano de Recupera\u00e7\u00e3o e Resili\u00eancia (PRR). Al\u00e9m da constru\u00e7\u00e3o da infraestrutura, as equipas est\u00e3o a ser capacitadas para trabalhar com a imunoterapia CAR-T. O IPO do Porto avan\u00e7a com a implementa\u00e7\u00e3o do centro de produ\u00e7\u00e3o de CAR-T.\" \/>\n<meta property=\"og:url\" content=\"https:\/\/portaltela.pt\/noticias\/2026\/03\/14\/primeiros-lotes-de-celulas-car-t-em-portugal-ficam-prontos-no-final-do-ano\/\" \/>\n<meta property=\"og:site_name\" content=\"Portal Tela Portugal\" \/>\n<meta property=\"article:published_time\" content=\"2026-03-14T10:21:00+00:00\" \/>\n<meta name=\"author\" content=\"Telinha\" \/>\n<meta name=\"twitter:card\" content=\"summary_large_image\" \/>\n<meta name=\"twitter:label1\" content=\"Escrito por\" \/>\n\t<meta name=\"twitter:data1\" content=\"Telinha\" \/>\n\t<meta name=\"twitter:label2\" content=\"Tempo estimado de leitura\" \/>\n\t<meta name=\"twitter:data2\" content=\"1 minuto\" \/>\n<script type=\"application\/ld+json\" class=\"yoast-schema-graph\">{\"@context\":\"https:\/\/schema.org\",\"@graph\":[{\"@type\":\"Article\",\"@id\":\"https:\/\/portaltela.pt\/noticias\/2026\/03\/14\/primeiros-lotes-de-celulas-car-t-em-portugal-ficam-prontos-no-final-do-ano\/#article\",\"isPartOf\":{\"@id\":\"https:\/\/portaltela.pt\/noticias\/2026\/03\/14\/primeiros-lotes-de-celulas-car-t-em-portugal-ficam-prontos-no-final-do-ano\/\"},\"author\":{\"name\":\"Telinha\",\"@id\":\"https:\/\/portaltela.pt\/#\/schema\/person\/c4278d4a6028830caff9ee44b42d32ed\"},\"headline\":\"Primeiros lotes de c\u00e9lulas CAR-T em Portugal ficam prontos no final do ano\",\"datePublished\":\"2026-03-14T10:21:00+00:00\",\"mainEntityOfPage\":{\"@id\":\"https:\/\/portaltela.pt\/noticias\/2026\/03\/14\/primeiros-lotes-de-celulas-car-t-em-portugal-ficam-prontos-no-final-do-ano\/\"},\"wordCount\":151,\"image\":{\"@id\":\"https:\/\/portaltela.pt\/noticias\/2026\/03\/14\/primeiros-lotes-de-celulas-car-t-em-portugal-ficam-prontos-no-final-do-ano\/#primaryimage\"},\"thumbnailUrl\":\"https:\/\/portaltela.pt\/s.01k8rhncp4jt1\/2026\/03\/image-929.jpg\",\"keywords\":[\"biotecnologia\",\"ci\u00eancia\",\"Porto\",\"Portugal\",\"sa\u00fade\",\"tecnologia\"],\"articleSection\":[\"Not\u00edcias\"],\"inLanguage\":\"pt-PT\"},{\"@type\":\"WebPage\",\"@id\":\"https:\/\/portaltela.pt\/noticias\/2026\/03\/14\/primeiros-lotes-de-celulas-car-t-em-portugal-ficam-prontos-no-final-do-ano\/\",\"url\":\"https:\/\/portaltela.pt\/noticias\/2026\/03\/14\/primeiros-lotes-de-celulas-car-t-em-portugal-ficam-prontos-no-final-do-ano\/\",\"name\":\"Primeiros lotes de c\u00e9lulas CAR-T em Portugal ficam prontos no final do ano - Portal Tela Portugal\",\"isPartOf\":{\"@id\":\"https:\/\/portaltela.pt\/#website\"},\"primaryImageOfPage\":{\"@id\":\"https:\/\/portaltela.pt\/noticias\/2026\/03\/14\/primeiros-lotes-de-celulas-car-t-em-portugal-ficam-prontos-no-final-do-ano\/#primaryimage\"},\"image\":{\"@id\":\"https:\/\/portaltela.pt\/noticias\/2026\/03\/14\/primeiros-lotes-de-celulas-car-t-em-portugal-ficam-prontos-no-final-do-ano\/#primaryimage\"},\"thumbnailUrl\":\"https:\/\/portaltela.pt\/s.01k8rhncp4jt1\/2026\/03\/image-929.jpg\",\"datePublished\":\"2026-03-14T10:21:00+00:00\",\"author\":{\"@id\":\"https:\/\/portaltela.pt\/#\/schema\/person\/c4278d4a6028830caff9ee44b42d32ed\"},\"breadcrumb\":{\"@id\":\"https:\/\/portaltela.pt\/noticias\/2026\/03\/14\/primeiros-lotes-de-celulas-car-t-em-portugal-ficam-prontos-no-final-do-ano\/#breadcrumb\"},\"inLanguage\":\"pt-PT\",\"potentialAction\":[{\"@type\":\"ReadAction\",\"target\":[\"https:\/\/portaltela.pt\/noticias\/2026\/03\/14\/primeiros-lotes-de-celulas-car-t-em-portugal-ficam-prontos-no-final-do-ano\/\"]}]},{\"@type\":\"ImageObject\",\"inLanguage\":\"pt-PT\",\"@id\":\"https:\/\/portaltela.pt\/noticias\/2026\/03\/14\/primeiros-lotes-de-celulas-car-t-em-portugal-ficam-prontos-no-final-do-ano\/#primaryimage\",\"url\":\"https:\/\/portaltela.pt\/s.01k8rhncp4jt1\/2026\/03\/image-929.jpg\",\"contentUrl\":\"https:\/\/portaltela.pt\/s.01k8rhncp4jt1\/2026\/03\/image-929.jpg\",\"width\":796,\"height\":448,\"caption\":\"Projeto de cria\u00e7\u00e3o de c\u00e9lulas CAR-T do IPO do Porto tem investimento do PRR\"},{\"@type\":\"BreadcrumbList\",\"@id\":\"https:\/\/portaltela.pt\/noticias\/2026\/03\/14\/primeiros-lotes-de-celulas-car-t-em-portugal-ficam-prontos-no-final-do-ano\/#breadcrumb\",\"itemListElement\":[{\"@type\":\"ListItem\",\"position\":1,\"name\":\"In\u00edcio\",\"item\":\"https:\/\/portaltela.pt\/\"},{\"@type\":\"ListItem\",\"position\":2,\"name\":\"Primeiros lotes de c\u00e9lulas CAR-T em Portugal ficam prontos no final do ano\"}]},{\"@type\":\"WebSite\",\"@id\":\"https:\/\/portaltela.pt\/#website\",\"url\":\"https:\/\/portaltela.pt\/\",\"name\":\"Portal Tela Portugal\",\"description\":\"\",\"potentialAction\":[{\"@type\":\"SearchAction\",\"target\":{\"@type\":\"EntryPoint\",\"urlTemplate\":\"https:\/\/portaltela.pt\/?s={search_term_string}\"},\"query-input\":{\"@type\":\"PropertyValueSpecification\",\"valueRequired\":true,\"valueName\":\"search_term_string\"}}],\"inLanguage\":\"pt-PT\"},{\"@type\":\"Person\",\"@id\":\"https:\/\/portaltela.pt\/#\/schema\/person\/c4278d4a6028830caff9ee44b42d32ed\",\"name\":\"Telinha\",\"image\":{\"@type\":\"ImageObject\",\"inLanguage\":\"pt-PT\",\"@id\":\"https:\/\/portaltela.pt\/s.01k8rhncp4jt1\/2025\/11\/talking-bot-125x125.png\",\"url\":\"https:\/\/portaltela.pt\/s.01k8rhncp4jt1\/2025\/11\/talking-bot-125x125.png\",\"contentUrl\":\"https:\/\/portaltela.pt\/s.01k8rhncp4jt1\/2025\/11\/talking-bot-125x125.png\",\"caption\":\"Telinha\"},\"sameAs\":[\"https:\/\/portaltela.pt\/\"],\"url\":\"https:\/\/portaltela.pt\/por\/367410592786\/\"}]}<\/script>\n<!-- \/ Yoast SEO plugin. -->","yoast_head_json":{"title":"Primeiros lotes de c\u00e9lulas CAR-T em Portugal ficam prontos no final do ano - Portal Tela Portugal","robots":{"index":"index","follow":"follow","max-snippet":"max-snippet:-1","max-image-preview":"max-image-preview:large","max-video-preview":"max-video-preview:-1"},"og_locale":"pt_PT","og_type":"article","og_title":"Primeiros lotes de c\u00e9lulas CAR-T em Portugal ficam prontos no final do ano - Portal Tela Portugal","og_description":"Os primeiros lotes de simula\u00e7\u00e3o de c\u00e9lulas CAR-T do IPO do Porto devem ficar prontos no final do ano. O projeto de produ\u00e7\u00e3o est\u00e1 em execu\u00e7\u00e3o e \u00e9 financiado por duas linhas do Plano de Recupera\u00e7\u00e3o e Resili\u00eancia (PRR). Al\u00e9m da constru\u00e7\u00e3o da infraestrutura, as equipas est\u00e3o a ser capacitadas para trabalhar com a imunoterapia CAR-T. O IPO do Porto avan\u00e7a com a implementa\u00e7\u00e3o do centro de produ\u00e7\u00e3o de CAR-T.","og_url":"https:\/\/portaltela.pt\/noticias\/2026\/03\/14\/primeiros-lotes-de-celulas-car-t-em-portugal-ficam-prontos-no-final-do-ano\/","og_site_name":"Portal Tela Portugal","article_published_time":"2026-03-14T10:21:00+00:00","author":"Telinha","twitter_card":"summary_large_image","twitter_misc":{"Escrito por":"Telinha","Tempo estimado de leitura":"1 minuto"},"schema":{"@context":"https:\/\/schema.org","@graph":[{"@type":"Article","@id":"https:\/\/portaltela.pt\/noticias\/2026\/03\/14\/primeiros-lotes-de-celulas-car-t-em-portugal-ficam-prontos-no-final-do-ano\/#article","isPartOf":{"@id":"https:\/\/portaltela.pt\/noticias\/2026\/03\/14\/primeiros-lotes-de-celulas-car-t-em-portugal-ficam-prontos-no-final-do-ano\/"},"author":{"name":"Telinha","@id":"https:\/\/portaltela.pt\/#\/schema\/person\/c4278d4a6028830caff9ee44b42d32ed"},"headline":"Primeiros lotes de c\u00e9lulas CAR-T em Portugal ficam prontos no final do ano","datePublished":"2026-03-14T10:21:00+00:00","mainEntityOfPage":{"@id":"https:\/\/portaltela.pt\/noticias\/2026\/03\/14\/primeiros-lotes-de-celulas-car-t-em-portugal-ficam-prontos-no-final-do-ano\/"},"wordCount":151,"image":{"@id":"https:\/\/portaltela.pt\/noticias\/2026\/03\/14\/primeiros-lotes-de-celulas-car-t-em-portugal-ficam-prontos-no-final-do-ano\/#primaryimage"},"thumbnailUrl":"https:\/\/portaltela.pt\/s.01k8rhncp4jt1\/2026\/03\/image-929.jpg","keywords":["biotecnologia","ci\u00eancia","Porto","Portugal","sa\u00fade","tecnologia"],"articleSection":["Not\u00edcias"],"inLanguage":"pt-PT"},{"@type":"WebPage","@id":"https:\/\/portaltela.pt\/noticias\/2026\/03\/14\/primeiros-lotes-de-celulas-car-t-em-portugal-ficam-prontos-no-final-do-ano\/","url":"https:\/\/portaltela.pt\/noticias\/2026\/03\/14\/primeiros-lotes-de-celulas-car-t-em-portugal-ficam-prontos-no-final-do-ano\/","name":"Primeiros lotes de c\u00e9lulas CAR-T em Portugal ficam prontos no final do ano - Portal Tela Portugal","isPartOf":{"@id":"https:\/\/portaltela.pt\/#website"},"primaryImageOfPage":{"@id":"https:\/\/portaltela.pt\/noticias\/2026\/03\/14\/primeiros-lotes-de-celulas-car-t-em-portugal-ficam-prontos-no-final-do-ano\/#primaryimage"},"image":{"@id":"https:\/\/portaltela.pt\/noticias\/2026\/03\/14\/primeiros-lotes-de-celulas-car-t-em-portugal-ficam-prontos-no-final-do-ano\/#primaryimage"},"thumbnailUrl":"https:\/\/portaltela.pt\/s.01k8rhncp4jt1\/2026\/03\/image-929.jpg","datePublished":"2026-03-14T10:21:00+00:00","author":{"@id":"https:\/\/portaltela.pt\/#\/schema\/person\/c4278d4a6028830caff9ee44b42d32ed"},"breadcrumb":{"@id":"https:\/\/portaltela.pt\/noticias\/2026\/03\/14\/primeiros-lotes-de-celulas-car-t-em-portugal-ficam-prontos-no-final-do-ano\/#breadcrumb"},"inLanguage":"pt-PT","potentialAction":[{"@type":"ReadAction","target":["https:\/\/portaltela.pt\/noticias\/2026\/03\/14\/primeiros-lotes-de-celulas-car-t-em-portugal-ficam-prontos-no-final-do-ano\/"]}]},{"@type":"ImageObject","inLanguage":"pt-PT","@id":"https:\/\/portaltela.pt\/noticias\/2026\/03\/14\/primeiros-lotes-de-celulas-car-t-em-portugal-ficam-prontos-no-final-do-ano\/#primaryimage","url":"https:\/\/portaltela.pt\/s.01k8rhncp4jt1\/2026\/03\/image-929.jpg","contentUrl":"https:\/\/portaltela.pt\/s.01k8rhncp4jt1\/2026\/03\/image-929.jpg","width":796,"height":448,"caption":"Projeto de cria\u00e7\u00e3o de c\u00e9lulas CAR-T do IPO do Porto tem investimento do PRR"},{"@type":"BreadcrumbList","@id":"https:\/\/portaltela.pt\/noticias\/2026\/03\/14\/primeiros-lotes-de-celulas-car-t-em-portugal-ficam-prontos-no-final-do-ano\/#breadcrumb","itemListElement":[{"@type":"ListItem","position":1,"name":"In\u00edcio","item":"https:\/\/portaltela.pt\/"},{"@type":"ListItem","position":2,"name":"Primeiros lotes de c\u00e9lulas CAR-T em Portugal ficam prontos no final do ano"}]},{"@type":"WebSite","@id":"https:\/\/portaltela.pt\/#website","url":"https:\/\/portaltela.pt\/","name":"Portal Tela Portugal","description":"","potentialAction":[{"@type":"SearchAction","target":{"@type":"EntryPoint","urlTemplate":"https:\/\/portaltela.pt\/?s={search_term_string}"},"query-input":{"@type":"PropertyValueSpecification","valueRequired":true,"valueName":"search_term_string"}}],"inLanguage":"pt-PT"},{"@type":"Person","@id":"https:\/\/portaltela.pt\/#\/schema\/person\/c4278d4a6028830caff9ee44b42d32ed","name":"Telinha","image":{"@type":"ImageObject","inLanguage":"pt-PT","@id":"https:\/\/portaltela.pt\/s.01k8rhncp4jt1\/2025\/11\/talking-bot-125x125.png","url":"https:\/\/portaltela.pt\/s.01k8rhncp4jt1\/2025\/11\/talking-bot-125x125.png","contentUrl":"https:\/\/portaltela.pt\/s.01k8rhncp4jt1\/2025\/11\/talking-bot-125x125.png","caption":"Telinha"},"sameAs":["https:\/\/portaltela.pt\/"],"url":"https:\/\/portaltela.pt\/por\/367410592786\/"}]}},"_links":{"self":[{"href":"https:\/\/portaltela.pt\/api\/wp\/v2\/posts\/409889","targetHints":{"allow":["GET"]}}],"collection":[{"href":"https:\/\/portaltela.pt\/api\/wp\/v2\/posts"}],"about":[{"href":"https:\/\/portaltela.pt\/api\/wp\/v2\/types\/post"}],"author":[{"embeddable":true,"href":"https:\/\/portaltela.pt\/api\/wp\/v2\/users\/2"}],"replies":[{"embeddable":true,"href":"https:\/\/portaltela.pt\/api\/wp\/v2\/comments?post=409889"}],"version-history":[{"count":0,"href":"https:\/\/portaltela.pt\/api\/wp\/v2\/posts\/409889\/revisions"}],"wp:featuredmedia":[{"embeddable":true,"href":"https:\/\/portaltela.pt\/api\/wp\/v2\/media\/409891"}],"wp:attachment":[{"href":"https:\/\/portaltela.pt\/api\/wp\/v2\/media?parent=409889"}],"wp:term":[{"taxonomy":"category","embeddable":true,"href":"https:\/\/portaltela.pt\/api\/wp\/v2\/categories?post=409889"},{"taxonomy":"post_tag","embeddable":true,"href":"https:\/\/portaltela.pt\/api\/wp\/v2\/tags?post=409889"}],"curies":[{"name":"wp","href":"https:\/\/api.w.org\/{rel}","templated":true}]}}