{"id":409888,"date":"2026-03-14T07:58:00","date_gmt":"2026-03-14T10:58:00","guid":{"rendered":"https:\/\/portaltela.pt\/noticias\/2026\/03\/14\/prisao-preventiva-para-dez-membros-de-rede-internacional-de-branqueamento\/"},"modified":"2026-03-14T07:58:00","modified_gmt":"2026-03-14T10:58:00","slug":"prisao-preventiva-para-dez-membros-de-rede-internacional-de-branqueamento","status":"publish","type":"post","link":"https:\/\/portaltela.pt\/justica\/2026\/03\/14\/prisao-preventiva-para-dez-membros-de-rede-internacional-de-branqueamento\/","title":{"rendered":"Pris\u00e3o preventiva para dez membros de rede internacional de branqueamento."},"content":{"rendered":"<p>O juiz de instru\u00e7\u00e3o criminal do Porto determinou a pris\u00e3o preventiva de dez dos 15 detidos suspeitos de integrarem uma rede internacional de lavagem de dinheiro. Em Portugal, a opera\u00e7\u00e3o ter\u00e1 movimentado cerca de 30 milh\u00f5es de euros.<\/p>\n<p>A rede foi desmantelada pela Pol\u00edcia Judici\u00e1ria (PJ) do Porto na ter\u00e7a-feira. Na quarta-feira, quatro arguidos foram ouvidos em first interrogat\u00f3rio e libertados. Os onze restantes continuam a depor at\u00e9 ao jantar de sexta-feira, com aplica\u00e7\u00e3o da medida de coa\u00e7\u00e3o mais gravosa a dez arguidos.<\/p>\n<p>O juiz decidiu ainda manter dois arguidos com apresenta\u00e7\u00f5es obrigat\u00f3rias \u00e0s autoridades. O processo prossegue para escrut\u00ednio adicional, com a PJ a indicar que a investiga\u00e7\u00e3o continua a apurar fluxos financeiros e liga\u00e7\u00f5es entre os suspeitos.<\/p>\n","protected":false},"excerpt":{"rendered":"<ul>\n<li>O juiz de instru\u00e7\u00e3o criminal do Porto aplicou pris\u00e3o preventiva a dez dos quinze detidos por suspeita de integrar uma rede internacional de lavagem de dinheiro.<\/li>\n<li>A opera\u00e7\u00e3o, desmantelada pela Pol\u00edcia Judici\u00e1ria do Porto, ter\u00e1 movimentado 30 milh\u00f5es de euros apenas em Portugal.<\/li>\n<li>A deten\u00e7\u00e3o ocorreu na ter\u00e7a-feira, com quatro elementos j\u00e1 ouvidos em primeiro interrogat\u00f3rio e libertados no dia seguinte.<\/li>\n<li>At\u00e9 sexta-feira \u00e0 noite, onze arguidos continuavam a prestar declara\u00e7\u00f5es ao magistrado.<\/li>\n<li>Al\u00e9m da pris\u00e3o preventiva para dez arguidos, foi aplicada a uma pessoa a medida de apresenta\u00e7\u00f5es \u00e0s autoridades.<\/li>\n<\/ul>\n","protected":false},"author":2,"featured_media":409892,"comment_status":"closed","ping_status":"closed","sticky":false,"template":"","format":"standard","meta":{"footnotes":""},"categories":[6907,6815],"tags":[3692,217,3347,1802,1014,4343],"class_list":["post-409888","post","type-post","status-publish","format-standard","has-post-thumbnail","hentry","category-crime","category-justica","tag-crimes-economicos","tag-investigacao-criminal","tag-lavagem-de-dinheiro","tag-policia-judiciaria","tag-portugal","tag-prisoes"],"yoast_head":"<!-- This site is optimized with the Yoast SEO plugin v27.2 - https:\/\/yoast.com\/product\/yoast-seo-wordpress\/ -->\n<title>Pris\u00e3o preventiva para dez membros de rede internacional de branqueamento. - Portal Tela Portugal<\/title>\n<meta name=\"robots\" content=\"index, follow, max-snippet:-1, max-image-preview:large, max-video-preview:-1\" \/>\n<meta property=\"og:locale\" content=\"pt_PT\" \/>\n<meta property=\"og:type\" content=\"article\" \/>\n<meta property=\"og:title\" content=\"Pris\u00e3o preventiva para dez membros de rede internacional de branqueamento. - Portal Tela Portugal\" \/>\n<meta property=\"og:description\" content=\"O juiz de instru\u00e7\u00e3o criminal do Porto aplicou pris\u00e3o preventiva a dez dos quinze detidos por suspeita de integrar uma rede internacional de lavagem de dinheiro. A opera\u00e7\u00e3o, desmantelada pela Pol\u00edcia Judici\u00e1ria do Porto, ter\u00e1 movimentado 30 milh\u00f5es de euros apenas em Portugal. A deten\u00e7\u00e3o ocorreu na ter\u00e7a-feira, com quatro elementos j\u00e1 ouvidos em primeiro interrogat\u00f3rio e libertados no dia seguinte. At\u00e9 sexta-feira \u00e0 noite, onze arguidos continuavam a prestar declara\u00e7\u00f5es ao magistrado. Al\u00e9m da pris\u00e3o preventiva para dez arguidos, foi aplicada a uma pessoa a medida de apresenta\u00e7\u00f5es \u00e0s autoridades.\" \/>\n<meta property=\"og:url\" content=\"https:\/\/portaltela.pt\/noticias\/2026\/03\/14\/prisao-preventiva-para-dez-membros-de-rede-internacional-de-branqueamento\/\" \/>\n<meta property=\"og:site_name\" content=\"Portal Tela Portugal\" \/>\n<meta property=\"article:published_time\" content=\"2026-03-14T10:58:00+00:00\" \/>\n<meta name=\"author\" content=\"Telinha\" \/>\n<meta name=\"twitter:card\" content=\"summary_large_image\" \/>\n<meta name=\"twitter:label1\" content=\"Escrito por\" \/>\n\t<meta name=\"twitter:data1\" content=\"Telinha\" \/>\n\t<meta name=\"twitter:label2\" content=\"Tempo estimado de leitura\" \/>\n\t<meta name=\"twitter:data2\" content=\"1 minuto\" \/>\n<script type=\"application\/ld+json\" class=\"yoast-schema-graph\">{\"@context\":\"https:\/\/schema.org\",\"@graph\":[{\"@type\":\"Article\",\"@id\":\"https:\/\/portaltela.pt\/noticias\/2026\/03\/14\/prisao-preventiva-para-dez-membros-de-rede-internacional-de-branqueamento\/#article\",\"isPartOf\":{\"@id\":\"https:\/\/portaltela.pt\/noticias\/2026\/03\/14\/prisao-preventiva-para-dez-membros-de-rede-internacional-de-branqueamento\/\"},\"author\":{\"name\":\"Telinha\",\"@id\":\"https:\/\/portaltela.pt\/#\/schema\/person\/c4278d4a6028830caff9ee44b42d32ed\"},\"headline\":\"Pris\u00e3o preventiva para dez membros de rede internacional de branqueamento.\",\"datePublished\":\"2026-03-14T10:58:00+00:00\",\"mainEntityOfPage\":{\"@id\":\"https:\/\/portaltela.pt\/noticias\/2026\/03\/14\/prisao-preventiva-para-dez-membros-de-rede-internacional-de-branqueamento\/\"},\"wordCount\":143,\"image\":{\"@id\":\"https:\/\/portaltela.pt\/noticias\/2026\/03\/14\/prisao-preventiva-para-dez-membros-de-rede-internacional-de-branqueamento\/#primaryimage\"},\"thumbnailUrl\":\"https:\/\/portaltela.pt\/s.01k8rhncp4jt1\/2026\/03\/image-929.jpg\",\"keywords\":[\"crimes econ\u00f3micos\",\"investiga\u00e7\u00e3o criminal\",\"lavagem de dinheiro\",\"Pol\u00edcia Judici\u00e1ria\",\"Portugal\",\"pris\u00f5es\"],\"articleSection\":[\"Crime\",\"Justi\u00e7a\"],\"inLanguage\":\"pt-PT\"},{\"@type\":\"WebPage\",\"@id\":\"https:\/\/portaltela.pt\/noticias\/2026\/03\/14\/prisao-preventiva-para-dez-membros-de-rede-internacional-de-branqueamento\/\",\"url\":\"https:\/\/portaltela.pt\/noticias\/2026\/03\/14\/prisao-preventiva-para-dez-membros-de-rede-internacional-de-branqueamento\/\",\"name\":\"Pris\u00e3o preventiva para dez membros de rede internacional de branqueamento. - Portal Tela Portugal\",\"isPartOf\":{\"@id\":\"https:\/\/portaltela.pt\/#website\"},\"primaryImageOfPage\":{\"@id\":\"https:\/\/portaltela.pt\/noticias\/2026\/03\/14\/prisao-preventiva-para-dez-membros-de-rede-internacional-de-branqueamento\/#primaryimage\"},\"image\":{\"@id\":\"https:\/\/portaltela.pt\/noticias\/2026\/03\/14\/prisao-preventiva-para-dez-membros-de-rede-internacional-de-branqueamento\/#primaryimage\"},\"thumbnailUrl\":\"https:\/\/portaltela.pt\/s.01k8rhncp4jt1\/2026\/03\/image-929.jpg\",\"datePublished\":\"2026-03-14T10:58:00+00:00\",\"author\":{\"@id\":\"https:\/\/portaltela.pt\/#\/schema\/person\/c4278d4a6028830caff9ee44b42d32ed\"},\"breadcrumb\":{\"@id\":\"https:\/\/portaltela.pt\/noticias\/2026\/03\/14\/prisao-preventiva-para-dez-membros-de-rede-internacional-de-branqueamento\/#breadcrumb\"},\"inLanguage\":\"pt-PT\",\"potentialAction\":[{\"@type\":\"ReadAction\",\"target\":[\"https:\/\/portaltela.pt\/noticias\/2026\/03\/14\/prisao-preventiva-para-dez-membros-de-rede-internacional-de-branqueamento\/\"]}]},{\"@type\":\"ImageObject\",\"inLanguage\":\"pt-PT\",\"@id\":\"https:\/\/portaltela.pt\/noticias\/2026\/03\/14\/prisao-preventiva-para-dez-membros-de-rede-internacional-de-branqueamento\/#primaryimage\",\"url\":\"https:\/\/portaltela.pt\/s.01k8rhncp4jt1\/2026\/03\/image-929.jpg\",\"contentUrl\":\"https:\/\/portaltela.pt\/s.01k8rhncp4jt1\/2026\/03\/image-929.jpg\",\"width\":796,\"height\":448,\"caption\":\"Detidos foram interrogados no Tribunal de Instru\u00e7\u00e3o Criminal do Porto at\u00e9 sexta-feira \u00e0 noite\"},{\"@type\":\"BreadcrumbList\",\"@id\":\"https:\/\/portaltela.pt\/noticias\/2026\/03\/14\/prisao-preventiva-para-dez-membros-de-rede-internacional-de-branqueamento\/#breadcrumb\",\"itemListElement\":[{\"@type\":\"ListItem\",\"position\":1,\"name\":\"In\u00edcio\",\"item\":\"https:\/\/portaltela.pt\/\"},{\"@type\":\"ListItem\",\"position\":2,\"name\":\"Pris\u00e3o preventiva para dez membros de rede internacional de branqueamento.\"}]},{\"@type\":\"WebSite\",\"@id\":\"https:\/\/portaltela.pt\/#website\",\"url\":\"https:\/\/portaltela.pt\/\",\"name\":\"Portal Tela Portugal\",\"description\":\"\",\"potentialAction\":[{\"@type\":\"SearchAction\",\"target\":{\"@type\":\"EntryPoint\",\"urlTemplate\":\"https:\/\/portaltela.pt\/?s={search_term_string}\"},\"query-input\":{\"@type\":\"PropertyValueSpecification\",\"valueRequired\":true,\"valueName\":\"search_term_string\"}}],\"inLanguage\":\"pt-PT\"},{\"@type\":\"Person\",\"@id\":\"https:\/\/portaltela.pt\/#\/schema\/person\/c4278d4a6028830caff9ee44b42d32ed\",\"name\":\"Telinha\",\"image\":{\"@type\":\"ImageObject\",\"inLanguage\":\"pt-PT\",\"@id\":\"https:\/\/portaltela.pt\/s.01k8rhncp4jt1\/2025\/11\/talking-bot-125x125.png\",\"url\":\"https:\/\/portaltela.pt\/s.01k8rhncp4jt1\/2025\/11\/talking-bot-125x125.png\",\"contentUrl\":\"https:\/\/portaltela.pt\/s.01k8rhncp4jt1\/2025\/11\/talking-bot-125x125.png\",\"caption\":\"Telinha\"},\"sameAs\":[\"https:\/\/portaltela.pt\/\"],\"url\":\"https:\/\/portaltela.pt\/por\/367410592786\/\"}]}<\/script>\n<!-- \/ Yoast SEO plugin. -->","yoast_head_json":{"title":"Pris\u00e3o preventiva para dez membros de rede internacional de branqueamento. - Portal Tela Portugal","robots":{"index":"index","follow":"follow","max-snippet":"max-snippet:-1","max-image-preview":"max-image-preview:large","max-video-preview":"max-video-preview:-1"},"og_locale":"pt_PT","og_type":"article","og_title":"Pris\u00e3o preventiva para dez membros de rede internacional de branqueamento. - Portal Tela Portugal","og_description":"O juiz de instru\u00e7\u00e3o criminal do Porto aplicou pris\u00e3o preventiva a dez dos quinze detidos por suspeita de integrar uma rede internacional de lavagem de dinheiro. A opera\u00e7\u00e3o, desmantelada pela Pol\u00edcia Judici\u00e1ria do Porto, ter\u00e1 movimentado 30 milh\u00f5es de euros apenas em Portugal. A deten\u00e7\u00e3o ocorreu na ter\u00e7a-feira, com quatro elementos j\u00e1 ouvidos em primeiro interrogat\u00f3rio e libertados no dia seguinte. At\u00e9 sexta-feira \u00e0 noite, onze arguidos continuavam a prestar declara\u00e7\u00f5es ao magistrado. Al\u00e9m da pris\u00e3o preventiva para dez arguidos, foi aplicada a uma pessoa a medida de apresenta\u00e7\u00f5es \u00e0s autoridades.","og_url":"https:\/\/portaltela.pt\/noticias\/2026\/03\/14\/prisao-preventiva-para-dez-membros-de-rede-internacional-de-branqueamento\/","og_site_name":"Portal Tela Portugal","article_published_time":"2026-03-14T10:58:00+00:00","author":"Telinha","twitter_card":"summary_large_image","twitter_misc":{"Escrito por":"Telinha","Tempo estimado de leitura":"1 minuto"},"schema":{"@context":"https:\/\/schema.org","@graph":[{"@type":"Article","@id":"https:\/\/portaltela.pt\/noticias\/2026\/03\/14\/prisao-preventiva-para-dez-membros-de-rede-internacional-de-branqueamento\/#article","isPartOf":{"@id":"https:\/\/portaltela.pt\/noticias\/2026\/03\/14\/prisao-preventiva-para-dez-membros-de-rede-internacional-de-branqueamento\/"},"author":{"name":"Telinha","@id":"https:\/\/portaltela.pt\/#\/schema\/person\/c4278d4a6028830caff9ee44b42d32ed"},"headline":"Pris\u00e3o preventiva para dez membros de rede internacional de branqueamento.","datePublished":"2026-03-14T10:58:00+00:00","mainEntityOfPage":{"@id":"https:\/\/portaltela.pt\/noticias\/2026\/03\/14\/prisao-preventiva-para-dez-membros-de-rede-internacional-de-branqueamento\/"},"wordCount":143,"image":{"@id":"https:\/\/portaltela.pt\/noticias\/2026\/03\/14\/prisao-preventiva-para-dez-membros-de-rede-internacional-de-branqueamento\/#primaryimage"},"thumbnailUrl":"https:\/\/portaltela.pt\/s.01k8rhncp4jt1\/2026\/03\/image-929.jpg","keywords":["crimes econ\u00f3micos","investiga\u00e7\u00e3o criminal","lavagem de dinheiro","Pol\u00edcia Judici\u00e1ria","Portugal","pris\u00f5es"],"articleSection":["Crime","Justi\u00e7a"],"inLanguage":"pt-PT"},{"@type":"WebPage","@id":"https:\/\/portaltela.pt\/noticias\/2026\/03\/14\/prisao-preventiva-para-dez-membros-de-rede-internacional-de-branqueamento\/","url":"https:\/\/portaltela.pt\/noticias\/2026\/03\/14\/prisao-preventiva-para-dez-membros-de-rede-internacional-de-branqueamento\/","name":"Pris\u00e3o preventiva para dez membros de rede internacional de branqueamento. - Portal Tela Portugal","isPartOf":{"@id":"https:\/\/portaltela.pt\/#website"},"primaryImageOfPage":{"@id":"https:\/\/portaltela.pt\/noticias\/2026\/03\/14\/prisao-preventiva-para-dez-membros-de-rede-internacional-de-branqueamento\/#primaryimage"},"image":{"@id":"https:\/\/portaltela.pt\/noticias\/2026\/03\/14\/prisao-preventiva-para-dez-membros-de-rede-internacional-de-branqueamento\/#primaryimage"},"thumbnailUrl":"https:\/\/portaltela.pt\/s.01k8rhncp4jt1\/2026\/03\/image-929.jpg","datePublished":"2026-03-14T10:58:00+00:00","author":{"@id":"https:\/\/portaltela.pt\/#\/schema\/person\/c4278d4a6028830caff9ee44b42d32ed"},"breadcrumb":{"@id":"https:\/\/portaltela.pt\/noticias\/2026\/03\/14\/prisao-preventiva-para-dez-membros-de-rede-internacional-de-branqueamento\/#breadcrumb"},"inLanguage":"pt-PT","potentialAction":[{"@type":"ReadAction","target":["https:\/\/portaltela.pt\/noticias\/2026\/03\/14\/prisao-preventiva-para-dez-membros-de-rede-internacional-de-branqueamento\/"]}]},{"@type":"ImageObject","inLanguage":"pt-PT","@id":"https:\/\/portaltela.pt\/noticias\/2026\/03\/14\/prisao-preventiva-para-dez-membros-de-rede-internacional-de-branqueamento\/#primaryimage","url":"https:\/\/portaltela.pt\/s.01k8rhncp4jt1\/2026\/03\/image-929.jpg","contentUrl":"https:\/\/portaltela.pt\/s.01k8rhncp4jt1\/2026\/03\/image-929.jpg","width":796,"height":448,"caption":"Detidos foram interrogados no Tribunal de Instru\u00e7\u00e3o Criminal do Porto at\u00e9 sexta-feira \u00e0 noite"},{"@type":"BreadcrumbList","@id":"https:\/\/portaltela.pt\/noticias\/2026\/03\/14\/prisao-preventiva-para-dez-membros-de-rede-internacional-de-branqueamento\/#breadcrumb","itemListElement":[{"@type":"ListItem","position":1,"name":"In\u00edcio","item":"https:\/\/portaltela.pt\/"},{"@type":"ListItem","position":2,"name":"Pris\u00e3o preventiva para dez membros de rede internacional de branqueamento."}]},{"@type":"WebSite","@id":"https:\/\/portaltela.pt\/#website","url":"https:\/\/portaltela.pt\/","name":"Portal Tela Portugal","description":"","potentialAction":[{"@type":"SearchAction","target":{"@type":"EntryPoint","urlTemplate":"https:\/\/portaltela.pt\/?s={search_term_string}"},"query-input":{"@type":"PropertyValueSpecification","valueRequired":true,"valueName":"search_term_string"}}],"inLanguage":"pt-PT"},{"@type":"Person","@id":"https:\/\/portaltela.pt\/#\/schema\/person\/c4278d4a6028830caff9ee44b42d32ed","name":"Telinha","image":{"@type":"ImageObject","inLanguage":"pt-PT","@id":"https:\/\/portaltela.pt\/s.01k8rhncp4jt1\/2025\/11\/talking-bot-125x125.png","url":"https:\/\/portaltela.pt\/s.01k8rhncp4jt1\/2025\/11\/talking-bot-125x125.png","contentUrl":"https:\/\/portaltela.pt\/s.01k8rhncp4jt1\/2025\/11\/talking-bot-125x125.png","caption":"Telinha"},"sameAs":["https:\/\/portaltela.pt\/"],"url":"https:\/\/portaltela.pt\/por\/367410592786\/"}]}},"_links":{"self":[{"href":"https:\/\/portaltela.pt\/api\/wp\/v2\/posts\/409888","targetHints":{"allow":["GET"]}}],"collection":[{"href":"https:\/\/portaltela.pt\/api\/wp\/v2\/posts"}],"about":[{"href":"https:\/\/portaltela.pt\/api\/wp\/v2\/types\/post"}],"author":[{"embeddable":true,"href":"https:\/\/portaltela.pt\/api\/wp\/v2\/users\/2"}],"replies":[{"embeddable":true,"href":"https:\/\/portaltela.pt\/api\/wp\/v2\/comments?post=409888"}],"version-history":[{"count":0,"href":"https:\/\/portaltela.pt\/api\/wp\/v2\/posts\/409888\/revisions"}],"wp:featuredmedia":[{"embeddable":true,"href":"https:\/\/portaltela.pt\/api\/wp\/v2\/media\/409892"}],"wp:attachment":[{"href":"https:\/\/portaltela.pt\/api\/wp\/v2\/media?parent=409888"}],"wp:term":[{"taxonomy":"category","embeddable":true,"href":"https:\/\/portaltela.pt\/api\/wp\/v2\/categories?post=409888"},{"taxonomy":"post_tag","embeddable":true,"href":"https:\/\/portaltela.pt\/api\/wp\/v2\/tags?post=409888"}],"curies":[{"name":"wp","href":"https:\/\/api.w.org\/{rel}","templated":true}]}}