{"id":409873,"date":"2026-03-14T08:24:34","date_gmt":"2026-03-14T11:24:34","guid":{"rendered":"https:\/\/portaltela.pt\/noticias\/2026\/03\/14\/bruno-sorreluz-ja-votou-e-faz-apelo-a-participacao-civica\/"},"modified":"2026-03-14T08:24:34","modified_gmt":"2026-03-14T11:24:34","slug":"bruno-sorreluz-ja-votou-e-faz-apelo-a-participacao-civica","status":"publish","type":"post","link":"https:\/\/portaltela.pt\/desporto\/futebol\/2026\/03\/14\/bruno-sorreluz-ja-votou-e-faz-apelo-a-participacao-civica\/","title":{"rendered":"Bruno Sorreluz j\u00e1 votou e faz apelo \u00e0 participa\u00e7\u00e3o c\u00edvica"},"content":{"rendered":"<p>Bruno Sorreluz, candidato \u00e0 presid\u00eancia do Sporting pela lista A, votou hoje no Pavilh\u00e3o Jo\u00e3o Rocha, acompanhado pela mulher e pela filha. O momento foi acompanhado pela circula\u00e7\u00e3o de s\u00f3cios no pavil\u00e3o e pela presen\u00e7a de jornalistas.<\/p>\n<p>O empres\u00e1rio refor\u00e7ou a import\u00e2ncia do ato eleitoral para o clube, destacando a democracia e a participa\u00e7\u00e3o dos s\u00f3cios como ess\u00eancia do Sporting. N\u00e3o respondeu sobre eventual futuro das listas, preferindo manter o foco no voto de cada s\u00f3cio e no projeto apresentado pela sua candidatura.<\/p>\n<p>Sobre a atividade do dia, Sorreluz revelou que n\u00e3o vai manter presen\u00e7a no pavil\u00e3o ap\u00f3s votar e pretende passar o resto do dia em fam\u00edlia, dada a tens\u00e3o recente com mobiliza\u00e7\u00f5es e agendas p\u00fablicas. Refere ainda que pretende ouvir os s\u00f3cios e que o futuro do clube depende da participa\u00e7\u00e3o de todos.<\/p>\n<h3>Declara\u00e7\u00f5es e perspetiva<\/h3>\n<p>Sorreluz indicou que a prioridade atual \u00e9 devolver o clube aos s\u00f3cios e \u00e0 democracia, sem entrar em discuss\u00f5es sobre resultados ou estrat\u00e9gias imediatas da lista A. Afirmou que o foco \u00e9 ouvir os adeptos e apresentar o programa aos s\u00f3cios para vota\u00e7\u00e3o.<\/p>\n<p>Quanto \u00e0 renova\u00e7\u00e3o de Rui Borges, o candidato disse que a decis\u00e3o n\u00e3o est\u00e1 tomada e que n\u00e3o vale a pena especular no momento. Pediu aos s\u00f3cios para lerem o programa e decidirem com base no que foi apresentado, enfatizando que o clube deve continuar a colocar os s\u00f3cios no centro.<\/p>\n<h3>Contexto do dia e pr\u00f3ximos passos<\/h3>\n<p>Amanh\u00e3 ser\u00e1 avaliada a continuidade de decis\u00f5es internas, dependendo do resultado eleitoral e da leitura que os s\u00f3cios fizerem do programa. Sorreluz reiterou que a prioridade \u00e9 reunir a fam\u00edlia leonina e manter o Sporting centrado nos interesses dos associados.<\/p>\n","protected":false},"excerpt":{"rendered":"<ul>\n<li>Bruno Sorreluz, candidato \u00e0 presid\u00eancia do Sporting pela lista A, votou no Pavilh\u00e3o Jo\u00e3o Rocha acompanhado pela mulher e pela filha.<\/li>\n<li>Chamou os s\u00f3cios a votar e defendeu a democracia no clube, dizendo que hoje \u00e9 um dia importante para o Sporting.<\/li>\n<li>Disse que n\u00e3o \u00e9 o momento de falar sobre o que vir\u00e1 a seguir e que o foco \u00e9 devolver o clube aos s\u00f3cios.<\/li>\n<li>Anunciou que vai passar o dia com a fam\u00edlia e que os meses foram desgastantes, mas que \u00e9 importante ver os adeptos envolvidos.<\/li>\n<li>Sobre a renova\u00e7\u00e3o de Rui Borges e a recandidatura, afirmou que essas decis\u00f5es ficam para depois da \u00e9poca e que os s\u00f3cios \u00e9 quem decide.<\/li>\n<\/ul>\n","protected":false},"author":2,"featured_media":409874,"comment_status":"closed","ping_status":"closed","sticky":false,"template":"","format":"standard","meta":{"footnotes":""},"categories":[21,24],"tags":[6498,2795,68,32,1249,1652],"class_list":["post-409873","post","type-post","status-publish","format-standard","has-post-thumbnail","hentry","category-desporto","category-futebol","tag-associados","tag-democracia","tag-eleicoes","tag-futebol","tag-participacao","tag-sporting"],"yoast_head":"<!-- This site is optimized with the Yoast SEO plugin v27.2 - https:\/\/yoast.com\/product\/yoast-seo-wordpress\/ -->\n<title>Bruno Sorreluz j\u00e1 votou e faz apelo \u00e0 participa\u00e7\u00e3o c\u00edvica - Portal Tela Portugal<\/title>\n<meta name=\"robots\" content=\"index, follow, max-snippet:-1, max-image-preview:large, max-video-preview:-1\" \/>\n<meta property=\"og:locale\" content=\"pt_PT\" \/>\n<meta property=\"og:type\" content=\"article\" \/>\n<meta property=\"og:title\" content=\"Bruno Sorreluz j\u00e1 votou e faz apelo \u00e0 participa\u00e7\u00e3o c\u00edvica - Portal Tela Portugal\" \/>\n<meta property=\"og:description\" content=\"Bruno Sorreluz, candidato \u00e0 presid\u00eancia do Sporting pela lista A, votou no Pavilh\u00e3o Jo\u00e3o Rocha acompanhado pela mulher e pela filha. Chamou os s\u00f3cios a votar e defendeu a democracia no clube, dizendo que hoje \u00e9 um dia importante para o Sporting. Disse que n\u00e3o \u00e9 o momento de falar sobre o que vir\u00e1 a seguir e que o foco \u00e9 devolver o clube aos s\u00f3cios. Anunciou que vai passar o dia com a fam\u00edlia e que os meses foram desgastantes, mas que \u00e9 importante ver os adeptos envolvidos. Sobre a renova\u00e7\u00e3o de Rui Borges e a recandidatura, afirmou que essas decis\u00f5es ficam para depois da \u00e9poca e que os s\u00f3cios \u00e9 quem decide.\" \/>\n<meta property=\"og:url\" content=\"https:\/\/portaltela.pt\/noticias\/2026\/03\/14\/bruno-sorreluz-ja-votou-e-faz-apelo-a-participacao-civica\/\" \/>\n<meta property=\"og:site_name\" content=\"Portal Tela Portugal\" \/>\n<meta property=\"article:published_time\" content=\"2026-03-14T11:24:34+00:00\" \/>\n<meta name=\"author\" content=\"Telinha\" \/>\n<meta name=\"twitter:card\" content=\"summary_large_image\" \/>\n<meta name=\"twitter:label1\" content=\"Escrito por\" \/>\n\t<meta name=\"twitter:data1\" content=\"Telinha\" \/>\n\t<meta name=\"twitter:label2\" content=\"Tempo estimado de leitura\" \/>\n\t<meta name=\"twitter:data2\" content=\"2 minutos\" \/>\n<script type=\"application\/ld+json\" class=\"yoast-schema-graph\">{\"@context\":\"https:\/\/schema.org\",\"@graph\":[{\"@type\":\"Article\",\"@id\":\"https:\/\/portaltela.pt\/noticias\/2026\/03\/14\/bruno-sorreluz-ja-votou-e-faz-apelo-a-participacao-civica\/#article\",\"isPartOf\":{\"@id\":\"https:\/\/portaltela.pt\/noticias\/2026\/03\/14\/bruno-sorreluz-ja-votou-e-faz-apelo-a-participacao-civica\/\"},\"author\":{\"name\":\"Telinha\",\"@id\":\"https:\/\/portaltela.pt\/#\/schema\/person\/c4278d4a6028830caff9ee44b42d32ed\"},\"headline\":\"Bruno Sorreluz j\u00e1 votou e faz apelo \u00e0 participa\u00e7\u00e3o c\u00edvica\",\"datePublished\":\"2026-03-14T11:24:34+00:00\",\"mainEntityOfPage\":{\"@id\":\"https:\/\/portaltela.pt\/noticias\/2026\/03\/14\/bruno-sorreluz-ja-votou-e-faz-apelo-a-participacao-civica\/\"},\"wordCount\":324,\"image\":{\"@id\":\"https:\/\/portaltela.pt\/noticias\/2026\/03\/14\/bruno-sorreluz-ja-votou-e-faz-apelo-a-participacao-civica\/#primaryimage\"},\"thumbnailUrl\":\"https:\/\/portaltela.pt\/s.01k8rhncp4jt1\/2026\/03\/img_920x518uu2026-03-14-11-16-17-2426834-im-639090837924557784.jpg\",\"keywords\":[\"associados\",\"democracia\",\"elei\u00e7\u00f5es\",\"futebol\",\"participa\u00e7\u00e3o\",\"Sporting\"],\"articleSection\":[\"Desporto\",\"Futebol\"],\"inLanguage\":\"pt-PT\"},{\"@type\":\"WebPage\",\"@id\":\"https:\/\/portaltela.pt\/noticias\/2026\/03\/14\/bruno-sorreluz-ja-votou-e-faz-apelo-a-participacao-civica\/\",\"url\":\"https:\/\/portaltela.pt\/noticias\/2026\/03\/14\/bruno-sorreluz-ja-votou-e-faz-apelo-a-participacao-civica\/\",\"name\":\"Bruno Sorreluz j\u00e1 votou e faz apelo \u00e0 participa\u00e7\u00e3o c\u00edvica - Portal Tela Portugal\",\"isPartOf\":{\"@id\":\"https:\/\/portaltela.pt\/#website\"},\"primaryImageOfPage\":{\"@id\":\"https:\/\/portaltela.pt\/noticias\/2026\/03\/14\/bruno-sorreluz-ja-votou-e-faz-apelo-a-participacao-civica\/#primaryimage\"},\"image\":{\"@id\":\"https:\/\/portaltela.pt\/noticias\/2026\/03\/14\/bruno-sorreluz-ja-votou-e-faz-apelo-a-participacao-civica\/#primaryimage\"},\"thumbnailUrl\":\"https:\/\/portaltela.pt\/s.01k8rhncp4jt1\/2026\/03\/img_920x518uu2026-03-14-11-16-17-2426834-im-639090837924557784.jpg\",\"datePublished\":\"2026-03-14T11:24:34+00:00\",\"author\":{\"@id\":\"https:\/\/portaltela.pt\/#\/schema\/person\/c4278d4a6028830caff9ee44b42d32ed\"},\"breadcrumb\":{\"@id\":\"https:\/\/portaltela.pt\/noticias\/2026\/03\/14\/bruno-sorreluz-ja-votou-e-faz-apelo-a-participacao-civica\/#breadcrumb\"},\"inLanguage\":\"pt-PT\",\"potentialAction\":[{\"@type\":\"ReadAction\",\"target\":[\"https:\/\/portaltela.pt\/noticias\/2026\/03\/14\/bruno-sorreluz-ja-votou-e-faz-apelo-a-participacao-civica\/\"]}]},{\"@type\":\"ImageObject\",\"inLanguage\":\"pt-PT\",\"@id\":\"https:\/\/portaltela.pt\/noticias\/2026\/03\/14\/bruno-sorreluz-ja-votou-e-faz-apelo-a-participacao-civica\/#primaryimage\",\"url\":\"https:\/\/portaltela.pt\/s.01k8rhncp4jt1\/2026\/03\/img_920x518uu2026-03-14-11-16-17-2426834-im-639090837924557784.jpg\",\"contentUrl\":\"https:\/\/portaltela.pt\/s.01k8rhncp4jt1\/2026\/03\/img_920x518uu2026-03-14-11-16-17-2426834-im-639090837924557784.jpg\",\"width\":796,\"height\":448,\"caption\":\"Bruno Sorreluz falou aos jornalistas depois de votar\"},{\"@type\":\"BreadcrumbList\",\"@id\":\"https:\/\/portaltela.pt\/noticias\/2026\/03\/14\/bruno-sorreluz-ja-votou-e-faz-apelo-a-participacao-civica\/#breadcrumb\",\"itemListElement\":[{\"@type\":\"ListItem\",\"position\":1,\"name\":\"In\u00edcio\",\"item\":\"https:\/\/portaltela.pt\/\"},{\"@type\":\"ListItem\",\"position\":2,\"name\":\"Bruno Sorreluz j\u00e1 votou e faz apelo \u00e0 participa\u00e7\u00e3o c\u00edvica\"}]},{\"@type\":\"WebSite\",\"@id\":\"https:\/\/portaltela.pt\/#website\",\"url\":\"https:\/\/portaltela.pt\/\",\"name\":\"Portal Tela Portugal\",\"description\":\"\",\"potentialAction\":[{\"@type\":\"SearchAction\",\"target\":{\"@type\":\"EntryPoint\",\"urlTemplate\":\"https:\/\/portaltela.pt\/?s={search_term_string}\"},\"query-input\":{\"@type\":\"PropertyValueSpecification\",\"valueRequired\":true,\"valueName\":\"search_term_string\"}}],\"inLanguage\":\"pt-PT\"},{\"@type\":\"Person\",\"@id\":\"https:\/\/portaltela.pt\/#\/schema\/person\/c4278d4a6028830caff9ee44b42d32ed\",\"name\":\"Telinha\",\"image\":{\"@type\":\"ImageObject\",\"inLanguage\":\"pt-PT\",\"@id\":\"https:\/\/portaltela.pt\/s.01k8rhncp4jt1\/2025\/11\/talking-bot-125x125.png\",\"url\":\"https:\/\/portaltela.pt\/s.01k8rhncp4jt1\/2025\/11\/talking-bot-125x125.png\",\"contentUrl\":\"https:\/\/portaltela.pt\/s.01k8rhncp4jt1\/2025\/11\/talking-bot-125x125.png\",\"caption\":\"Telinha\"},\"sameAs\":[\"https:\/\/portaltela.pt\/\"],\"url\":\"https:\/\/portaltela.pt\/por\/367410592786\/\"}]}<\/script>\n<!-- \/ Yoast SEO plugin. -->","yoast_head_json":{"title":"Bruno Sorreluz j\u00e1 votou e faz apelo \u00e0 participa\u00e7\u00e3o c\u00edvica - Portal Tela Portugal","robots":{"index":"index","follow":"follow","max-snippet":"max-snippet:-1","max-image-preview":"max-image-preview:large","max-video-preview":"max-video-preview:-1"},"og_locale":"pt_PT","og_type":"article","og_title":"Bruno Sorreluz j\u00e1 votou e faz apelo \u00e0 participa\u00e7\u00e3o c\u00edvica - Portal Tela Portugal","og_description":"Bruno Sorreluz, candidato \u00e0 presid\u00eancia do Sporting pela lista A, votou no Pavilh\u00e3o Jo\u00e3o Rocha acompanhado pela mulher e pela filha. Chamou os s\u00f3cios a votar e defendeu a democracia no clube, dizendo que hoje \u00e9 um dia importante para o Sporting. Disse que n\u00e3o \u00e9 o momento de falar sobre o que vir\u00e1 a seguir e que o foco \u00e9 devolver o clube aos s\u00f3cios. Anunciou que vai passar o dia com a fam\u00edlia e que os meses foram desgastantes, mas que \u00e9 importante ver os adeptos envolvidos. Sobre a renova\u00e7\u00e3o de Rui Borges e a recandidatura, afirmou que essas decis\u00f5es ficam para depois da \u00e9poca e que os s\u00f3cios \u00e9 quem decide.","og_url":"https:\/\/portaltela.pt\/noticias\/2026\/03\/14\/bruno-sorreluz-ja-votou-e-faz-apelo-a-participacao-civica\/","og_site_name":"Portal Tela Portugal","article_published_time":"2026-03-14T11:24:34+00:00","author":"Telinha","twitter_card":"summary_large_image","twitter_misc":{"Escrito por":"Telinha","Tempo estimado de leitura":"2 minutos"},"schema":{"@context":"https:\/\/schema.org","@graph":[{"@type":"Article","@id":"https:\/\/portaltela.pt\/noticias\/2026\/03\/14\/bruno-sorreluz-ja-votou-e-faz-apelo-a-participacao-civica\/#article","isPartOf":{"@id":"https:\/\/portaltela.pt\/noticias\/2026\/03\/14\/bruno-sorreluz-ja-votou-e-faz-apelo-a-participacao-civica\/"},"author":{"name":"Telinha","@id":"https:\/\/portaltela.pt\/#\/schema\/person\/c4278d4a6028830caff9ee44b42d32ed"},"headline":"Bruno Sorreluz j\u00e1 votou e faz apelo \u00e0 participa\u00e7\u00e3o c\u00edvica","datePublished":"2026-03-14T11:24:34+00:00","mainEntityOfPage":{"@id":"https:\/\/portaltela.pt\/noticias\/2026\/03\/14\/bruno-sorreluz-ja-votou-e-faz-apelo-a-participacao-civica\/"},"wordCount":324,"image":{"@id":"https:\/\/portaltela.pt\/noticias\/2026\/03\/14\/bruno-sorreluz-ja-votou-e-faz-apelo-a-participacao-civica\/#primaryimage"},"thumbnailUrl":"https:\/\/portaltela.pt\/s.01k8rhncp4jt1\/2026\/03\/img_920x518uu2026-03-14-11-16-17-2426834-im-639090837924557784.jpg","keywords":["associados","democracia","elei\u00e7\u00f5es","futebol","participa\u00e7\u00e3o","Sporting"],"articleSection":["Desporto","Futebol"],"inLanguage":"pt-PT"},{"@type":"WebPage","@id":"https:\/\/portaltela.pt\/noticias\/2026\/03\/14\/bruno-sorreluz-ja-votou-e-faz-apelo-a-participacao-civica\/","url":"https:\/\/portaltela.pt\/noticias\/2026\/03\/14\/bruno-sorreluz-ja-votou-e-faz-apelo-a-participacao-civica\/","name":"Bruno Sorreluz j\u00e1 votou e faz apelo \u00e0 participa\u00e7\u00e3o c\u00edvica - Portal Tela Portugal","isPartOf":{"@id":"https:\/\/portaltela.pt\/#website"},"primaryImageOfPage":{"@id":"https:\/\/portaltela.pt\/noticias\/2026\/03\/14\/bruno-sorreluz-ja-votou-e-faz-apelo-a-participacao-civica\/#primaryimage"},"image":{"@id":"https:\/\/portaltela.pt\/noticias\/2026\/03\/14\/bruno-sorreluz-ja-votou-e-faz-apelo-a-participacao-civica\/#primaryimage"},"thumbnailUrl":"https:\/\/portaltela.pt\/s.01k8rhncp4jt1\/2026\/03\/img_920x518uu2026-03-14-11-16-17-2426834-im-639090837924557784.jpg","datePublished":"2026-03-14T11:24:34+00:00","author":{"@id":"https:\/\/portaltela.pt\/#\/schema\/person\/c4278d4a6028830caff9ee44b42d32ed"},"breadcrumb":{"@id":"https:\/\/portaltela.pt\/noticias\/2026\/03\/14\/bruno-sorreluz-ja-votou-e-faz-apelo-a-participacao-civica\/#breadcrumb"},"inLanguage":"pt-PT","potentialAction":[{"@type":"ReadAction","target":["https:\/\/portaltela.pt\/noticias\/2026\/03\/14\/bruno-sorreluz-ja-votou-e-faz-apelo-a-participacao-civica\/"]}]},{"@type":"ImageObject","inLanguage":"pt-PT","@id":"https:\/\/portaltela.pt\/noticias\/2026\/03\/14\/bruno-sorreluz-ja-votou-e-faz-apelo-a-participacao-civica\/#primaryimage","url":"https:\/\/portaltela.pt\/s.01k8rhncp4jt1\/2026\/03\/img_920x518uu2026-03-14-11-16-17-2426834-im-639090837924557784.jpg","contentUrl":"https:\/\/portaltela.pt\/s.01k8rhncp4jt1\/2026\/03\/img_920x518uu2026-03-14-11-16-17-2426834-im-639090837924557784.jpg","width":796,"height":448,"caption":"Bruno Sorreluz falou aos jornalistas depois de votar"},{"@type":"BreadcrumbList","@id":"https:\/\/portaltela.pt\/noticias\/2026\/03\/14\/bruno-sorreluz-ja-votou-e-faz-apelo-a-participacao-civica\/#breadcrumb","itemListElement":[{"@type":"ListItem","position":1,"name":"In\u00edcio","item":"https:\/\/portaltela.pt\/"},{"@type":"ListItem","position":2,"name":"Bruno Sorreluz j\u00e1 votou e faz apelo \u00e0 participa\u00e7\u00e3o c\u00edvica"}]},{"@type":"WebSite","@id":"https:\/\/portaltela.pt\/#website","url":"https:\/\/portaltela.pt\/","name":"Portal Tela Portugal","description":"","potentialAction":[{"@type":"SearchAction","target":{"@type":"EntryPoint","urlTemplate":"https:\/\/portaltela.pt\/?s={search_term_string}"},"query-input":{"@type":"PropertyValueSpecification","valueRequired":true,"valueName":"search_term_string"}}],"inLanguage":"pt-PT"},{"@type":"Person","@id":"https:\/\/portaltela.pt\/#\/schema\/person\/c4278d4a6028830caff9ee44b42d32ed","name":"Telinha","image":{"@type":"ImageObject","inLanguage":"pt-PT","@id":"https:\/\/portaltela.pt\/s.01k8rhncp4jt1\/2025\/11\/talking-bot-125x125.png","url":"https:\/\/portaltela.pt\/s.01k8rhncp4jt1\/2025\/11\/talking-bot-125x125.png","contentUrl":"https:\/\/portaltela.pt\/s.01k8rhncp4jt1\/2025\/11\/talking-bot-125x125.png","caption":"Telinha"},"sameAs":["https:\/\/portaltela.pt\/"],"url":"https:\/\/portaltela.pt\/por\/367410592786\/"}]}},"_links":{"self":[{"href":"https:\/\/portaltela.pt\/api\/wp\/v2\/posts\/409873","targetHints":{"allow":["GET"]}}],"collection":[{"href":"https:\/\/portaltela.pt\/api\/wp\/v2\/posts"}],"about":[{"href":"https:\/\/portaltela.pt\/api\/wp\/v2\/types\/post"}],"author":[{"embeddable":true,"href":"https:\/\/portaltela.pt\/api\/wp\/v2\/users\/2"}],"replies":[{"embeddable":true,"href":"https:\/\/portaltela.pt\/api\/wp\/v2\/comments?post=409873"}],"version-history":[{"count":0,"href":"https:\/\/portaltela.pt\/api\/wp\/v2\/posts\/409873\/revisions"}],"wp:featuredmedia":[{"embeddable":true,"href":"https:\/\/portaltela.pt\/api\/wp\/v2\/media\/409874"}],"wp:attachment":[{"href":"https:\/\/portaltela.pt\/api\/wp\/v2\/media?parent=409873"}],"wp:term":[{"taxonomy":"category","embeddable":true,"href":"https:\/\/portaltela.pt\/api\/wp\/v2\/categories?post=409873"},{"taxonomy":"post_tag","embeddable":true,"href":"https:\/\/portaltela.pt\/api\/wp\/v2\/tags?post=409873"}],"curies":[{"name":"wp","href":"https:\/\/api.w.org\/{rel}","templated":true}]}}