{"id":409864,"date":"2026-03-14T08:29:38","date_gmt":"2026-03-14T11:29:38","guid":{"rendered":"https:\/\/portaltela.pt\/noticias\/2026\/03\/14\/presidente-da-mag-do-sporting-diz-que-ja-votaram-cerca-de-mil-socios\/"},"modified":"2026-03-14T08:29:38","modified_gmt":"2026-03-14T11:29:38","slug":"presidente-da-mag-do-sporting-diz-que-ja-votaram-cerca-de-mil-socios","status":"publish","type":"post","link":"https:\/\/portaltela.pt\/desporto\/futebol\/2026\/03\/14\/presidente-da-mag-do-sporting-diz-que-ja-votaram-cerca-de-mil-socios\/","title":{"rendered":"Presidente da MAG do Sporting diz que j\u00e1 votaram cerca de mil s\u00f3cios"},"content":{"rendered":"<p>O presidente da MAG (Mesa da Assembleia-Geral) do Sporting Clube de Portugal apresentou um ponto de situa\u00e7\u00e3o sobre o processo eleitoral em curso. A informa\u00e7\u00e3o mais recente indica que j\u00e1 votaram approximately mil s\u00f3cios.<\/p>\n<p>Quem falou foi <strong>Jo\u00e3o Palma<\/strong>, ao apresentar os n\u00fameros parciais do escrut\u00ednio. O dirigente explicou o andamento do processo e o que falta para a totaliza\u00e7\u00e3o.<\/p>\n<p>De acordo com a interven\u00e7\u00e3o, as vota\u00e7\u00f5es devem permanecer abertas at\u00e9 ao fim do dia, esperando-se que tudo esteja resolvido por volta das 23 horas, se n\u00e3o surgirem imprevistos.<\/p>\n<p>Porqu\u00ea: o objetivo \u00e9 concluir o escrut\u00ednio com normalidade, garantindo que todas as vota\u00e7\u00f5es ocorram dentro dos padr\u00f5es estabelecidos pelo clube e pelas regras eleitorais internas.<\/p>\n","protected":false},"excerpt":{"rendered":"<ul>\n<li>O presidente da Mesa da Assembleia Geral do Sporting, Jo\u00e3o Palma, afirmou que j\u00e1 votaram cerca de mil s\u00f3cios.<\/li>\n<li>Disse que, por volta das 23 horas, as coisas estar\u00e3o resolvidas, se tudo correr normalmente.<\/li>\n<li>A declara\u00e7\u00e3o foi feita durante a atualiza\u00e7\u00e3o sobre a atual situa\u00e7\u00e3o da MAG do Sporting.<\/li>\n<li>O progresso das vota\u00e7\u00f5es \u00e9 acompanhado de perto pela dire\u00e7\u00e3o do clube e pela comunica\u00e7\u00e3o aos associados.<\/li>\n<\/ul>\n","protected":false},"author":2,"featured_media":409868,"comment_status":"closed","ping_status":"closed","sticky":false,"template":"","format":"standard","meta":{"footnotes":""},"categories":[21,24],"tags":[1264,1367,152,68,30,1652],"class_list":["post-409864","post","type-post","status-publish","format-standard","has-post-thumbnail","hentry","category-desporto","category-futebol","tag-associacao-desportiva","tag-clubes","tag-desporto","tag-eleicoes","tag-presidente","tag-sporting"],"yoast_head":"<!-- This site is optimized with the Yoast SEO plugin v27.2 - https:\/\/yoast.com\/product\/yoast-seo-wordpress\/ -->\n<title>Presidente da MAG do Sporting diz que j\u00e1 votaram cerca de mil s\u00f3cios - Portal Tela Portugal<\/title>\n<meta name=\"robots\" content=\"index, follow, max-snippet:-1, max-image-preview:large, max-video-preview:-1\" \/>\n<meta property=\"og:locale\" content=\"pt_PT\" \/>\n<meta property=\"og:type\" content=\"article\" \/>\n<meta property=\"og:title\" content=\"Presidente da MAG do Sporting diz que j\u00e1 votaram cerca de mil s\u00f3cios - Portal Tela Portugal\" \/>\n<meta property=\"og:description\" content=\"O presidente da Mesa da Assembleia Geral do Sporting, Jo\u00e3o Palma, afirmou que j\u00e1 votaram cerca de mil s\u00f3cios. Disse que, por volta das 23 horas, as coisas estar\u00e3o resolvidas, se tudo correr normalmente. A declara\u00e7\u00e3o foi feita durante a atualiza\u00e7\u00e3o sobre a atual situa\u00e7\u00e3o da MAG do Sporting. O progresso das vota\u00e7\u00f5es \u00e9 acompanhado de perto pela dire\u00e7\u00e3o do clube e pela comunica\u00e7\u00e3o aos associados.\" \/>\n<meta property=\"og:url\" content=\"https:\/\/portaltela.pt\/noticias\/2026\/03\/14\/presidente-da-mag-do-sporting-diz-que-ja-votaram-cerca-de-mil-socios\/\" \/>\n<meta property=\"og:site_name\" content=\"Portal Tela Portugal\" \/>\n<meta property=\"article:published_time\" content=\"2026-03-14T11:29:38+00:00\" \/>\n<meta name=\"author\" content=\"Telinha\" \/>\n<meta name=\"twitter:card\" content=\"summary_large_image\" \/>\n<meta name=\"twitter:label1\" content=\"Escrito por\" \/>\n\t<meta name=\"twitter:data1\" content=\"Telinha\" \/>\n\t<meta name=\"twitter:label2\" content=\"Tempo estimado de leitura\" \/>\n\t<meta name=\"twitter:data2\" content=\"1 minuto\" \/>\n<script type=\"application\/ld+json\" class=\"yoast-schema-graph\">{\"@context\":\"https:\/\/schema.org\",\"@graph\":[{\"@type\":\"Article\",\"@id\":\"https:\/\/portaltela.pt\/noticias\/2026\/03\/14\/presidente-da-mag-do-sporting-diz-que-ja-votaram-cerca-de-mil-socios\/#article\",\"isPartOf\":{\"@id\":\"https:\/\/portaltela.pt\/noticias\/2026\/03\/14\/presidente-da-mag-do-sporting-diz-que-ja-votaram-cerca-de-mil-socios\/\"},\"author\":{\"name\":\"Telinha\",\"@id\":\"https:\/\/portaltela.pt\/#\/schema\/person\/c4278d4a6028830caff9ee44b42d32ed\"},\"headline\":\"Presidente da MAG do Sporting diz que j\u00e1 votaram cerca de mil s\u00f3cios\",\"datePublished\":\"2026-03-14T11:29:38+00:00\",\"mainEntityOfPage\":{\"@id\":\"https:\/\/portaltela.pt\/noticias\/2026\/03\/14\/presidente-da-mag-do-sporting-diz-que-ja-votaram-cerca-de-mil-socios\/\"},\"wordCount\":140,\"image\":{\"@id\":\"https:\/\/portaltela.pt\/noticias\/2026\/03\/14\/presidente-da-mag-do-sporting-diz-que-ja-votaram-cerca-de-mil-socios\/#primaryimage\"},\"thumbnailUrl\":\"https:\/\/portaltela.pt\/s.01k8rhncp4jt1\/2026\/03\/img_1280x722uu2026-03-14-11-23-52-2272270.jpg\",\"keywords\":[\"associa\u00e7\u00e3o desportiva\",\"clubes\",\"desporto\",\"elei\u00e7\u00f5es\",\"presidente\",\"Sporting\"],\"articleSection\":[\"Desporto\",\"Futebol\"],\"inLanguage\":\"pt-PT\"},{\"@type\":\"WebPage\",\"@id\":\"https:\/\/portaltela.pt\/noticias\/2026\/03\/14\/presidente-da-mag-do-sporting-diz-que-ja-votaram-cerca-de-mil-socios\/\",\"url\":\"https:\/\/portaltela.pt\/noticias\/2026\/03\/14\/presidente-da-mag-do-sporting-diz-que-ja-votaram-cerca-de-mil-socios\/\",\"name\":\"Presidente da MAG do Sporting diz que j\u00e1 votaram cerca de mil s\u00f3cios - Portal Tela Portugal\",\"isPartOf\":{\"@id\":\"https:\/\/portaltela.pt\/#website\"},\"primaryImageOfPage\":{\"@id\":\"https:\/\/portaltela.pt\/noticias\/2026\/03\/14\/presidente-da-mag-do-sporting-diz-que-ja-votaram-cerca-de-mil-socios\/#primaryimage\"},\"image\":{\"@id\":\"https:\/\/portaltela.pt\/noticias\/2026\/03\/14\/presidente-da-mag-do-sporting-diz-que-ja-votaram-cerca-de-mil-socios\/#primaryimage\"},\"thumbnailUrl\":\"https:\/\/portaltela.pt\/s.01k8rhncp4jt1\/2026\/03\/img_1280x722uu2026-03-14-11-23-52-2272270.jpg\",\"datePublished\":\"2026-03-14T11:29:38+00:00\",\"author\":{\"@id\":\"https:\/\/portaltela.pt\/#\/schema\/person\/c4278d4a6028830caff9ee44b42d32ed\"},\"breadcrumb\":{\"@id\":\"https:\/\/portaltela.pt\/noticias\/2026\/03\/14\/presidente-da-mag-do-sporting-diz-que-ja-votaram-cerca-de-mil-socios\/#breadcrumb\"},\"inLanguage\":\"pt-PT\",\"potentialAction\":[{\"@type\":\"ReadAction\",\"target\":[\"https:\/\/portaltela.pt\/noticias\/2026\/03\/14\/presidente-da-mag-do-sporting-diz-que-ja-votaram-cerca-de-mil-socios\/\"]}]},{\"@type\":\"ImageObject\",\"inLanguage\":\"pt-PT\",\"@id\":\"https:\/\/portaltela.pt\/noticias\/2026\/03\/14\/presidente-da-mag-do-sporting-diz-que-ja-votaram-cerca-de-mil-socios\/#primaryimage\",\"url\":\"https:\/\/portaltela.pt\/s.01k8rhncp4jt1\/2026\/03\/img_1280x722uu2026-03-14-11-23-52-2272270.jpg\",\"contentUrl\":\"https:\/\/portaltela.pt\/s.01k8rhncp4jt1\/2026\/03\/img_1280x722uu2026-03-14-11-23-52-2272270.jpg\",\"width\":796,\"height\":448,\"caption\":\"Photo\"},{\"@type\":\"BreadcrumbList\",\"@id\":\"https:\/\/portaltela.pt\/noticias\/2026\/03\/14\/presidente-da-mag-do-sporting-diz-que-ja-votaram-cerca-de-mil-socios\/#breadcrumb\",\"itemListElement\":[{\"@type\":\"ListItem\",\"position\":1,\"name\":\"In\u00edcio\",\"item\":\"https:\/\/portaltela.pt\/\"},{\"@type\":\"ListItem\",\"position\":2,\"name\":\"Presidente da MAG do Sporting diz que j\u00e1 votaram cerca de mil s\u00f3cios\"}]},{\"@type\":\"WebSite\",\"@id\":\"https:\/\/portaltela.pt\/#website\",\"url\":\"https:\/\/portaltela.pt\/\",\"name\":\"Portal Tela Portugal\",\"description\":\"\",\"potentialAction\":[{\"@type\":\"SearchAction\",\"target\":{\"@type\":\"EntryPoint\",\"urlTemplate\":\"https:\/\/portaltela.pt\/?s={search_term_string}\"},\"query-input\":{\"@type\":\"PropertyValueSpecification\",\"valueRequired\":true,\"valueName\":\"search_term_string\"}}],\"inLanguage\":\"pt-PT\"},{\"@type\":\"Person\",\"@id\":\"https:\/\/portaltela.pt\/#\/schema\/person\/c4278d4a6028830caff9ee44b42d32ed\",\"name\":\"Telinha\",\"image\":{\"@type\":\"ImageObject\",\"inLanguage\":\"pt-PT\",\"@id\":\"https:\/\/portaltela.pt\/s.01k8rhncp4jt1\/2025\/11\/talking-bot-125x125.png\",\"url\":\"https:\/\/portaltela.pt\/s.01k8rhncp4jt1\/2025\/11\/talking-bot-125x125.png\",\"contentUrl\":\"https:\/\/portaltela.pt\/s.01k8rhncp4jt1\/2025\/11\/talking-bot-125x125.png\",\"caption\":\"Telinha\"},\"sameAs\":[\"https:\/\/portaltela.pt\/\"],\"url\":\"https:\/\/portaltela.pt\/por\/367410592786\/\"}]}<\/script>\n<!-- \/ Yoast SEO plugin. -->","yoast_head_json":{"title":"Presidente da MAG do Sporting diz que j\u00e1 votaram cerca de mil s\u00f3cios - Portal Tela Portugal","robots":{"index":"index","follow":"follow","max-snippet":"max-snippet:-1","max-image-preview":"max-image-preview:large","max-video-preview":"max-video-preview:-1"},"og_locale":"pt_PT","og_type":"article","og_title":"Presidente da MAG do Sporting diz que j\u00e1 votaram cerca de mil s\u00f3cios - Portal Tela Portugal","og_description":"O presidente da Mesa da Assembleia Geral do Sporting, Jo\u00e3o Palma, afirmou que j\u00e1 votaram cerca de mil s\u00f3cios. Disse que, por volta das 23 horas, as coisas estar\u00e3o resolvidas, se tudo correr normalmente. A declara\u00e7\u00e3o foi feita durante a atualiza\u00e7\u00e3o sobre a atual situa\u00e7\u00e3o da MAG do Sporting. O progresso das vota\u00e7\u00f5es \u00e9 acompanhado de perto pela dire\u00e7\u00e3o do clube e pela comunica\u00e7\u00e3o aos associados.","og_url":"https:\/\/portaltela.pt\/noticias\/2026\/03\/14\/presidente-da-mag-do-sporting-diz-que-ja-votaram-cerca-de-mil-socios\/","og_site_name":"Portal Tela Portugal","article_published_time":"2026-03-14T11:29:38+00:00","author":"Telinha","twitter_card":"summary_large_image","twitter_misc":{"Escrito por":"Telinha","Tempo estimado de leitura":"1 minuto"},"schema":{"@context":"https:\/\/schema.org","@graph":[{"@type":"Article","@id":"https:\/\/portaltela.pt\/noticias\/2026\/03\/14\/presidente-da-mag-do-sporting-diz-que-ja-votaram-cerca-de-mil-socios\/#article","isPartOf":{"@id":"https:\/\/portaltela.pt\/noticias\/2026\/03\/14\/presidente-da-mag-do-sporting-diz-que-ja-votaram-cerca-de-mil-socios\/"},"author":{"name":"Telinha","@id":"https:\/\/portaltela.pt\/#\/schema\/person\/c4278d4a6028830caff9ee44b42d32ed"},"headline":"Presidente da MAG do Sporting diz que j\u00e1 votaram cerca de mil s\u00f3cios","datePublished":"2026-03-14T11:29:38+00:00","mainEntityOfPage":{"@id":"https:\/\/portaltela.pt\/noticias\/2026\/03\/14\/presidente-da-mag-do-sporting-diz-que-ja-votaram-cerca-de-mil-socios\/"},"wordCount":140,"image":{"@id":"https:\/\/portaltela.pt\/noticias\/2026\/03\/14\/presidente-da-mag-do-sporting-diz-que-ja-votaram-cerca-de-mil-socios\/#primaryimage"},"thumbnailUrl":"https:\/\/portaltela.pt\/s.01k8rhncp4jt1\/2026\/03\/img_1280x722uu2026-03-14-11-23-52-2272270.jpg","keywords":["associa\u00e7\u00e3o desportiva","clubes","desporto","elei\u00e7\u00f5es","presidente","Sporting"],"articleSection":["Desporto","Futebol"],"inLanguage":"pt-PT"},{"@type":"WebPage","@id":"https:\/\/portaltela.pt\/noticias\/2026\/03\/14\/presidente-da-mag-do-sporting-diz-que-ja-votaram-cerca-de-mil-socios\/","url":"https:\/\/portaltela.pt\/noticias\/2026\/03\/14\/presidente-da-mag-do-sporting-diz-que-ja-votaram-cerca-de-mil-socios\/","name":"Presidente da MAG do Sporting diz que j\u00e1 votaram cerca de mil s\u00f3cios - Portal Tela Portugal","isPartOf":{"@id":"https:\/\/portaltela.pt\/#website"},"primaryImageOfPage":{"@id":"https:\/\/portaltela.pt\/noticias\/2026\/03\/14\/presidente-da-mag-do-sporting-diz-que-ja-votaram-cerca-de-mil-socios\/#primaryimage"},"image":{"@id":"https:\/\/portaltela.pt\/noticias\/2026\/03\/14\/presidente-da-mag-do-sporting-diz-que-ja-votaram-cerca-de-mil-socios\/#primaryimage"},"thumbnailUrl":"https:\/\/portaltela.pt\/s.01k8rhncp4jt1\/2026\/03\/img_1280x722uu2026-03-14-11-23-52-2272270.jpg","datePublished":"2026-03-14T11:29:38+00:00","author":{"@id":"https:\/\/portaltela.pt\/#\/schema\/person\/c4278d4a6028830caff9ee44b42d32ed"},"breadcrumb":{"@id":"https:\/\/portaltela.pt\/noticias\/2026\/03\/14\/presidente-da-mag-do-sporting-diz-que-ja-votaram-cerca-de-mil-socios\/#breadcrumb"},"inLanguage":"pt-PT","potentialAction":[{"@type":"ReadAction","target":["https:\/\/portaltela.pt\/noticias\/2026\/03\/14\/presidente-da-mag-do-sporting-diz-que-ja-votaram-cerca-de-mil-socios\/"]}]},{"@type":"ImageObject","inLanguage":"pt-PT","@id":"https:\/\/portaltela.pt\/noticias\/2026\/03\/14\/presidente-da-mag-do-sporting-diz-que-ja-votaram-cerca-de-mil-socios\/#primaryimage","url":"https:\/\/portaltela.pt\/s.01k8rhncp4jt1\/2026\/03\/img_1280x722uu2026-03-14-11-23-52-2272270.jpg","contentUrl":"https:\/\/portaltela.pt\/s.01k8rhncp4jt1\/2026\/03\/img_1280x722uu2026-03-14-11-23-52-2272270.jpg","width":796,"height":448,"caption":"Photo"},{"@type":"BreadcrumbList","@id":"https:\/\/portaltela.pt\/noticias\/2026\/03\/14\/presidente-da-mag-do-sporting-diz-que-ja-votaram-cerca-de-mil-socios\/#breadcrumb","itemListElement":[{"@type":"ListItem","position":1,"name":"In\u00edcio","item":"https:\/\/portaltela.pt\/"},{"@type":"ListItem","position":2,"name":"Presidente da MAG do Sporting diz que j\u00e1 votaram cerca de mil s\u00f3cios"}]},{"@type":"WebSite","@id":"https:\/\/portaltela.pt\/#website","url":"https:\/\/portaltela.pt\/","name":"Portal Tela Portugal","description":"","potentialAction":[{"@type":"SearchAction","target":{"@type":"EntryPoint","urlTemplate":"https:\/\/portaltela.pt\/?s={search_term_string}"},"query-input":{"@type":"PropertyValueSpecification","valueRequired":true,"valueName":"search_term_string"}}],"inLanguage":"pt-PT"},{"@type":"Person","@id":"https:\/\/portaltela.pt\/#\/schema\/person\/c4278d4a6028830caff9ee44b42d32ed","name":"Telinha","image":{"@type":"ImageObject","inLanguage":"pt-PT","@id":"https:\/\/portaltela.pt\/s.01k8rhncp4jt1\/2025\/11\/talking-bot-125x125.png","url":"https:\/\/portaltela.pt\/s.01k8rhncp4jt1\/2025\/11\/talking-bot-125x125.png","contentUrl":"https:\/\/portaltela.pt\/s.01k8rhncp4jt1\/2025\/11\/talking-bot-125x125.png","caption":"Telinha"},"sameAs":["https:\/\/portaltela.pt\/"],"url":"https:\/\/portaltela.pt\/por\/367410592786\/"}]}},"_links":{"self":[{"href":"https:\/\/portaltela.pt\/api\/wp\/v2\/posts\/409864","targetHints":{"allow":["GET"]}}],"collection":[{"href":"https:\/\/portaltela.pt\/api\/wp\/v2\/posts"}],"about":[{"href":"https:\/\/portaltela.pt\/api\/wp\/v2\/types\/post"}],"author":[{"embeddable":true,"href":"https:\/\/portaltela.pt\/api\/wp\/v2\/users\/2"}],"replies":[{"embeddable":true,"href":"https:\/\/portaltela.pt\/api\/wp\/v2\/comments?post=409864"}],"version-history":[{"count":0,"href":"https:\/\/portaltela.pt\/api\/wp\/v2\/posts\/409864\/revisions"}],"wp:featuredmedia":[{"embeddable":true,"href":"https:\/\/portaltela.pt\/api\/wp\/v2\/media\/409868"}],"wp:attachment":[{"href":"https:\/\/portaltela.pt\/api\/wp\/v2\/media?parent=409864"}],"wp:term":[{"taxonomy":"category","embeddable":true,"href":"https:\/\/portaltela.pt\/api\/wp\/v2\/categories?post=409864"},{"taxonomy":"post_tag","embeddable":true,"href":"https:\/\/portaltela.pt\/api\/wp\/v2\/tags?post=409864"}],"curies":[{"name":"wp","href":"https:\/\/api.w.org\/{rel}","templated":true}]}}