{"id":409851,"date":"2026-03-14T07:19:00","date_gmt":"2026-03-14T10:19:00","guid":{"rendered":"https:\/\/portaltela.pt\/noticias\/2026\/03\/14\/rio-ferreira-pede-medidas-mais-rapidas\/"},"modified":"2026-03-14T07:19:00","modified_gmt":"2026-03-14T10:19:00","slug":"rio-ferreira-pede-medidas-mais-rapidas","status":"publish","type":"post","link":"https:\/\/portaltela.pt\/noticias\/2026\/03\/14\/rio-ferreira-pede-medidas-mais-rapidas\/","title":{"rendered":"Rio Ferreira pede medidas mais r\u00e1pidas"},"content":{"rendered":"<p>O rio Ferreira, no distrito do Porto, est\u00e1 no centro do Dia Internacional de Ac\u00e7\u00e3o pelos Rios, lembrando que a degrada\u00e7\u00e3o ambiental n\u00e3o \u00e9 simb\u00f3lica. O problema envolve a Esta\u00e7\u00e3o de Tratamento de \u00c1guas Residuais (ETAR) de Arreigada e a sua incapacidade de tratar as \u00e1guas antes de as devolver ao curso de \u00e1gua.<\/p>\n<p>Desde 2019, as obras de requalifica\u00e7\u00e3o e a gest\u00e3o do esgoto de Pa\u00e7os de Ferreira t\u00eam contribu\u00eddo para descargas inadequadas. Em 2023, foi instalado um equipamento provis\u00f3rio que, de acordo com informa\u00e7\u00f5es oficiais, teve melhor desempenho que o projeto falhado de 5 milh\u00f5es de euros, mas ainda n\u00e3o trata todo o efluente.<\/p>\n<p>A ETAR de Arreigada encontra-se sem licen\u00e7a de descarga v\u00e1lida e as entidades nacionais reconhecem o incumprimento das normas. O projeto de constru\u00e7\u00e3o atual, or\u00e7ado em 21,6 milh\u00f5es de euros, ainda n\u00e3o avan\u00e7ou para uma solu\u00e7\u00e3o em funcionamento.<\/p>\n<h3>Situa\u00e7\u00e3o da ETAR e prazos<\/h3>\n<p>O novo projeto prev\u00ea remodelar a ETAR e triplicar a capacidade para 30 000 m\u00b3\/dia, com prazo estimado de 2,5 anos. O concurso p\u00fablico foi lan\u00e7ado no in\u00edcio deste ano e o prazo de abertura j\u00e1 foi alargado para 7 de mar\u00e7o, devido a d\u00favidas levantadas pelos concorrentes. Um novo adiamento \u00e9 prov\u00e1vel.<\/p>\n<h3>Contexto financeiro e pol\u00edtico<\/h3>\n<p>Este caso integra o Plano Estrat\u00e9gico para o Abastecimento de \u00c1gua e Gest\u00e3o de \u00c1guas Residuais e Pluviais 2030, com financiamento europeu. A ETAR de Arreigada \u00e9 apontada como prioridade em debates nacionais sobre a qualidade da \u00e1gua, incluindo o programa Norte 2030. Em 2022 j\u00e1 era reconhecida como um erro de engenharia, com impacto sobre o ambiente e as popula\u00e7\u00f5es.<\/p>\n<h3>Envolvimento institucional e a\u00e7\u00f5es legais<\/h3>\n<p>Existem a\u00e7\u00f5es judiciais em curso, sem desfecho claro. A Comiss\u00e3o Europeia tem mantido a monitoriza\u00e7\u00e3o da situa\u00e7\u00e3o, enquadrando o caso no incumprimento da Diretiva de Tratamento de \u00c1guas Residuais Urbanas. Em dezembro de 2025, Bruxelas abriu uma a\u00e7\u00e3o no Tribunal de Justi\u00e7a da UE contra Portugal, envolvendo Pa\u00e7os de Ferreira entre as \u00e1reas de influ\u00eancia.<\/p>\n<p>A cada passo, o rio Ferreira permanece sujeito a descargas prejudiciais em atraso de resolu\u00e7\u00e3o. O tempo continua a passar, com impactos ambientais reais e sem que haja solu\u00e7\u00e3o definitva para a gest\u00e3o das \u00e1guas residuais na regi\u00e3o.<\/p>\n<h3>O que est\u00e1 em causa<\/h3>\n<p>N\u00e3o se trata apenas de uma quest\u00e3o administrativa. O caso envolve financiamento p\u00fablico e europeu, decis\u00f5es t\u00e9cnicas e responsabilidades sobre a qualidade de vida das popula\u00e7\u00f5es locais. A comunidade espera uma resposta eficaz que evite novas descargas durante as obras e assegure condi\u00e7\u00f5es ambientais compat\u00edveis com a legisla\u00e7\u00e3o.<\/p>\n","protected":false},"excerpt":{"rendered":"<ul>\n<li>O rio Ferreira, no Porto, continua com degrada\u00e7\u00e3o ambiental devido \u00e0 ETAR de Arreigada, que n\u00e3o cumpre normas, apesar de investimento p\u00fablico e fundos europeus.<\/li>\n<li>Nas obras iniciadas em 2019, o rio recebeu esgoto de Pa\u00e7os de Ferreira praticamente sem tratamento; em 2023 foi instalado um equipamento provis\u00f3rio, ainda incapaz de tratar todo o efluente.<\/li>\n<li>O novo projecto de remodela\u00e7\u00e3o da ETAR pretende triplicar a capacidade para 30.000 m\u00b3\/dia, com prazo de execu\u00e7\u00e3o de 2,5 anos; o concurso foi lan\u00e7ado no in\u00edcio deste ano e o prazo foi alargado at\u00e9 7 de mar\u00e7o.<\/li>\n<li>A ETAR de Arreigada \u00e9 prioridade do Plano Estrat\u00e9gico para Abastecimento de \u00c1gua e Gest\u00e3o de \u00c1guas Residuais e Pluviais 2030 e, desde 2022, \u00e9 reconhecida como erro de engenharia; h\u00e1 a\u00e7\u00f5es judiciais em curso, sem desfecho.<\/li>\n<li>Em dezembro de 2025, a Comiss\u00e3o Europeia instaurou uma a\u00e7\u00e3o no Tribunal de Justi\u00e7a da Uni\u00e3o Europeia contra Portugal por n\u00e3o cumprir as regras de \u00e1guas residuais; Pa\u00e7os de Ferreira est\u00e1 inclu\u00edda no processo.<\/li>\n<\/ul>\n","protected":false},"author":2,"featured_media":409853,"comment_status":"closed","ping_status":"closed","sticky":false,"template":"","format":"standard","meta":{"footnotes":""},"categories":[6725,1],"tags":[1503,1090,559,45,1499,2055],"class_list":["post-409851","post","type-post","status-publish","format-standard","has-post-thumbnail","hentry","category-meio-ambiente","category-noticias","tag-abastecimento-de-agua","tag-agua","tag-licenciamento-ambiental","tag-meio-ambiente","tag-pacos-de-ferreira","tag-uniao-europeia"],"yoast_head":"<!-- This site is optimized with the Yoast SEO plugin v27.2 - https:\/\/yoast.com\/product\/yoast-seo-wordpress\/ -->\n<title>Rio Ferreira pede medidas mais r\u00e1pidas - Portal Tela Portugal<\/title>\n<meta name=\"robots\" content=\"index, follow, max-snippet:-1, max-image-preview:large, max-video-preview:-1\" \/>\n<meta property=\"og:locale\" content=\"pt_PT\" \/>\n<meta property=\"og:type\" content=\"article\" \/>\n<meta property=\"og:title\" content=\"Rio Ferreira pede medidas mais r\u00e1pidas - Portal Tela Portugal\" \/>\n<meta property=\"og:description\" content=\"O rio Ferreira, no Porto, continua com degrada\u00e7\u00e3o ambiental devido \u00e0 ETAR de Arreigada, que n\u00e3o cumpre normas, apesar de investimento p\u00fablico e fundos europeus. Nas obras iniciadas em 2019, o rio recebeu esgoto de Pa\u00e7os de Ferreira praticamente sem tratamento; em 2023 foi instalado um equipamento provis\u00f3rio, ainda incapaz de tratar todo o efluente. O novo projecto de remodela\u00e7\u00e3o da ETAR pretende triplicar a capacidade para 30.000 m\u00b3\/dia, com prazo de execu\u00e7\u00e3o de 2,5 anos; o concurso foi lan\u00e7ado no in\u00edcio deste ano e o prazo foi alargado at\u00e9 7 de mar\u00e7o. A ETAR de Arreigada \u00e9 prioridade do Plano Estrat\u00e9gico para Abastecimento de \u00c1gua e Gest\u00e3o de \u00c1guas Residuais e Pluviais 2030 e, desde 2022, \u00e9 reconhecida como erro de engenharia; h\u00e1 a\u00e7\u00f5es judiciais em curso, sem desfecho. Em dezembro de 2025, a Comiss\u00e3o Europeia instaurou uma a\u00e7\u00e3o no Tribunal de Justi\u00e7a da Uni\u00e3o Europeia contra Portugal por n\u00e3o cumprir as regras de \u00e1guas residuais; Pa\u00e7os de Ferreira est\u00e1 inclu\u00edda no processo.\" \/>\n<meta property=\"og:url\" content=\"https:\/\/portaltela.pt\/noticias\/2026\/03\/14\/rio-ferreira-pede-medidas-mais-rapidas\/\" \/>\n<meta property=\"og:site_name\" content=\"Portal Tela Portugal\" \/>\n<meta property=\"article:published_time\" content=\"2026-03-14T10:19:00+00:00\" \/>\n<meta name=\"author\" content=\"Telinha\" \/>\n<meta name=\"twitter:card\" content=\"summary_large_image\" \/>\n<meta name=\"twitter:label1\" content=\"Escrito por\" \/>\n\t<meta name=\"twitter:data1\" content=\"Telinha\" \/>\n\t<meta name=\"twitter:label2\" content=\"Tempo estimado de leitura\" \/>\n\t<meta name=\"twitter:data2\" content=\"2 minutos\" \/>\n<script type=\"application\/ld+json\" class=\"yoast-schema-graph\">{\"@context\":\"https:\/\/schema.org\",\"@graph\":[{\"@type\":\"Article\",\"@id\":\"https:\/\/portaltela.pt\/noticias\/2026\/03\/14\/rio-ferreira-pede-medidas-mais-rapidas\/#article\",\"isPartOf\":{\"@id\":\"https:\/\/portaltela.pt\/noticias\/2026\/03\/14\/rio-ferreira-pede-medidas-mais-rapidas\/\"},\"author\":{\"name\":\"Telinha\",\"@id\":\"https:\/\/portaltela.pt\/#\/schema\/person\/c4278d4a6028830caff9ee44b42d32ed\"},\"headline\":\"Rio Ferreira pede medidas mais r\u00e1pidas\",\"datePublished\":\"2026-03-14T10:19:00+00:00\",\"mainEntityOfPage\":{\"@id\":\"https:\/\/portaltela.pt\/noticias\/2026\/03\/14\/rio-ferreira-pede-medidas-mais-rapidas\/\"},\"wordCount\":466,\"image\":{\"@id\":\"https:\/\/portaltela.pt\/noticias\/2026\/03\/14\/rio-ferreira-pede-medidas-mais-rapidas\/#primaryimage\"},\"thumbnailUrl\":\"https:\/\/portaltela.pt\/s.01k8rhncp4jt1\/2026\/03\/2073953.jpg\",\"keywords\":[\"abastecimento de \u00e1gua\",\"\u00e1gua\",\"licenciamento ambiental\",\"meio-ambiente\",\"Pa\u00e7os de Ferreira\",\"Uni\u00e3o Europeia\"],\"articleSection\":[\"Meio Ambiente\",\"Not\u00edcias\"],\"inLanguage\":\"pt-PT\"},{\"@type\":\"WebPage\",\"@id\":\"https:\/\/portaltela.pt\/noticias\/2026\/03\/14\/rio-ferreira-pede-medidas-mais-rapidas\/\",\"url\":\"https:\/\/portaltela.pt\/noticias\/2026\/03\/14\/rio-ferreira-pede-medidas-mais-rapidas\/\",\"name\":\"Rio Ferreira pede medidas mais r\u00e1pidas - Portal Tela Portugal\",\"isPartOf\":{\"@id\":\"https:\/\/portaltela.pt\/#website\"},\"primaryImageOfPage\":{\"@id\":\"https:\/\/portaltela.pt\/noticias\/2026\/03\/14\/rio-ferreira-pede-medidas-mais-rapidas\/#primaryimage\"},\"image\":{\"@id\":\"https:\/\/portaltela.pt\/noticias\/2026\/03\/14\/rio-ferreira-pede-medidas-mais-rapidas\/#primaryimage\"},\"thumbnailUrl\":\"https:\/\/portaltela.pt\/s.01k8rhncp4jt1\/2026\/03\/2073953.jpg\",\"datePublished\":\"2026-03-14T10:19:00+00:00\",\"author\":{\"@id\":\"https:\/\/portaltela.pt\/#\/schema\/person\/c4278d4a6028830caff9ee44b42d32ed\"},\"breadcrumb\":{\"@id\":\"https:\/\/portaltela.pt\/noticias\/2026\/03\/14\/rio-ferreira-pede-medidas-mais-rapidas\/#breadcrumb\"},\"inLanguage\":\"pt-PT\",\"potentialAction\":[{\"@type\":\"ReadAction\",\"target\":[\"https:\/\/portaltela.pt\/noticias\/2026\/03\/14\/rio-ferreira-pede-medidas-mais-rapidas\/\"]}]},{\"@type\":\"ImageObject\",\"inLanguage\":\"pt-PT\",\"@id\":\"https:\/\/portaltela.pt\/noticias\/2026\/03\/14\/rio-ferreira-pede-medidas-mais-rapidas\/#primaryimage\",\"url\":\"https:\/\/portaltela.pt\/s.01k8rhncp4jt1\/2026\/03\/2073953.jpg\",\"contentUrl\":\"https:\/\/portaltela.pt\/s.01k8rhncp4jt1\/2026\/03\/2073953.jpg\",\"width\":796,\"height\":448,\"caption\":\"Photo\"},{\"@type\":\"BreadcrumbList\",\"@id\":\"https:\/\/portaltela.pt\/noticias\/2026\/03\/14\/rio-ferreira-pede-medidas-mais-rapidas\/#breadcrumb\",\"itemListElement\":[{\"@type\":\"ListItem\",\"position\":1,\"name\":\"In\u00edcio\",\"item\":\"https:\/\/portaltela.pt\/\"},{\"@type\":\"ListItem\",\"position\":2,\"name\":\"Rio Ferreira pede medidas mais r\u00e1pidas\"}]},{\"@type\":\"WebSite\",\"@id\":\"https:\/\/portaltela.pt\/#website\",\"url\":\"https:\/\/portaltela.pt\/\",\"name\":\"Portal Tela Portugal\",\"description\":\"\",\"potentialAction\":[{\"@type\":\"SearchAction\",\"target\":{\"@type\":\"EntryPoint\",\"urlTemplate\":\"https:\/\/portaltela.pt\/?s={search_term_string}\"},\"query-input\":{\"@type\":\"PropertyValueSpecification\",\"valueRequired\":true,\"valueName\":\"search_term_string\"}}],\"inLanguage\":\"pt-PT\"},{\"@type\":\"Person\",\"@id\":\"https:\/\/portaltela.pt\/#\/schema\/person\/c4278d4a6028830caff9ee44b42d32ed\",\"name\":\"Telinha\",\"image\":{\"@type\":\"ImageObject\",\"inLanguage\":\"pt-PT\",\"@id\":\"https:\/\/portaltela.pt\/s.01k8rhncp4jt1\/2025\/11\/talking-bot-125x125.png\",\"url\":\"https:\/\/portaltela.pt\/s.01k8rhncp4jt1\/2025\/11\/talking-bot-125x125.png\",\"contentUrl\":\"https:\/\/portaltela.pt\/s.01k8rhncp4jt1\/2025\/11\/talking-bot-125x125.png\",\"caption\":\"Telinha\"},\"sameAs\":[\"https:\/\/portaltela.pt\/\"],\"url\":\"https:\/\/portaltela.pt\/por\/367410592786\/\"}]}<\/script>\n<!-- \/ Yoast SEO plugin. -->","yoast_head_json":{"title":"Rio Ferreira pede medidas mais r\u00e1pidas - Portal Tela Portugal","robots":{"index":"index","follow":"follow","max-snippet":"max-snippet:-1","max-image-preview":"max-image-preview:large","max-video-preview":"max-video-preview:-1"},"og_locale":"pt_PT","og_type":"article","og_title":"Rio Ferreira pede medidas mais r\u00e1pidas - Portal Tela Portugal","og_description":"O rio Ferreira, no Porto, continua com degrada\u00e7\u00e3o ambiental devido \u00e0 ETAR de Arreigada, que n\u00e3o cumpre normas, apesar de investimento p\u00fablico e fundos europeus. Nas obras iniciadas em 2019, o rio recebeu esgoto de Pa\u00e7os de Ferreira praticamente sem tratamento; em 2023 foi instalado um equipamento provis\u00f3rio, ainda incapaz de tratar todo o efluente. O novo projecto de remodela\u00e7\u00e3o da ETAR pretende triplicar a capacidade para 30.000 m\u00b3\/dia, com prazo de execu\u00e7\u00e3o de 2,5 anos; o concurso foi lan\u00e7ado no in\u00edcio deste ano e o prazo foi alargado at\u00e9 7 de mar\u00e7o. A ETAR de Arreigada \u00e9 prioridade do Plano Estrat\u00e9gico para Abastecimento de \u00c1gua e Gest\u00e3o de \u00c1guas Residuais e Pluviais 2030 e, desde 2022, \u00e9 reconhecida como erro de engenharia; h\u00e1 a\u00e7\u00f5es judiciais em curso, sem desfecho. Em dezembro de 2025, a Comiss\u00e3o Europeia instaurou uma a\u00e7\u00e3o no Tribunal de Justi\u00e7a da Uni\u00e3o Europeia contra Portugal por n\u00e3o cumprir as regras de \u00e1guas residuais; Pa\u00e7os de Ferreira est\u00e1 inclu\u00edda no processo.","og_url":"https:\/\/portaltela.pt\/noticias\/2026\/03\/14\/rio-ferreira-pede-medidas-mais-rapidas\/","og_site_name":"Portal Tela Portugal","article_published_time":"2026-03-14T10:19:00+00:00","author":"Telinha","twitter_card":"summary_large_image","twitter_misc":{"Escrito por":"Telinha","Tempo estimado de leitura":"2 minutos"},"schema":{"@context":"https:\/\/schema.org","@graph":[{"@type":"Article","@id":"https:\/\/portaltela.pt\/noticias\/2026\/03\/14\/rio-ferreira-pede-medidas-mais-rapidas\/#article","isPartOf":{"@id":"https:\/\/portaltela.pt\/noticias\/2026\/03\/14\/rio-ferreira-pede-medidas-mais-rapidas\/"},"author":{"name":"Telinha","@id":"https:\/\/portaltela.pt\/#\/schema\/person\/c4278d4a6028830caff9ee44b42d32ed"},"headline":"Rio Ferreira pede medidas mais r\u00e1pidas","datePublished":"2026-03-14T10:19:00+00:00","mainEntityOfPage":{"@id":"https:\/\/portaltela.pt\/noticias\/2026\/03\/14\/rio-ferreira-pede-medidas-mais-rapidas\/"},"wordCount":466,"image":{"@id":"https:\/\/portaltela.pt\/noticias\/2026\/03\/14\/rio-ferreira-pede-medidas-mais-rapidas\/#primaryimage"},"thumbnailUrl":"https:\/\/portaltela.pt\/s.01k8rhncp4jt1\/2026\/03\/2073953.jpg","keywords":["abastecimento de \u00e1gua","\u00e1gua","licenciamento ambiental","meio-ambiente","Pa\u00e7os de Ferreira","Uni\u00e3o Europeia"],"articleSection":["Meio Ambiente","Not\u00edcias"],"inLanguage":"pt-PT"},{"@type":"WebPage","@id":"https:\/\/portaltela.pt\/noticias\/2026\/03\/14\/rio-ferreira-pede-medidas-mais-rapidas\/","url":"https:\/\/portaltela.pt\/noticias\/2026\/03\/14\/rio-ferreira-pede-medidas-mais-rapidas\/","name":"Rio Ferreira pede medidas mais r\u00e1pidas - Portal Tela Portugal","isPartOf":{"@id":"https:\/\/portaltela.pt\/#website"},"primaryImageOfPage":{"@id":"https:\/\/portaltela.pt\/noticias\/2026\/03\/14\/rio-ferreira-pede-medidas-mais-rapidas\/#primaryimage"},"image":{"@id":"https:\/\/portaltela.pt\/noticias\/2026\/03\/14\/rio-ferreira-pede-medidas-mais-rapidas\/#primaryimage"},"thumbnailUrl":"https:\/\/portaltela.pt\/s.01k8rhncp4jt1\/2026\/03\/2073953.jpg","datePublished":"2026-03-14T10:19:00+00:00","author":{"@id":"https:\/\/portaltela.pt\/#\/schema\/person\/c4278d4a6028830caff9ee44b42d32ed"},"breadcrumb":{"@id":"https:\/\/portaltela.pt\/noticias\/2026\/03\/14\/rio-ferreira-pede-medidas-mais-rapidas\/#breadcrumb"},"inLanguage":"pt-PT","potentialAction":[{"@type":"ReadAction","target":["https:\/\/portaltela.pt\/noticias\/2026\/03\/14\/rio-ferreira-pede-medidas-mais-rapidas\/"]}]},{"@type":"ImageObject","inLanguage":"pt-PT","@id":"https:\/\/portaltela.pt\/noticias\/2026\/03\/14\/rio-ferreira-pede-medidas-mais-rapidas\/#primaryimage","url":"https:\/\/portaltela.pt\/s.01k8rhncp4jt1\/2026\/03\/2073953.jpg","contentUrl":"https:\/\/portaltela.pt\/s.01k8rhncp4jt1\/2026\/03\/2073953.jpg","width":796,"height":448,"caption":"Photo"},{"@type":"BreadcrumbList","@id":"https:\/\/portaltela.pt\/noticias\/2026\/03\/14\/rio-ferreira-pede-medidas-mais-rapidas\/#breadcrumb","itemListElement":[{"@type":"ListItem","position":1,"name":"In\u00edcio","item":"https:\/\/portaltela.pt\/"},{"@type":"ListItem","position":2,"name":"Rio Ferreira pede medidas mais r\u00e1pidas"}]},{"@type":"WebSite","@id":"https:\/\/portaltela.pt\/#website","url":"https:\/\/portaltela.pt\/","name":"Portal Tela Portugal","description":"","potentialAction":[{"@type":"SearchAction","target":{"@type":"EntryPoint","urlTemplate":"https:\/\/portaltela.pt\/?s={search_term_string}"},"query-input":{"@type":"PropertyValueSpecification","valueRequired":true,"valueName":"search_term_string"}}],"inLanguage":"pt-PT"},{"@type":"Person","@id":"https:\/\/portaltela.pt\/#\/schema\/person\/c4278d4a6028830caff9ee44b42d32ed","name":"Telinha","image":{"@type":"ImageObject","inLanguage":"pt-PT","@id":"https:\/\/portaltela.pt\/s.01k8rhncp4jt1\/2025\/11\/talking-bot-125x125.png","url":"https:\/\/portaltela.pt\/s.01k8rhncp4jt1\/2025\/11\/talking-bot-125x125.png","contentUrl":"https:\/\/portaltela.pt\/s.01k8rhncp4jt1\/2025\/11\/talking-bot-125x125.png","caption":"Telinha"},"sameAs":["https:\/\/portaltela.pt\/"],"url":"https:\/\/portaltela.pt\/por\/367410592786\/"}]}},"_links":{"self":[{"href":"https:\/\/portaltela.pt\/api\/wp\/v2\/posts\/409851","targetHints":{"allow":["GET"]}}],"collection":[{"href":"https:\/\/portaltela.pt\/api\/wp\/v2\/posts"}],"about":[{"href":"https:\/\/portaltela.pt\/api\/wp\/v2\/types\/post"}],"author":[{"embeddable":true,"href":"https:\/\/portaltela.pt\/api\/wp\/v2\/users\/2"}],"replies":[{"embeddable":true,"href":"https:\/\/portaltela.pt\/api\/wp\/v2\/comments?post=409851"}],"version-history":[{"count":0,"href":"https:\/\/portaltela.pt\/api\/wp\/v2\/posts\/409851\/revisions"}],"wp:featuredmedia":[{"embeddable":true,"href":"https:\/\/portaltela.pt\/api\/wp\/v2\/media\/409853"}],"wp:attachment":[{"href":"https:\/\/portaltela.pt\/api\/wp\/v2\/media?parent=409851"}],"wp:term":[{"taxonomy":"category","embeddable":true,"href":"https:\/\/portaltela.pt\/api\/wp\/v2\/categories?post=409851"},{"taxonomy":"post_tag","embeddable":true,"href":"https:\/\/portaltela.pt\/api\/wp\/v2\/tags?post=409851"}],"curies":[{"name":"wp","href":"https:\/\/api.w.org\/{rel}","templated":true}]}}