{"id":409847,"date":"2026-03-14T07:47:28","date_gmt":"2026-03-14T10:47:28","guid":{"rendered":"https:\/\/portaltela.pt\/noticias\/2026\/03\/14\/explosao-danifica-escola-judaica-em-amesterdao-sem-feridos-anuncia-presidente\/"},"modified":"2026-03-14T07:47:28","modified_gmt":"2026-03-14T10:47:28","slug":"explosao-danifica-escola-judaica-em-amesterdao-sem-feridos-anuncia-presidente","status":"publish","type":"post","link":"https:\/\/portaltela.pt\/seguranca\/2026\/03\/14\/explosao-danifica-escola-judaica-em-amesterdao-sem-feridos-anuncia-presidente\/","title":{"rendered":"Explos\u00e3o danifica escola judaica em Amesterd\u00e3o; sem feridos, anuncia presidente"},"content":{"rendered":"<p>A explos\u00e3o numa escola judaica de Amesterd\u00e3o, ocorrida na madrugada de s\u00e1bado, causou danos numa parede exterior. N\u00e3o houve feridos, e for\u00e7as de seguran\u00e7a localizaram rapidamente a \u00e1rea. A investiga\u00e7\u00e3o est\u00e1 em curso.<\/p>\n<p>A presidente da C\u00e2mara de Amesterd\u00e3o, Femke Halsema, classificou o incidente como um ato cobarde dirigido \u00e0 comunidade judaica. Reiterou que o antissemitismo \u00e9 inaceit\u00e1vel e que a cidade enfrenta o problema diariamente.<\/p>\n<p>O primeiro-ministro holand\u00eas, Rob Jetten, qualifica o ataque de horr\u00edvel e afirma que n\u00e3o h\u00e1 lugar para o \u00f3dio antijudaico nos Pa\u00edses Baixos. A pol\u00edcia j\u00e1 reuniu imagens de videovigil\u00e2ncia com a poss\u00edvel troca de explosivo.<\/p>\n<p>A investiga\u00e7\u00e3o envolve a recolha de testemunhos e a an\u00e1lise de imagens para determinar motiva\u00e7\u00e3o, autoria e perpetradores. A pol\u00edcia solicitou \u00e0 popula\u00e7\u00e3o qualquer prova ou testemunho relevante.<\/p>\n<h3>Refor\u00e7o de seguran\u00e7a e antecedentes<\/h3>\n<p>A atua\u00e7\u00e3o nesta madrugada sucede a um refor\u00e7o de seguran\u00e7a em sinagogas e institui\u00e7\u00f5es judaicas no pa\u00eds, ap\u00f3s um ataque incendi\u00e1rio em uma sinagoga no centro de Roterd\u00e3o na sexta-feira.<\/p>\n<p>A pol\u00edcia deteve quatro jovens, com idades entre 17 e 19 anos, sob suspeita de terem provocado uma explos\u00e3o junto ao exterior de uma sinagoga em Roterd\u00e3o. N\u00e3o foram divulgados detalhes sobre o motivo.<\/p>\n<p>Ainda segundo a pol\u00edcia, n\u00e3o est\u00e1 claro se os suspeitos planeavam detonar explosivos ou incendiar outra sinagoga, e as autoridades apelam a testemunhas para esclarecer o caso.<\/p>\n<p>Na sexta-feira surgiram v\u00eddeos n\u00e3o verificados a circular nas redes, alegadamente relacionados com um ataque pr\u00f3ximo de um edif\u00edcio semelhante ao da sinagoga visada, que a pol\u00edcia est\u00e1 a analisar no \u00e2mbito da investiga\u00e7\u00e3o.<\/p>\n<h3>Outros incidentes na regi\u00e3o<\/h3>\n<p>Na segunda-feira, uma explos\u00e3o atingiu uma sinagoga na cidade belga de Li\u00e8ge, antes do amanhecer, provocando danos sem registar feridos. As autoridades belgas est\u00e3o a analisar um poss\u00edvel conte\u00fado jihadista.<\/p>\n<p>Na quinta-feira, um condutor embateu com o carro numa sinagoga perto de Detroit, no Michigan, dando origem a um inc\u00eandio. Seguran\u00e7as responderam com fogo contra o agressor, que morreu no local.<\/p>\n","protected":false},"excerpt":{"rendered":"<ul>\n<li>Explos\u00e3o numa escola judaica em Amesterd\u00e3o danificou a parede exterior durante a madrugada de s\u00e1bado; a pol\u00edcia e os bombeiros chegaram rapidamente e n\u00e3o houve feridos.<\/li>\n<li>A presidente da C\u00e2mara de Amesterd\u00e3o, Femke Halsema, descreveu o incidente como um ato cobarde de agress\u00e3o contra a comunidade judaica.<\/li>\n<li>O primeiro-ministro holand\u00eas, Rob Jetten, classificou o ataque como horr\u00edvel e disse que n\u00e3o deve haver lugar para o antissemitismo nos Pa\u00edses Baixos.<\/li>\n<li>A pol\u00edcia tem imagens de c\u00e2maras de vigil\u00e2ncia que mostram uma pessoa a colocar o engenho explosivo e abriu uma investiga\u00e7\u00e3o.<\/li>\n<li>O epis\u00f3dio sucede outros ataques a institui\u00e7\u00f5es judaicas, com refor\u00e7o de seguran\u00e7a e deten\u00e7\u00f5es de quatro jovens na investiga\u00e7\u00e3o em Roterd\u00e3o.<\/li>\n<\/ul>\n","protected":false},"author":2,"featured_media":409848,"comment_status":"closed","ping_status":"closed","sticky":false,"template":"","format":"standard","meta":{"footnotes":""},"categories":[6779],"tags":[1156,1383,3035,3571,320,4536],"class_list":["post-409847","post","type-post","status-publish","format-standard","has-post-thumbnail","hentry","category-seguranca","tag-amesterdao","tag-antissemitismo","tag-comunidade","tag-explosoes","tag-protecao-civil","tag-seguranca"],"yoast_head":"<!-- This site is optimized with the Yoast SEO plugin v27.2 - https:\/\/yoast.com\/product\/yoast-seo-wordpress\/ -->\n<title>Explos\u00e3o danifica escola judaica em Amesterd\u00e3o; sem feridos, anuncia presidente - Portal Tela Portugal<\/title>\n<meta name=\"robots\" content=\"index, follow, max-snippet:-1, max-image-preview:large, max-video-preview:-1\" \/>\n<meta property=\"og:locale\" content=\"pt_PT\" \/>\n<meta property=\"og:type\" content=\"article\" \/>\n<meta property=\"og:title\" content=\"Explos\u00e3o danifica escola judaica em Amesterd\u00e3o; sem feridos, anuncia presidente - Portal Tela Portugal\" \/>\n<meta property=\"og:description\" content=\"Explos\u00e3o numa escola judaica em Amesterd\u00e3o danificou a parede exterior durante a madrugada de s\u00e1bado; a pol\u00edcia e os bombeiros chegaram rapidamente e n\u00e3o houve feridos. A presidente da C\u00e2mara de Amesterd\u00e3o, Femke Halsema, descreveu o incidente como um ato cobarde de agress\u00e3o contra a comunidade judaica. O primeiro-ministro holand\u00eas, Rob Jetten, classificou o ataque como horr\u00edvel e disse que n\u00e3o deve haver lugar para o antissemitismo nos Pa\u00edses Baixos. A pol\u00edcia tem imagens de c\u00e2maras de vigil\u00e2ncia que mostram uma pessoa a colocar o engenho explosivo e abriu uma investiga\u00e7\u00e3o. O epis\u00f3dio sucede outros ataques a institui\u00e7\u00f5es judaicas, com refor\u00e7o de seguran\u00e7a e deten\u00e7\u00f5es de quatro jovens na investiga\u00e7\u00e3o em Roterd\u00e3o.\" \/>\n<meta property=\"og:url\" content=\"https:\/\/portaltela.pt\/noticias\/2026\/03\/14\/explosao-danifica-escola-judaica-em-amesterdao-sem-feridos-anuncia-presidente\/\" \/>\n<meta property=\"og:site_name\" content=\"Portal Tela Portugal\" \/>\n<meta property=\"article:published_time\" content=\"2026-03-14T10:47:28+00:00\" \/>\n<meta name=\"author\" content=\"Telinha\" \/>\n<meta name=\"twitter:card\" content=\"summary_large_image\" \/>\n<meta name=\"twitter:label1\" content=\"Escrito por\" \/>\n\t<meta name=\"twitter:data1\" content=\"Telinha\" \/>\n\t<meta name=\"twitter:label2\" content=\"Tempo estimado de leitura\" \/>\n\t<meta name=\"twitter:data2\" content=\"2 minutos\" \/>\n<script type=\"application\/ld+json\" class=\"yoast-schema-graph\">{\"@context\":\"https:\/\/schema.org\",\"@graph\":[{\"@type\":\"Article\",\"@id\":\"https:\/\/portaltela.pt\/noticias\/2026\/03\/14\/explosao-danifica-escola-judaica-em-amesterdao-sem-feridos-anuncia-presidente\/#article\",\"isPartOf\":{\"@id\":\"https:\/\/portaltela.pt\/noticias\/2026\/03\/14\/explosao-danifica-escola-judaica-em-amesterdao-sem-feridos-anuncia-presidente\/\"},\"author\":{\"name\":\"Telinha\",\"@id\":\"https:\/\/portaltela.pt\/#\/schema\/person\/c4278d4a6028830caff9ee44b42d32ed\"},\"headline\":\"Explos\u00e3o danifica escola judaica em Amesterd\u00e3o; sem feridos, anuncia presidente\",\"datePublished\":\"2026-03-14T10:47:28+00:00\",\"mainEntityOfPage\":{\"@id\":\"https:\/\/portaltela.pt\/noticias\/2026\/03\/14\/explosao-danifica-escola-judaica-em-amesterdao-sem-feridos-anuncia-presidente\/\"},\"wordCount\":384,\"image\":{\"@id\":\"https:\/\/portaltela.pt\/noticias\/2026\/03\/14\/explosao-danifica-escola-judaica-em-amesterdao-sem-feridos-anuncia-presidente\/#primaryimage\"},\"thumbnailUrl\":\"https:\/\/portaltela.pt\/s.01k8rhncp4jt1\/2026\/03\/1536x864_cmsv2_dbf17a52-0233-5796-9cc5-b3b26f48ecf9-9685531.jpg\",\"keywords\":[\"Amesterd\u00e3o\",\"antissemitismo\",\"comunidade\",\"explos\u00f5es\",\"prote\u00e7\u00e3o civil\",\"seguran\u00e7a\"],\"articleSection\":[\"Seguran\u00e7a\"],\"inLanguage\":\"pt-PT\"},{\"@type\":\"WebPage\",\"@id\":\"https:\/\/portaltela.pt\/noticias\/2026\/03\/14\/explosao-danifica-escola-judaica-em-amesterdao-sem-feridos-anuncia-presidente\/\",\"url\":\"https:\/\/portaltela.pt\/noticias\/2026\/03\/14\/explosao-danifica-escola-judaica-em-amesterdao-sem-feridos-anuncia-presidente\/\",\"name\":\"Explos\u00e3o danifica escola judaica em Amesterd\u00e3o; sem feridos, anuncia presidente - Portal Tela Portugal\",\"isPartOf\":{\"@id\":\"https:\/\/portaltela.pt\/#website\"},\"primaryImageOfPage\":{\"@id\":\"https:\/\/portaltela.pt\/noticias\/2026\/03\/14\/explosao-danifica-escola-judaica-em-amesterdao-sem-feridos-anuncia-presidente\/#primaryimage\"},\"image\":{\"@id\":\"https:\/\/portaltela.pt\/noticias\/2026\/03\/14\/explosao-danifica-escola-judaica-em-amesterdao-sem-feridos-anuncia-presidente\/#primaryimage\"},\"thumbnailUrl\":\"https:\/\/portaltela.pt\/s.01k8rhncp4jt1\/2026\/03\/1536x864_cmsv2_dbf17a52-0233-5796-9cc5-b3b26f48ecf9-9685531.jpg\",\"datePublished\":\"2026-03-14T10:47:28+00:00\",\"author\":{\"@id\":\"https:\/\/portaltela.pt\/#\/schema\/person\/c4278d4a6028830caff9ee44b42d32ed\"},\"breadcrumb\":{\"@id\":\"https:\/\/portaltela.pt\/noticias\/2026\/03\/14\/explosao-danifica-escola-judaica-em-amesterdao-sem-feridos-anuncia-presidente\/#breadcrumb\"},\"inLanguage\":\"pt-PT\",\"potentialAction\":[{\"@type\":\"ReadAction\",\"target\":[\"https:\/\/portaltela.pt\/noticias\/2026\/03\/14\/explosao-danifica-escola-judaica-em-amesterdao-sem-feridos-anuncia-presidente\/\"]}]},{\"@type\":\"ImageObject\",\"inLanguage\":\"pt-PT\",\"@id\":\"https:\/\/portaltela.pt\/noticias\/2026\/03\/14\/explosao-danifica-escola-judaica-em-amesterdao-sem-feridos-anuncia-presidente\/#primaryimage\",\"url\":\"https:\/\/portaltela.pt\/s.01k8rhncp4jt1\/2026\/03\/1536x864_cmsv2_dbf17a52-0233-5796-9cc5-b3b26f48ecf9-9685531.jpg\",\"contentUrl\":\"https:\/\/portaltela.pt\/s.01k8rhncp4jt1\/2026\/03\/1536x864_cmsv2_dbf17a52-0233-5796-9cc5-b3b26f48ecf9-9685531.jpg\",\"width\":796,\"height\":448,\"caption\":\"Vista da Pra\u00e7a Dam em Amesterd\u00e3o, Pa\u00edses Baixos, ter\u00e7a-feira, 4 de maio de 2021.\"},{\"@type\":\"BreadcrumbList\",\"@id\":\"https:\/\/portaltela.pt\/noticias\/2026\/03\/14\/explosao-danifica-escola-judaica-em-amesterdao-sem-feridos-anuncia-presidente\/#breadcrumb\",\"itemListElement\":[{\"@type\":\"ListItem\",\"position\":1,\"name\":\"In\u00edcio\",\"item\":\"https:\/\/portaltela.pt\/\"},{\"@type\":\"ListItem\",\"position\":2,\"name\":\"Explos\u00e3o danifica escola judaica em Amesterd\u00e3o; sem feridos, anuncia presidente\"}]},{\"@type\":\"WebSite\",\"@id\":\"https:\/\/portaltela.pt\/#website\",\"url\":\"https:\/\/portaltela.pt\/\",\"name\":\"Portal Tela Portugal\",\"description\":\"\",\"potentialAction\":[{\"@type\":\"SearchAction\",\"target\":{\"@type\":\"EntryPoint\",\"urlTemplate\":\"https:\/\/portaltela.pt\/?s={search_term_string}\"},\"query-input\":{\"@type\":\"PropertyValueSpecification\",\"valueRequired\":true,\"valueName\":\"search_term_string\"}}],\"inLanguage\":\"pt-PT\"},{\"@type\":\"Person\",\"@id\":\"https:\/\/portaltela.pt\/#\/schema\/person\/c4278d4a6028830caff9ee44b42d32ed\",\"name\":\"Telinha\",\"image\":{\"@type\":\"ImageObject\",\"inLanguage\":\"pt-PT\",\"@id\":\"https:\/\/portaltela.pt\/s.01k8rhncp4jt1\/2025\/11\/talking-bot-125x125.png\",\"url\":\"https:\/\/portaltela.pt\/s.01k8rhncp4jt1\/2025\/11\/talking-bot-125x125.png\",\"contentUrl\":\"https:\/\/portaltela.pt\/s.01k8rhncp4jt1\/2025\/11\/talking-bot-125x125.png\",\"caption\":\"Telinha\"},\"sameAs\":[\"https:\/\/portaltela.pt\/\"],\"url\":\"https:\/\/portaltela.pt\/por\/367410592786\/\"}]}<\/script>\n<!-- \/ Yoast SEO plugin. -->","yoast_head_json":{"title":"Explos\u00e3o danifica escola judaica em Amesterd\u00e3o; sem feridos, anuncia presidente - Portal Tela Portugal","robots":{"index":"index","follow":"follow","max-snippet":"max-snippet:-1","max-image-preview":"max-image-preview:large","max-video-preview":"max-video-preview:-1"},"og_locale":"pt_PT","og_type":"article","og_title":"Explos\u00e3o danifica escola judaica em Amesterd\u00e3o; sem feridos, anuncia presidente - Portal Tela Portugal","og_description":"Explos\u00e3o numa escola judaica em Amesterd\u00e3o danificou a parede exterior durante a madrugada de s\u00e1bado; a pol\u00edcia e os bombeiros chegaram rapidamente e n\u00e3o houve feridos. A presidente da C\u00e2mara de Amesterd\u00e3o, Femke Halsema, descreveu o incidente como um ato cobarde de agress\u00e3o contra a comunidade judaica. O primeiro-ministro holand\u00eas, Rob Jetten, classificou o ataque como horr\u00edvel e disse que n\u00e3o deve haver lugar para o antissemitismo nos Pa\u00edses Baixos. A pol\u00edcia tem imagens de c\u00e2maras de vigil\u00e2ncia que mostram uma pessoa a colocar o engenho explosivo e abriu uma investiga\u00e7\u00e3o. O epis\u00f3dio sucede outros ataques a institui\u00e7\u00f5es judaicas, com refor\u00e7o de seguran\u00e7a e deten\u00e7\u00f5es de quatro jovens na investiga\u00e7\u00e3o em Roterd\u00e3o.","og_url":"https:\/\/portaltela.pt\/noticias\/2026\/03\/14\/explosao-danifica-escola-judaica-em-amesterdao-sem-feridos-anuncia-presidente\/","og_site_name":"Portal Tela Portugal","article_published_time":"2026-03-14T10:47:28+00:00","author":"Telinha","twitter_card":"summary_large_image","twitter_misc":{"Escrito por":"Telinha","Tempo estimado de leitura":"2 minutos"},"schema":{"@context":"https:\/\/schema.org","@graph":[{"@type":"Article","@id":"https:\/\/portaltela.pt\/noticias\/2026\/03\/14\/explosao-danifica-escola-judaica-em-amesterdao-sem-feridos-anuncia-presidente\/#article","isPartOf":{"@id":"https:\/\/portaltela.pt\/noticias\/2026\/03\/14\/explosao-danifica-escola-judaica-em-amesterdao-sem-feridos-anuncia-presidente\/"},"author":{"name":"Telinha","@id":"https:\/\/portaltela.pt\/#\/schema\/person\/c4278d4a6028830caff9ee44b42d32ed"},"headline":"Explos\u00e3o danifica escola judaica em Amesterd\u00e3o; sem feridos, anuncia presidente","datePublished":"2026-03-14T10:47:28+00:00","mainEntityOfPage":{"@id":"https:\/\/portaltela.pt\/noticias\/2026\/03\/14\/explosao-danifica-escola-judaica-em-amesterdao-sem-feridos-anuncia-presidente\/"},"wordCount":384,"image":{"@id":"https:\/\/portaltela.pt\/noticias\/2026\/03\/14\/explosao-danifica-escola-judaica-em-amesterdao-sem-feridos-anuncia-presidente\/#primaryimage"},"thumbnailUrl":"https:\/\/portaltela.pt\/s.01k8rhncp4jt1\/2026\/03\/1536x864_cmsv2_dbf17a52-0233-5796-9cc5-b3b26f48ecf9-9685531.jpg","keywords":["Amesterd\u00e3o","antissemitismo","comunidade","explos\u00f5es","prote\u00e7\u00e3o civil","seguran\u00e7a"],"articleSection":["Seguran\u00e7a"],"inLanguage":"pt-PT"},{"@type":"WebPage","@id":"https:\/\/portaltela.pt\/noticias\/2026\/03\/14\/explosao-danifica-escola-judaica-em-amesterdao-sem-feridos-anuncia-presidente\/","url":"https:\/\/portaltela.pt\/noticias\/2026\/03\/14\/explosao-danifica-escola-judaica-em-amesterdao-sem-feridos-anuncia-presidente\/","name":"Explos\u00e3o danifica escola judaica em Amesterd\u00e3o; sem feridos, anuncia presidente - Portal Tela Portugal","isPartOf":{"@id":"https:\/\/portaltela.pt\/#website"},"primaryImageOfPage":{"@id":"https:\/\/portaltela.pt\/noticias\/2026\/03\/14\/explosao-danifica-escola-judaica-em-amesterdao-sem-feridos-anuncia-presidente\/#primaryimage"},"image":{"@id":"https:\/\/portaltela.pt\/noticias\/2026\/03\/14\/explosao-danifica-escola-judaica-em-amesterdao-sem-feridos-anuncia-presidente\/#primaryimage"},"thumbnailUrl":"https:\/\/portaltela.pt\/s.01k8rhncp4jt1\/2026\/03\/1536x864_cmsv2_dbf17a52-0233-5796-9cc5-b3b26f48ecf9-9685531.jpg","datePublished":"2026-03-14T10:47:28+00:00","author":{"@id":"https:\/\/portaltela.pt\/#\/schema\/person\/c4278d4a6028830caff9ee44b42d32ed"},"breadcrumb":{"@id":"https:\/\/portaltela.pt\/noticias\/2026\/03\/14\/explosao-danifica-escola-judaica-em-amesterdao-sem-feridos-anuncia-presidente\/#breadcrumb"},"inLanguage":"pt-PT","potentialAction":[{"@type":"ReadAction","target":["https:\/\/portaltela.pt\/noticias\/2026\/03\/14\/explosao-danifica-escola-judaica-em-amesterdao-sem-feridos-anuncia-presidente\/"]}]},{"@type":"ImageObject","inLanguage":"pt-PT","@id":"https:\/\/portaltela.pt\/noticias\/2026\/03\/14\/explosao-danifica-escola-judaica-em-amesterdao-sem-feridos-anuncia-presidente\/#primaryimage","url":"https:\/\/portaltela.pt\/s.01k8rhncp4jt1\/2026\/03\/1536x864_cmsv2_dbf17a52-0233-5796-9cc5-b3b26f48ecf9-9685531.jpg","contentUrl":"https:\/\/portaltela.pt\/s.01k8rhncp4jt1\/2026\/03\/1536x864_cmsv2_dbf17a52-0233-5796-9cc5-b3b26f48ecf9-9685531.jpg","width":796,"height":448,"caption":"Vista da Pra\u00e7a Dam em Amesterd\u00e3o, Pa\u00edses Baixos, ter\u00e7a-feira, 4 de maio de 2021."},{"@type":"BreadcrumbList","@id":"https:\/\/portaltela.pt\/noticias\/2026\/03\/14\/explosao-danifica-escola-judaica-em-amesterdao-sem-feridos-anuncia-presidente\/#breadcrumb","itemListElement":[{"@type":"ListItem","position":1,"name":"In\u00edcio","item":"https:\/\/portaltela.pt\/"},{"@type":"ListItem","position":2,"name":"Explos\u00e3o danifica escola judaica em Amesterd\u00e3o; sem feridos, anuncia presidente"}]},{"@type":"WebSite","@id":"https:\/\/portaltela.pt\/#website","url":"https:\/\/portaltela.pt\/","name":"Portal Tela Portugal","description":"","potentialAction":[{"@type":"SearchAction","target":{"@type":"EntryPoint","urlTemplate":"https:\/\/portaltela.pt\/?s={search_term_string}"},"query-input":{"@type":"PropertyValueSpecification","valueRequired":true,"valueName":"search_term_string"}}],"inLanguage":"pt-PT"},{"@type":"Person","@id":"https:\/\/portaltela.pt\/#\/schema\/person\/c4278d4a6028830caff9ee44b42d32ed","name":"Telinha","image":{"@type":"ImageObject","inLanguage":"pt-PT","@id":"https:\/\/portaltela.pt\/s.01k8rhncp4jt1\/2025\/11\/talking-bot-125x125.png","url":"https:\/\/portaltela.pt\/s.01k8rhncp4jt1\/2025\/11\/talking-bot-125x125.png","contentUrl":"https:\/\/portaltela.pt\/s.01k8rhncp4jt1\/2025\/11\/talking-bot-125x125.png","caption":"Telinha"},"sameAs":["https:\/\/portaltela.pt\/"],"url":"https:\/\/portaltela.pt\/por\/367410592786\/"}]}},"_links":{"self":[{"href":"https:\/\/portaltela.pt\/api\/wp\/v2\/posts\/409847","targetHints":{"allow":["GET"]}}],"collection":[{"href":"https:\/\/portaltela.pt\/api\/wp\/v2\/posts"}],"about":[{"href":"https:\/\/portaltela.pt\/api\/wp\/v2\/types\/post"}],"author":[{"embeddable":true,"href":"https:\/\/portaltela.pt\/api\/wp\/v2\/users\/2"}],"replies":[{"embeddable":true,"href":"https:\/\/portaltela.pt\/api\/wp\/v2\/comments?post=409847"}],"version-history":[{"count":0,"href":"https:\/\/portaltela.pt\/api\/wp\/v2\/posts\/409847\/revisions"}],"wp:featuredmedia":[{"embeddable":true,"href":"https:\/\/portaltela.pt\/api\/wp\/v2\/media\/409848"}],"wp:attachment":[{"href":"https:\/\/portaltela.pt\/api\/wp\/v2\/media?parent=409847"}],"wp:term":[{"taxonomy":"category","embeddable":true,"href":"https:\/\/portaltela.pt\/api\/wp\/v2\/categories?post=409847"},{"taxonomy":"post_tag","embeddable":true,"href":"https:\/\/portaltela.pt\/api\/wp\/v2\/tags?post=409847"}],"curies":[{"name":"wp","href":"https:\/\/api.w.org\/{rel}","templated":true}]}}