{"id":409837,"date":"2026-03-14T07:46:33","date_gmt":"2026-03-14T10:46:33","guid":{"rendered":"https:\/\/portaltela.pt\/noticias\/2026\/03\/14\/ex-presidente-jair-bolsonaro-internado-em-cuidados-intensivos\/"},"modified":"2026-03-14T07:46:33","modified_gmt":"2026-03-14T10:46:33","slug":"ex-presidente-jair-bolsonaro-internado-em-cuidados-intensivos","status":"publish","type":"post","link":"https:\/\/portaltela.pt\/noticias\/2026\/03\/14\/ex-presidente-jair-bolsonaro-internado-em-cuidados-intensivos\/","title":{"rendered":"Ex-Presidente Jair Bolsonaro internado em cuidados intensivos"},"content":{"rendered":"<p>Jair Bolsonaro, ex-presidente do Brasil, foi internado na unidade de cuidados intensivos de um hospital de Bras\u00edlia para tratar uma broncopneumonia. A informa\u00e7\u00e3o foi divulgada por m\u00e9dicos na sexta-feira.<\/p>\n<p>O paciente apresentou febre alta, baixa oxigena\u00e7\u00e3o, suores e calafrios. Os exames confirmaram broncopneumonia, possivelmente provocada por aspira\u00e7\u00e3o, segundo os m\u00e9dicos envolvidos no caso.<\/p>\n<p>Um dos m\u00e9dicos que acompanha Bolsonaro explicou que, em pessoas com mais de 70 anos, a pneumonia pode evoluir para septicemia, exigindo tratamento intensivo. A evolu\u00e7\u00e3o do quadro depende da resposta ao tratamento.<\/p>\n<p>Na sexta-feira, o filho mais velho informou nas redes sociais que o pai seria transferido da pris\u00e3o para o hospital ap\u00f3s acordar com calafrios e v\u00f3mitos. Fl\u00e1vio Bolsonaro pediu ora\u00e7\u00f5es pela gravidade.<\/p>\n<p>O m\u00e9dico-cardiologista respons\u00e1vel enfatizou que \u00e9 improv\u00e1vel que Bolsonaro retorne \u00e0 pris\u00e3o nos pr\u00f3ximos dias, dadas as necessidades de tratamento intravenoso em ambiente hospitalar. A fam\u00edlia tem pedido ao Supremo Tribunal que permita pris\u00e3o domiciliar por sa\u00fade.<\/p>\n<p>A defesa de Bolsonaro tem buscado medidas alternativas \u00e0 pris\u00e3o para o ex-presidente. O Supremo j\u00e1 recusou pedidos anteriores, mas houve movimenta\u00e7\u00e3o sobre o regime de cumprimento da pena. Bolsonaro cumpre uma condena\u00e7\u00e3o que, segundo a justi\u00e7a, soma 27 anos.<\/p>\n<p>A cobertura internacional acompanhou a disputa judicial e as repercuss\u00f5es pol\u00edticas, com o ex-presidente Donald Trump a comentar o caso, e tarifas sobre o Brasil a serem revistas conforme desdobramentos. A orienta\u00e7\u00e3o m\u00e9dica permanece centrada no tratamento hospitalar.<\/p>\n","protected":false},"excerpt":{"rendered":"<ul>\n<li>O ex-presidente Jair Bolsonaro foi internado nos cuidados intensivos de um hospital em Bras\u00edlia, com pneumonia.<\/li>\n<li>Os m\u00e9dicos dizem que apresentou febre alta, baixos n\u00edveis de oxig\u00e9nio, sudorese e calafrios; exames confirmaram broncopneumonia, possivelmente causada por aspira\u00e7\u00e3o.<\/li>\n<li>A pneumonia \u00e9 considerada grave em doentes com mais de 70 anos, com risco de evoluir para septicemia, segundo um dos m\u00e9dicos.<\/li>\n<li>Bolsonaro encontra-se a receber tratamento intravenoso em ambiente hospitalar, tornando improv\u00e1vel o regresso \u00e0 pris\u00e3o nos pr\u00f3ximos dias, conforme o cardiologista do paciente.<\/li>\n<li>A fam\u00edlia tem pedido ao Supremo Tribunal que permita cumprir pena em pris\u00e3o domicili\u00e1ria por raz\u00f5es de sa\u00fade; o tribunal j\u00e1 negou o pedido, mantendo a transfer\u00eancia para uma cela maior ocorrida em janeiro.<\/li>\n<\/ul>\n","protected":false},"author":2,"featured_media":409839,"comment_status":"closed","ping_status":"closed","sticky":false,"template":"","format":"standard","meta":{"footnotes":""},"categories":[6815,1],"tags":[2547,4953,81,2832,30,4034],"class_list":["post-409837","post","type-post","status-publish","format-standard","has-post-thumbnail","hentry","category-justica","category-noticias","tag-brasil","tag-donald-trump","tag-internacionais","tag-politica","tag-presidente","tag-unidades-de-cuidados-intensivos"],"yoast_head":"<!-- This site is optimized with the Yoast SEO plugin v27.2 - https:\/\/yoast.com\/product\/yoast-seo-wordpress\/ -->\n<title>Ex-Presidente Jair Bolsonaro internado em cuidados intensivos - Portal Tela Portugal<\/title>\n<meta name=\"robots\" content=\"index, follow, max-snippet:-1, max-image-preview:large, max-video-preview:-1\" \/>\n<meta property=\"og:locale\" content=\"pt_PT\" \/>\n<meta property=\"og:type\" content=\"article\" \/>\n<meta property=\"og:title\" content=\"Ex-Presidente Jair Bolsonaro internado em cuidados intensivos - Portal Tela Portugal\" \/>\n<meta property=\"og:description\" content=\"O ex-presidente Jair Bolsonaro foi internado nos cuidados intensivos de um hospital em Bras\u00edlia, com pneumonia. Os m\u00e9dicos dizem que apresentou febre alta, baixos n\u00edveis de oxig\u00e9nio, sudorese e calafrios; exames confirmaram broncopneumonia, possivelmente causada por aspira\u00e7\u00e3o. A pneumonia \u00e9 considerada grave em doentes com mais de 70 anos, com risco de evoluir para septicemia, segundo um dos m\u00e9dicos. Bolsonaro encontra-se a receber tratamento intravenoso em ambiente hospitalar, tornando improv\u00e1vel o regresso \u00e0 pris\u00e3o nos pr\u00f3ximos dias, conforme o cardiologista do paciente. A fam\u00edlia tem pedido ao Supremo Tribunal que permita cumprir pena em pris\u00e3o domicili\u00e1ria por raz\u00f5es de sa\u00fade; o tribunal j\u00e1 negou o pedido, mantendo a transfer\u00eancia para uma cela maior ocorrida em janeiro.\" \/>\n<meta property=\"og:url\" content=\"https:\/\/portaltela.pt\/noticias\/2026\/03\/14\/ex-presidente-jair-bolsonaro-internado-em-cuidados-intensivos\/\" \/>\n<meta property=\"og:site_name\" content=\"Portal Tela Portugal\" \/>\n<meta property=\"article:published_time\" content=\"2026-03-14T10:46:33+00:00\" \/>\n<meta name=\"author\" content=\"Telinha\" \/>\n<meta name=\"twitter:card\" content=\"summary_large_image\" \/>\n<meta name=\"twitter:label1\" content=\"Escrito por\" \/>\n\t<meta name=\"twitter:data1\" content=\"Telinha\" \/>\n\t<meta name=\"twitter:label2\" content=\"Tempo estimado de leitura\" \/>\n\t<meta name=\"twitter:data2\" content=\"1 minuto\" \/>\n<script type=\"application\/ld+json\" class=\"yoast-schema-graph\">{\"@context\":\"https:\/\/schema.org\",\"@graph\":[{\"@type\":\"Article\",\"@id\":\"https:\/\/portaltela.pt\/noticias\/2026\/03\/14\/ex-presidente-jair-bolsonaro-internado-em-cuidados-intensivos\/#article\",\"isPartOf\":{\"@id\":\"https:\/\/portaltela.pt\/noticias\/2026\/03\/14\/ex-presidente-jair-bolsonaro-internado-em-cuidados-intensivos\/\"},\"author\":{\"name\":\"Telinha\",\"@id\":\"https:\/\/portaltela.pt\/#\/schema\/person\/c4278d4a6028830caff9ee44b42d32ed\"},\"headline\":\"Ex-Presidente Jair Bolsonaro internado em cuidados intensivos\",\"datePublished\":\"2026-03-14T10:46:33+00:00\",\"mainEntityOfPage\":{\"@id\":\"https:\/\/portaltela.pt\/noticias\/2026\/03\/14\/ex-presidente-jair-bolsonaro-internado-em-cuidados-intensivos\/\"},\"wordCount\":264,\"image\":{\"@id\":\"https:\/\/portaltela.pt\/noticias\/2026\/03\/14\/ex-presidente-jair-bolsonaro-internado-em-cuidados-intensivos\/#primaryimage\"},\"thumbnailUrl\":\"https:\/\/portaltela.pt\/s.01k8rhncp4jt1\/2026\/03\/1536x864_cmsv2_9c44b970-98cf-55d1-9347-9aab4b5d3bbf-9685571.jpg\",\"keywords\":[\"Brasil\",\"Donald Trump\",\"internacionais\",\"pol\u00edtica\",\"presidente\",\"Unidades de Cuidados Intensivos\"],\"articleSection\":[\"Justi\u00e7a\",\"Not\u00edcias\"],\"inLanguage\":\"pt-PT\"},{\"@type\":\"WebPage\",\"@id\":\"https:\/\/portaltela.pt\/noticias\/2026\/03\/14\/ex-presidente-jair-bolsonaro-internado-em-cuidados-intensivos\/\",\"url\":\"https:\/\/portaltela.pt\/noticias\/2026\/03\/14\/ex-presidente-jair-bolsonaro-internado-em-cuidados-intensivos\/\",\"name\":\"Ex-Presidente Jair Bolsonaro internado em cuidados intensivos - Portal Tela Portugal\",\"isPartOf\":{\"@id\":\"https:\/\/portaltela.pt\/#website\"},\"primaryImageOfPage\":{\"@id\":\"https:\/\/portaltela.pt\/noticias\/2026\/03\/14\/ex-presidente-jair-bolsonaro-internado-em-cuidados-intensivos\/#primaryimage\"},\"image\":{\"@id\":\"https:\/\/portaltela.pt\/noticias\/2026\/03\/14\/ex-presidente-jair-bolsonaro-internado-em-cuidados-intensivos\/#primaryimage\"},\"thumbnailUrl\":\"https:\/\/portaltela.pt\/s.01k8rhncp4jt1\/2026\/03\/1536x864_cmsv2_9c44b970-98cf-55d1-9347-9aab4b5d3bbf-9685571.jpg\",\"datePublished\":\"2026-03-14T10:46:33+00:00\",\"author\":{\"@id\":\"https:\/\/portaltela.pt\/#\/schema\/person\/c4278d4a6028830caff9ee44b42d32ed\"},\"breadcrumb\":{\"@id\":\"https:\/\/portaltela.pt\/noticias\/2026\/03\/14\/ex-presidente-jair-bolsonaro-internado-em-cuidados-intensivos\/#breadcrumb\"},\"inLanguage\":\"pt-PT\",\"potentialAction\":[{\"@type\":\"ReadAction\",\"target\":[\"https:\/\/portaltela.pt\/noticias\/2026\/03\/14\/ex-presidente-jair-bolsonaro-internado-em-cuidados-intensivos\/\"]}]},{\"@type\":\"ImageObject\",\"inLanguage\":\"pt-PT\",\"@id\":\"https:\/\/portaltela.pt\/noticias\/2026\/03\/14\/ex-presidente-jair-bolsonaro-internado-em-cuidados-intensivos\/#primaryimage\",\"url\":\"https:\/\/portaltela.pt\/s.01k8rhncp4jt1\/2026\/03\/1536x864_cmsv2_9c44b970-98cf-55d1-9347-9aab4b5d3bbf-9685571.jpg\",\"contentUrl\":\"https:\/\/portaltela.pt\/s.01k8rhncp4jt1\/2026\/03\/1536x864_cmsv2_9c44b970-98cf-55d1-9347-9aab4b5d3bbf-9685571.jpg\",\"width\":1536,\"height\":864,\"caption\":\"ARQUIVO (14.09.2025): Ex-presidente do Brasil, Jair Bolsonaro, recebe autoriza\u00e7\u00e3o tempor\u00e1ria para sair da pris\u00e3o domiciliar para receber tratamento m\u00e9dico.\"},{\"@type\":\"BreadcrumbList\",\"@id\":\"https:\/\/portaltela.pt\/noticias\/2026\/03\/14\/ex-presidente-jair-bolsonaro-internado-em-cuidados-intensivos\/#breadcrumb\",\"itemListElement\":[{\"@type\":\"ListItem\",\"position\":1,\"name\":\"In\u00edcio\",\"item\":\"https:\/\/portaltela.pt\/\"},{\"@type\":\"ListItem\",\"position\":2,\"name\":\"Ex-Presidente Jair Bolsonaro internado em cuidados intensivos\"}]},{\"@type\":\"WebSite\",\"@id\":\"https:\/\/portaltela.pt\/#website\",\"url\":\"https:\/\/portaltela.pt\/\",\"name\":\"Portal Tela Portugal\",\"description\":\"\",\"potentialAction\":[{\"@type\":\"SearchAction\",\"target\":{\"@type\":\"EntryPoint\",\"urlTemplate\":\"https:\/\/portaltela.pt\/?s={search_term_string}\"},\"query-input\":{\"@type\":\"PropertyValueSpecification\",\"valueRequired\":true,\"valueName\":\"search_term_string\"}}],\"inLanguage\":\"pt-PT\"},{\"@type\":\"Person\",\"@id\":\"https:\/\/portaltela.pt\/#\/schema\/person\/c4278d4a6028830caff9ee44b42d32ed\",\"name\":\"Telinha\",\"image\":{\"@type\":\"ImageObject\",\"inLanguage\":\"pt-PT\",\"@id\":\"https:\/\/portaltela.pt\/s.01k8rhncp4jt1\/2025\/11\/talking-bot-125x125.png\",\"url\":\"https:\/\/portaltela.pt\/s.01k8rhncp4jt1\/2025\/11\/talking-bot-125x125.png\",\"contentUrl\":\"https:\/\/portaltela.pt\/s.01k8rhncp4jt1\/2025\/11\/talking-bot-125x125.png\",\"caption\":\"Telinha\"},\"sameAs\":[\"https:\/\/portaltela.pt\/\"],\"url\":\"https:\/\/portaltela.pt\/por\/367410592786\/\"}]}<\/script>\n<!-- \/ Yoast SEO plugin. -->","yoast_head_json":{"title":"Ex-Presidente Jair Bolsonaro internado em cuidados intensivos - Portal Tela Portugal","robots":{"index":"index","follow":"follow","max-snippet":"max-snippet:-1","max-image-preview":"max-image-preview:large","max-video-preview":"max-video-preview:-1"},"og_locale":"pt_PT","og_type":"article","og_title":"Ex-Presidente Jair Bolsonaro internado em cuidados intensivos - Portal Tela Portugal","og_description":"O ex-presidente Jair Bolsonaro foi internado nos cuidados intensivos de um hospital em Bras\u00edlia, com pneumonia. Os m\u00e9dicos dizem que apresentou febre alta, baixos n\u00edveis de oxig\u00e9nio, sudorese e calafrios; exames confirmaram broncopneumonia, possivelmente causada por aspira\u00e7\u00e3o. A pneumonia \u00e9 considerada grave em doentes com mais de 70 anos, com risco de evoluir para septicemia, segundo um dos m\u00e9dicos. Bolsonaro encontra-se a receber tratamento intravenoso em ambiente hospitalar, tornando improv\u00e1vel o regresso \u00e0 pris\u00e3o nos pr\u00f3ximos dias, conforme o cardiologista do paciente. A fam\u00edlia tem pedido ao Supremo Tribunal que permita cumprir pena em pris\u00e3o domicili\u00e1ria por raz\u00f5es de sa\u00fade; o tribunal j\u00e1 negou o pedido, mantendo a transfer\u00eancia para uma cela maior ocorrida em janeiro.","og_url":"https:\/\/portaltela.pt\/noticias\/2026\/03\/14\/ex-presidente-jair-bolsonaro-internado-em-cuidados-intensivos\/","og_site_name":"Portal Tela Portugal","article_published_time":"2026-03-14T10:46:33+00:00","author":"Telinha","twitter_card":"summary_large_image","twitter_misc":{"Escrito por":"Telinha","Tempo estimado de leitura":"1 minuto"},"schema":{"@context":"https:\/\/schema.org","@graph":[{"@type":"Article","@id":"https:\/\/portaltela.pt\/noticias\/2026\/03\/14\/ex-presidente-jair-bolsonaro-internado-em-cuidados-intensivos\/#article","isPartOf":{"@id":"https:\/\/portaltela.pt\/noticias\/2026\/03\/14\/ex-presidente-jair-bolsonaro-internado-em-cuidados-intensivos\/"},"author":{"name":"Telinha","@id":"https:\/\/portaltela.pt\/#\/schema\/person\/c4278d4a6028830caff9ee44b42d32ed"},"headline":"Ex-Presidente Jair Bolsonaro internado em cuidados intensivos","datePublished":"2026-03-14T10:46:33+00:00","mainEntityOfPage":{"@id":"https:\/\/portaltela.pt\/noticias\/2026\/03\/14\/ex-presidente-jair-bolsonaro-internado-em-cuidados-intensivos\/"},"wordCount":264,"image":{"@id":"https:\/\/portaltela.pt\/noticias\/2026\/03\/14\/ex-presidente-jair-bolsonaro-internado-em-cuidados-intensivos\/#primaryimage"},"thumbnailUrl":"https:\/\/portaltela.pt\/s.01k8rhncp4jt1\/2026\/03\/1536x864_cmsv2_9c44b970-98cf-55d1-9347-9aab4b5d3bbf-9685571.jpg","keywords":["Brasil","Donald Trump","internacionais","pol\u00edtica","presidente","Unidades de Cuidados Intensivos"],"articleSection":["Justi\u00e7a","Not\u00edcias"],"inLanguage":"pt-PT"},{"@type":"WebPage","@id":"https:\/\/portaltela.pt\/noticias\/2026\/03\/14\/ex-presidente-jair-bolsonaro-internado-em-cuidados-intensivos\/","url":"https:\/\/portaltela.pt\/noticias\/2026\/03\/14\/ex-presidente-jair-bolsonaro-internado-em-cuidados-intensivos\/","name":"Ex-Presidente Jair Bolsonaro internado em cuidados intensivos - Portal Tela Portugal","isPartOf":{"@id":"https:\/\/portaltela.pt\/#website"},"primaryImageOfPage":{"@id":"https:\/\/portaltela.pt\/noticias\/2026\/03\/14\/ex-presidente-jair-bolsonaro-internado-em-cuidados-intensivos\/#primaryimage"},"image":{"@id":"https:\/\/portaltela.pt\/noticias\/2026\/03\/14\/ex-presidente-jair-bolsonaro-internado-em-cuidados-intensivos\/#primaryimage"},"thumbnailUrl":"https:\/\/portaltela.pt\/s.01k8rhncp4jt1\/2026\/03\/1536x864_cmsv2_9c44b970-98cf-55d1-9347-9aab4b5d3bbf-9685571.jpg","datePublished":"2026-03-14T10:46:33+00:00","author":{"@id":"https:\/\/portaltela.pt\/#\/schema\/person\/c4278d4a6028830caff9ee44b42d32ed"},"breadcrumb":{"@id":"https:\/\/portaltela.pt\/noticias\/2026\/03\/14\/ex-presidente-jair-bolsonaro-internado-em-cuidados-intensivos\/#breadcrumb"},"inLanguage":"pt-PT","potentialAction":[{"@type":"ReadAction","target":["https:\/\/portaltela.pt\/noticias\/2026\/03\/14\/ex-presidente-jair-bolsonaro-internado-em-cuidados-intensivos\/"]}]},{"@type":"ImageObject","inLanguage":"pt-PT","@id":"https:\/\/portaltela.pt\/noticias\/2026\/03\/14\/ex-presidente-jair-bolsonaro-internado-em-cuidados-intensivos\/#primaryimage","url":"https:\/\/portaltela.pt\/s.01k8rhncp4jt1\/2026\/03\/1536x864_cmsv2_9c44b970-98cf-55d1-9347-9aab4b5d3bbf-9685571.jpg","contentUrl":"https:\/\/portaltela.pt\/s.01k8rhncp4jt1\/2026\/03\/1536x864_cmsv2_9c44b970-98cf-55d1-9347-9aab4b5d3bbf-9685571.jpg","width":1536,"height":864,"caption":"ARQUIVO (14.09.2025): Ex-presidente do Brasil, Jair Bolsonaro, recebe autoriza\u00e7\u00e3o tempor\u00e1ria para sair da pris\u00e3o domiciliar para receber tratamento m\u00e9dico."},{"@type":"BreadcrumbList","@id":"https:\/\/portaltela.pt\/noticias\/2026\/03\/14\/ex-presidente-jair-bolsonaro-internado-em-cuidados-intensivos\/#breadcrumb","itemListElement":[{"@type":"ListItem","position":1,"name":"In\u00edcio","item":"https:\/\/portaltela.pt\/"},{"@type":"ListItem","position":2,"name":"Ex-Presidente Jair Bolsonaro internado em cuidados intensivos"}]},{"@type":"WebSite","@id":"https:\/\/portaltela.pt\/#website","url":"https:\/\/portaltela.pt\/","name":"Portal Tela Portugal","description":"","potentialAction":[{"@type":"SearchAction","target":{"@type":"EntryPoint","urlTemplate":"https:\/\/portaltela.pt\/?s={search_term_string}"},"query-input":{"@type":"PropertyValueSpecification","valueRequired":true,"valueName":"search_term_string"}}],"inLanguage":"pt-PT"},{"@type":"Person","@id":"https:\/\/portaltela.pt\/#\/schema\/person\/c4278d4a6028830caff9ee44b42d32ed","name":"Telinha","image":{"@type":"ImageObject","inLanguage":"pt-PT","@id":"https:\/\/portaltela.pt\/s.01k8rhncp4jt1\/2025\/11\/talking-bot-125x125.png","url":"https:\/\/portaltela.pt\/s.01k8rhncp4jt1\/2025\/11\/talking-bot-125x125.png","contentUrl":"https:\/\/portaltela.pt\/s.01k8rhncp4jt1\/2025\/11\/talking-bot-125x125.png","caption":"Telinha"},"sameAs":["https:\/\/portaltela.pt\/"],"url":"https:\/\/portaltela.pt\/por\/367410592786\/"}]}},"_links":{"self":[{"href":"https:\/\/portaltela.pt\/api\/wp\/v2\/posts\/409837","targetHints":{"allow":["GET"]}}],"collection":[{"href":"https:\/\/portaltela.pt\/api\/wp\/v2\/posts"}],"about":[{"href":"https:\/\/portaltela.pt\/api\/wp\/v2\/types\/post"}],"author":[{"embeddable":true,"href":"https:\/\/portaltela.pt\/api\/wp\/v2\/users\/2"}],"replies":[{"embeddable":true,"href":"https:\/\/portaltela.pt\/api\/wp\/v2\/comments?post=409837"}],"version-history":[{"count":0,"href":"https:\/\/portaltela.pt\/api\/wp\/v2\/posts\/409837\/revisions"}],"wp:featuredmedia":[{"embeddable":true,"href":"https:\/\/portaltela.pt\/api\/wp\/v2\/media\/409839"}],"wp:attachment":[{"href":"https:\/\/portaltela.pt\/api\/wp\/v2\/media?parent=409837"}],"wp:term":[{"taxonomy":"category","embeddable":true,"href":"https:\/\/portaltela.pt\/api\/wp\/v2\/categories?post=409837"},{"taxonomy":"post_tag","embeddable":true,"href":"https:\/\/portaltela.pt\/api\/wp\/v2\/tags?post=409837"}],"curies":[{"name":"wp","href":"https:\/\/api.w.org\/{rel}","templated":true}]}}