{"id":409818,"date":"2026-03-14T07:02:00","date_gmt":"2026-03-14T10:02:00","guid":{"rendered":"https:\/\/portaltela.pt\/noticias\/2026\/03\/14\/ria-de-aveiro-sem-bivalves-nem-choco-preocupa-pescadores\/"},"modified":"2026-03-14T07:02:00","modified_gmt":"2026-03-14T10:02:00","slug":"ria-de-aveiro-sem-bivalves-nem-choco-preocupa-pescadores","status":"publish","type":"post","link":"https:\/\/portaltela.pt\/noticias\/2026\/03\/14\/ria-de-aveiro-sem-bivalves-nem-choco-preocupa-pescadores\/","title":{"rendered":"Ria de Aveiro sem bivalves nem choco preocupa pescadores"},"content":{"rendered":"<p>A \u00e1gua doce das tempestades atingiu a ria de Aveiro, causando a morte de am\u00eaijoa-macha e berbig\u00e3o. Ap\u00f3s o t\u00e9rmino das tempestades, os pescadores voltaram ao trabalho e encontraram cen\u00e1rio de destrui\u00e7\u00e3o, com lixo espalhado e parte significativa da produ\u00e7\u00e3o comprometida.<\/p>\n<p>Segundo os pescadores, cerca de 80% dos bivalves estavam mortos, afetando especialmente berbig\u00e3o e am\u00eaijoa-macha. O choco, que deveria ter entrado na ria, est\u00e1 a demorar a aparecer, devido \u00e0s condi\u00e7\u00f5es verificados.<\/p>\n<p>A Associa\u00e7\u00e3o de Pesca Artesanal da Regi\u00e3o de Aveiro (APARA) estima que o sustento de entre 1500 e 2000 fam\u00edlias esteja em risco. A principal explica\u00e7\u00e3o aponta para a ocorr\u00eancia de \u00e1gua doce associada \u00e0s tempestades, que alterou o ecossistema local.<\/p>\n<p>A situa\u00e7\u00e3o reflete um impacto direto na atividade agr\u00edcola marinha da regi\u00e3o, com efeitos econ\u00f3micos a curto prazo para quem vive da pesca na ria de Aveiro, enquanto as autoridades avaliam danos e medidas de mitiga\u00e7\u00e3o.<\/p>\n","protected":false},"excerpt":{"rendered":"<ul>\n<li>A \u00e1gua doce provocada pelas tempestades matou am\u00eaijoa-macha e berbig\u00e3o na ria de Aveiro, com cerca de 80% dos bivalves mortos.<\/li>\n<li>Havia lixo espalhado na regi\u00e3o ap\u00f3s as tempestades.<\/li>\n<li>O choco, que j\u00e1 devia ter entrado na ria, est\u00e1 a demorar a aparecer.<\/li>\n<li>Pescadores dizem que n\u00e3o h\u00e1 mem\u00f3ria de um ano igual para a atividade na regi\u00e3o.<\/li>\n<li>A Associa\u00e7\u00e3o de Pesca Artesanal da Regi\u00e3o de Aveiro (APARA) estima que o sustento de mil e quinhentos a duas mil fam\u00edlias esteja amea\u00e7ado.<\/li>\n<\/ul>\n","protected":false},"author":2,"featured_media":409822,"comment_status":"closed","ping_status":"closed","sticky":false,"template":"","format":"standard","meta":{"footnotes":""},"categories":[1],"tags":[1059,28,45,5093,2804,4185],"class_list":["post-409818","post","type-post","status-publish","format-standard","has-post-thumbnail","hentry","category-noticias","tag-aveiro","tag-economia","tag-meio-ambiente","tag-pesca","tag-pescadores","tag-pescas"],"yoast_head":"<!-- This site is optimized with the Yoast SEO plugin v27.2 - https:\/\/yoast.com\/product\/yoast-seo-wordpress\/ -->\n<title>Ria de Aveiro sem bivalves nem choco preocupa pescadores - Portal Tela Portugal<\/title>\n<meta name=\"robots\" content=\"index, follow, max-snippet:-1, max-image-preview:large, max-video-preview:-1\" \/>\n<meta property=\"og:locale\" content=\"pt_PT\" \/>\n<meta property=\"og:type\" content=\"article\" \/>\n<meta property=\"og:title\" content=\"Ria de Aveiro sem bivalves nem choco preocupa pescadores - Portal Tela Portugal\" \/>\n<meta property=\"og:description\" content=\"A \u00e1gua doce provocada pelas tempestades matou am\u00eaijoa-macha e berbig\u00e3o na ria de Aveiro, com cerca de 80% dos bivalves mortos. Havia lixo espalhado na regi\u00e3o ap\u00f3s as tempestades. O choco, que j\u00e1 devia ter entrado na ria, est\u00e1 a demorar a aparecer. Pescadores dizem que n\u00e3o h\u00e1 mem\u00f3ria de um ano igual para a atividade na regi\u00e3o. A Associa\u00e7\u00e3o de Pesca Artesanal da Regi\u00e3o de Aveiro (APARA) estima que o sustento de mil e quinhentos a duas mil fam\u00edlias esteja amea\u00e7ado.\" \/>\n<meta property=\"og:url\" content=\"https:\/\/portaltela.pt\/noticias\/2026\/03\/14\/ria-de-aveiro-sem-bivalves-nem-choco-preocupa-pescadores\/\" \/>\n<meta property=\"og:site_name\" content=\"Portal Tela Portugal\" \/>\n<meta property=\"article:published_time\" content=\"2026-03-14T10:02:00+00:00\" \/>\n<meta name=\"author\" content=\"Telinha\" \/>\n<meta name=\"twitter:card\" content=\"summary_large_image\" \/>\n<meta name=\"twitter:label1\" content=\"Escrito por\" \/>\n\t<meta name=\"twitter:data1\" content=\"Telinha\" \/>\n\t<meta name=\"twitter:label2\" content=\"Tempo estimado de leitura\" \/>\n\t<meta name=\"twitter:data2\" content=\"1 minuto\" \/>\n<script type=\"application\/ld+json\" class=\"yoast-schema-graph\">{\"@context\":\"https:\/\/schema.org\",\"@graph\":[{\"@type\":\"Article\",\"@id\":\"https:\/\/portaltela.pt\/noticias\/2026\/03\/14\/ria-de-aveiro-sem-bivalves-nem-choco-preocupa-pescadores\/#article\",\"isPartOf\":{\"@id\":\"https:\/\/portaltela.pt\/noticias\/2026\/03\/14\/ria-de-aveiro-sem-bivalves-nem-choco-preocupa-pescadores\/\"},\"author\":{\"name\":\"Telinha\",\"@id\":\"https:\/\/portaltela.pt\/#\/schema\/person\/c4278d4a6028830caff9ee44b42d32ed\"},\"headline\":\"Ria de Aveiro sem bivalves nem choco preocupa pescadores\",\"datePublished\":\"2026-03-14T10:02:00+00:00\",\"mainEntityOfPage\":{\"@id\":\"https:\/\/portaltela.pt\/noticias\/2026\/03\/14\/ria-de-aveiro-sem-bivalves-nem-choco-preocupa-pescadores\/\"},\"wordCount\":176,\"image\":{\"@id\":\"https:\/\/portaltela.pt\/noticias\/2026\/03\/14\/ria-de-aveiro-sem-bivalves-nem-choco-preocupa-pescadores\/#primaryimage\"},\"thumbnailUrl\":\"https:\/\/portaltela.pt\/s.01k8rhncp4jt1\/2026\/03\/image-927.jpg\",\"keywords\":[\"Aveiro\",\"economia\",\"meio-ambiente\",\"pesca\",\"Pescadores\",\"pescas\"],\"articleSection\":[\"Not\u00edcias\"],\"inLanguage\":\"pt-PT\"},{\"@type\":\"WebPage\",\"@id\":\"https:\/\/portaltela.pt\/noticias\/2026\/03\/14\/ria-de-aveiro-sem-bivalves-nem-choco-preocupa-pescadores\/\",\"url\":\"https:\/\/portaltela.pt\/noticias\/2026\/03\/14\/ria-de-aveiro-sem-bivalves-nem-choco-preocupa-pescadores\/\",\"name\":\"Ria de Aveiro sem bivalves nem choco preocupa pescadores - Portal Tela Portugal\",\"isPartOf\":{\"@id\":\"https:\/\/portaltela.pt\/#website\"},\"primaryImageOfPage\":{\"@id\":\"https:\/\/portaltela.pt\/noticias\/2026\/03\/14\/ria-de-aveiro-sem-bivalves-nem-choco-preocupa-pescadores\/#primaryimage\"},\"image\":{\"@id\":\"https:\/\/portaltela.pt\/noticias\/2026\/03\/14\/ria-de-aveiro-sem-bivalves-nem-choco-preocupa-pescadores\/#primaryimage\"},\"thumbnailUrl\":\"https:\/\/portaltela.pt\/s.01k8rhncp4jt1\/2026\/03\/image-927.jpg\",\"datePublished\":\"2026-03-14T10:02:00+00:00\",\"author\":{\"@id\":\"https:\/\/portaltela.pt\/#\/schema\/person\/c4278d4a6028830caff9ee44b42d32ed\"},\"breadcrumb\":{\"@id\":\"https:\/\/portaltela.pt\/noticias\/2026\/03\/14\/ria-de-aveiro-sem-bivalves-nem-choco-preocupa-pescadores\/#breadcrumb\"},\"inLanguage\":\"pt-PT\",\"potentialAction\":[{\"@type\":\"ReadAction\",\"target\":[\"https:\/\/portaltela.pt\/noticias\/2026\/03\/14\/ria-de-aveiro-sem-bivalves-nem-choco-preocupa-pescadores\/\"]}]},{\"@type\":\"ImageObject\",\"inLanguage\":\"pt-PT\",\"@id\":\"https:\/\/portaltela.pt\/noticias\/2026\/03\/14\/ria-de-aveiro-sem-bivalves-nem-choco-preocupa-pescadores\/#primaryimage\",\"url\":\"https:\/\/portaltela.pt\/s.01k8rhncp4jt1\/2026\/03\/image-927.jpg\",\"contentUrl\":\"https:\/\/portaltela.pt\/s.01k8rhncp4jt1\/2026\/03\/image-927.jpg\",\"width\":796,\"height\":448,\"caption\":\"Locais habituais de apanha de am\u00eaijoa e berbig\u00e3o t\u00eam estado quase vazios\"},{\"@type\":\"BreadcrumbList\",\"@id\":\"https:\/\/portaltela.pt\/noticias\/2026\/03\/14\/ria-de-aveiro-sem-bivalves-nem-choco-preocupa-pescadores\/#breadcrumb\",\"itemListElement\":[{\"@type\":\"ListItem\",\"position\":1,\"name\":\"In\u00edcio\",\"item\":\"https:\/\/portaltela.pt\/\"},{\"@type\":\"ListItem\",\"position\":2,\"name\":\"Ria de Aveiro sem bivalves nem choco preocupa pescadores\"}]},{\"@type\":\"WebSite\",\"@id\":\"https:\/\/portaltela.pt\/#website\",\"url\":\"https:\/\/portaltela.pt\/\",\"name\":\"Portal Tela Portugal\",\"description\":\"\",\"potentialAction\":[{\"@type\":\"SearchAction\",\"target\":{\"@type\":\"EntryPoint\",\"urlTemplate\":\"https:\/\/portaltela.pt\/?s={search_term_string}\"},\"query-input\":{\"@type\":\"PropertyValueSpecification\",\"valueRequired\":true,\"valueName\":\"search_term_string\"}}],\"inLanguage\":\"pt-PT\"},{\"@type\":\"Person\",\"@id\":\"https:\/\/portaltela.pt\/#\/schema\/person\/c4278d4a6028830caff9ee44b42d32ed\",\"name\":\"Telinha\",\"image\":{\"@type\":\"ImageObject\",\"inLanguage\":\"pt-PT\",\"@id\":\"https:\/\/portaltela.pt\/s.01k8rhncp4jt1\/2025\/11\/talking-bot-125x125.png\",\"url\":\"https:\/\/portaltela.pt\/s.01k8rhncp4jt1\/2025\/11\/talking-bot-125x125.png\",\"contentUrl\":\"https:\/\/portaltela.pt\/s.01k8rhncp4jt1\/2025\/11\/talking-bot-125x125.png\",\"caption\":\"Telinha\"},\"sameAs\":[\"https:\/\/portaltela.pt\/\"],\"url\":\"https:\/\/portaltela.pt\/por\/367410592786\/\"}]}<\/script>\n<!-- \/ Yoast SEO plugin. -->","yoast_head_json":{"title":"Ria de Aveiro sem bivalves nem choco preocupa pescadores - Portal Tela Portugal","robots":{"index":"index","follow":"follow","max-snippet":"max-snippet:-1","max-image-preview":"max-image-preview:large","max-video-preview":"max-video-preview:-1"},"og_locale":"pt_PT","og_type":"article","og_title":"Ria de Aveiro sem bivalves nem choco preocupa pescadores - Portal Tela Portugal","og_description":"A \u00e1gua doce provocada pelas tempestades matou am\u00eaijoa-macha e berbig\u00e3o na ria de Aveiro, com cerca de 80% dos bivalves mortos. Havia lixo espalhado na regi\u00e3o ap\u00f3s as tempestades. O choco, que j\u00e1 devia ter entrado na ria, est\u00e1 a demorar a aparecer. Pescadores dizem que n\u00e3o h\u00e1 mem\u00f3ria de um ano igual para a atividade na regi\u00e3o. A Associa\u00e7\u00e3o de Pesca Artesanal da Regi\u00e3o de Aveiro (APARA) estima que o sustento de mil e quinhentos a duas mil fam\u00edlias esteja amea\u00e7ado.","og_url":"https:\/\/portaltela.pt\/noticias\/2026\/03\/14\/ria-de-aveiro-sem-bivalves-nem-choco-preocupa-pescadores\/","og_site_name":"Portal Tela Portugal","article_published_time":"2026-03-14T10:02:00+00:00","author":"Telinha","twitter_card":"summary_large_image","twitter_misc":{"Escrito por":"Telinha","Tempo estimado de leitura":"1 minuto"},"schema":{"@context":"https:\/\/schema.org","@graph":[{"@type":"Article","@id":"https:\/\/portaltela.pt\/noticias\/2026\/03\/14\/ria-de-aveiro-sem-bivalves-nem-choco-preocupa-pescadores\/#article","isPartOf":{"@id":"https:\/\/portaltela.pt\/noticias\/2026\/03\/14\/ria-de-aveiro-sem-bivalves-nem-choco-preocupa-pescadores\/"},"author":{"name":"Telinha","@id":"https:\/\/portaltela.pt\/#\/schema\/person\/c4278d4a6028830caff9ee44b42d32ed"},"headline":"Ria de Aveiro sem bivalves nem choco preocupa pescadores","datePublished":"2026-03-14T10:02:00+00:00","mainEntityOfPage":{"@id":"https:\/\/portaltela.pt\/noticias\/2026\/03\/14\/ria-de-aveiro-sem-bivalves-nem-choco-preocupa-pescadores\/"},"wordCount":176,"image":{"@id":"https:\/\/portaltela.pt\/noticias\/2026\/03\/14\/ria-de-aveiro-sem-bivalves-nem-choco-preocupa-pescadores\/#primaryimage"},"thumbnailUrl":"https:\/\/portaltela.pt\/s.01k8rhncp4jt1\/2026\/03\/image-927.jpg","keywords":["Aveiro","economia","meio-ambiente","pesca","Pescadores","pescas"],"articleSection":["Not\u00edcias"],"inLanguage":"pt-PT"},{"@type":"WebPage","@id":"https:\/\/portaltela.pt\/noticias\/2026\/03\/14\/ria-de-aveiro-sem-bivalves-nem-choco-preocupa-pescadores\/","url":"https:\/\/portaltela.pt\/noticias\/2026\/03\/14\/ria-de-aveiro-sem-bivalves-nem-choco-preocupa-pescadores\/","name":"Ria de Aveiro sem bivalves nem choco preocupa pescadores - Portal Tela Portugal","isPartOf":{"@id":"https:\/\/portaltela.pt\/#website"},"primaryImageOfPage":{"@id":"https:\/\/portaltela.pt\/noticias\/2026\/03\/14\/ria-de-aveiro-sem-bivalves-nem-choco-preocupa-pescadores\/#primaryimage"},"image":{"@id":"https:\/\/portaltela.pt\/noticias\/2026\/03\/14\/ria-de-aveiro-sem-bivalves-nem-choco-preocupa-pescadores\/#primaryimage"},"thumbnailUrl":"https:\/\/portaltela.pt\/s.01k8rhncp4jt1\/2026\/03\/image-927.jpg","datePublished":"2026-03-14T10:02:00+00:00","author":{"@id":"https:\/\/portaltela.pt\/#\/schema\/person\/c4278d4a6028830caff9ee44b42d32ed"},"breadcrumb":{"@id":"https:\/\/portaltela.pt\/noticias\/2026\/03\/14\/ria-de-aveiro-sem-bivalves-nem-choco-preocupa-pescadores\/#breadcrumb"},"inLanguage":"pt-PT","potentialAction":[{"@type":"ReadAction","target":["https:\/\/portaltela.pt\/noticias\/2026\/03\/14\/ria-de-aveiro-sem-bivalves-nem-choco-preocupa-pescadores\/"]}]},{"@type":"ImageObject","inLanguage":"pt-PT","@id":"https:\/\/portaltela.pt\/noticias\/2026\/03\/14\/ria-de-aveiro-sem-bivalves-nem-choco-preocupa-pescadores\/#primaryimage","url":"https:\/\/portaltela.pt\/s.01k8rhncp4jt1\/2026\/03\/image-927.jpg","contentUrl":"https:\/\/portaltela.pt\/s.01k8rhncp4jt1\/2026\/03\/image-927.jpg","width":796,"height":448,"caption":"Locais habituais de apanha de am\u00eaijoa e berbig\u00e3o t\u00eam estado quase vazios"},{"@type":"BreadcrumbList","@id":"https:\/\/portaltela.pt\/noticias\/2026\/03\/14\/ria-de-aveiro-sem-bivalves-nem-choco-preocupa-pescadores\/#breadcrumb","itemListElement":[{"@type":"ListItem","position":1,"name":"In\u00edcio","item":"https:\/\/portaltela.pt\/"},{"@type":"ListItem","position":2,"name":"Ria de Aveiro sem bivalves nem choco preocupa pescadores"}]},{"@type":"WebSite","@id":"https:\/\/portaltela.pt\/#website","url":"https:\/\/portaltela.pt\/","name":"Portal Tela Portugal","description":"","potentialAction":[{"@type":"SearchAction","target":{"@type":"EntryPoint","urlTemplate":"https:\/\/portaltela.pt\/?s={search_term_string}"},"query-input":{"@type":"PropertyValueSpecification","valueRequired":true,"valueName":"search_term_string"}}],"inLanguage":"pt-PT"},{"@type":"Person","@id":"https:\/\/portaltela.pt\/#\/schema\/person\/c4278d4a6028830caff9ee44b42d32ed","name":"Telinha","image":{"@type":"ImageObject","inLanguage":"pt-PT","@id":"https:\/\/portaltela.pt\/s.01k8rhncp4jt1\/2025\/11\/talking-bot-125x125.png","url":"https:\/\/portaltela.pt\/s.01k8rhncp4jt1\/2025\/11\/talking-bot-125x125.png","contentUrl":"https:\/\/portaltela.pt\/s.01k8rhncp4jt1\/2025\/11\/talking-bot-125x125.png","caption":"Telinha"},"sameAs":["https:\/\/portaltela.pt\/"],"url":"https:\/\/portaltela.pt\/por\/367410592786\/"}]}},"_links":{"self":[{"href":"https:\/\/portaltela.pt\/api\/wp\/v2\/posts\/409818","targetHints":{"allow":["GET"]}}],"collection":[{"href":"https:\/\/portaltela.pt\/api\/wp\/v2\/posts"}],"about":[{"href":"https:\/\/portaltela.pt\/api\/wp\/v2\/types\/post"}],"author":[{"embeddable":true,"href":"https:\/\/portaltela.pt\/api\/wp\/v2\/users\/2"}],"replies":[{"embeddable":true,"href":"https:\/\/portaltela.pt\/api\/wp\/v2\/comments?post=409818"}],"version-history":[{"count":0,"href":"https:\/\/portaltela.pt\/api\/wp\/v2\/posts\/409818\/revisions"}],"wp:featuredmedia":[{"embeddable":true,"href":"https:\/\/portaltela.pt\/api\/wp\/v2\/media\/409822"}],"wp:attachment":[{"href":"https:\/\/portaltela.pt\/api\/wp\/v2\/media?parent=409818"}],"wp:term":[{"taxonomy":"category","embeddable":true,"href":"https:\/\/portaltela.pt\/api\/wp\/v2\/categories?post=409818"},{"taxonomy":"post_tag","embeddable":true,"href":"https:\/\/portaltela.pt\/api\/wp\/v2\/tags?post=409818"}],"curies":[{"name":"wp","href":"https:\/\/api.w.org\/{rel}","templated":true}]}}