{"id":409799,"date":"2026-03-14T06:40:00","date_gmt":"2026-03-14T09:40:00","guid":{"rendered":"https:\/\/portaltela.pt\/noticias\/2026\/03\/14\/mafalda-simoes-e-ariana-orrico-o-sangue-novo-busca-futuro-na-moda-portuguesa\/"},"modified":"2026-03-14T06:40:00","modified_gmt":"2026-03-14T09:40:00","slug":"mafalda-simoes-e-ariana-orrico-o-sangue-novo-busca-futuro-na-moda-portuguesa","status":"publish","type":"post","link":"https:\/\/portaltela.pt\/noticias\/2026\/03\/14\/mafalda-simoes-e-ariana-orrico-o-sangue-novo-busca-futuro-na-moda-portuguesa\/","title":{"rendered":"Mafalda Sim\u00f5es e Ariana Orrico: o Sangue Novo busca futuro na moda portuguesa"},"content":{"rendered":"<p>Mafalda Sim\u00f5es tornou-se a vencedora do primeiro pr\u00e9mio do concurso Sangue Novo da ModaLisboa, anunciada na passerelle da semana da moda. O evento decorreu na sexta-feira, 13 de mar\u00e7o, e marcou uma viragem na carreira da jovem criadora.<\/p>\n<p>A segunda posi\u00e7\u00e3o ficou com Ariana Orrico, que fica tamb\u00e9m nos olhos do pr\u00e9mio. A vencedora est\u00e1 a caminho da Serra da Estrela para uma resid\u00eancia art\u00edstica que envolve burel, material emblem\u00e1tico da tradi\u00e7\u00e3o t\u00eaxtil da regi\u00e3o.<\/p>\n<p>As duas designers destacaram o talento da moda portuguesa e reafirmaram o objetivo de lan\u00e7ar marcas pr\u00f3prias no futuro, com o reconhecimento do circuito nacional a favorecer oportunidades de desenvolvimento e networking.<\/p>\n<h3>Vencedoras e pr\u00f3ximos passos<\/h3>\n<p>Mafalda Sim\u00f5es v\u00ea consolidada a hip\u00f3tese de apresentar uma cole\u00e7\u00e3o pr\u00f3pria, ap\u00f3s a vit\u00f3ria no Sangue Novo. Ariana Orrico prepara-se para integrar a resid\u00eancia em burel, com o foco em explorar t\u00e9cnicas tradicionais aliadas \u00e0 vis\u00e3o contempor\u00e2nea.<\/p>\n<p>A ModaLisboa continua a afirmar-se como plataforma de oportunidades para jovens criadores, servindo de ponte entre a forma\u00e7\u00e3o acad\u00e9mica e o mercado. O concurso tem atra\u00eddo aten\u00e7\u00e3o de mediadores da ind\u00fastria e imprensa especializada.<\/p>\n","protected":false},"excerpt":{"rendered":"<ul>\n<li>Mafalda Sim\u00f5es venceu o primeiro pr\u00e9mio do concurso Sangue Novo da ModaLisboa, numa passagem que a levou \u00e0 passerelle da aclamada mostra.<\/li>\n<li>Ariana Orrico ficou em segundo lugar e vai para a Serra da Estrela participar numa resid\u00eancia art\u00edstica com burel.<\/li>\n<li>As duas designers venceram os dois pr\u00e9mios do referido concurso de jovens talentos da ModaLisboa.<\/li>\n<li>Ambas elogiam o talento da moda nacional e planeiam lan\u00e7ar-se em nome pr\u00f3prio no futuro.<\/li>\n<li>O epis\u00f3dio aconteceu numa sexta-feira, 13 de mar\u00e7o, dia de sorte para algumas pessoas.<\/li>\n<\/ul>\n","protected":false},"author":2,"featured_media":409803,"comment_status":"closed","ping_status":"closed","sticky":false,"template":"","format":"standard","meta":{"footnotes":""},"categories":[1],"tags":[143,2844,135,1014,1658,2025],"class_list":["post-409799","post","type-post","status-publish","format-standard","has-post-thumbnail","hentry","category-noticias","tag-design","tag-jovens","tag-moda","tag-portugal","tag-serra-da-estrela","tag-textil-vestuario"],"yoast_head":"<!-- This site is optimized with the Yoast SEO plugin v27.2 - https:\/\/yoast.com\/product\/yoast-seo-wordpress\/ -->\n<title>Mafalda Sim\u00f5es e Ariana Orrico: o Sangue Novo busca futuro na moda portuguesa - Portal Tela Portugal<\/title>\n<meta name=\"robots\" content=\"index, follow, max-snippet:-1, max-image-preview:large, max-video-preview:-1\" \/>\n<meta property=\"og:locale\" content=\"pt_PT\" \/>\n<meta property=\"og:type\" content=\"article\" \/>\n<meta property=\"og:title\" content=\"Mafalda Sim\u00f5es e Ariana Orrico: o Sangue Novo busca futuro na moda portuguesa - Portal Tela Portugal\" \/>\n<meta property=\"og:description\" content=\"Mafalda Sim\u00f5es venceu o primeiro pr\u00e9mio do concurso Sangue Novo da ModaLisboa, numa passagem que a levou \u00e0 passerelle da aclamada mostra. Ariana Orrico ficou em segundo lugar e vai para a Serra da Estrela participar numa resid\u00eancia art\u00edstica com burel. As duas designers venceram os dois pr\u00e9mios do referido concurso de jovens talentos da ModaLisboa. Ambas elogiam o talento da moda nacional e planeiam lan\u00e7ar-se em nome pr\u00f3prio no futuro. O epis\u00f3dio aconteceu numa sexta-feira, 13 de mar\u00e7o, dia de sorte para algumas pessoas.\" \/>\n<meta property=\"og:url\" content=\"https:\/\/portaltela.pt\/noticias\/2026\/03\/14\/mafalda-simoes-e-ariana-orrico-o-sangue-novo-busca-futuro-na-moda-portuguesa\/\" \/>\n<meta property=\"og:site_name\" content=\"Portal Tela Portugal\" \/>\n<meta property=\"article:published_time\" content=\"2026-03-14T09:40:00+00:00\" \/>\n<meta name=\"author\" content=\"Telinha\" \/>\n<meta name=\"twitter:card\" content=\"summary_large_image\" \/>\n<meta name=\"twitter:label1\" content=\"Escrito por\" \/>\n\t<meta name=\"twitter:data1\" content=\"Telinha\" \/>\n\t<meta name=\"twitter:label2\" content=\"Tempo estimado de leitura\" \/>\n\t<meta name=\"twitter:data2\" content=\"1 minuto\" \/>\n<script type=\"application\/ld+json\" class=\"yoast-schema-graph\">{\"@context\":\"https:\/\/schema.org\",\"@graph\":[{\"@type\":\"Article\",\"@id\":\"https:\/\/portaltela.pt\/noticias\/2026\/03\/14\/mafalda-simoes-e-ariana-orrico-o-sangue-novo-busca-futuro-na-moda-portuguesa\/#article\",\"isPartOf\":{\"@id\":\"https:\/\/portaltela.pt\/noticias\/2026\/03\/14\/mafalda-simoes-e-ariana-orrico-o-sangue-novo-busca-futuro-na-moda-portuguesa\/\"},\"author\":{\"name\":\"Telinha\",\"@id\":\"https:\/\/portaltela.pt\/#\/schema\/person\/c4278d4a6028830caff9ee44b42d32ed\"},\"headline\":\"Mafalda Sim\u00f5es e Ariana Orrico: o Sangue Novo busca futuro na moda portuguesa\",\"datePublished\":\"2026-03-14T09:40:00+00:00\",\"mainEntityOfPage\":{\"@id\":\"https:\/\/portaltela.pt\/noticias\/2026\/03\/14\/mafalda-simoes-e-ariana-orrico-o-sangue-novo-busca-futuro-na-moda-portuguesa\/\"},\"wordCount\":224,\"image\":{\"@id\":\"https:\/\/portaltela.pt\/noticias\/2026\/03\/14\/mafalda-simoes-e-ariana-orrico-o-sangue-novo-busca-futuro-na-moda-portuguesa\/#primaryimage\"},\"thumbnailUrl\":\"https:\/\/portaltela.pt\/s.01k8rhncp4jt1\/2026\/03\/2074143.jpg\",\"keywords\":[\"design\",\"jovens\",\"moda\",\"Portugal\",\"Serra da Estrela\",\"t\u00eaxtil-vestu\u00e1rio\"],\"articleSection\":[\"Not\u00edcias\"],\"inLanguage\":\"pt-PT\"},{\"@type\":\"WebPage\",\"@id\":\"https:\/\/portaltela.pt\/noticias\/2026\/03\/14\/mafalda-simoes-e-ariana-orrico-o-sangue-novo-busca-futuro-na-moda-portuguesa\/\",\"url\":\"https:\/\/portaltela.pt\/noticias\/2026\/03\/14\/mafalda-simoes-e-ariana-orrico-o-sangue-novo-busca-futuro-na-moda-portuguesa\/\",\"name\":\"Mafalda Sim\u00f5es e Ariana Orrico: o Sangue Novo busca futuro na moda portuguesa - Portal Tela Portugal\",\"isPartOf\":{\"@id\":\"https:\/\/portaltela.pt\/#website\"},\"primaryImageOfPage\":{\"@id\":\"https:\/\/portaltela.pt\/noticias\/2026\/03\/14\/mafalda-simoes-e-ariana-orrico-o-sangue-novo-busca-futuro-na-moda-portuguesa\/#primaryimage\"},\"image\":{\"@id\":\"https:\/\/portaltela.pt\/noticias\/2026\/03\/14\/mafalda-simoes-e-ariana-orrico-o-sangue-novo-busca-futuro-na-moda-portuguesa\/#primaryimage\"},\"thumbnailUrl\":\"https:\/\/portaltela.pt\/s.01k8rhncp4jt1\/2026\/03\/2074143.jpg\",\"datePublished\":\"2026-03-14T09:40:00+00:00\",\"author\":{\"@id\":\"https:\/\/portaltela.pt\/#\/schema\/person\/c4278d4a6028830caff9ee44b42d32ed\"},\"breadcrumb\":{\"@id\":\"https:\/\/portaltela.pt\/noticias\/2026\/03\/14\/mafalda-simoes-e-ariana-orrico-o-sangue-novo-busca-futuro-na-moda-portuguesa\/#breadcrumb\"},\"inLanguage\":\"pt-PT\",\"potentialAction\":[{\"@type\":\"ReadAction\",\"target\":[\"https:\/\/portaltela.pt\/noticias\/2026\/03\/14\/mafalda-simoes-e-ariana-orrico-o-sangue-novo-busca-futuro-na-moda-portuguesa\/\"]}]},{\"@type\":\"ImageObject\",\"inLanguage\":\"pt-PT\",\"@id\":\"https:\/\/portaltela.pt\/noticias\/2026\/03\/14\/mafalda-simoes-e-ariana-orrico-o-sangue-novo-busca-futuro-na-moda-portuguesa\/#primaryimage\",\"url\":\"https:\/\/portaltela.pt\/s.01k8rhncp4jt1\/2026\/03\/2074143.jpg\",\"contentUrl\":\"https:\/\/portaltela.pt\/s.01k8rhncp4jt1\/2026\/03\/2074143.jpg\",\"width\":796,\"height\":448,\"caption\":\"Mafalda Sim\u00f5es\"},{\"@type\":\"BreadcrumbList\",\"@id\":\"https:\/\/portaltela.pt\/noticias\/2026\/03\/14\/mafalda-simoes-e-ariana-orrico-o-sangue-novo-busca-futuro-na-moda-portuguesa\/#breadcrumb\",\"itemListElement\":[{\"@type\":\"ListItem\",\"position\":1,\"name\":\"In\u00edcio\",\"item\":\"https:\/\/portaltela.pt\/\"},{\"@type\":\"ListItem\",\"position\":2,\"name\":\"Mafalda Sim\u00f5es e Ariana Orrico: o Sangue Novo busca futuro na moda portuguesa\"}]},{\"@type\":\"WebSite\",\"@id\":\"https:\/\/portaltela.pt\/#website\",\"url\":\"https:\/\/portaltela.pt\/\",\"name\":\"Portal Tela Portugal\",\"description\":\"\",\"potentialAction\":[{\"@type\":\"SearchAction\",\"target\":{\"@type\":\"EntryPoint\",\"urlTemplate\":\"https:\/\/portaltela.pt\/?s={search_term_string}\"},\"query-input\":{\"@type\":\"PropertyValueSpecification\",\"valueRequired\":true,\"valueName\":\"search_term_string\"}}],\"inLanguage\":\"pt-PT\"},{\"@type\":\"Person\",\"@id\":\"https:\/\/portaltela.pt\/#\/schema\/person\/c4278d4a6028830caff9ee44b42d32ed\",\"name\":\"Telinha\",\"image\":{\"@type\":\"ImageObject\",\"inLanguage\":\"pt-PT\",\"@id\":\"https:\/\/portaltela.pt\/s.01k8rhncp4jt1\/2025\/11\/talking-bot-125x125.png\",\"url\":\"https:\/\/portaltela.pt\/s.01k8rhncp4jt1\/2025\/11\/talking-bot-125x125.png\",\"contentUrl\":\"https:\/\/portaltela.pt\/s.01k8rhncp4jt1\/2025\/11\/talking-bot-125x125.png\",\"caption\":\"Telinha\"},\"sameAs\":[\"https:\/\/portaltela.pt\/\"],\"url\":\"https:\/\/portaltela.pt\/por\/367410592786\/\"}]}<\/script>\n<!-- \/ Yoast SEO plugin. -->","yoast_head_json":{"title":"Mafalda Sim\u00f5es e Ariana Orrico: o Sangue Novo busca futuro na moda portuguesa - Portal Tela Portugal","robots":{"index":"index","follow":"follow","max-snippet":"max-snippet:-1","max-image-preview":"max-image-preview:large","max-video-preview":"max-video-preview:-1"},"og_locale":"pt_PT","og_type":"article","og_title":"Mafalda Sim\u00f5es e Ariana Orrico: o Sangue Novo busca futuro na moda portuguesa - Portal Tela Portugal","og_description":"Mafalda Sim\u00f5es venceu o primeiro pr\u00e9mio do concurso Sangue Novo da ModaLisboa, numa passagem que a levou \u00e0 passerelle da aclamada mostra. Ariana Orrico ficou em segundo lugar e vai para a Serra da Estrela participar numa resid\u00eancia art\u00edstica com burel. As duas designers venceram os dois pr\u00e9mios do referido concurso de jovens talentos da ModaLisboa. Ambas elogiam o talento da moda nacional e planeiam lan\u00e7ar-se em nome pr\u00f3prio no futuro. O epis\u00f3dio aconteceu numa sexta-feira, 13 de mar\u00e7o, dia de sorte para algumas pessoas.","og_url":"https:\/\/portaltela.pt\/noticias\/2026\/03\/14\/mafalda-simoes-e-ariana-orrico-o-sangue-novo-busca-futuro-na-moda-portuguesa\/","og_site_name":"Portal Tela Portugal","article_published_time":"2026-03-14T09:40:00+00:00","author":"Telinha","twitter_card":"summary_large_image","twitter_misc":{"Escrito por":"Telinha","Tempo estimado de leitura":"1 minuto"},"schema":{"@context":"https:\/\/schema.org","@graph":[{"@type":"Article","@id":"https:\/\/portaltela.pt\/noticias\/2026\/03\/14\/mafalda-simoes-e-ariana-orrico-o-sangue-novo-busca-futuro-na-moda-portuguesa\/#article","isPartOf":{"@id":"https:\/\/portaltela.pt\/noticias\/2026\/03\/14\/mafalda-simoes-e-ariana-orrico-o-sangue-novo-busca-futuro-na-moda-portuguesa\/"},"author":{"name":"Telinha","@id":"https:\/\/portaltela.pt\/#\/schema\/person\/c4278d4a6028830caff9ee44b42d32ed"},"headline":"Mafalda Sim\u00f5es e Ariana Orrico: o Sangue Novo busca futuro na moda portuguesa","datePublished":"2026-03-14T09:40:00+00:00","mainEntityOfPage":{"@id":"https:\/\/portaltela.pt\/noticias\/2026\/03\/14\/mafalda-simoes-e-ariana-orrico-o-sangue-novo-busca-futuro-na-moda-portuguesa\/"},"wordCount":224,"image":{"@id":"https:\/\/portaltela.pt\/noticias\/2026\/03\/14\/mafalda-simoes-e-ariana-orrico-o-sangue-novo-busca-futuro-na-moda-portuguesa\/#primaryimage"},"thumbnailUrl":"https:\/\/portaltela.pt\/s.01k8rhncp4jt1\/2026\/03\/2074143.jpg","keywords":["design","jovens","moda","Portugal","Serra da Estrela","t\u00eaxtil-vestu\u00e1rio"],"articleSection":["Not\u00edcias"],"inLanguage":"pt-PT"},{"@type":"WebPage","@id":"https:\/\/portaltela.pt\/noticias\/2026\/03\/14\/mafalda-simoes-e-ariana-orrico-o-sangue-novo-busca-futuro-na-moda-portuguesa\/","url":"https:\/\/portaltela.pt\/noticias\/2026\/03\/14\/mafalda-simoes-e-ariana-orrico-o-sangue-novo-busca-futuro-na-moda-portuguesa\/","name":"Mafalda Sim\u00f5es e Ariana Orrico: o Sangue Novo busca futuro na moda portuguesa - Portal Tela Portugal","isPartOf":{"@id":"https:\/\/portaltela.pt\/#website"},"primaryImageOfPage":{"@id":"https:\/\/portaltela.pt\/noticias\/2026\/03\/14\/mafalda-simoes-e-ariana-orrico-o-sangue-novo-busca-futuro-na-moda-portuguesa\/#primaryimage"},"image":{"@id":"https:\/\/portaltela.pt\/noticias\/2026\/03\/14\/mafalda-simoes-e-ariana-orrico-o-sangue-novo-busca-futuro-na-moda-portuguesa\/#primaryimage"},"thumbnailUrl":"https:\/\/portaltela.pt\/s.01k8rhncp4jt1\/2026\/03\/2074143.jpg","datePublished":"2026-03-14T09:40:00+00:00","author":{"@id":"https:\/\/portaltela.pt\/#\/schema\/person\/c4278d4a6028830caff9ee44b42d32ed"},"breadcrumb":{"@id":"https:\/\/portaltela.pt\/noticias\/2026\/03\/14\/mafalda-simoes-e-ariana-orrico-o-sangue-novo-busca-futuro-na-moda-portuguesa\/#breadcrumb"},"inLanguage":"pt-PT","potentialAction":[{"@type":"ReadAction","target":["https:\/\/portaltela.pt\/noticias\/2026\/03\/14\/mafalda-simoes-e-ariana-orrico-o-sangue-novo-busca-futuro-na-moda-portuguesa\/"]}]},{"@type":"ImageObject","inLanguage":"pt-PT","@id":"https:\/\/portaltela.pt\/noticias\/2026\/03\/14\/mafalda-simoes-e-ariana-orrico-o-sangue-novo-busca-futuro-na-moda-portuguesa\/#primaryimage","url":"https:\/\/portaltela.pt\/s.01k8rhncp4jt1\/2026\/03\/2074143.jpg","contentUrl":"https:\/\/portaltela.pt\/s.01k8rhncp4jt1\/2026\/03\/2074143.jpg","width":796,"height":448,"caption":"Mafalda Sim\u00f5es"},{"@type":"BreadcrumbList","@id":"https:\/\/portaltela.pt\/noticias\/2026\/03\/14\/mafalda-simoes-e-ariana-orrico-o-sangue-novo-busca-futuro-na-moda-portuguesa\/#breadcrumb","itemListElement":[{"@type":"ListItem","position":1,"name":"In\u00edcio","item":"https:\/\/portaltela.pt\/"},{"@type":"ListItem","position":2,"name":"Mafalda Sim\u00f5es e Ariana Orrico: o Sangue Novo busca futuro na moda portuguesa"}]},{"@type":"WebSite","@id":"https:\/\/portaltela.pt\/#website","url":"https:\/\/portaltela.pt\/","name":"Portal Tela Portugal","description":"","potentialAction":[{"@type":"SearchAction","target":{"@type":"EntryPoint","urlTemplate":"https:\/\/portaltela.pt\/?s={search_term_string}"},"query-input":{"@type":"PropertyValueSpecification","valueRequired":true,"valueName":"search_term_string"}}],"inLanguage":"pt-PT"},{"@type":"Person","@id":"https:\/\/portaltela.pt\/#\/schema\/person\/c4278d4a6028830caff9ee44b42d32ed","name":"Telinha","image":{"@type":"ImageObject","inLanguage":"pt-PT","@id":"https:\/\/portaltela.pt\/s.01k8rhncp4jt1\/2025\/11\/talking-bot-125x125.png","url":"https:\/\/portaltela.pt\/s.01k8rhncp4jt1\/2025\/11\/talking-bot-125x125.png","contentUrl":"https:\/\/portaltela.pt\/s.01k8rhncp4jt1\/2025\/11\/talking-bot-125x125.png","caption":"Telinha"},"sameAs":["https:\/\/portaltela.pt\/"],"url":"https:\/\/portaltela.pt\/por\/367410592786\/"}]}},"_links":{"self":[{"href":"https:\/\/portaltela.pt\/api\/wp\/v2\/posts\/409799","targetHints":{"allow":["GET"]}}],"collection":[{"href":"https:\/\/portaltela.pt\/api\/wp\/v2\/posts"}],"about":[{"href":"https:\/\/portaltela.pt\/api\/wp\/v2\/types\/post"}],"author":[{"embeddable":true,"href":"https:\/\/portaltela.pt\/api\/wp\/v2\/users\/2"}],"replies":[{"embeddable":true,"href":"https:\/\/portaltela.pt\/api\/wp\/v2\/comments?post=409799"}],"version-history":[{"count":0,"href":"https:\/\/portaltela.pt\/api\/wp\/v2\/posts\/409799\/revisions"}],"wp:featuredmedia":[{"embeddable":true,"href":"https:\/\/portaltela.pt\/api\/wp\/v2\/media\/409803"}],"wp:attachment":[{"href":"https:\/\/portaltela.pt\/api\/wp\/v2\/media?parent=409799"}],"wp:term":[{"taxonomy":"category","embeddable":true,"href":"https:\/\/portaltela.pt\/api\/wp\/v2\/categories?post=409799"},{"taxonomy":"post_tag","embeddable":true,"href":"https:\/\/portaltela.pt\/api\/wp\/v2\/tags?post=409799"}],"curies":[{"name":"wp","href":"https:\/\/api.w.org\/{rel}","templated":true}]}}