{"id":409798,"date":"2026-03-14T06:48:42","date_gmt":"2026-03-14T09:48:42","guid":{"rendered":"https:\/\/portaltela.pt\/noticias\/2026\/03\/14\/socios-do-sporting-ja-comecam-a-votar-para-eleger-o-presidente\/"},"modified":"2026-03-14T06:48:42","modified_gmt":"2026-03-14T09:48:42","slug":"socios-do-sporting-ja-comecam-a-votar-para-eleger-o-presidente","status":"publish","type":"post","link":"https:\/\/portaltela.pt\/desporto\/futebol\/2026\/03\/14\/socios-do-sporting-ja-comecam-a-votar-para-eleger-o-presidente\/","title":{"rendered":"S\u00f3cios do Sporting j\u00e1 come\u00e7am a votar para eleger o presidente"},"content":{"rendered":"<p>Dia de elei\u00e7\u00f5es no Sporting: centenas de s\u00f3cios j\u00e1 se encontram pela manh\u00e3 no Pavilh\u00e3o Jo\u00e3o Rocha para votar no presidente do clube. A escolha \u00e9 entre Bruno Sorreluz, da Lista A, e Frederico Varandas, da Lista B, para o ciclo 2026-2030.<\/p>\n<p>A vota\u00e7\u00e3o decorre no recinto em Lisboa, com os associados a exercerem o direito de voto para definir a lideran\u00e7a do clube no pr\u00f3ximo quadri\u00e9nio. A jornada eleitoral ficou marcada pela participa\u00e7\u00e3o direta dos adeptos nas decis\u00f5es.<\/p>\n<p>A escolha do presidente do Sporting baseia-se em propostas para a gest\u00e3o desportiva, financeira e institucional do clube nos pr\u00f3ximos anos, mantendo foco na continuidade ou mudan\u00e7a de direc\u00e7\u00e3o conforme a vontade dos s\u00f3cios.<\/p>\n","protected":false},"excerpt":{"rendered":"<ul>\n<li>S\u00f3cios do Sporting come\u00e7aram a votar no Pavilh\u00e3o Jo\u00e3o Rocha para eleger o presidente do clube.<\/li>\n<li>O processo decorre neste s\u00e1bado para o ciclo 2026-2030.<\/li>\n<li>Duas listas disputam as elei\u00e7\u00f5es: Bruno Sorreluz (Lista A) e Frederico Varandas (Lista B).<\/li>\n<li>Centenas de s\u00f3cios j\u00e1 estavam presentes pela manh\u00e3 para exercer o voto.<\/li>\n<li>O escrut\u00ednio define o l\u00edder para o pr\u00f3ximo ciclo do clube.<\/li>\n<\/ul>\n","protected":false},"author":2,"featured_media":409801,"comment_status":"closed","ping_status":"closed","sticky":false,"template":"","format":"standard","meta":{"footnotes":""},"categories":[21,24],"tags":[68,7203,32,981,30,1652],"class_list":["post-409798","post","type-post","status-publish","format-standard","has-post-thumbnail","hentry","category-desporto","category-futebol","tag-eleicoes","tag-frederico-varandas","tag-futebol","tag-lisboa","tag-presidente","tag-sporting"],"yoast_head":"<!-- This site is optimized with the Yoast SEO plugin v27.2 - https:\/\/yoast.com\/product\/yoast-seo-wordpress\/ -->\n<title>S\u00f3cios do Sporting j\u00e1 come\u00e7am a votar para eleger o presidente - Portal Tela Portugal<\/title>\n<meta name=\"robots\" content=\"index, follow, max-snippet:-1, max-image-preview:large, max-video-preview:-1\" \/>\n<meta property=\"og:locale\" content=\"pt_PT\" \/>\n<meta property=\"og:type\" content=\"article\" \/>\n<meta property=\"og:title\" content=\"S\u00f3cios do Sporting j\u00e1 come\u00e7am a votar para eleger o presidente - Portal Tela Portugal\" \/>\n<meta property=\"og:description\" content=\"S\u00f3cios do Sporting come\u00e7aram a votar no Pavilh\u00e3o Jo\u00e3o Rocha para eleger o presidente do clube. O processo decorre neste s\u00e1bado para o ciclo 2026-2030. Duas listas disputam as elei\u00e7\u00f5es: Bruno Sorreluz (Lista A) e Frederico Varandas (Lista B). Centenas de s\u00f3cios j\u00e1 estavam presentes pela manh\u00e3 para exercer o voto. O escrut\u00ednio define o l\u00edder para o pr\u00f3ximo ciclo do clube.\" \/>\n<meta property=\"og:url\" content=\"https:\/\/portaltela.pt\/noticias\/2026\/03\/14\/socios-do-sporting-ja-comecam-a-votar-para-eleger-o-presidente\/\" \/>\n<meta property=\"og:site_name\" content=\"Portal Tela Portugal\" \/>\n<meta property=\"article:published_time\" content=\"2026-03-14T09:48:42+00:00\" \/>\n<meta name=\"author\" content=\"Telinha\" \/>\n<meta name=\"twitter:card\" content=\"summary_large_image\" \/>\n<meta name=\"twitter:label1\" content=\"Escrito por\" \/>\n\t<meta name=\"twitter:data1\" content=\"Telinha\" \/>\n\t<meta name=\"twitter:label2\" content=\"Tempo estimado de leitura\" \/>\n\t<meta name=\"twitter:data2\" content=\"1 minuto\" \/>\n<script type=\"application\/ld+json\" class=\"yoast-schema-graph\">{\"@context\":\"https:\/\/schema.org\",\"@graph\":[{\"@type\":\"Article\",\"@id\":\"https:\/\/portaltela.pt\/noticias\/2026\/03\/14\/socios-do-sporting-ja-comecam-a-votar-para-eleger-o-presidente\/#article\",\"isPartOf\":{\"@id\":\"https:\/\/portaltela.pt\/noticias\/2026\/03\/14\/socios-do-sporting-ja-comecam-a-votar-para-eleger-o-presidente\/\"},\"author\":{\"name\":\"Telinha\",\"@id\":\"https:\/\/portaltela.pt\/#\/schema\/person\/c4278d4a6028830caff9ee44b42d32ed\"},\"headline\":\"S\u00f3cios do Sporting j\u00e1 come\u00e7am a votar para eleger o presidente\",\"datePublished\":\"2026-03-14T09:48:42+00:00\",\"mainEntityOfPage\":{\"@id\":\"https:\/\/portaltela.pt\/noticias\/2026\/03\/14\/socios-do-sporting-ja-comecam-a-votar-para-eleger-o-presidente\/\"},\"wordCount\":140,\"image\":{\"@id\":\"https:\/\/portaltela.pt\/noticias\/2026\/03\/14\/socios-do-sporting-ja-comecam-a-votar-para-eleger-o-presidente\/#primaryimage\"},\"thumbnailUrl\":\"https:\/\/portaltela.pt\/s.01k8rhncp4jt1\/2026\/03\/img_1200x721uu2026-03-14-09-41-11-2426820.jpg\",\"keywords\":[\"elei\u00e7\u00f5es\",\"Frederico Varandas\",\"futebol\",\"Lisboa\",\"presidente\",\"Sporting\"],\"articleSection\":[\"Desporto\",\"Futebol\"],\"inLanguage\":\"pt-PT\"},{\"@type\":\"WebPage\",\"@id\":\"https:\/\/portaltela.pt\/noticias\/2026\/03\/14\/socios-do-sporting-ja-comecam-a-votar-para-eleger-o-presidente\/\",\"url\":\"https:\/\/portaltela.pt\/noticias\/2026\/03\/14\/socios-do-sporting-ja-comecam-a-votar-para-eleger-o-presidente\/\",\"name\":\"S\u00f3cios do Sporting j\u00e1 come\u00e7am a votar para eleger o presidente - Portal Tela Portugal\",\"isPartOf\":{\"@id\":\"https:\/\/portaltela.pt\/#website\"},\"primaryImageOfPage\":{\"@id\":\"https:\/\/portaltela.pt\/noticias\/2026\/03\/14\/socios-do-sporting-ja-comecam-a-votar-para-eleger-o-presidente\/#primaryimage\"},\"image\":{\"@id\":\"https:\/\/portaltela.pt\/noticias\/2026\/03\/14\/socios-do-sporting-ja-comecam-a-votar-para-eleger-o-presidente\/#primaryimage\"},\"thumbnailUrl\":\"https:\/\/portaltela.pt\/s.01k8rhncp4jt1\/2026\/03\/img_1200x721uu2026-03-14-09-41-11-2426820.jpg\",\"datePublished\":\"2026-03-14T09:48:42+00:00\",\"author\":{\"@id\":\"https:\/\/portaltela.pt\/#\/schema\/person\/c4278d4a6028830caff9ee44b42d32ed\"},\"breadcrumb\":{\"@id\":\"https:\/\/portaltela.pt\/noticias\/2026\/03\/14\/socios-do-sporting-ja-comecam-a-votar-para-eleger-o-presidente\/#breadcrumb\"},\"inLanguage\":\"pt-PT\",\"potentialAction\":[{\"@type\":\"ReadAction\",\"target\":[\"https:\/\/portaltela.pt\/noticias\/2026\/03\/14\/socios-do-sporting-ja-comecam-a-votar-para-eleger-o-presidente\/\"]}]},{\"@type\":\"ImageObject\",\"inLanguage\":\"pt-PT\",\"@id\":\"https:\/\/portaltela.pt\/noticias\/2026\/03\/14\/socios-do-sporting-ja-comecam-a-votar-para-eleger-o-presidente\/#primaryimage\",\"url\":\"https:\/\/portaltela.pt\/s.01k8rhncp4jt1\/2026\/03\/img_1200x721uu2026-03-14-09-41-11-2426820.jpg\",\"contentUrl\":\"https:\/\/portaltela.pt\/s.01k8rhncp4jt1\/2026\/03\/img_1200x721uu2026-03-14-09-41-11-2426820.jpg\",\"width\":796,\"height\":448,\"caption\":\"Dia de elei\u00e7\u00f5es no Sporting, com centenas de s\u00f3cios sportinguistas a marcarem presen\u00e7a logo pela manh\u00e3 no Pavilh\u00e3o Jo\u00e3o Rocha para exercer o seu direito de voto. Bruno Sorreluz (Lista A) e Frederico Varandas (Lista B) s\u00e3o os dois candidatos que concorrem \u00e0s elei\u00e7\u00f5es no clube para o ciclo de 2026-2030.\"},{\"@type\":\"BreadcrumbList\",\"@id\":\"https:\/\/portaltela.pt\/noticias\/2026\/03\/14\/socios-do-sporting-ja-comecam-a-votar-para-eleger-o-presidente\/#breadcrumb\",\"itemListElement\":[{\"@type\":\"ListItem\",\"position\":1,\"name\":\"In\u00edcio\",\"item\":\"https:\/\/portaltela.pt\/\"},{\"@type\":\"ListItem\",\"position\":2,\"name\":\"S\u00f3cios do Sporting j\u00e1 come\u00e7am a votar para eleger o presidente\"}]},{\"@type\":\"WebSite\",\"@id\":\"https:\/\/portaltela.pt\/#website\",\"url\":\"https:\/\/portaltela.pt\/\",\"name\":\"Portal Tela Portugal\",\"description\":\"\",\"potentialAction\":[{\"@type\":\"SearchAction\",\"target\":{\"@type\":\"EntryPoint\",\"urlTemplate\":\"https:\/\/portaltela.pt\/?s={search_term_string}\"},\"query-input\":{\"@type\":\"PropertyValueSpecification\",\"valueRequired\":true,\"valueName\":\"search_term_string\"}}],\"inLanguage\":\"pt-PT\"},{\"@type\":\"Person\",\"@id\":\"https:\/\/portaltela.pt\/#\/schema\/person\/c4278d4a6028830caff9ee44b42d32ed\",\"name\":\"Telinha\",\"image\":{\"@type\":\"ImageObject\",\"inLanguage\":\"pt-PT\",\"@id\":\"https:\/\/portaltela.pt\/s.01k8rhncp4jt1\/2025\/11\/talking-bot-125x125.png\",\"url\":\"https:\/\/portaltela.pt\/s.01k8rhncp4jt1\/2025\/11\/talking-bot-125x125.png\",\"contentUrl\":\"https:\/\/portaltela.pt\/s.01k8rhncp4jt1\/2025\/11\/talking-bot-125x125.png\",\"caption\":\"Telinha\"},\"sameAs\":[\"https:\/\/portaltela.pt\/\"],\"url\":\"https:\/\/portaltela.pt\/por\/367410592786\/\"}]}<\/script>\n<!-- \/ Yoast SEO plugin. -->","yoast_head_json":{"title":"S\u00f3cios do Sporting j\u00e1 come\u00e7am a votar para eleger o presidente - Portal Tela Portugal","robots":{"index":"index","follow":"follow","max-snippet":"max-snippet:-1","max-image-preview":"max-image-preview:large","max-video-preview":"max-video-preview:-1"},"og_locale":"pt_PT","og_type":"article","og_title":"S\u00f3cios do Sporting j\u00e1 come\u00e7am a votar para eleger o presidente - Portal Tela Portugal","og_description":"S\u00f3cios do Sporting come\u00e7aram a votar no Pavilh\u00e3o Jo\u00e3o Rocha para eleger o presidente do clube. O processo decorre neste s\u00e1bado para o ciclo 2026-2030. Duas listas disputam as elei\u00e7\u00f5es: Bruno Sorreluz (Lista A) e Frederico Varandas (Lista B). Centenas de s\u00f3cios j\u00e1 estavam presentes pela manh\u00e3 para exercer o voto. O escrut\u00ednio define o l\u00edder para o pr\u00f3ximo ciclo do clube.","og_url":"https:\/\/portaltela.pt\/noticias\/2026\/03\/14\/socios-do-sporting-ja-comecam-a-votar-para-eleger-o-presidente\/","og_site_name":"Portal Tela Portugal","article_published_time":"2026-03-14T09:48:42+00:00","author":"Telinha","twitter_card":"summary_large_image","twitter_misc":{"Escrito por":"Telinha","Tempo estimado de leitura":"1 minuto"},"schema":{"@context":"https:\/\/schema.org","@graph":[{"@type":"Article","@id":"https:\/\/portaltela.pt\/noticias\/2026\/03\/14\/socios-do-sporting-ja-comecam-a-votar-para-eleger-o-presidente\/#article","isPartOf":{"@id":"https:\/\/portaltela.pt\/noticias\/2026\/03\/14\/socios-do-sporting-ja-comecam-a-votar-para-eleger-o-presidente\/"},"author":{"name":"Telinha","@id":"https:\/\/portaltela.pt\/#\/schema\/person\/c4278d4a6028830caff9ee44b42d32ed"},"headline":"S\u00f3cios do Sporting j\u00e1 come\u00e7am a votar para eleger o presidente","datePublished":"2026-03-14T09:48:42+00:00","mainEntityOfPage":{"@id":"https:\/\/portaltela.pt\/noticias\/2026\/03\/14\/socios-do-sporting-ja-comecam-a-votar-para-eleger-o-presidente\/"},"wordCount":140,"image":{"@id":"https:\/\/portaltela.pt\/noticias\/2026\/03\/14\/socios-do-sporting-ja-comecam-a-votar-para-eleger-o-presidente\/#primaryimage"},"thumbnailUrl":"https:\/\/portaltela.pt\/s.01k8rhncp4jt1\/2026\/03\/img_1200x721uu2026-03-14-09-41-11-2426820.jpg","keywords":["elei\u00e7\u00f5es","Frederico Varandas","futebol","Lisboa","presidente","Sporting"],"articleSection":["Desporto","Futebol"],"inLanguage":"pt-PT"},{"@type":"WebPage","@id":"https:\/\/portaltela.pt\/noticias\/2026\/03\/14\/socios-do-sporting-ja-comecam-a-votar-para-eleger-o-presidente\/","url":"https:\/\/portaltela.pt\/noticias\/2026\/03\/14\/socios-do-sporting-ja-comecam-a-votar-para-eleger-o-presidente\/","name":"S\u00f3cios do Sporting j\u00e1 come\u00e7am a votar para eleger o presidente - Portal Tela Portugal","isPartOf":{"@id":"https:\/\/portaltela.pt\/#website"},"primaryImageOfPage":{"@id":"https:\/\/portaltela.pt\/noticias\/2026\/03\/14\/socios-do-sporting-ja-comecam-a-votar-para-eleger-o-presidente\/#primaryimage"},"image":{"@id":"https:\/\/portaltela.pt\/noticias\/2026\/03\/14\/socios-do-sporting-ja-comecam-a-votar-para-eleger-o-presidente\/#primaryimage"},"thumbnailUrl":"https:\/\/portaltela.pt\/s.01k8rhncp4jt1\/2026\/03\/img_1200x721uu2026-03-14-09-41-11-2426820.jpg","datePublished":"2026-03-14T09:48:42+00:00","author":{"@id":"https:\/\/portaltela.pt\/#\/schema\/person\/c4278d4a6028830caff9ee44b42d32ed"},"breadcrumb":{"@id":"https:\/\/portaltela.pt\/noticias\/2026\/03\/14\/socios-do-sporting-ja-comecam-a-votar-para-eleger-o-presidente\/#breadcrumb"},"inLanguage":"pt-PT","potentialAction":[{"@type":"ReadAction","target":["https:\/\/portaltela.pt\/noticias\/2026\/03\/14\/socios-do-sporting-ja-comecam-a-votar-para-eleger-o-presidente\/"]}]},{"@type":"ImageObject","inLanguage":"pt-PT","@id":"https:\/\/portaltela.pt\/noticias\/2026\/03\/14\/socios-do-sporting-ja-comecam-a-votar-para-eleger-o-presidente\/#primaryimage","url":"https:\/\/portaltela.pt\/s.01k8rhncp4jt1\/2026\/03\/img_1200x721uu2026-03-14-09-41-11-2426820.jpg","contentUrl":"https:\/\/portaltela.pt\/s.01k8rhncp4jt1\/2026\/03\/img_1200x721uu2026-03-14-09-41-11-2426820.jpg","width":796,"height":448,"caption":"Dia de elei\u00e7\u00f5es no Sporting, com centenas de s\u00f3cios sportinguistas a marcarem presen\u00e7a logo pela manh\u00e3 no Pavilh\u00e3o Jo\u00e3o Rocha para exercer o seu direito de voto. Bruno Sorreluz (Lista A) e Frederico Varandas (Lista B) s\u00e3o os dois candidatos que concorrem \u00e0s elei\u00e7\u00f5es no clube para o ciclo de 2026-2030."},{"@type":"BreadcrumbList","@id":"https:\/\/portaltela.pt\/noticias\/2026\/03\/14\/socios-do-sporting-ja-comecam-a-votar-para-eleger-o-presidente\/#breadcrumb","itemListElement":[{"@type":"ListItem","position":1,"name":"In\u00edcio","item":"https:\/\/portaltela.pt\/"},{"@type":"ListItem","position":2,"name":"S\u00f3cios do Sporting j\u00e1 come\u00e7am a votar para eleger o presidente"}]},{"@type":"WebSite","@id":"https:\/\/portaltela.pt\/#website","url":"https:\/\/portaltela.pt\/","name":"Portal Tela Portugal","description":"","potentialAction":[{"@type":"SearchAction","target":{"@type":"EntryPoint","urlTemplate":"https:\/\/portaltela.pt\/?s={search_term_string}"},"query-input":{"@type":"PropertyValueSpecification","valueRequired":true,"valueName":"search_term_string"}}],"inLanguage":"pt-PT"},{"@type":"Person","@id":"https:\/\/portaltela.pt\/#\/schema\/person\/c4278d4a6028830caff9ee44b42d32ed","name":"Telinha","image":{"@type":"ImageObject","inLanguage":"pt-PT","@id":"https:\/\/portaltela.pt\/s.01k8rhncp4jt1\/2025\/11\/talking-bot-125x125.png","url":"https:\/\/portaltela.pt\/s.01k8rhncp4jt1\/2025\/11\/talking-bot-125x125.png","contentUrl":"https:\/\/portaltela.pt\/s.01k8rhncp4jt1\/2025\/11\/talking-bot-125x125.png","caption":"Telinha"},"sameAs":["https:\/\/portaltela.pt\/"],"url":"https:\/\/portaltela.pt\/por\/367410592786\/"}]}},"_links":{"self":[{"href":"https:\/\/portaltela.pt\/api\/wp\/v2\/posts\/409798","targetHints":{"allow":["GET"]}}],"collection":[{"href":"https:\/\/portaltela.pt\/api\/wp\/v2\/posts"}],"about":[{"href":"https:\/\/portaltela.pt\/api\/wp\/v2\/types\/post"}],"author":[{"embeddable":true,"href":"https:\/\/portaltela.pt\/api\/wp\/v2\/users\/2"}],"replies":[{"embeddable":true,"href":"https:\/\/portaltela.pt\/api\/wp\/v2\/comments?post=409798"}],"version-history":[{"count":0,"href":"https:\/\/portaltela.pt\/api\/wp\/v2\/posts\/409798\/revisions"}],"wp:featuredmedia":[{"embeddable":true,"href":"https:\/\/portaltela.pt\/api\/wp\/v2\/media\/409801"}],"wp:attachment":[{"href":"https:\/\/portaltela.pt\/api\/wp\/v2\/media?parent=409798"}],"wp:term":[{"taxonomy":"category","embeddable":true,"href":"https:\/\/portaltela.pt\/api\/wp\/v2\/categories?post=409798"},{"taxonomy":"post_tag","embeddable":true,"href":"https:\/\/portaltela.pt\/api\/wp\/v2\/tags?post=409798"}],"curies":[{"name":"wp","href":"https:\/\/api.w.org\/{rel}","templated":true}]}}