{"id":409797,"date":"2026-03-14T06:55:00","date_gmt":"2026-03-14T09:55:00","guid":{"rendered":"https:\/\/portaltela.pt\/noticias\/2026\/03\/14\/mais-dez-portugueses-diagnosticados-com-variola-dos-macacos\/"},"modified":"2026-03-14T06:55:00","modified_gmt":"2026-03-14T09:55:00","slug":"mais-dez-portugueses-diagnosticados-com-variola-dos-macacos","status":"publish","type":"post","link":"https:\/\/portaltela.pt\/saude\/2026\/03\/14\/mais-dez-portugueses-diagnosticados-com-variola-dos-macacos\/","title":{"rendered":"Mais dez portugueses diagnosticados com var\u00edola dos macacos"},"content":{"rendered":"<p>Mais dez casos de var\u00edola dos macacos foram detetados em Portugal, segundo o Centro Europeu de Preven\u00e7\u00e3o e Controlo das Doen\u00e7as (ECDC). Os dados dizem respeito ao per\u00edodo entre 1 e 12 de fevereiro.<\/p>\n<p>Desde o in\u00edcio do surto na Europa, em 2022, j\u00e1 se confirmaram 26.398 casos em 29 pa\u00edses. O pa\u00eds com mais infec\u00e7\u00f5es continua a ser Espanha, com 9.482 casos.<\/p>\n<p>Portugal permanece entre os cinco pa\u00edses com mais casos, totalizando 1.364. O pa\u00eds registou tamb\u00e9m duas mortes associadas \u00e0 Mpox.<\/p>\n<h3>Contexto europeu<\/h3>\n<p>As autoridades destacam que a evolu\u00e7\u00e3o da mpox continua sob vigil\u00e2ncia, com campanhas de vacina\u00e7\u00e3o direcionadas a grupos de maior risco.<\/p>\n<p>O ECDC recomenda manter a vigil\u00e2ncia epidemiol\u00f3gica e refor\u00e7ar medidas de preven\u00e7\u00e3o, sem altera\u00e7\u00f5es significativas nas orienta\u00e7\u00f5es de sa\u00fade p\u00fablica no momento.<\/p>\n","protected":false},"excerpt":{"rendered":"<ul>\n<li>Mais dez casos de Mpox foram detetados em Portugal, segundo o Centro Europeu de Preven\u00e7\u00e3o e Controlo das Doen\u00e7as (ECDC), entre um fevereiro e 12 deste m\u00eas.<\/li>\n<li>Desde o in\u00edcio do surto europeu, em 2022, j\u00e1 foram confirmados 26 398 casos da infe\u00e7\u00e3o em 29 pa\u00edses da Europa.<\/li>\n<li>O maior n\u00famero de infec\u00e7\u00f5es ocorreu em Espanha, com 9 482 casos; Portugal \u00e9 o quinto pa\u00eds europeu com mais casos, com 1 364.<\/li>\n<li>Existem dez mortes associadas \u00e0 Mpox na regi\u00e3o, sendo quatro em Espanha, duas em Portugal e duas na B\u00e9lgica.<\/li>\n<li>O relat\u00f3rio atualiza a situa\u00e7\u00e3o da Mpox na Europa para os \u00faltimos quarenta dias.<\/li>\n<\/ul>\n","protected":false},"author":2,"featured_media":409800,"comment_status":"closed","ping_status":"closed","sticky":false,"template":"","format":"standard","meta":{"footnotes":""},"categories":[6745],"tags":[4684,2446,1014,74,271,3949],"class_list":["post-409797","post","type-post","status-publish","format-standard","has-post-thumbnail","hentry","category-saude","tag-epidemiologia","tag-mpox","tag-portugal","tag-prevencao","tag-saude-publica","tag-vacinacoes"],"yoast_head":"<!-- This site is optimized with the Yoast SEO plugin v27.2 - https:\/\/yoast.com\/product\/yoast-seo-wordpress\/ -->\n<title>Mais dez portugueses diagnosticados com var\u00edola dos macacos - Portal Tela Portugal<\/title>\n<meta name=\"robots\" content=\"index, follow, max-snippet:-1, max-image-preview:large, max-video-preview:-1\" \/>\n<meta property=\"og:locale\" content=\"pt_PT\" \/>\n<meta property=\"og:type\" content=\"article\" \/>\n<meta property=\"og:title\" content=\"Mais dez portugueses diagnosticados com var\u00edola dos macacos - Portal Tela Portugal\" \/>\n<meta property=\"og:description\" content=\"Mais dez casos de Mpox foram detetados em Portugal, segundo o Centro Europeu de Preven\u00e7\u00e3o e Controlo das Doen\u00e7as (ECDC), entre um fevereiro e 12 deste m\u00eas. Desde o in\u00edcio do surto europeu, em 2022, j\u00e1 foram confirmados 26 398 casos da infe\u00e7\u00e3o em 29 pa\u00edses da Europa. O maior n\u00famero de infec\u00e7\u00f5es ocorreu em Espanha, com 9 482 casos; Portugal \u00e9 o quinto pa\u00eds europeu com mais casos, com 1 364. Existem dez mortes associadas \u00e0 Mpox na regi\u00e3o, sendo quatro em Espanha, duas em Portugal e duas na B\u00e9lgica. O relat\u00f3rio atualiza a situa\u00e7\u00e3o da Mpox na Europa para os \u00faltimos quarenta dias.\" \/>\n<meta property=\"og:url\" content=\"https:\/\/portaltela.pt\/noticias\/2026\/03\/14\/mais-dez-portugueses-diagnosticados-com-variola-dos-macacos\/\" \/>\n<meta property=\"og:site_name\" content=\"Portal Tela Portugal\" \/>\n<meta property=\"article:published_time\" content=\"2026-03-14T09:55:00+00:00\" \/>\n<meta name=\"author\" content=\"Telinha\" \/>\n<meta name=\"twitter:card\" content=\"summary_large_image\" \/>\n<meta name=\"twitter:label1\" content=\"Escrito por\" \/>\n\t<meta name=\"twitter:data1\" content=\"Telinha\" \/>\n\t<meta name=\"twitter:label2\" content=\"Tempo estimado de leitura\" \/>\n\t<meta name=\"twitter:data2\" content=\"1 minuto\" \/>\n<script type=\"application\/ld+json\" class=\"yoast-schema-graph\">{\"@context\":\"https:\/\/schema.org\",\"@graph\":[{\"@type\":\"Article\",\"@id\":\"https:\/\/portaltela.pt\/noticias\/2026\/03\/14\/mais-dez-portugueses-diagnosticados-com-variola-dos-macacos\/#article\",\"isPartOf\":{\"@id\":\"https:\/\/portaltela.pt\/noticias\/2026\/03\/14\/mais-dez-portugueses-diagnosticados-com-variola-dos-macacos\/\"},\"author\":{\"name\":\"Telinha\",\"@id\":\"https:\/\/portaltela.pt\/#\/schema\/person\/c4278d4a6028830caff9ee44b42d32ed\"},\"headline\":\"Mais dez portugueses diagnosticados com var\u00edola dos macacos\",\"datePublished\":\"2026-03-14T09:55:00+00:00\",\"mainEntityOfPage\":{\"@id\":\"https:\/\/portaltela.pt\/noticias\/2026\/03\/14\/mais-dez-portugueses-diagnosticados-com-variola-dos-macacos\/\"},\"wordCount\":151,\"image\":{\"@id\":\"https:\/\/portaltela.pt\/noticias\/2026\/03\/14\/mais-dez-portugueses-diagnosticados-com-variola-dos-macacos\/#primaryimage\"},\"thumbnailUrl\":\"https:\/\/portaltela.pt\/s.01k8rhncp4jt1\/2026\/03\/img_1500x1000uu2025-07-27-19-09-27-2225478.jpg\",\"keywords\":[\"epidemiologia\",\"Mpox\",\"Portugal\",\"preven\u00e7\u00e3o\",\"sa\u00fade p\u00fablica\",\"vacina\u00e7\u00f5es\"],\"articleSection\":[\"Sa\u00fade\"],\"inLanguage\":\"pt-PT\"},{\"@type\":\"WebPage\",\"@id\":\"https:\/\/portaltela.pt\/noticias\/2026\/03\/14\/mais-dez-portugueses-diagnosticados-com-variola-dos-macacos\/\",\"url\":\"https:\/\/portaltela.pt\/noticias\/2026\/03\/14\/mais-dez-portugueses-diagnosticados-com-variola-dos-macacos\/\",\"name\":\"Mais dez portugueses diagnosticados com var\u00edola dos macacos - Portal Tela Portugal\",\"isPartOf\":{\"@id\":\"https:\/\/portaltela.pt\/#website\"},\"primaryImageOfPage\":{\"@id\":\"https:\/\/portaltela.pt\/noticias\/2026\/03\/14\/mais-dez-portugueses-diagnosticados-com-variola-dos-macacos\/#primaryimage\"},\"image\":{\"@id\":\"https:\/\/portaltela.pt\/noticias\/2026\/03\/14\/mais-dez-portugueses-diagnosticados-com-variola-dos-macacos\/#primaryimage\"},\"thumbnailUrl\":\"https:\/\/portaltela.pt\/s.01k8rhncp4jt1\/2026\/03\/img_1500x1000uu2025-07-27-19-09-27-2225478.jpg\",\"datePublished\":\"2026-03-14T09:55:00+00:00\",\"author\":{\"@id\":\"https:\/\/portaltela.pt\/#\/schema\/person\/c4278d4a6028830caff9ee44b42d32ed\"},\"breadcrumb\":{\"@id\":\"https:\/\/portaltela.pt\/noticias\/2026\/03\/14\/mais-dez-portugueses-diagnosticados-com-variola-dos-macacos\/#breadcrumb\"},\"inLanguage\":\"pt-PT\",\"potentialAction\":[{\"@type\":\"ReadAction\",\"target\":[\"https:\/\/portaltela.pt\/noticias\/2026\/03\/14\/mais-dez-portugueses-diagnosticados-com-variola-dos-macacos\/\"]}]},{\"@type\":\"ImageObject\",\"inLanguage\":\"pt-PT\",\"@id\":\"https:\/\/portaltela.pt\/noticias\/2026\/03\/14\/mais-dez-portugueses-diagnosticados-com-variola-dos-macacos\/#primaryimage\",\"url\":\"https:\/\/portaltela.pt\/s.01k8rhncp4jt1\/2026\/03\/img_1500x1000uu2025-07-27-19-09-27-2225478.jpg\",\"contentUrl\":\"https:\/\/portaltela.pt\/s.01k8rhncp4jt1\/2026\/03\/img_1500x1000uu2025-07-27-19-09-27-2225478.jpg\",\"width\":796,\"height\":448,\"caption\":\"Com duas v\u00edtimas mortais, Portugal \u00e9 segundo na Europa com mais \u00f3bitos.\"},{\"@type\":\"BreadcrumbList\",\"@id\":\"https:\/\/portaltela.pt\/noticias\/2026\/03\/14\/mais-dez-portugueses-diagnosticados-com-variola-dos-macacos\/#breadcrumb\",\"itemListElement\":[{\"@type\":\"ListItem\",\"position\":1,\"name\":\"In\u00edcio\",\"item\":\"https:\/\/portaltela.pt\/\"},{\"@type\":\"ListItem\",\"position\":2,\"name\":\"Mais dez portugueses diagnosticados com var\u00edola dos macacos\"}]},{\"@type\":\"WebSite\",\"@id\":\"https:\/\/portaltela.pt\/#website\",\"url\":\"https:\/\/portaltela.pt\/\",\"name\":\"Portal Tela Portugal\",\"description\":\"\",\"potentialAction\":[{\"@type\":\"SearchAction\",\"target\":{\"@type\":\"EntryPoint\",\"urlTemplate\":\"https:\/\/portaltela.pt\/?s={search_term_string}\"},\"query-input\":{\"@type\":\"PropertyValueSpecification\",\"valueRequired\":true,\"valueName\":\"search_term_string\"}}],\"inLanguage\":\"pt-PT\"},{\"@type\":\"Person\",\"@id\":\"https:\/\/portaltela.pt\/#\/schema\/person\/c4278d4a6028830caff9ee44b42d32ed\",\"name\":\"Telinha\",\"image\":{\"@type\":\"ImageObject\",\"inLanguage\":\"pt-PT\",\"@id\":\"https:\/\/portaltela.pt\/s.01k8rhncp4jt1\/2025\/11\/talking-bot-125x125.png\",\"url\":\"https:\/\/portaltela.pt\/s.01k8rhncp4jt1\/2025\/11\/talking-bot-125x125.png\",\"contentUrl\":\"https:\/\/portaltela.pt\/s.01k8rhncp4jt1\/2025\/11\/talking-bot-125x125.png\",\"caption\":\"Telinha\"},\"sameAs\":[\"https:\/\/portaltela.pt\/\"],\"url\":\"https:\/\/portaltela.pt\/por\/367410592786\/\"}]}<\/script>\n<!-- \/ Yoast SEO plugin. -->","yoast_head_json":{"title":"Mais dez portugueses diagnosticados com var\u00edola dos macacos - Portal Tela Portugal","robots":{"index":"index","follow":"follow","max-snippet":"max-snippet:-1","max-image-preview":"max-image-preview:large","max-video-preview":"max-video-preview:-1"},"og_locale":"pt_PT","og_type":"article","og_title":"Mais dez portugueses diagnosticados com var\u00edola dos macacos - Portal Tela Portugal","og_description":"Mais dez casos de Mpox foram detetados em Portugal, segundo o Centro Europeu de Preven\u00e7\u00e3o e Controlo das Doen\u00e7as (ECDC), entre um fevereiro e 12 deste m\u00eas. Desde o in\u00edcio do surto europeu, em 2022, j\u00e1 foram confirmados 26 398 casos da infe\u00e7\u00e3o em 29 pa\u00edses da Europa. O maior n\u00famero de infec\u00e7\u00f5es ocorreu em Espanha, com 9 482 casos; Portugal \u00e9 o quinto pa\u00eds europeu com mais casos, com 1 364. Existem dez mortes associadas \u00e0 Mpox na regi\u00e3o, sendo quatro em Espanha, duas em Portugal e duas na B\u00e9lgica. O relat\u00f3rio atualiza a situa\u00e7\u00e3o da Mpox na Europa para os \u00faltimos quarenta dias.","og_url":"https:\/\/portaltela.pt\/noticias\/2026\/03\/14\/mais-dez-portugueses-diagnosticados-com-variola-dos-macacos\/","og_site_name":"Portal Tela Portugal","article_published_time":"2026-03-14T09:55:00+00:00","author":"Telinha","twitter_card":"summary_large_image","twitter_misc":{"Escrito por":"Telinha","Tempo estimado de leitura":"1 minuto"},"schema":{"@context":"https:\/\/schema.org","@graph":[{"@type":"Article","@id":"https:\/\/portaltela.pt\/noticias\/2026\/03\/14\/mais-dez-portugueses-diagnosticados-com-variola-dos-macacos\/#article","isPartOf":{"@id":"https:\/\/portaltela.pt\/noticias\/2026\/03\/14\/mais-dez-portugueses-diagnosticados-com-variola-dos-macacos\/"},"author":{"name":"Telinha","@id":"https:\/\/portaltela.pt\/#\/schema\/person\/c4278d4a6028830caff9ee44b42d32ed"},"headline":"Mais dez portugueses diagnosticados com var\u00edola dos macacos","datePublished":"2026-03-14T09:55:00+00:00","mainEntityOfPage":{"@id":"https:\/\/portaltela.pt\/noticias\/2026\/03\/14\/mais-dez-portugueses-diagnosticados-com-variola-dos-macacos\/"},"wordCount":151,"image":{"@id":"https:\/\/portaltela.pt\/noticias\/2026\/03\/14\/mais-dez-portugueses-diagnosticados-com-variola-dos-macacos\/#primaryimage"},"thumbnailUrl":"https:\/\/portaltela.pt\/s.01k8rhncp4jt1\/2026\/03\/img_1500x1000uu2025-07-27-19-09-27-2225478.jpg","keywords":["epidemiologia","Mpox","Portugal","preven\u00e7\u00e3o","sa\u00fade p\u00fablica","vacina\u00e7\u00f5es"],"articleSection":["Sa\u00fade"],"inLanguage":"pt-PT"},{"@type":"WebPage","@id":"https:\/\/portaltela.pt\/noticias\/2026\/03\/14\/mais-dez-portugueses-diagnosticados-com-variola-dos-macacos\/","url":"https:\/\/portaltela.pt\/noticias\/2026\/03\/14\/mais-dez-portugueses-diagnosticados-com-variola-dos-macacos\/","name":"Mais dez portugueses diagnosticados com var\u00edola dos macacos - Portal Tela Portugal","isPartOf":{"@id":"https:\/\/portaltela.pt\/#website"},"primaryImageOfPage":{"@id":"https:\/\/portaltela.pt\/noticias\/2026\/03\/14\/mais-dez-portugueses-diagnosticados-com-variola-dos-macacos\/#primaryimage"},"image":{"@id":"https:\/\/portaltela.pt\/noticias\/2026\/03\/14\/mais-dez-portugueses-diagnosticados-com-variola-dos-macacos\/#primaryimage"},"thumbnailUrl":"https:\/\/portaltela.pt\/s.01k8rhncp4jt1\/2026\/03\/img_1500x1000uu2025-07-27-19-09-27-2225478.jpg","datePublished":"2026-03-14T09:55:00+00:00","author":{"@id":"https:\/\/portaltela.pt\/#\/schema\/person\/c4278d4a6028830caff9ee44b42d32ed"},"breadcrumb":{"@id":"https:\/\/portaltela.pt\/noticias\/2026\/03\/14\/mais-dez-portugueses-diagnosticados-com-variola-dos-macacos\/#breadcrumb"},"inLanguage":"pt-PT","potentialAction":[{"@type":"ReadAction","target":["https:\/\/portaltela.pt\/noticias\/2026\/03\/14\/mais-dez-portugueses-diagnosticados-com-variola-dos-macacos\/"]}]},{"@type":"ImageObject","inLanguage":"pt-PT","@id":"https:\/\/portaltela.pt\/noticias\/2026\/03\/14\/mais-dez-portugueses-diagnosticados-com-variola-dos-macacos\/#primaryimage","url":"https:\/\/portaltela.pt\/s.01k8rhncp4jt1\/2026\/03\/img_1500x1000uu2025-07-27-19-09-27-2225478.jpg","contentUrl":"https:\/\/portaltela.pt\/s.01k8rhncp4jt1\/2026\/03\/img_1500x1000uu2025-07-27-19-09-27-2225478.jpg","width":796,"height":448,"caption":"Com duas v\u00edtimas mortais, Portugal \u00e9 segundo na Europa com mais \u00f3bitos."},{"@type":"BreadcrumbList","@id":"https:\/\/portaltela.pt\/noticias\/2026\/03\/14\/mais-dez-portugueses-diagnosticados-com-variola-dos-macacos\/#breadcrumb","itemListElement":[{"@type":"ListItem","position":1,"name":"In\u00edcio","item":"https:\/\/portaltela.pt\/"},{"@type":"ListItem","position":2,"name":"Mais dez portugueses diagnosticados com var\u00edola dos macacos"}]},{"@type":"WebSite","@id":"https:\/\/portaltela.pt\/#website","url":"https:\/\/portaltela.pt\/","name":"Portal Tela Portugal","description":"","potentialAction":[{"@type":"SearchAction","target":{"@type":"EntryPoint","urlTemplate":"https:\/\/portaltela.pt\/?s={search_term_string}"},"query-input":{"@type":"PropertyValueSpecification","valueRequired":true,"valueName":"search_term_string"}}],"inLanguage":"pt-PT"},{"@type":"Person","@id":"https:\/\/portaltela.pt\/#\/schema\/person\/c4278d4a6028830caff9ee44b42d32ed","name":"Telinha","image":{"@type":"ImageObject","inLanguage":"pt-PT","@id":"https:\/\/portaltela.pt\/s.01k8rhncp4jt1\/2025\/11\/talking-bot-125x125.png","url":"https:\/\/portaltela.pt\/s.01k8rhncp4jt1\/2025\/11\/talking-bot-125x125.png","contentUrl":"https:\/\/portaltela.pt\/s.01k8rhncp4jt1\/2025\/11\/talking-bot-125x125.png","caption":"Telinha"},"sameAs":["https:\/\/portaltela.pt\/"],"url":"https:\/\/portaltela.pt\/por\/367410592786\/"}]}},"_links":{"self":[{"href":"https:\/\/portaltela.pt\/api\/wp\/v2\/posts\/409797","targetHints":{"allow":["GET"]}}],"collection":[{"href":"https:\/\/portaltela.pt\/api\/wp\/v2\/posts"}],"about":[{"href":"https:\/\/portaltela.pt\/api\/wp\/v2\/types\/post"}],"author":[{"embeddable":true,"href":"https:\/\/portaltela.pt\/api\/wp\/v2\/users\/2"}],"replies":[{"embeddable":true,"href":"https:\/\/portaltela.pt\/api\/wp\/v2\/comments?post=409797"}],"version-history":[{"count":0,"href":"https:\/\/portaltela.pt\/api\/wp\/v2\/posts\/409797\/revisions"}],"wp:featuredmedia":[{"embeddable":true,"href":"https:\/\/portaltela.pt\/api\/wp\/v2\/media\/409800"}],"wp:attachment":[{"href":"https:\/\/portaltela.pt\/api\/wp\/v2\/media?parent=409797"}],"wp:term":[{"taxonomy":"category","embeddable":true,"href":"https:\/\/portaltela.pt\/api\/wp\/v2\/categories?post=409797"},{"taxonomy":"post_tag","embeddable":true,"href":"https:\/\/portaltela.pt\/api\/wp\/v2\/tags?post=409797"}],"curies":[{"name":"wp","href":"https:\/\/api.w.org\/{rel}","templated":true}]}}