{"id":409789,"date":"2026-03-14T06:32:00","date_gmt":"2026-03-14T09:32:00","guid":{"rendered":"https:\/\/portaltela.pt\/noticias\/2026\/03\/14\/um-ano-depois-ana-paula-ainda-vive-em-alojamento-de-emergencia-em-loures\/"},"modified":"2026-03-14T06:32:00","modified_gmt":"2026-03-14T09:32:00","slug":"um-ano-depois-ana-paula-ainda-vive-em-alojamento-de-emergencia-em-loures","status":"publish","type":"post","link":"https:\/\/portaltela.pt\/noticias\/2026\/03\/14\/um-ano-depois-ana-paula-ainda-vive-em-alojamento-de-emergencia-em-loures\/","title":{"rendered":"Um ano depois, Ana Paula ainda vive em alojamento de emerg\u00eancia em Loures"},"content":{"rendered":"<p>Um ano ap\u00f3s ter denunciado a sua situa\u00e7\u00e3o, Ana Paula dos Santos, de 39 anos, ainda vive num centro de alojamento de emerg\u00eancia social em Loures, com os quatro filhos. A m\u00e3e encontra-se \u00e0 espera de uma habita\u00e7\u00e3o est\u00e1vel na cidade.<\/p>\n<p>A fam\u00edlia est\u00e1 inserida numa lista de habita\u00e7\u00e3o social, ocupando o d\u00e9cimo lugar. No \u00faltimo contacto com a Seguran\u00e7a Social, no dia 10, foi-lhe pedido que continuasse a procurar casa, mantendo a espera por uma solu\u00e7\u00e3o.<\/p>\n<p>Ana Paula reside atualmente num quarto, com alimenta\u00e7\u00e3o fornecida e casas de banho partilhadas. O agregado familiar permanece na lista de espera para uma habita\u00e7\u00e3o social em Loures.<\/p>\n<p>A atual situa\u00e7\u00e3o resulta de um hist\u00f3rico de despejos, habita\u00e7\u00e3o prec\u00e1ria e aumento de renda. A fam\u00edlia vive numa \u00e1rea de Loures conhecida pela demoli\u00e7\u00e3o de espa\u00e7os habitacionais antigos.<\/p>\n<p>A Associa\u00e7\u00e3o Habita tem acompanhado o caso e aponta que a comparticipa\u00e7\u00e3o do centro de emerg\u00eancia por m\u00eas se aproxima de tr\u00eas mil euros. Segundo a associa\u00e7\u00e3o, n\u00e3o \u00e9 vi\u00e1vel manter uma fam\u00edlia com sal\u00e1rio m\u00ednimo neste tipo de alojamento sem apoio adicional.<\/p>\n<p>A filha mais velha est\u00e1 na universidade, enquanto as duas filhas mais novas estudam em escolas locais. A fam\u00edlia mant\u00e9m a esperan\u00e7a de regressar a uma casa pr\u00f3pria em Loures, ainda que o tempo de espera seja longo.<\/p>\n","protected":false},"excerpt":{"rendered":"<ul>\n<li>Um ano ap\u00f3s denunciar a situa\u00e7\u00e3o, Ana Paula dos Santos, 39 anos, de S\u00e3o Tom\u00e9 e Pr\u00edncipe, vive num centro de alojamento de emerg\u00eancia social em Loures com os quatro filhos.<\/li>\n<li>Est\u00e1 em d\u00e9cimo lugar na lista de habita\u00e7\u00e3o social de Loures; no \u00faltimo contacto com a Seguran\u00e7a Social, recebeu ordem para continuar a procurar casa.<\/li>\n<li>A hist\u00f3ria come\u00e7ou com renda baixa num apartamento, que se tornou insustent\u00e1vel com o aumento do valor. Procurou apoio no bairro Talude Militar e, depois, foi realojada numa pens\u00e3o da Seguran\u00e7a Social e, mais tarde, num centro de emerg\u00eancia.<\/li>\n<li>A filha mais velha est\u00e1 na universidade; as duas filhas menores estudam em escolas de Loures, mantendo a esperan\u00e7a de regressar a casa. A Habita denuncia press\u00e3o para arranjar casa rapidamente.<\/li>\n<li>A associa\u00e7\u00e3o questiona a viabilidade de manter a fam\u00edlia no centro de emerg\u00eancia, destacando custos elevados para a Seguran\u00e7a Social e sugerindo que a C\u00e2mara de Loures alugasse uma casa com renda social para reduzir despesas.<\/li>\n<\/ul>\n","protected":false},"author":2,"featured_media":409794,"comment_status":"closed","ping_status":"closed","sticky":false,"template":"","format":"standard","meta":{"footnotes":""},"categories":[1],"tags":[2172,6372,150,1167,1680,6642],"class_list":["post-409789","post","type-post","status-publish","format-standard","has-post-thumbnail","hentry","category-noticias","tag-assistencia-social","tag-despejos","tag-habitacao","tag-habitacao-social","tag-loures","tag-pobreza"],"yoast_head":"<!-- This site is optimized with the Yoast SEO plugin v27.2 - https:\/\/yoast.com\/product\/yoast-seo-wordpress\/ -->\n<title>Um ano depois, Ana Paula ainda vive em alojamento de emerg\u00eancia em Loures - Portal Tela Portugal<\/title>\n<meta name=\"robots\" content=\"index, follow, max-snippet:-1, max-image-preview:large, max-video-preview:-1\" \/>\n<meta property=\"og:locale\" content=\"pt_PT\" \/>\n<meta property=\"og:type\" content=\"article\" \/>\n<meta property=\"og:title\" content=\"Um ano depois, Ana Paula ainda vive em alojamento de emerg\u00eancia em Loures - Portal Tela Portugal\" \/>\n<meta property=\"og:description\" content=\"Um ano ap\u00f3s denunciar a situa\u00e7\u00e3o, Ana Paula dos Santos, 39 anos, de S\u00e3o Tom\u00e9 e Pr\u00edncipe, vive num centro de alojamento de emerg\u00eancia social em Loures com os quatro filhos. Est\u00e1 em d\u00e9cimo lugar na lista de habita\u00e7\u00e3o social de Loures; no \u00faltimo contacto com a Seguran\u00e7a Social, recebeu ordem para continuar a procurar casa. A hist\u00f3ria come\u00e7ou com renda baixa num apartamento, que se tornou insustent\u00e1vel com o aumento do valor. Procurou apoio no bairro Talude Militar e, depois, foi realojada numa pens\u00e3o da Seguran\u00e7a Social e, mais tarde, num centro de emerg\u00eancia. A filha mais velha est\u00e1 na universidade; as duas filhas menores estudam em escolas de Loures, mantendo a esperan\u00e7a de regressar a casa. A Habita denuncia press\u00e3o para arranjar casa rapidamente. A associa\u00e7\u00e3o questiona a viabilidade de manter a fam\u00edlia no centro de emerg\u00eancia, destacando custos elevados para a Seguran\u00e7a Social e sugerindo que a C\u00e2mara de Loures alugasse uma casa com renda social para reduzir despesas.\" \/>\n<meta property=\"og:url\" content=\"https:\/\/portaltela.pt\/noticias\/2026\/03\/14\/um-ano-depois-ana-paula-ainda-vive-em-alojamento-de-emergencia-em-loures\/\" \/>\n<meta property=\"og:site_name\" content=\"Portal Tela Portugal\" \/>\n<meta property=\"article:published_time\" content=\"2026-03-14T09:32:00+00:00\" \/>\n<meta name=\"author\" content=\"Telinha\" \/>\n<meta name=\"twitter:card\" content=\"summary_large_image\" \/>\n<meta name=\"twitter:label1\" content=\"Escrito por\" \/>\n\t<meta name=\"twitter:data1\" content=\"Telinha\" \/>\n\t<meta name=\"twitter:label2\" content=\"Tempo estimado de leitura\" \/>\n\t<meta name=\"twitter:data2\" content=\"1 minuto\" \/>\n<script type=\"application\/ld+json\" class=\"yoast-schema-graph\">{\"@context\":\"https:\/\/schema.org\",\"@graph\":[{\"@type\":\"Article\",\"@id\":\"https:\/\/portaltela.pt\/noticias\/2026\/03\/14\/um-ano-depois-ana-paula-ainda-vive-em-alojamento-de-emergencia-em-loures\/#article\",\"isPartOf\":{\"@id\":\"https:\/\/portaltela.pt\/noticias\/2026\/03\/14\/um-ano-depois-ana-paula-ainda-vive-em-alojamento-de-emergencia-em-loures\/\"},\"author\":{\"name\":\"Telinha\",\"@id\":\"https:\/\/portaltela.pt\/#\/schema\/person\/c4278d4a6028830caff9ee44b42d32ed\"},\"headline\":\"Um ano depois, Ana Paula ainda vive em alojamento de emerg\u00eancia em Loures\",\"datePublished\":\"2026-03-14T09:32:00+00:00\",\"mainEntityOfPage\":{\"@id\":\"https:\/\/portaltela.pt\/noticias\/2026\/03\/14\/um-ano-depois-ana-paula-ainda-vive-em-alojamento-de-emergencia-em-loures\/\"},\"wordCount\":260,\"image\":{\"@id\":\"https:\/\/portaltela.pt\/noticias\/2026\/03\/14\/um-ano-depois-ana-paula-ainda-vive-em-alojamento-de-emergencia-em-loures\/#primaryimage\"},\"thumbnailUrl\":\"https:\/\/portaltela.pt\/s.01k8rhncp4jt1\/2026\/03\/img_1500x1000uu2024-10-03-20-01-21-1761694.jpg\",\"keywords\":[\"assist\u00eancia social\",\"despejos\",\"habita\u00e7\u00e3o\",\"habita\u00e7\u00e3o social\",\"Loures\",\"pobreza\"],\"articleSection\":[\"Not\u00edcias\"],\"inLanguage\":\"pt-PT\"},{\"@type\":\"WebPage\",\"@id\":\"https:\/\/portaltela.pt\/noticias\/2026\/03\/14\/um-ano-depois-ana-paula-ainda-vive-em-alojamento-de-emergencia-em-loures\/\",\"url\":\"https:\/\/portaltela.pt\/noticias\/2026\/03\/14\/um-ano-depois-ana-paula-ainda-vive-em-alojamento-de-emergencia-em-loures\/\",\"name\":\"Um ano depois, Ana Paula ainda vive em alojamento de emerg\u00eancia em Loures - Portal Tela Portugal\",\"isPartOf\":{\"@id\":\"https:\/\/portaltela.pt\/#website\"},\"primaryImageOfPage\":{\"@id\":\"https:\/\/portaltela.pt\/noticias\/2026\/03\/14\/um-ano-depois-ana-paula-ainda-vive-em-alojamento-de-emergencia-em-loures\/#primaryimage\"},\"image\":{\"@id\":\"https:\/\/portaltela.pt\/noticias\/2026\/03\/14\/um-ano-depois-ana-paula-ainda-vive-em-alojamento-de-emergencia-em-loures\/#primaryimage\"},\"thumbnailUrl\":\"https:\/\/portaltela.pt\/s.01k8rhncp4jt1\/2026\/03\/img_1500x1000uu2024-10-03-20-01-21-1761694.jpg\",\"datePublished\":\"2026-03-14T09:32:00+00:00\",\"author\":{\"@id\":\"https:\/\/portaltela.pt\/#\/schema\/person\/c4278d4a6028830caff9ee44b42d32ed\"},\"breadcrumb\":{\"@id\":\"https:\/\/portaltela.pt\/noticias\/2026\/03\/14\/um-ano-depois-ana-paula-ainda-vive-em-alojamento-de-emergencia-em-loures\/#breadcrumb\"},\"inLanguage\":\"pt-PT\",\"potentialAction\":[{\"@type\":\"ReadAction\",\"target\":[\"https:\/\/portaltela.pt\/noticias\/2026\/03\/14\/um-ano-depois-ana-paula-ainda-vive-em-alojamento-de-emergencia-em-loures\/\"]}]},{\"@type\":\"ImageObject\",\"inLanguage\":\"pt-PT\",\"@id\":\"https:\/\/portaltela.pt\/noticias\/2026\/03\/14\/um-ano-depois-ana-paula-ainda-vive-em-alojamento-de-emergencia-em-loures\/#primaryimage\",\"url\":\"https:\/\/portaltela.pt\/s.01k8rhncp4jt1\/2026\/03\/img_1500x1000uu2024-10-03-20-01-21-1761694.jpg\",\"contentUrl\":\"https:\/\/portaltela.pt\/s.01k8rhncp4jt1\/2026\/03\/img_1500x1000uu2024-10-03-20-01-21-1761694.jpg\",\"width\":796,\"height\":448,\"caption\":\"Seguran\u00e7a social\"},{\"@type\":\"BreadcrumbList\",\"@id\":\"https:\/\/portaltela.pt\/noticias\/2026\/03\/14\/um-ano-depois-ana-paula-ainda-vive-em-alojamento-de-emergencia-em-loures\/#breadcrumb\",\"itemListElement\":[{\"@type\":\"ListItem\",\"position\":1,\"name\":\"In\u00edcio\",\"item\":\"https:\/\/portaltela.pt\/\"},{\"@type\":\"ListItem\",\"position\":2,\"name\":\"Um ano depois, Ana Paula ainda vive em alojamento de emerg\u00eancia em Loures\"}]},{\"@type\":\"WebSite\",\"@id\":\"https:\/\/portaltela.pt\/#website\",\"url\":\"https:\/\/portaltela.pt\/\",\"name\":\"Portal Tela Portugal\",\"description\":\"\",\"potentialAction\":[{\"@type\":\"SearchAction\",\"target\":{\"@type\":\"EntryPoint\",\"urlTemplate\":\"https:\/\/portaltela.pt\/?s={search_term_string}\"},\"query-input\":{\"@type\":\"PropertyValueSpecification\",\"valueRequired\":true,\"valueName\":\"search_term_string\"}}],\"inLanguage\":\"pt-PT\"},{\"@type\":\"Person\",\"@id\":\"https:\/\/portaltela.pt\/#\/schema\/person\/c4278d4a6028830caff9ee44b42d32ed\",\"name\":\"Telinha\",\"image\":{\"@type\":\"ImageObject\",\"inLanguage\":\"pt-PT\",\"@id\":\"https:\/\/portaltela.pt\/s.01k8rhncp4jt1\/2025\/11\/talking-bot-125x125.png\",\"url\":\"https:\/\/portaltela.pt\/s.01k8rhncp4jt1\/2025\/11\/talking-bot-125x125.png\",\"contentUrl\":\"https:\/\/portaltela.pt\/s.01k8rhncp4jt1\/2025\/11\/talking-bot-125x125.png\",\"caption\":\"Telinha\"},\"sameAs\":[\"https:\/\/portaltela.pt\/\"],\"url\":\"https:\/\/portaltela.pt\/por\/367410592786\/\"}]}<\/script>\n<!-- \/ Yoast SEO plugin. -->","yoast_head_json":{"title":"Um ano depois, Ana Paula ainda vive em alojamento de emerg\u00eancia em Loures - Portal Tela Portugal","robots":{"index":"index","follow":"follow","max-snippet":"max-snippet:-1","max-image-preview":"max-image-preview:large","max-video-preview":"max-video-preview:-1"},"og_locale":"pt_PT","og_type":"article","og_title":"Um ano depois, Ana Paula ainda vive em alojamento de emerg\u00eancia em Loures - Portal Tela Portugal","og_description":"Um ano ap\u00f3s denunciar a situa\u00e7\u00e3o, Ana Paula dos Santos, 39 anos, de S\u00e3o Tom\u00e9 e Pr\u00edncipe, vive num centro de alojamento de emerg\u00eancia social em Loures com os quatro filhos. Est\u00e1 em d\u00e9cimo lugar na lista de habita\u00e7\u00e3o social de Loures; no \u00faltimo contacto com a Seguran\u00e7a Social, recebeu ordem para continuar a procurar casa. A hist\u00f3ria come\u00e7ou com renda baixa num apartamento, que se tornou insustent\u00e1vel com o aumento do valor. Procurou apoio no bairro Talude Militar e, depois, foi realojada numa pens\u00e3o da Seguran\u00e7a Social e, mais tarde, num centro de emerg\u00eancia. A filha mais velha est\u00e1 na universidade; as duas filhas menores estudam em escolas de Loures, mantendo a esperan\u00e7a de regressar a casa. A Habita denuncia press\u00e3o para arranjar casa rapidamente. A associa\u00e7\u00e3o questiona a viabilidade de manter a fam\u00edlia no centro de emerg\u00eancia, destacando custos elevados para a Seguran\u00e7a Social e sugerindo que a C\u00e2mara de Loures alugasse uma casa com renda social para reduzir despesas.","og_url":"https:\/\/portaltela.pt\/noticias\/2026\/03\/14\/um-ano-depois-ana-paula-ainda-vive-em-alojamento-de-emergencia-em-loures\/","og_site_name":"Portal Tela Portugal","article_published_time":"2026-03-14T09:32:00+00:00","author":"Telinha","twitter_card":"summary_large_image","twitter_misc":{"Escrito por":"Telinha","Tempo estimado de leitura":"1 minuto"},"schema":{"@context":"https:\/\/schema.org","@graph":[{"@type":"Article","@id":"https:\/\/portaltela.pt\/noticias\/2026\/03\/14\/um-ano-depois-ana-paula-ainda-vive-em-alojamento-de-emergencia-em-loures\/#article","isPartOf":{"@id":"https:\/\/portaltela.pt\/noticias\/2026\/03\/14\/um-ano-depois-ana-paula-ainda-vive-em-alojamento-de-emergencia-em-loures\/"},"author":{"name":"Telinha","@id":"https:\/\/portaltela.pt\/#\/schema\/person\/c4278d4a6028830caff9ee44b42d32ed"},"headline":"Um ano depois, Ana Paula ainda vive em alojamento de emerg\u00eancia em Loures","datePublished":"2026-03-14T09:32:00+00:00","mainEntityOfPage":{"@id":"https:\/\/portaltela.pt\/noticias\/2026\/03\/14\/um-ano-depois-ana-paula-ainda-vive-em-alojamento-de-emergencia-em-loures\/"},"wordCount":260,"image":{"@id":"https:\/\/portaltela.pt\/noticias\/2026\/03\/14\/um-ano-depois-ana-paula-ainda-vive-em-alojamento-de-emergencia-em-loures\/#primaryimage"},"thumbnailUrl":"https:\/\/portaltela.pt\/s.01k8rhncp4jt1\/2026\/03\/img_1500x1000uu2024-10-03-20-01-21-1761694.jpg","keywords":["assist\u00eancia social","despejos","habita\u00e7\u00e3o","habita\u00e7\u00e3o social","Loures","pobreza"],"articleSection":["Not\u00edcias"],"inLanguage":"pt-PT"},{"@type":"WebPage","@id":"https:\/\/portaltela.pt\/noticias\/2026\/03\/14\/um-ano-depois-ana-paula-ainda-vive-em-alojamento-de-emergencia-em-loures\/","url":"https:\/\/portaltela.pt\/noticias\/2026\/03\/14\/um-ano-depois-ana-paula-ainda-vive-em-alojamento-de-emergencia-em-loures\/","name":"Um ano depois, Ana Paula ainda vive em alojamento de emerg\u00eancia em Loures - Portal Tela Portugal","isPartOf":{"@id":"https:\/\/portaltela.pt\/#website"},"primaryImageOfPage":{"@id":"https:\/\/portaltela.pt\/noticias\/2026\/03\/14\/um-ano-depois-ana-paula-ainda-vive-em-alojamento-de-emergencia-em-loures\/#primaryimage"},"image":{"@id":"https:\/\/portaltela.pt\/noticias\/2026\/03\/14\/um-ano-depois-ana-paula-ainda-vive-em-alojamento-de-emergencia-em-loures\/#primaryimage"},"thumbnailUrl":"https:\/\/portaltela.pt\/s.01k8rhncp4jt1\/2026\/03\/img_1500x1000uu2024-10-03-20-01-21-1761694.jpg","datePublished":"2026-03-14T09:32:00+00:00","author":{"@id":"https:\/\/portaltela.pt\/#\/schema\/person\/c4278d4a6028830caff9ee44b42d32ed"},"breadcrumb":{"@id":"https:\/\/portaltela.pt\/noticias\/2026\/03\/14\/um-ano-depois-ana-paula-ainda-vive-em-alojamento-de-emergencia-em-loures\/#breadcrumb"},"inLanguage":"pt-PT","potentialAction":[{"@type":"ReadAction","target":["https:\/\/portaltela.pt\/noticias\/2026\/03\/14\/um-ano-depois-ana-paula-ainda-vive-em-alojamento-de-emergencia-em-loures\/"]}]},{"@type":"ImageObject","inLanguage":"pt-PT","@id":"https:\/\/portaltela.pt\/noticias\/2026\/03\/14\/um-ano-depois-ana-paula-ainda-vive-em-alojamento-de-emergencia-em-loures\/#primaryimage","url":"https:\/\/portaltela.pt\/s.01k8rhncp4jt1\/2026\/03\/img_1500x1000uu2024-10-03-20-01-21-1761694.jpg","contentUrl":"https:\/\/portaltela.pt\/s.01k8rhncp4jt1\/2026\/03\/img_1500x1000uu2024-10-03-20-01-21-1761694.jpg","width":796,"height":448,"caption":"Seguran\u00e7a social"},{"@type":"BreadcrumbList","@id":"https:\/\/portaltela.pt\/noticias\/2026\/03\/14\/um-ano-depois-ana-paula-ainda-vive-em-alojamento-de-emergencia-em-loures\/#breadcrumb","itemListElement":[{"@type":"ListItem","position":1,"name":"In\u00edcio","item":"https:\/\/portaltela.pt\/"},{"@type":"ListItem","position":2,"name":"Um ano depois, Ana Paula ainda vive em alojamento de emerg\u00eancia em Loures"}]},{"@type":"WebSite","@id":"https:\/\/portaltela.pt\/#website","url":"https:\/\/portaltela.pt\/","name":"Portal Tela Portugal","description":"","potentialAction":[{"@type":"SearchAction","target":{"@type":"EntryPoint","urlTemplate":"https:\/\/portaltela.pt\/?s={search_term_string}"},"query-input":{"@type":"PropertyValueSpecification","valueRequired":true,"valueName":"search_term_string"}}],"inLanguage":"pt-PT"},{"@type":"Person","@id":"https:\/\/portaltela.pt\/#\/schema\/person\/c4278d4a6028830caff9ee44b42d32ed","name":"Telinha","image":{"@type":"ImageObject","inLanguage":"pt-PT","@id":"https:\/\/portaltela.pt\/s.01k8rhncp4jt1\/2025\/11\/talking-bot-125x125.png","url":"https:\/\/portaltela.pt\/s.01k8rhncp4jt1\/2025\/11\/talking-bot-125x125.png","contentUrl":"https:\/\/portaltela.pt\/s.01k8rhncp4jt1\/2025\/11\/talking-bot-125x125.png","caption":"Telinha"},"sameAs":["https:\/\/portaltela.pt\/"],"url":"https:\/\/portaltela.pt\/por\/367410592786\/"}]}},"_links":{"self":[{"href":"https:\/\/portaltela.pt\/api\/wp\/v2\/posts\/409789","targetHints":{"allow":["GET"]}}],"collection":[{"href":"https:\/\/portaltela.pt\/api\/wp\/v2\/posts"}],"about":[{"href":"https:\/\/portaltela.pt\/api\/wp\/v2\/types\/post"}],"author":[{"embeddable":true,"href":"https:\/\/portaltela.pt\/api\/wp\/v2\/users\/2"}],"replies":[{"embeddable":true,"href":"https:\/\/portaltela.pt\/api\/wp\/v2\/comments?post=409789"}],"version-history":[{"count":0,"href":"https:\/\/portaltela.pt\/api\/wp\/v2\/posts\/409789\/revisions"}],"wp:featuredmedia":[{"embeddable":true,"href":"https:\/\/portaltela.pt\/api\/wp\/v2\/media\/409794"}],"wp:attachment":[{"href":"https:\/\/portaltela.pt\/api\/wp\/v2\/media?parent=409789"}],"wp:term":[{"taxonomy":"category","embeddable":true,"href":"https:\/\/portaltela.pt\/api\/wp\/v2\/categories?post=409789"},{"taxonomy":"post_tag","embeddable":true,"href":"https:\/\/portaltela.pt\/api\/wp\/v2\/tags?post=409789"}],"curies":[{"name":"wp","href":"https:\/\/api.w.org\/{rel}","templated":true}]}}