{"id":409787,"date":"2026-03-14T06:34:28","date_gmt":"2026-03-14T09:34:28","guid":{"rendered":"https:\/\/portaltela.pt\/noticias\/2026\/03\/14\/panu-di-tera-materia-prima-de-estilista-cabo-verdiana-em-portugal\/"},"modified":"2026-03-14T06:34:28","modified_gmt":"2026-03-14T09:34:28","slug":"panu-di-tera-materia-prima-de-estilista-cabo-verdiana-em-portugal","status":"publish","type":"post","link":"https:\/\/portaltela.pt\/noticias\/2026\/03\/14\/panu-di-tera-materia-prima-de-estilista-cabo-verdiana-em-portugal\/","title":{"rendered":"Panu di t\u00e9ra, mat\u00e9ria-prima de estilista cabo-verdiana, em Portugal"},"content":{"rendered":"<p>V\u00e2nia Barros, estilista cabo-verdiana, usa o panu di t\u00e9ra como mat\u00e9ria-prima em cria\u00e7\u00f5es em Portugal. A designer tem levado a cultura de Cabo Verde a figuras p\u00fablicas, como o artista Dino d&#8217;Santiago.<\/p>\n<p>Com 28 anos, criou a marca VAA Barros em 2020, ap\u00f3s participar no concurso Bloom do Portugal Fashion, para potenciar jovens talentos. A cole\u00e7\u00e3o apresentada na altura veio da licenciatura em Design de Moda e T\u00eaxtil.<\/p>\n<p>A linha Txabeta homenageia a cultura cabo-verdiana e retrata personalidades que levaram o pa\u00eds ao mundo, entre elas Am\u00edlcar Cabral, Ces\u00e1ria \u00c9vora e Ildo Lobo. O panu di t\u00e9ra ganhou proje\u00e7\u00e3o ao longo da d\u00e9cada.<\/p>\n<p>A proje\u00e7\u00e3o internacional come\u00e7ou em 2022, quando Dino d&#8217;Santiago vestiu um casaco em panu di t\u00e9ra, feito por VAA Barros, na Gala dos Globos de Ouro. A designer passou a recusar pedidos de pe\u00e7as id\u00eanticas para preservar exclusividade.<\/p>\n<p>V\u00e2nia Barros trabalha apenas com pe\u00e7as \u00fanicas e tem visto clientes fi\u00e9is reconhecerem o valor da mat\u00e9ria-prima. Al\u00e9m da moda, \u00e9 professora universit\u00e1ria e designer de outra marca.<\/p>\n<h3>Art\u00edfice \u00fanico em Portugal defende ensino e alerta para imita\u00e7\u00f5es<\/h3>\n<p>O artes\u00e3o Henrique Ribeiro \u00e9 o \u00fanico a produzir panu di t\u00e9ra em Portugal. O trabalho exige disponibilidade de v\u00e1rios panos para uma \u00fanica pe\u00e7a, o que eleva o custo final. Ribeiro defende a transmiss\u00e3o de conhecimento e o ensino desta t\u00e9cnica.<\/p>\n<p>As pe\u00e7as s\u00e3o lavadas \u00e0 m\u00e3o em \u00e1gua fria, secam ao ar, seguem para engomagem com entretela e, nos casacos, a estabiliza\u00e7\u00e3o do tecido \u00e9 crucial. A obten\u00e7\u00e3o do pano \u00e9 dif\u00edcil e depende do artes\u00e3o portugu\u00eas, que disp\u00f5e de um abastecimento limitado.<\/p>\n<p>Os prazos de produ\u00e7\u00e3o variam consoante o modelo; um blazer pode exigir at\u00e9 cinco panos diferentes. Este factor, aliado ao custo, explica por que as pe\u00e7as s\u00e3o vendidas a valores elevados, mas com aceita\u00e7\u00e3o entre clientes que valorizam a autenticidade.<\/p>\n","protected":false},"excerpt":{"rendered":"<ul>\n<li>O tecido tradicional cabo-verdiano panu di t\u00e9ra \u00e9 a mat\u00e9ria-prima da estilista V\u00e2nia Barros, que em Portugal promove a cultura do seu pa\u00eds atrav\u00e9s de pe\u00e7as com proje\u00e7\u00e3o internacional.<\/li>\n<li>V\u00e2nia Barros, de 28 anos, criou a marca VAA Barros em 2020, ap\u00f3s participar no concurso Bloom, do Portugal Fashion, com a cole\u00e7\u00e3o intitulada Txabeta, que resulta de um mergulho na cultura de Cabo Verde.<\/li>\n<li>A cole\u00e7\u00e3o Txabeta homenageia figuras de Cabo Verde que ganharam proje\u00e7\u00e3o internacional, como Am\u00edlcar Cabral, Ces\u00e1ria \u00c9vora e Ildo Lobo, e ganhou visibilidade em 2022 quando Dino d&#8217;Santiago vestiu um casaco em panu di t\u00e9ra na gala dos Globos de Ouro.<\/li>\n<li>O fabrico das pe\u00e7as \u00e9 exclusivo e exige v\u00e1rias pe\u00e7as do tecido, o que encarece o produto final; o \u00fanico artes\u00e3o em Portugal a produzir panu di t\u00e9ra \u00e9 Henrique Ribeiro, e a pe\u00e7a pode demorar dias a ficar pronta.<\/li>\n<li>Al\u00e9m de estilista, V\u00e2nia Barros \u00e9 professora universit\u00e1ria e designer da pr\u00f3pria marca, mantendo o foco no panu di t\u00e9ra apesar das dificuldades de aquisi\u00e7\u00e3o e produ\u00e7\u00e3o.<\/li>\n<\/ul>\n","protected":false},"author":2,"featured_media":409792,"comment_status":"closed","ping_status":"closed","sticky":false,"template":"","format":"standard","meta":{"footnotes":""},"categories":[1],"tags":[2329,143,135,1014,2025,239],"class_list":["post-409787","post","type-post","status-publish","format-standard","has-post-thumbnail","hentry","category-noticias","tag-cabo-verde","tag-design","tag-moda","tag-portugal","tag-textil-vestuario","tag-vestuario"],"yoast_head":"<!-- This site is optimized with the Yoast SEO plugin v27.2 - https:\/\/yoast.com\/product\/yoast-seo-wordpress\/ -->\n<title>Panu di t\u00e9ra, mat\u00e9ria-prima de estilista cabo-verdiana, em Portugal - Portal Tela Portugal<\/title>\n<meta name=\"robots\" content=\"index, follow, max-snippet:-1, max-image-preview:large, max-video-preview:-1\" \/>\n<meta property=\"og:locale\" content=\"pt_PT\" \/>\n<meta property=\"og:type\" content=\"article\" \/>\n<meta property=\"og:title\" content=\"Panu di t\u00e9ra, mat\u00e9ria-prima de estilista cabo-verdiana, em Portugal - Portal Tela Portugal\" \/>\n<meta property=\"og:description\" content=\"O tecido tradicional cabo-verdiano panu di t\u00e9ra \u00e9 a mat\u00e9ria-prima da estilista V\u00e2nia Barros, que em Portugal promove a cultura do seu pa\u00eds atrav\u00e9s de pe\u00e7as com proje\u00e7\u00e3o internacional. V\u00e2nia Barros, de 28 anos, criou a marca VAA Barros em 2020, ap\u00f3s participar no concurso Bloom, do Portugal Fashion, com a cole\u00e7\u00e3o intitulada Txabeta, que resulta de um mergulho na cultura de Cabo Verde. A cole\u00e7\u00e3o Txabeta homenageia figuras de Cabo Verde que ganharam proje\u00e7\u00e3o internacional, como Am\u00edlcar Cabral, Ces\u00e1ria \u00c9vora e Ildo Lobo, e ganhou visibilidade em 2022 quando Dino d&#039;Santiago vestiu um casaco em panu di t\u00e9ra na gala dos Globos de Ouro. O fabrico das pe\u00e7as \u00e9 exclusivo e exige v\u00e1rias pe\u00e7as do tecido, o que encarece o produto final; o \u00fanico artes\u00e3o em Portugal a produzir panu di t\u00e9ra \u00e9 Henrique Ribeiro, e a pe\u00e7a pode demorar dias a ficar pronta. Al\u00e9m de estilista, V\u00e2nia Barros \u00e9 professora universit\u00e1ria e designer da pr\u00f3pria marca, mantendo o foco no panu di t\u00e9ra apesar das dificuldades de aquisi\u00e7\u00e3o e produ\u00e7\u00e3o.\" \/>\n<meta property=\"og:url\" content=\"https:\/\/portaltela.pt\/noticias\/2026\/03\/14\/panu-di-tera-materia-prima-de-estilista-cabo-verdiana-em-portugal\/\" \/>\n<meta property=\"og:site_name\" content=\"Portal Tela Portugal\" \/>\n<meta property=\"article:published_time\" content=\"2026-03-14T09:34:28+00:00\" \/>\n<meta name=\"author\" content=\"Telinha\" \/>\n<meta name=\"twitter:card\" content=\"summary_large_image\" \/>\n<meta name=\"twitter:label1\" content=\"Escrito por\" \/>\n\t<meta name=\"twitter:data1\" content=\"Telinha\" \/>\n\t<meta name=\"twitter:label2\" content=\"Tempo estimado de leitura\" \/>\n\t<meta name=\"twitter:data2\" content=\"2 minutos\" \/>\n<script type=\"application\/ld+json\" class=\"yoast-schema-graph\">{\"@context\":\"https:\/\/schema.org\",\"@graph\":[{\"@type\":\"Article\",\"@id\":\"https:\/\/portaltela.pt\/noticias\/2026\/03\/14\/panu-di-tera-materia-prima-de-estilista-cabo-verdiana-em-portugal\/#article\",\"isPartOf\":{\"@id\":\"https:\/\/portaltela.pt\/noticias\/2026\/03\/14\/panu-di-tera-materia-prima-de-estilista-cabo-verdiana-em-portugal\/\"},\"author\":{\"name\":\"Telinha\",\"@id\":\"https:\/\/portaltela.pt\/#\/schema\/person\/c4278d4a6028830caff9ee44b42d32ed\"},\"headline\":\"Panu di t\u00e9ra, mat\u00e9ria-prima de estilista cabo-verdiana, em Portugal\",\"datePublished\":\"2026-03-14T09:34:28+00:00\",\"mainEntityOfPage\":{\"@id\":\"https:\/\/portaltela.pt\/noticias\/2026\/03\/14\/panu-di-tera-materia-prima-de-estilista-cabo-verdiana-em-portugal\/\"},\"wordCount\":355,\"image\":{\"@id\":\"https:\/\/portaltela.pt\/noticias\/2026\/03\/14\/panu-di-tera-materia-prima-de-estilista-cabo-verdiana-em-portugal\/#primaryimage\"},\"thumbnailUrl\":\"https:\/\/portaltela.pt\/s.01k8rhncp4jt1\/2026\/03\/img_1280x721uu2026-03-14-09-33-44-2272262.jpg\",\"keywords\":[\"Cabo Verde\",\"design\",\"moda\",\"Portugal\",\"t\u00eaxtil-vestu\u00e1rio\",\"vestu\u00e1rio\"],\"articleSection\":[\"Not\u00edcias\"],\"inLanguage\":\"pt-PT\"},{\"@type\":\"WebPage\",\"@id\":\"https:\/\/portaltela.pt\/noticias\/2026\/03\/14\/panu-di-tera-materia-prima-de-estilista-cabo-verdiana-em-portugal\/\",\"url\":\"https:\/\/portaltela.pt\/noticias\/2026\/03\/14\/panu-di-tera-materia-prima-de-estilista-cabo-verdiana-em-portugal\/\",\"name\":\"Panu di t\u00e9ra, mat\u00e9ria-prima de estilista cabo-verdiana, em Portugal - Portal Tela Portugal\",\"isPartOf\":{\"@id\":\"https:\/\/portaltela.pt\/#website\"},\"primaryImageOfPage\":{\"@id\":\"https:\/\/portaltela.pt\/noticias\/2026\/03\/14\/panu-di-tera-materia-prima-de-estilista-cabo-verdiana-em-portugal\/#primaryimage\"},\"image\":{\"@id\":\"https:\/\/portaltela.pt\/noticias\/2026\/03\/14\/panu-di-tera-materia-prima-de-estilista-cabo-verdiana-em-portugal\/#primaryimage\"},\"thumbnailUrl\":\"https:\/\/portaltela.pt\/s.01k8rhncp4jt1\/2026\/03\/img_1280x721uu2026-03-14-09-33-44-2272262.jpg\",\"datePublished\":\"2026-03-14T09:34:28+00:00\",\"author\":{\"@id\":\"https:\/\/portaltela.pt\/#\/schema\/person\/c4278d4a6028830caff9ee44b42d32ed\"},\"breadcrumb\":{\"@id\":\"https:\/\/portaltela.pt\/noticias\/2026\/03\/14\/panu-di-tera-materia-prima-de-estilista-cabo-verdiana-em-portugal\/#breadcrumb\"},\"inLanguage\":\"pt-PT\",\"potentialAction\":[{\"@type\":\"ReadAction\",\"target\":[\"https:\/\/portaltela.pt\/noticias\/2026\/03\/14\/panu-di-tera-materia-prima-de-estilista-cabo-verdiana-em-portugal\/\"]}]},{\"@type\":\"ImageObject\",\"inLanguage\":\"pt-PT\",\"@id\":\"https:\/\/portaltela.pt\/noticias\/2026\/03\/14\/panu-di-tera-materia-prima-de-estilista-cabo-verdiana-em-portugal\/#primaryimage\",\"url\":\"https:\/\/portaltela.pt\/s.01k8rhncp4jt1\/2026\/03\/img_1280x721uu2026-03-14-09-33-44-2272262.jpg\",\"contentUrl\":\"https:\/\/portaltela.pt\/s.01k8rhncp4jt1\/2026\/03\/img_1280x721uu2026-03-14-09-33-44-2272262.jpg\",\"width\":796,\"height\":448,\"caption\":\"O \u2018panu di t\u00e9ra\u2019 \u00e9 a mat\u00e9ria-prima da estilista cabo-verdiana V\u00e2nia Barros\"},{\"@type\":\"BreadcrumbList\",\"@id\":\"https:\/\/portaltela.pt\/noticias\/2026\/03\/14\/panu-di-tera-materia-prima-de-estilista-cabo-verdiana-em-portugal\/#breadcrumb\",\"itemListElement\":[{\"@type\":\"ListItem\",\"position\":1,\"name\":\"In\u00edcio\",\"item\":\"https:\/\/portaltela.pt\/\"},{\"@type\":\"ListItem\",\"position\":2,\"name\":\"Panu di t\u00e9ra, mat\u00e9ria-prima de estilista cabo-verdiana, em Portugal\"}]},{\"@type\":\"WebSite\",\"@id\":\"https:\/\/portaltela.pt\/#website\",\"url\":\"https:\/\/portaltela.pt\/\",\"name\":\"Portal Tela Portugal\",\"description\":\"\",\"potentialAction\":[{\"@type\":\"SearchAction\",\"target\":{\"@type\":\"EntryPoint\",\"urlTemplate\":\"https:\/\/portaltela.pt\/?s={search_term_string}\"},\"query-input\":{\"@type\":\"PropertyValueSpecification\",\"valueRequired\":true,\"valueName\":\"search_term_string\"}}],\"inLanguage\":\"pt-PT\"},{\"@type\":\"Person\",\"@id\":\"https:\/\/portaltela.pt\/#\/schema\/person\/c4278d4a6028830caff9ee44b42d32ed\",\"name\":\"Telinha\",\"image\":{\"@type\":\"ImageObject\",\"inLanguage\":\"pt-PT\",\"@id\":\"https:\/\/portaltela.pt\/s.01k8rhncp4jt1\/2025\/11\/talking-bot-125x125.png\",\"url\":\"https:\/\/portaltela.pt\/s.01k8rhncp4jt1\/2025\/11\/talking-bot-125x125.png\",\"contentUrl\":\"https:\/\/portaltela.pt\/s.01k8rhncp4jt1\/2025\/11\/talking-bot-125x125.png\",\"caption\":\"Telinha\"},\"sameAs\":[\"https:\/\/portaltela.pt\/\"],\"url\":\"https:\/\/portaltela.pt\/por\/367410592786\/\"}]}<\/script>\n<!-- \/ Yoast SEO plugin. -->","yoast_head_json":{"title":"Panu di t\u00e9ra, mat\u00e9ria-prima de estilista cabo-verdiana, em Portugal - Portal Tela Portugal","robots":{"index":"index","follow":"follow","max-snippet":"max-snippet:-1","max-image-preview":"max-image-preview:large","max-video-preview":"max-video-preview:-1"},"og_locale":"pt_PT","og_type":"article","og_title":"Panu di t\u00e9ra, mat\u00e9ria-prima de estilista cabo-verdiana, em Portugal - Portal Tela Portugal","og_description":"O tecido tradicional cabo-verdiano panu di t\u00e9ra \u00e9 a mat\u00e9ria-prima da estilista V\u00e2nia Barros, que em Portugal promove a cultura do seu pa\u00eds atrav\u00e9s de pe\u00e7as com proje\u00e7\u00e3o internacional. V\u00e2nia Barros, de 28 anos, criou a marca VAA Barros em 2020, ap\u00f3s participar no concurso Bloom, do Portugal Fashion, com a cole\u00e7\u00e3o intitulada Txabeta, que resulta de um mergulho na cultura de Cabo Verde. A cole\u00e7\u00e3o Txabeta homenageia figuras de Cabo Verde que ganharam proje\u00e7\u00e3o internacional, como Am\u00edlcar Cabral, Ces\u00e1ria \u00c9vora e Ildo Lobo, e ganhou visibilidade em 2022 quando Dino d'Santiago vestiu um casaco em panu di t\u00e9ra na gala dos Globos de Ouro. O fabrico das pe\u00e7as \u00e9 exclusivo e exige v\u00e1rias pe\u00e7as do tecido, o que encarece o produto final; o \u00fanico artes\u00e3o em Portugal a produzir panu di t\u00e9ra \u00e9 Henrique Ribeiro, e a pe\u00e7a pode demorar dias a ficar pronta. Al\u00e9m de estilista, V\u00e2nia Barros \u00e9 professora universit\u00e1ria e designer da pr\u00f3pria marca, mantendo o foco no panu di t\u00e9ra apesar das dificuldades de aquisi\u00e7\u00e3o e produ\u00e7\u00e3o.","og_url":"https:\/\/portaltela.pt\/noticias\/2026\/03\/14\/panu-di-tera-materia-prima-de-estilista-cabo-verdiana-em-portugal\/","og_site_name":"Portal Tela Portugal","article_published_time":"2026-03-14T09:34:28+00:00","author":"Telinha","twitter_card":"summary_large_image","twitter_misc":{"Escrito por":"Telinha","Tempo estimado de leitura":"2 minutos"},"schema":{"@context":"https:\/\/schema.org","@graph":[{"@type":"Article","@id":"https:\/\/portaltela.pt\/noticias\/2026\/03\/14\/panu-di-tera-materia-prima-de-estilista-cabo-verdiana-em-portugal\/#article","isPartOf":{"@id":"https:\/\/portaltela.pt\/noticias\/2026\/03\/14\/panu-di-tera-materia-prima-de-estilista-cabo-verdiana-em-portugal\/"},"author":{"name":"Telinha","@id":"https:\/\/portaltela.pt\/#\/schema\/person\/c4278d4a6028830caff9ee44b42d32ed"},"headline":"Panu di t\u00e9ra, mat\u00e9ria-prima de estilista cabo-verdiana, em Portugal","datePublished":"2026-03-14T09:34:28+00:00","mainEntityOfPage":{"@id":"https:\/\/portaltela.pt\/noticias\/2026\/03\/14\/panu-di-tera-materia-prima-de-estilista-cabo-verdiana-em-portugal\/"},"wordCount":355,"image":{"@id":"https:\/\/portaltela.pt\/noticias\/2026\/03\/14\/panu-di-tera-materia-prima-de-estilista-cabo-verdiana-em-portugal\/#primaryimage"},"thumbnailUrl":"https:\/\/portaltela.pt\/s.01k8rhncp4jt1\/2026\/03\/img_1280x721uu2026-03-14-09-33-44-2272262.jpg","keywords":["Cabo Verde","design","moda","Portugal","t\u00eaxtil-vestu\u00e1rio","vestu\u00e1rio"],"articleSection":["Not\u00edcias"],"inLanguage":"pt-PT"},{"@type":"WebPage","@id":"https:\/\/portaltela.pt\/noticias\/2026\/03\/14\/panu-di-tera-materia-prima-de-estilista-cabo-verdiana-em-portugal\/","url":"https:\/\/portaltela.pt\/noticias\/2026\/03\/14\/panu-di-tera-materia-prima-de-estilista-cabo-verdiana-em-portugal\/","name":"Panu di t\u00e9ra, mat\u00e9ria-prima de estilista cabo-verdiana, em Portugal - Portal Tela Portugal","isPartOf":{"@id":"https:\/\/portaltela.pt\/#website"},"primaryImageOfPage":{"@id":"https:\/\/portaltela.pt\/noticias\/2026\/03\/14\/panu-di-tera-materia-prima-de-estilista-cabo-verdiana-em-portugal\/#primaryimage"},"image":{"@id":"https:\/\/portaltela.pt\/noticias\/2026\/03\/14\/panu-di-tera-materia-prima-de-estilista-cabo-verdiana-em-portugal\/#primaryimage"},"thumbnailUrl":"https:\/\/portaltela.pt\/s.01k8rhncp4jt1\/2026\/03\/img_1280x721uu2026-03-14-09-33-44-2272262.jpg","datePublished":"2026-03-14T09:34:28+00:00","author":{"@id":"https:\/\/portaltela.pt\/#\/schema\/person\/c4278d4a6028830caff9ee44b42d32ed"},"breadcrumb":{"@id":"https:\/\/portaltela.pt\/noticias\/2026\/03\/14\/panu-di-tera-materia-prima-de-estilista-cabo-verdiana-em-portugal\/#breadcrumb"},"inLanguage":"pt-PT","potentialAction":[{"@type":"ReadAction","target":["https:\/\/portaltela.pt\/noticias\/2026\/03\/14\/panu-di-tera-materia-prima-de-estilista-cabo-verdiana-em-portugal\/"]}]},{"@type":"ImageObject","inLanguage":"pt-PT","@id":"https:\/\/portaltela.pt\/noticias\/2026\/03\/14\/panu-di-tera-materia-prima-de-estilista-cabo-verdiana-em-portugal\/#primaryimage","url":"https:\/\/portaltela.pt\/s.01k8rhncp4jt1\/2026\/03\/img_1280x721uu2026-03-14-09-33-44-2272262.jpg","contentUrl":"https:\/\/portaltela.pt\/s.01k8rhncp4jt1\/2026\/03\/img_1280x721uu2026-03-14-09-33-44-2272262.jpg","width":796,"height":448,"caption":"O \u2018panu di t\u00e9ra\u2019 \u00e9 a mat\u00e9ria-prima da estilista cabo-verdiana V\u00e2nia Barros"},{"@type":"BreadcrumbList","@id":"https:\/\/portaltela.pt\/noticias\/2026\/03\/14\/panu-di-tera-materia-prima-de-estilista-cabo-verdiana-em-portugal\/#breadcrumb","itemListElement":[{"@type":"ListItem","position":1,"name":"In\u00edcio","item":"https:\/\/portaltela.pt\/"},{"@type":"ListItem","position":2,"name":"Panu di t\u00e9ra, mat\u00e9ria-prima de estilista cabo-verdiana, em Portugal"}]},{"@type":"WebSite","@id":"https:\/\/portaltela.pt\/#website","url":"https:\/\/portaltela.pt\/","name":"Portal Tela Portugal","description":"","potentialAction":[{"@type":"SearchAction","target":{"@type":"EntryPoint","urlTemplate":"https:\/\/portaltela.pt\/?s={search_term_string}"},"query-input":{"@type":"PropertyValueSpecification","valueRequired":true,"valueName":"search_term_string"}}],"inLanguage":"pt-PT"},{"@type":"Person","@id":"https:\/\/portaltela.pt\/#\/schema\/person\/c4278d4a6028830caff9ee44b42d32ed","name":"Telinha","image":{"@type":"ImageObject","inLanguage":"pt-PT","@id":"https:\/\/portaltela.pt\/s.01k8rhncp4jt1\/2025\/11\/talking-bot-125x125.png","url":"https:\/\/portaltela.pt\/s.01k8rhncp4jt1\/2025\/11\/talking-bot-125x125.png","contentUrl":"https:\/\/portaltela.pt\/s.01k8rhncp4jt1\/2025\/11\/talking-bot-125x125.png","caption":"Telinha"},"sameAs":["https:\/\/portaltela.pt\/"],"url":"https:\/\/portaltela.pt\/por\/367410592786\/"}]}},"_links":{"self":[{"href":"https:\/\/portaltela.pt\/api\/wp\/v2\/posts\/409787","targetHints":{"allow":["GET"]}}],"collection":[{"href":"https:\/\/portaltela.pt\/api\/wp\/v2\/posts"}],"about":[{"href":"https:\/\/portaltela.pt\/api\/wp\/v2\/types\/post"}],"author":[{"embeddable":true,"href":"https:\/\/portaltela.pt\/api\/wp\/v2\/users\/2"}],"replies":[{"embeddable":true,"href":"https:\/\/portaltela.pt\/api\/wp\/v2\/comments?post=409787"}],"version-history":[{"count":0,"href":"https:\/\/portaltela.pt\/api\/wp\/v2\/posts\/409787\/revisions"}],"wp:featuredmedia":[{"embeddable":true,"href":"https:\/\/portaltela.pt\/api\/wp\/v2\/media\/409792"}],"wp:attachment":[{"href":"https:\/\/portaltela.pt\/api\/wp\/v2\/media?parent=409787"}],"wp:term":[{"taxonomy":"category","embeddable":true,"href":"https:\/\/portaltela.pt\/api\/wp\/v2\/categories?post=409787"},{"taxonomy":"post_tag","embeddable":true,"href":"https:\/\/portaltela.pt\/api\/wp\/v2\/tags?post=409787"}],"curies":[{"name":"wp","href":"https:\/\/api.w.org\/{rel}","templated":true}]}}