{"id":409757,"date":"2026-03-14T05:58:00","date_gmt":"2026-03-14T08:58:00","guid":{"rendered":"https:\/\/portaltela.pt\/noticias\/2026\/03\/14\/bombeiros-sapadores-de-coimbra-comemoram-245-anos\/"},"modified":"2026-03-14T05:58:00","modified_gmt":"2026-03-14T08:58:00","slug":"bombeiros-sapadores-de-coimbra-comemoram-245-anos","status":"publish","type":"post","link":"https:\/\/portaltela.pt\/noticias\/2026\/03\/14\/bombeiros-sapadores-de-coimbra-comemoram-245-anos\/","title":{"rendered":"Bombeiros Sapadores de Coimbra comemoram 245 anos"},"content":{"rendered":"<p>Na manh\u00e3 desta segunda-feira, a cerim\u00f3nia dos 245 anos dos Bombeiros Sapadores de Coimbra realizou-se na sede da corpora\u00e7\u00e3o, em Coimbra. Estiveram presentes o ministro da Administra\u00e7\u00e3o Interna, Lu\u00eds Neves, e a autarca Ana Abrunhosa. O evento celebrou a hist\u00f3ria da institui\u00e7\u00e3o e o servi\u00e7o prestado \u00e0 comunidade.<\/p>\n<p>Durante a cerim\u00f3nia, o ministro enfatizou a import\u00e2ncia dos bombeiros para a sociedade e o compromisso do Governo com a valoriza\u00e7\u00e3o da prote\u00e7\u00e3o civil. A autarca de Coimbra agradeceu o trabalho realizado pelos bombeiros e reiterou o apoio do munic\u00edpio \u00e0 corpora\u00e7\u00e3o. Diversas autoridades locais marcaram presen\u00e7a, bem como representantes de entidades parceiras.<\/p>\n<h3>Presen\u00e7as e reconhecimentos<\/h3>\n<p>A corpora\u00e7\u00e3o, que j\u00e1 conta com cerca de 100 elementos, atua em \u00e1reas como combate a inc\u00eandios, resgate e salvamento, prote\u00e7\u00e3o civil e apoio comunit\u00e1rio. Durante o ato foram entregues pr\u00e9mios de reconhecimento aos bombeiros que se destacaram pelo seu desempenho.<\/p>\n<p>A cerim\u00f3nia terminou com uma homenagem aos bombeiros falecidos ao longo da hist\u00f3ria da institui\u00e7\u00e3o, seguida de um almo\u00e7o de confraterniza\u00e7\u00e3o entre os presentes.<\/p>\n<h3>Hist\u00f3ria e miss\u00e3o<\/h3>\n<p>Os Bombeiros Sapadores de Coimbra foram fundados em 1778 e, ao longo dos anos, t\u00eam desempenhado um papel central na prote\u00e7\u00e3o da popula\u00e7\u00e3o da cidade e da regi\u00e3o. A corpora\u00e7\u00e3o mant\u00e9m o compromisso de servir, com foco na coragem, dedica\u00e7\u00e3o e solidariedade.<\/p>\n","protected":false},"excerpt":{"rendered":"<ul>\n<li>A cerim\u00f3nia dos 245 anos dos Bombeiros Sapadores de Coimbra decorreu na manh\u00e3 de segunda-feira, na sede da corpora\u00e7\u00e3o, em Coimbra.<\/li>\n<li>O ministro da Administra\u00e7\u00e3o Interna, Lu\u00eds Neves, destacou a import\u00e2ncia dos bombeiros e o compromisso do Governo com a valoriza\u00e7\u00e3o e o apoio \u00e0s for\u00e7as de prote\u00e7\u00e3o civil.<\/li>\n<li>A autarca de Coimbra, Ana Abrunhosa, agradeceu o trabalho dos bombeiros e refor\u00e7ou o apoio do munic\u00edpio.<\/li>\n<li>A corpora\u00e7\u00e3o, fundada em 1778, conta com cerca de 100 elementos e atua em combate a inc\u00eandios, resgate, prote\u00e7\u00e3o civil e apoio \u00e0 comunidade.<\/li>\n<li>Foram entregues pr\u00e9mios de reconhecimento, houve uma homenagem aos bombeiros falecidos e seguiu-se um almo\u00e7o de confraterniza\u00e7\u00e3o.<\/li>\n<\/ul>\n","protected":false},"author":2,"featured_media":409763,"comment_status":"closed","ping_status":"closed","sticky":false,"template":"","format":"standard","meta":{"footnotes":""},"categories":[1],"tags":[5798,3741,1070,3731,299,320],"class_list":["post-409757","post","type-post","status-publish","format-standard","has-post-thumbnail","hentry","category-noticias","tag-administracao-interna","tag-bombeiros-sapadores","tag-coimbra","tag-eventos","tag-historia","tag-protecao-civil"],"yoast_head":"<!-- This site is optimized with the Yoast SEO plugin v27.2 - https:\/\/yoast.com\/product\/yoast-seo-wordpress\/ -->\n<title>Bombeiros Sapadores de Coimbra comemoram 245 anos - Portal Tela Portugal<\/title>\n<meta name=\"robots\" content=\"index, follow, max-snippet:-1, max-image-preview:large, max-video-preview:-1\" \/>\n<meta property=\"og:locale\" content=\"pt_PT\" \/>\n<meta property=\"og:type\" content=\"article\" \/>\n<meta property=\"og:title\" content=\"Bombeiros Sapadores de Coimbra comemoram 245 anos - Portal Tela Portugal\" \/>\n<meta property=\"og:description\" content=\"A cerim\u00f3nia dos 245 anos dos Bombeiros Sapadores de Coimbra decorreu na manh\u00e3 de segunda-feira, na sede da corpora\u00e7\u00e3o, em Coimbra. O ministro da Administra\u00e7\u00e3o Interna, Lu\u00eds Neves, destacou a import\u00e2ncia dos bombeiros e o compromisso do Governo com a valoriza\u00e7\u00e3o e o apoio \u00e0s for\u00e7as de prote\u00e7\u00e3o civil. A autarca de Coimbra, Ana Abrunhosa, agradeceu o trabalho dos bombeiros e refor\u00e7ou o apoio do munic\u00edpio. A corpora\u00e7\u00e3o, fundada em 1778, conta com cerca de 100 elementos e atua em combate a inc\u00eandios, resgate, prote\u00e7\u00e3o civil e apoio \u00e0 comunidade. Foram entregues pr\u00e9mios de reconhecimento, houve uma homenagem aos bombeiros falecidos e seguiu-se um almo\u00e7o de confraterniza\u00e7\u00e3o.\" \/>\n<meta property=\"og:url\" content=\"https:\/\/portaltela.pt\/noticias\/2026\/03\/14\/bombeiros-sapadores-de-coimbra-comemoram-245-anos\/\" \/>\n<meta property=\"og:site_name\" content=\"Portal Tela Portugal\" \/>\n<meta property=\"article:published_time\" content=\"2026-03-14T08:58:00+00:00\" \/>\n<meta name=\"author\" content=\"Telinha\" \/>\n<meta name=\"twitter:card\" content=\"summary_large_image\" \/>\n<meta name=\"twitter:label1\" content=\"Escrito por\" \/>\n\t<meta name=\"twitter:data1\" content=\"Telinha\" \/>\n\t<meta name=\"twitter:label2\" content=\"Tempo estimado de leitura\" \/>\n\t<meta name=\"twitter:data2\" content=\"1 minuto\" \/>\n<script type=\"application\/ld+json\" class=\"yoast-schema-graph\">{\"@context\":\"https:\/\/schema.org\",\"@graph\":[{\"@type\":\"Article\",\"@id\":\"https:\/\/portaltela.pt\/noticias\/2026\/03\/14\/bombeiros-sapadores-de-coimbra-comemoram-245-anos\/#article\",\"isPartOf\":{\"@id\":\"https:\/\/portaltela.pt\/noticias\/2026\/03\/14\/bombeiros-sapadores-de-coimbra-comemoram-245-anos\/\"},\"author\":{\"name\":\"Telinha\",\"@id\":\"https:\/\/portaltela.pt\/#\/schema\/person\/c4278d4a6028830caff9ee44b42d32ed\"},\"headline\":\"Bombeiros Sapadores de Coimbra comemoram 245 anos\",\"datePublished\":\"2026-03-14T08:58:00+00:00\",\"mainEntityOfPage\":{\"@id\":\"https:\/\/portaltela.pt\/noticias\/2026\/03\/14\/bombeiros-sapadores-de-coimbra-comemoram-245-anos\/\"},\"wordCount\":249,\"image\":{\"@id\":\"https:\/\/portaltela.pt\/noticias\/2026\/03\/14\/bombeiros-sapadores-de-coimbra-comemoram-245-anos\/#primaryimage\"},\"thumbnailUrl\":\"https:\/\/portaltela.pt\/s.01k8rhncp4jt1\/2026\/03\/img_1280x722uu2026-03-14-08-57-48-2272260.jpg\",\"keywords\":[\"Administra\u00e7\u00e3o Interna\",\"Bombeiros Sapadores\",\"Coimbra\",\"eventos\",\"hist\u00f3ria\",\"prote\u00e7\u00e3o civil\"],\"articleSection\":[\"Not\u00edcias\"],\"inLanguage\":\"pt-PT\"},{\"@type\":\"WebPage\",\"@id\":\"https:\/\/portaltela.pt\/noticias\/2026\/03\/14\/bombeiros-sapadores-de-coimbra-comemoram-245-anos\/\",\"url\":\"https:\/\/portaltela.pt\/noticias\/2026\/03\/14\/bombeiros-sapadores-de-coimbra-comemoram-245-anos\/\",\"name\":\"Bombeiros Sapadores de Coimbra comemoram 245 anos - Portal Tela Portugal\",\"isPartOf\":{\"@id\":\"https:\/\/portaltela.pt\/#website\"},\"primaryImageOfPage\":{\"@id\":\"https:\/\/portaltela.pt\/noticias\/2026\/03\/14\/bombeiros-sapadores-de-coimbra-comemoram-245-anos\/#primaryimage\"},\"image\":{\"@id\":\"https:\/\/portaltela.pt\/noticias\/2026\/03\/14\/bombeiros-sapadores-de-coimbra-comemoram-245-anos\/#primaryimage\"},\"thumbnailUrl\":\"https:\/\/portaltela.pt\/s.01k8rhncp4jt1\/2026\/03\/img_1280x722uu2026-03-14-08-57-48-2272260.jpg\",\"datePublished\":\"2026-03-14T08:58:00+00:00\",\"author\":{\"@id\":\"https:\/\/portaltela.pt\/#\/schema\/person\/c4278d4a6028830caff9ee44b42d32ed\"},\"breadcrumb\":{\"@id\":\"https:\/\/portaltela.pt\/noticias\/2026\/03\/14\/bombeiros-sapadores-de-coimbra-comemoram-245-anos\/#breadcrumb\"},\"inLanguage\":\"pt-PT\",\"potentialAction\":[{\"@type\":\"ReadAction\",\"target\":[\"https:\/\/portaltela.pt\/noticias\/2026\/03\/14\/bombeiros-sapadores-de-coimbra-comemoram-245-anos\/\"]}]},{\"@type\":\"ImageObject\",\"inLanguage\":\"pt-PT\",\"@id\":\"https:\/\/portaltela.pt\/noticias\/2026\/03\/14\/bombeiros-sapadores-de-coimbra-comemoram-245-anos\/#primaryimage\",\"url\":\"https:\/\/portaltela.pt\/s.01k8rhncp4jt1\/2026\/03\/img_1280x722uu2026-03-14-08-57-48-2272260.jpg\",\"contentUrl\":\"https:\/\/portaltela.pt\/s.01k8rhncp4jt1\/2026\/03\/img_1280x722uu2026-03-14-08-57-48-2272260.jpg\",\"width\":796,\"height\":448,\"caption\":\"245 anos dos Bombeiros Sapadores de Coimbra\"},{\"@type\":\"BreadcrumbList\",\"@id\":\"https:\/\/portaltela.pt\/noticias\/2026\/03\/14\/bombeiros-sapadores-de-coimbra-comemoram-245-anos\/#breadcrumb\",\"itemListElement\":[{\"@type\":\"ListItem\",\"position\":1,\"name\":\"In\u00edcio\",\"item\":\"https:\/\/portaltela.pt\/\"},{\"@type\":\"ListItem\",\"position\":2,\"name\":\"Bombeiros Sapadores de Coimbra comemoram 245 anos\"}]},{\"@type\":\"WebSite\",\"@id\":\"https:\/\/portaltela.pt\/#website\",\"url\":\"https:\/\/portaltela.pt\/\",\"name\":\"Portal Tela Portugal\",\"description\":\"\",\"potentialAction\":[{\"@type\":\"SearchAction\",\"target\":{\"@type\":\"EntryPoint\",\"urlTemplate\":\"https:\/\/portaltela.pt\/?s={search_term_string}\"},\"query-input\":{\"@type\":\"PropertyValueSpecification\",\"valueRequired\":true,\"valueName\":\"search_term_string\"}}],\"inLanguage\":\"pt-PT\"},{\"@type\":\"Person\",\"@id\":\"https:\/\/portaltela.pt\/#\/schema\/person\/c4278d4a6028830caff9ee44b42d32ed\",\"name\":\"Telinha\",\"image\":{\"@type\":\"ImageObject\",\"inLanguage\":\"pt-PT\",\"@id\":\"https:\/\/portaltela.pt\/s.01k8rhncp4jt1\/2025\/11\/talking-bot-125x125.png\",\"url\":\"https:\/\/portaltela.pt\/s.01k8rhncp4jt1\/2025\/11\/talking-bot-125x125.png\",\"contentUrl\":\"https:\/\/portaltela.pt\/s.01k8rhncp4jt1\/2025\/11\/talking-bot-125x125.png\",\"caption\":\"Telinha\"},\"sameAs\":[\"https:\/\/portaltela.pt\/\"],\"url\":\"https:\/\/portaltela.pt\/por\/367410592786\/\"}]}<\/script>\n<!-- \/ Yoast SEO plugin. -->","yoast_head_json":{"title":"Bombeiros Sapadores de Coimbra comemoram 245 anos - Portal Tela Portugal","robots":{"index":"index","follow":"follow","max-snippet":"max-snippet:-1","max-image-preview":"max-image-preview:large","max-video-preview":"max-video-preview:-1"},"og_locale":"pt_PT","og_type":"article","og_title":"Bombeiros Sapadores de Coimbra comemoram 245 anos - Portal Tela Portugal","og_description":"A cerim\u00f3nia dos 245 anos dos Bombeiros Sapadores de Coimbra decorreu na manh\u00e3 de segunda-feira, na sede da corpora\u00e7\u00e3o, em Coimbra. O ministro da Administra\u00e7\u00e3o Interna, Lu\u00eds Neves, destacou a import\u00e2ncia dos bombeiros e o compromisso do Governo com a valoriza\u00e7\u00e3o e o apoio \u00e0s for\u00e7as de prote\u00e7\u00e3o civil. A autarca de Coimbra, Ana Abrunhosa, agradeceu o trabalho dos bombeiros e refor\u00e7ou o apoio do munic\u00edpio. A corpora\u00e7\u00e3o, fundada em 1778, conta com cerca de 100 elementos e atua em combate a inc\u00eandios, resgate, prote\u00e7\u00e3o civil e apoio \u00e0 comunidade. Foram entregues pr\u00e9mios de reconhecimento, houve uma homenagem aos bombeiros falecidos e seguiu-se um almo\u00e7o de confraterniza\u00e7\u00e3o.","og_url":"https:\/\/portaltela.pt\/noticias\/2026\/03\/14\/bombeiros-sapadores-de-coimbra-comemoram-245-anos\/","og_site_name":"Portal Tela Portugal","article_published_time":"2026-03-14T08:58:00+00:00","author":"Telinha","twitter_card":"summary_large_image","twitter_misc":{"Escrito por":"Telinha","Tempo estimado de leitura":"1 minuto"},"schema":{"@context":"https:\/\/schema.org","@graph":[{"@type":"Article","@id":"https:\/\/portaltela.pt\/noticias\/2026\/03\/14\/bombeiros-sapadores-de-coimbra-comemoram-245-anos\/#article","isPartOf":{"@id":"https:\/\/portaltela.pt\/noticias\/2026\/03\/14\/bombeiros-sapadores-de-coimbra-comemoram-245-anos\/"},"author":{"name":"Telinha","@id":"https:\/\/portaltela.pt\/#\/schema\/person\/c4278d4a6028830caff9ee44b42d32ed"},"headline":"Bombeiros Sapadores de Coimbra comemoram 245 anos","datePublished":"2026-03-14T08:58:00+00:00","mainEntityOfPage":{"@id":"https:\/\/portaltela.pt\/noticias\/2026\/03\/14\/bombeiros-sapadores-de-coimbra-comemoram-245-anos\/"},"wordCount":249,"image":{"@id":"https:\/\/portaltela.pt\/noticias\/2026\/03\/14\/bombeiros-sapadores-de-coimbra-comemoram-245-anos\/#primaryimage"},"thumbnailUrl":"https:\/\/portaltela.pt\/s.01k8rhncp4jt1\/2026\/03\/img_1280x722uu2026-03-14-08-57-48-2272260.jpg","keywords":["Administra\u00e7\u00e3o Interna","Bombeiros Sapadores","Coimbra","eventos","hist\u00f3ria","prote\u00e7\u00e3o civil"],"articleSection":["Not\u00edcias"],"inLanguage":"pt-PT"},{"@type":"WebPage","@id":"https:\/\/portaltela.pt\/noticias\/2026\/03\/14\/bombeiros-sapadores-de-coimbra-comemoram-245-anos\/","url":"https:\/\/portaltela.pt\/noticias\/2026\/03\/14\/bombeiros-sapadores-de-coimbra-comemoram-245-anos\/","name":"Bombeiros Sapadores de Coimbra comemoram 245 anos - Portal Tela Portugal","isPartOf":{"@id":"https:\/\/portaltela.pt\/#website"},"primaryImageOfPage":{"@id":"https:\/\/portaltela.pt\/noticias\/2026\/03\/14\/bombeiros-sapadores-de-coimbra-comemoram-245-anos\/#primaryimage"},"image":{"@id":"https:\/\/portaltela.pt\/noticias\/2026\/03\/14\/bombeiros-sapadores-de-coimbra-comemoram-245-anos\/#primaryimage"},"thumbnailUrl":"https:\/\/portaltela.pt\/s.01k8rhncp4jt1\/2026\/03\/img_1280x722uu2026-03-14-08-57-48-2272260.jpg","datePublished":"2026-03-14T08:58:00+00:00","author":{"@id":"https:\/\/portaltela.pt\/#\/schema\/person\/c4278d4a6028830caff9ee44b42d32ed"},"breadcrumb":{"@id":"https:\/\/portaltela.pt\/noticias\/2026\/03\/14\/bombeiros-sapadores-de-coimbra-comemoram-245-anos\/#breadcrumb"},"inLanguage":"pt-PT","potentialAction":[{"@type":"ReadAction","target":["https:\/\/portaltela.pt\/noticias\/2026\/03\/14\/bombeiros-sapadores-de-coimbra-comemoram-245-anos\/"]}]},{"@type":"ImageObject","inLanguage":"pt-PT","@id":"https:\/\/portaltela.pt\/noticias\/2026\/03\/14\/bombeiros-sapadores-de-coimbra-comemoram-245-anos\/#primaryimage","url":"https:\/\/portaltela.pt\/s.01k8rhncp4jt1\/2026\/03\/img_1280x722uu2026-03-14-08-57-48-2272260.jpg","contentUrl":"https:\/\/portaltela.pt\/s.01k8rhncp4jt1\/2026\/03\/img_1280x722uu2026-03-14-08-57-48-2272260.jpg","width":796,"height":448,"caption":"245 anos dos Bombeiros Sapadores de Coimbra"},{"@type":"BreadcrumbList","@id":"https:\/\/portaltela.pt\/noticias\/2026\/03\/14\/bombeiros-sapadores-de-coimbra-comemoram-245-anos\/#breadcrumb","itemListElement":[{"@type":"ListItem","position":1,"name":"In\u00edcio","item":"https:\/\/portaltela.pt\/"},{"@type":"ListItem","position":2,"name":"Bombeiros Sapadores de Coimbra comemoram 245 anos"}]},{"@type":"WebSite","@id":"https:\/\/portaltela.pt\/#website","url":"https:\/\/portaltela.pt\/","name":"Portal Tela Portugal","description":"","potentialAction":[{"@type":"SearchAction","target":{"@type":"EntryPoint","urlTemplate":"https:\/\/portaltela.pt\/?s={search_term_string}"},"query-input":{"@type":"PropertyValueSpecification","valueRequired":true,"valueName":"search_term_string"}}],"inLanguage":"pt-PT"},{"@type":"Person","@id":"https:\/\/portaltela.pt\/#\/schema\/person\/c4278d4a6028830caff9ee44b42d32ed","name":"Telinha","image":{"@type":"ImageObject","inLanguage":"pt-PT","@id":"https:\/\/portaltela.pt\/s.01k8rhncp4jt1\/2025\/11\/talking-bot-125x125.png","url":"https:\/\/portaltela.pt\/s.01k8rhncp4jt1\/2025\/11\/talking-bot-125x125.png","contentUrl":"https:\/\/portaltela.pt\/s.01k8rhncp4jt1\/2025\/11\/talking-bot-125x125.png","caption":"Telinha"},"sameAs":["https:\/\/portaltela.pt\/"],"url":"https:\/\/portaltela.pt\/por\/367410592786\/"}]}},"_links":{"self":[{"href":"https:\/\/portaltela.pt\/api\/wp\/v2\/posts\/409757","targetHints":{"allow":["GET"]}}],"collection":[{"href":"https:\/\/portaltela.pt\/api\/wp\/v2\/posts"}],"about":[{"href":"https:\/\/portaltela.pt\/api\/wp\/v2\/types\/post"}],"author":[{"embeddable":true,"href":"https:\/\/portaltela.pt\/api\/wp\/v2\/users\/2"}],"replies":[{"embeddable":true,"href":"https:\/\/portaltela.pt\/api\/wp\/v2\/comments?post=409757"}],"version-history":[{"count":0,"href":"https:\/\/portaltela.pt\/api\/wp\/v2\/posts\/409757\/revisions"}],"wp:featuredmedia":[{"embeddable":true,"href":"https:\/\/portaltela.pt\/api\/wp\/v2\/media\/409763"}],"wp:attachment":[{"href":"https:\/\/portaltela.pt\/api\/wp\/v2\/media?parent=409757"}],"wp:term":[{"taxonomy":"category","embeddable":true,"href":"https:\/\/portaltela.pt\/api\/wp\/v2\/categories?post=409757"},{"taxonomy":"post_tag","embeddable":true,"href":"https:\/\/portaltela.pt\/api\/wp\/v2\/tags?post=409757"}],"curies":[{"name":"wp","href":"https:\/\/api.w.org\/{rel}","templated":true}]}}