{"id":409716,"date":"2026-03-14T05:11:00","date_gmt":"2026-03-14T08:11:00","guid":{"rendered":"https:\/\/portaltela.pt\/noticias\/2026\/03\/14\/eleicoes-do-sporting-horarios-e-candidatos-em-foco\/"},"modified":"2026-03-14T05:11:00","modified_gmt":"2026-03-14T08:11:00","slug":"eleicoes-do-sporting-horarios-e-candidatos-em-foco","status":"publish","type":"post","link":"https:\/\/portaltela.pt\/desporto\/futebol\/2026\/03\/14\/eleicoes-do-sporting-horarios-e-candidatos-em-foco\/","title":{"rendered":"Elei\u00e7\u00f5es do Sporting: hor\u00e1rios e candidatos em foco"},"content":{"rendered":"<p>As elei\u00e7\u00f5es do Sporting Clube de Portugal decorrem hoje no Pavilh\u00e3o Jo\u00e3o Rocha. A informa\u00e7\u00e3o chegou pela voz de Bruno Fernandes, editor do Record, que anunciou os hor\u00e1rios, os candidatos e outros pormenores.<\/p>\n<p>Al\u00e9m da divulga\u00e7\u00e3o, a not\u00edcia envolve a participa\u00e7\u00e3o de associados que v\u00e3o votar e de representantes do clube presentes no local. O objetivo \u00e9 eleger a dire\u00e7\u00e3o e os \u00f3rg\u00e3os sociais, conforme o processo eleitoral vigente.<\/p>\n<p>O an\u00fancio indica que os trabalhos ocorrem ao longo do dia, com defini\u00e7\u00e3o de hor\u00e1rios e etapas do escrut\u00ednio. Ainda n\u00e3o h\u00e1 confirma\u00e7\u00e3o sobre os nomes dos candidatos promovidos pelo processo interno.<\/p>\n<p>O facto de as elei\u00e7\u00f5es se realizarem no Pavilh\u00e3o Jo\u00e3o Rocha refor\u00e7a a dimens\u00e3o institucional do acto eleitoral. A cobertura \u00e9 realizada pela imprensa desportiva, com foco na transpar\u00eancia e no desenvolvimento do clube.<\/p>\n","protected":false},"excerpt":{"rendered":"<ul>\n<li>Elei\u00e7\u00f5es do Sporting est\u00e3o agendadas para hoje no Pavilh\u00e3o Jo\u00e3o Rocha.<\/li>\n<li>A not\u00edcia promete abordar hor\u00e1rios, candidatos e outros pormenores.<\/li>\n<li>A cobertura \u00e9 feita por Bruno Fernandes, editor do Record.<\/li>\n<li>O evento ocorre no Pavilh\u00e3o Jo\u00e3o Rocha, em lisboa.<\/li>\n<li>A fonte da informa\u00e7\u00e3o \u00e9 o Record.<\/li>\n<\/ul>\n","protected":false},"author":2,"featured_media":409723,"comment_status":"closed","ping_status":"closed","sticky":false,"template":"","format":"standard","meta":{"footnotes":""},"categories":[21,24],"tags":[6498,152,2939,68,1652],"class_list":["post-409716","post","type-post","status-publish","format-standard","has-post-thumbnail","hentry","category-desporto","category-futebol","tag-associados","tag-desporto","tag-direcao","tag-eleicoes","tag-sporting"],"yoast_head":"<!-- This site is optimized with the Yoast SEO plugin v27.2 - https:\/\/yoast.com\/product\/yoast-seo-wordpress\/ -->\n<title>Elei\u00e7\u00f5es do Sporting: hor\u00e1rios e candidatos em foco - Portal Tela Portugal<\/title>\n<meta name=\"robots\" content=\"index, follow, max-snippet:-1, max-image-preview:large, max-video-preview:-1\" \/>\n<meta property=\"og:locale\" content=\"pt_PT\" \/>\n<meta property=\"og:type\" content=\"article\" \/>\n<meta property=\"og:title\" content=\"Elei\u00e7\u00f5es do Sporting: hor\u00e1rios e candidatos em foco - Portal Tela Portugal\" \/>\n<meta property=\"og:description\" content=\"Elei\u00e7\u00f5es do Sporting est\u00e3o agendadas para hoje no Pavilh\u00e3o Jo\u00e3o Rocha. A not\u00edcia promete abordar hor\u00e1rios, candidatos e outros pormenores. A cobertura \u00e9 feita por Bruno Fernandes, editor do Record. O evento ocorre no Pavilh\u00e3o Jo\u00e3o Rocha, em lisboa. A fonte da informa\u00e7\u00e3o \u00e9 o Record.\" \/>\n<meta property=\"og:url\" content=\"https:\/\/portaltela.pt\/noticias\/2026\/03\/14\/eleicoes-do-sporting-horarios-e-candidatos-em-foco\/\" \/>\n<meta property=\"og:site_name\" content=\"Portal Tela Portugal\" \/>\n<meta property=\"article:published_time\" content=\"2026-03-14T08:11:00+00:00\" \/>\n<meta name=\"author\" content=\"Telinha\" \/>\n<meta name=\"twitter:card\" content=\"summary_large_image\" \/>\n<meta name=\"twitter:label1\" content=\"Escrito por\" \/>\n\t<meta name=\"twitter:data1\" content=\"Telinha\" \/>\n\t<meta name=\"twitter:label2\" content=\"Tempo estimado de leitura\" \/>\n\t<meta name=\"twitter:data2\" content=\"1 minuto\" \/>\n<script type=\"application\/ld+json\" class=\"yoast-schema-graph\">{\"@context\":\"https:\/\/schema.org\",\"@graph\":[{\"@type\":\"Article\",\"@id\":\"https:\/\/portaltela.pt\/noticias\/2026\/03\/14\/eleicoes-do-sporting-horarios-e-candidatos-em-foco\/#article\",\"isPartOf\":{\"@id\":\"https:\/\/portaltela.pt\/noticias\/2026\/03\/14\/eleicoes-do-sporting-horarios-e-candidatos-em-foco\/\"},\"author\":{\"name\":\"Telinha\",\"@id\":\"https:\/\/portaltela.pt\/#\/schema\/person\/c4278d4a6028830caff9ee44b42d32ed\"},\"headline\":\"Elei\u00e7\u00f5es do Sporting: hor\u00e1rios e candidatos em foco\",\"datePublished\":\"2026-03-14T08:11:00+00:00\",\"mainEntityOfPage\":{\"@id\":\"https:\/\/portaltela.pt\/noticias\/2026\/03\/14\/eleicoes-do-sporting-horarios-e-candidatos-em-foco\/\"},\"wordCount\":167,\"image\":{\"@id\":\"https:\/\/portaltela.pt\/noticias\/2026\/03\/14\/eleicoes-do-sporting-horarios-e-candidatos-em-foco\/#primaryimage\"},\"thumbnailUrl\":\"https:\/\/portaltela.pt\/s.01k8rhncp4jt1\/2026\/03\/img_1200x721uu2026-03-13-23-00-00-2426789.jpg\",\"keywords\":[\"associados\",\"desporto\",\"Dire\u00e7\u00e3o\",\"elei\u00e7\u00f5es\",\"Sporting\"],\"articleSection\":[\"Desporto\",\"Futebol\"],\"inLanguage\":\"pt-PT\"},{\"@type\":\"WebPage\",\"@id\":\"https:\/\/portaltela.pt\/noticias\/2026\/03\/14\/eleicoes-do-sporting-horarios-e-candidatos-em-foco\/\",\"url\":\"https:\/\/portaltela.pt\/noticias\/2026\/03\/14\/eleicoes-do-sporting-horarios-e-candidatos-em-foco\/\",\"name\":\"Elei\u00e7\u00f5es do Sporting: hor\u00e1rios e candidatos em foco - Portal Tela Portugal\",\"isPartOf\":{\"@id\":\"https:\/\/portaltela.pt\/#website\"},\"primaryImageOfPage\":{\"@id\":\"https:\/\/portaltela.pt\/noticias\/2026\/03\/14\/eleicoes-do-sporting-horarios-e-candidatos-em-foco\/#primaryimage\"},\"image\":{\"@id\":\"https:\/\/portaltela.pt\/noticias\/2026\/03\/14\/eleicoes-do-sporting-horarios-e-candidatos-em-foco\/#primaryimage\"},\"thumbnailUrl\":\"https:\/\/portaltela.pt\/s.01k8rhncp4jt1\/2026\/03\/img_1200x721uu2026-03-13-23-00-00-2426789.jpg\",\"datePublished\":\"2026-03-14T08:11:00+00:00\",\"author\":{\"@id\":\"https:\/\/portaltela.pt\/#\/schema\/person\/c4278d4a6028830caff9ee44b42d32ed\"},\"breadcrumb\":{\"@id\":\"https:\/\/portaltela.pt\/noticias\/2026\/03\/14\/eleicoes-do-sporting-horarios-e-candidatos-em-foco\/#breadcrumb\"},\"inLanguage\":\"pt-PT\",\"potentialAction\":[{\"@type\":\"ReadAction\",\"target\":[\"https:\/\/portaltela.pt\/noticias\/2026\/03\/14\/eleicoes-do-sporting-horarios-e-candidatos-em-foco\/\"]}]},{\"@type\":\"ImageObject\",\"inLanguage\":\"pt-PT\",\"@id\":\"https:\/\/portaltela.pt\/noticias\/2026\/03\/14\/eleicoes-do-sporting-horarios-e-candidatos-em-foco\/#primaryimage\",\"url\":\"https:\/\/portaltela.pt\/s.01k8rhncp4jt1\/2026\/03\/img_1200x721uu2026-03-13-23-00-00-2426789.jpg\",\"contentUrl\":\"https:\/\/portaltela.pt\/s.01k8rhncp4jt1\/2026\/03\/img_1200x721uu2026-03-13-23-00-00-2426789.jpg\",\"width\":796,\"height\":448,\"caption\":\"Saiba tudo sobre as elei\u00e7\u00f5es do Sporting, agendadas para hoje no Pavilh\u00e3o Jo\u00e3o Rocha pela voz de Bruno Fernandes, editor de Record.\"},{\"@type\":\"BreadcrumbList\",\"@id\":\"https:\/\/portaltela.pt\/noticias\/2026\/03\/14\/eleicoes-do-sporting-horarios-e-candidatos-em-foco\/#breadcrumb\",\"itemListElement\":[{\"@type\":\"ListItem\",\"position\":1,\"name\":\"In\u00edcio\",\"item\":\"https:\/\/portaltela.pt\/\"},{\"@type\":\"ListItem\",\"position\":2,\"name\":\"Elei\u00e7\u00f5es do Sporting: hor\u00e1rios e candidatos em foco\"}]},{\"@type\":\"WebSite\",\"@id\":\"https:\/\/portaltela.pt\/#website\",\"url\":\"https:\/\/portaltela.pt\/\",\"name\":\"Portal Tela Portugal\",\"description\":\"\",\"potentialAction\":[{\"@type\":\"SearchAction\",\"target\":{\"@type\":\"EntryPoint\",\"urlTemplate\":\"https:\/\/portaltela.pt\/?s={search_term_string}\"},\"query-input\":{\"@type\":\"PropertyValueSpecification\",\"valueRequired\":true,\"valueName\":\"search_term_string\"}}],\"inLanguage\":\"pt-PT\"},{\"@type\":\"Person\",\"@id\":\"https:\/\/portaltela.pt\/#\/schema\/person\/c4278d4a6028830caff9ee44b42d32ed\",\"name\":\"Telinha\",\"image\":{\"@type\":\"ImageObject\",\"inLanguage\":\"pt-PT\",\"@id\":\"https:\/\/portaltela.pt\/s.01k8rhncp4jt1\/2025\/11\/talking-bot-125x125.png\",\"url\":\"https:\/\/portaltela.pt\/s.01k8rhncp4jt1\/2025\/11\/talking-bot-125x125.png\",\"contentUrl\":\"https:\/\/portaltela.pt\/s.01k8rhncp4jt1\/2025\/11\/talking-bot-125x125.png\",\"caption\":\"Telinha\"},\"sameAs\":[\"https:\/\/portaltela.pt\/\"],\"url\":\"https:\/\/portaltela.pt\/por\/367410592786\/\"}]}<\/script>\n<!-- \/ Yoast SEO plugin. -->","yoast_head_json":{"title":"Elei\u00e7\u00f5es do Sporting: hor\u00e1rios e candidatos em foco - Portal Tela Portugal","robots":{"index":"index","follow":"follow","max-snippet":"max-snippet:-1","max-image-preview":"max-image-preview:large","max-video-preview":"max-video-preview:-1"},"og_locale":"pt_PT","og_type":"article","og_title":"Elei\u00e7\u00f5es do Sporting: hor\u00e1rios e candidatos em foco - Portal Tela Portugal","og_description":"Elei\u00e7\u00f5es do Sporting est\u00e3o agendadas para hoje no Pavilh\u00e3o Jo\u00e3o Rocha. A not\u00edcia promete abordar hor\u00e1rios, candidatos e outros pormenores. A cobertura \u00e9 feita por Bruno Fernandes, editor do Record. O evento ocorre no Pavilh\u00e3o Jo\u00e3o Rocha, em lisboa. A fonte da informa\u00e7\u00e3o \u00e9 o Record.","og_url":"https:\/\/portaltela.pt\/noticias\/2026\/03\/14\/eleicoes-do-sporting-horarios-e-candidatos-em-foco\/","og_site_name":"Portal Tela Portugal","article_published_time":"2026-03-14T08:11:00+00:00","author":"Telinha","twitter_card":"summary_large_image","twitter_misc":{"Escrito por":"Telinha","Tempo estimado de leitura":"1 minuto"},"schema":{"@context":"https:\/\/schema.org","@graph":[{"@type":"Article","@id":"https:\/\/portaltela.pt\/noticias\/2026\/03\/14\/eleicoes-do-sporting-horarios-e-candidatos-em-foco\/#article","isPartOf":{"@id":"https:\/\/portaltela.pt\/noticias\/2026\/03\/14\/eleicoes-do-sporting-horarios-e-candidatos-em-foco\/"},"author":{"name":"Telinha","@id":"https:\/\/portaltela.pt\/#\/schema\/person\/c4278d4a6028830caff9ee44b42d32ed"},"headline":"Elei\u00e7\u00f5es do Sporting: hor\u00e1rios e candidatos em foco","datePublished":"2026-03-14T08:11:00+00:00","mainEntityOfPage":{"@id":"https:\/\/portaltela.pt\/noticias\/2026\/03\/14\/eleicoes-do-sporting-horarios-e-candidatos-em-foco\/"},"wordCount":167,"image":{"@id":"https:\/\/portaltela.pt\/noticias\/2026\/03\/14\/eleicoes-do-sporting-horarios-e-candidatos-em-foco\/#primaryimage"},"thumbnailUrl":"https:\/\/portaltela.pt\/s.01k8rhncp4jt1\/2026\/03\/img_1200x721uu2026-03-13-23-00-00-2426789.jpg","keywords":["associados","desporto","Dire\u00e7\u00e3o","elei\u00e7\u00f5es","Sporting"],"articleSection":["Desporto","Futebol"],"inLanguage":"pt-PT"},{"@type":"WebPage","@id":"https:\/\/portaltela.pt\/noticias\/2026\/03\/14\/eleicoes-do-sporting-horarios-e-candidatos-em-foco\/","url":"https:\/\/portaltela.pt\/noticias\/2026\/03\/14\/eleicoes-do-sporting-horarios-e-candidatos-em-foco\/","name":"Elei\u00e7\u00f5es do Sporting: hor\u00e1rios e candidatos em foco - Portal Tela Portugal","isPartOf":{"@id":"https:\/\/portaltela.pt\/#website"},"primaryImageOfPage":{"@id":"https:\/\/portaltela.pt\/noticias\/2026\/03\/14\/eleicoes-do-sporting-horarios-e-candidatos-em-foco\/#primaryimage"},"image":{"@id":"https:\/\/portaltela.pt\/noticias\/2026\/03\/14\/eleicoes-do-sporting-horarios-e-candidatos-em-foco\/#primaryimage"},"thumbnailUrl":"https:\/\/portaltela.pt\/s.01k8rhncp4jt1\/2026\/03\/img_1200x721uu2026-03-13-23-00-00-2426789.jpg","datePublished":"2026-03-14T08:11:00+00:00","author":{"@id":"https:\/\/portaltela.pt\/#\/schema\/person\/c4278d4a6028830caff9ee44b42d32ed"},"breadcrumb":{"@id":"https:\/\/portaltela.pt\/noticias\/2026\/03\/14\/eleicoes-do-sporting-horarios-e-candidatos-em-foco\/#breadcrumb"},"inLanguage":"pt-PT","potentialAction":[{"@type":"ReadAction","target":["https:\/\/portaltela.pt\/noticias\/2026\/03\/14\/eleicoes-do-sporting-horarios-e-candidatos-em-foco\/"]}]},{"@type":"ImageObject","inLanguage":"pt-PT","@id":"https:\/\/portaltela.pt\/noticias\/2026\/03\/14\/eleicoes-do-sporting-horarios-e-candidatos-em-foco\/#primaryimage","url":"https:\/\/portaltela.pt\/s.01k8rhncp4jt1\/2026\/03\/img_1200x721uu2026-03-13-23-00-00-2426789.jpg","contentUrl":"https:\/\/portaltela.pt\/s.01k8rhncp4jt1\/2026\/03\/img_1200x721uu2026-03-13-23-00-00-2426789.jpg","width":796,"height":448,"caption":"Saiba tudo sobre as elei\u00e7\u00f5es do Sporting, agendadas para hoje no Pavilh\u00e3o Jo\u00e3o Rocha pela voz de Bruno Fernandes, editor de Record."},{"@type":"BreadcrumbList","@id":"https:\/\/portaltela.pt\/noticias\/2026\/03\/14\/eleicoes-do-sporting-horarios-e-candidatos-em-foco\/#breadcrumb","itemListElement":[{"@type":"ListItem","position":1,"name":"In\u00edcio","item":"https:\/\/portaltela.pt\/"},{"@type":"ListItem","position":2,"name":"Elei\u00e7\u00f5es do Sporting: hor\u00e1rios e candidatos em foco"}]},{"@type":"WebSite","@id":"https:\/\/portaltela.pt\/#website","url":"https:\/\/portaltela.pt\/","name":"Portal Tela Portugal","description":"","potentialAction":[{"@type":"SearchAction","target":{"@type":"EntryPoint","urlTemplate":"https:\/\/portaltela.pt\/?s={search_term_string}"},"query-input":{"@type":"PropertyValueSpecification","valueRequired":true,"valueName":"search_term_string"}}],"inLanguage":"pt-PT"},{"@type":"Person","@id":"https:\/\/portaltela.pt\/#\/schema\/person\/c4278d4a6028830caff9ee44b42d32ed","name":"Telinha","image":{"@type":"ImageObject","inLanguage":"pt-PT","@id":"https:\/\/portaltela.pt\/s.01k8rhncp4jt1\/2025\/11\/talking-bot-125x125.png","url":"https:\/\/portaltela.pt\/s.01k8rhncp4jt1\/2025\/11\/talking-bot-125x125.png","contentUrl":"https:\/\/portaltela.pt\/s.01k8rhncp4jt1\/2025\/11\/talking-bot-125x125.png","caption":"Telinha"},"sameAs":["https:\/\/portaltela.pt\/"],"url":"https:\/\/portaltela.pt\/por\/367410592786\/"}]}},"_links":{"self":[{"href":"https:\/\/portaltela.pt\/api\/wp\/v2\/posts\/409716","targetHints":{"allow":["GET"]}}],"collection":[{"href":"https:\/\/portaltela.pt\/api\/wp\/v2\/posts"}],"about":[{"href":"https:\/\/portaltela.pt\/api\/wp\/v2\/types\/post"}],"author":[{"embeddable":true,"href":"https:\/\/portaltela.pt\/api\/wp\/v2\/users\/2"}],"replies":[{"embeddable":true,"href":"https:\/\/portaltela.pt\/api\/wp\/v2\/comments?post=409716"}],"version-history":[{"count":0,"href":"https:\/\/portaltela.pt\/api\/wp\/v2\/posts\/409716\/revisions"}],"wp:featuredmedia":[{"embeddable":true,"href":"https:\/\/portaltela.pt\/api\/wp\/v2\/media\/409723"}],"wp:attachment":[{"href":"https:\/\/portaltela.pt\/api\/wp\/v2\/media?parent=409716"}],"wp:term":[{"taxonomy":"category","embeddable":true,"href":"https:\/\/portaltela.pt\/api\/wp\/v2\/categories?post=409716"},{"taxonomy":"post_tag","embeddable":true,"href":"https:\/\/portaltela.pt\/api\/wp\/v2\/tags?post=409716"}],"curies":[{"name":"wp","href":"https:\/\/api.w.org\/{rel}","templated":true}]}}