{"id":409711,"date":"2026-03-14T05:08:20","date_gmt":"2026-03-14T08:08:20","guid":{"rendered":"https:\/\/portaltela.pt\/noticias\/2026\/03\/14\/tribunal-absolve-tania-laranjo-ricardo-pereira-martins-comenta\/"},"modified":"2026-03-14T05:08:20","modified_gmt":"2026-03-14T08:08:20","slug":"tribunal-absolve-tania-laranjo-ricardo-pereira-martins-comenta","status":"publish","type":"post","link":"https:\/\/portaltela.pt\/noticias\/2026\/03\/14\/tribunal-absolve-tania-laranjo-ricardo-pereira-martins-comenta\/","title":{"rendered":"Tribunal absolve T\u00e2nia Laranjo; Ricardo Pereira Martins comenta"},"content":{"rendered":"<p>Hoje, um tribunal absolveu T\u00e2nia Laranjo no \u00e2mbito de um processo que tem acompanhado a imprensa. A decis\u00e3o encerra uma fase judicial com avalia\u00e7\u00e3o de provas apresentadas durante o processo.<\/p>\n<p>O caso ganhou relev\u00e2ncia medi\u00e1tica pela associa\u00e7\u00e3o com a figura p\u00fablica envolvida, mas a senten\u00e7a foi publicada sem indica\u00e7\u00e3o de condena\u00e7\u00e3o futura. A decis\u00e3o \u00e9 apresentada como resultado de an\u00e1lise criteriosa do tribunal.<\/p>\n<p>Ricardo Pereira Martins, comentador da Noite das Estrelas, comentou a decis\u00e3o, destacando um sentimento de satisfa\u00e7\u00e3o com o veredito. O jornalista sublinha ainda que o caso evidencia um formato de jornalismo centrado nas pessoas.<\/p>\n<h3>Rea\u00e7\u00e3o<\/h3>\n<p>A ind\u00fastria jornal\u00edstica registra que o veredito refor\u00e7a a necessidade de apurar fatos com rigor. Apresentadores e analistas continuam a acompanhar poss\u00edveis desdobramentos legais ou de comunica\u00e7\u00e3o institucional relacionados com o processo.<\/p>\n","protected":false},"excerpt":{"rendered":"<ul>\n<li>Ricardo Pereira Martins, comentador da Noite das Estrelas, afirma que \u00e9 \u201cuma alegria ver o processo dela\u201d ap\u00f3s o tribunal ter absolvido T\u00e2nia Laranjo.<\/li>\n<li>O veredicto absolviu T\u00e2nia Laranjo, segundo a not\u00edcia.<\/li>\n<li>Martins descreve o caso como exemplo de \u201cjornalismo das pessoas\u201d.<\/li>\n<li>A not\u00edcia destaca a rea\u00e7\u00e3o do comentador \u00e0 decis\u00e3o judicial.<\/li>\n<li>O texto refor\u00e7a a consequ\u00eancia da absolvi\u00e7\u00e3o para a perce\u00e7\u00e3o p\u00fablica do caso.<\/li>\n<\/ul>\n","protected":false},"author":2,"featured_media":409715,"comment_status":"closed","ping_status":"closed","sticky":false,"template":"","format":"standard","meta":{"footnotes":""},"categories":[6815,1],"tags":[3754,506,5707,879,5661,6208],"class_list":["post-409711","post","type-post","status-publish","format-standard","has-post-thumbnail","hentry","category-justica","category-noticias","tag-absolvicao","tag-imprensa","tag-jornalistas","tag-noite-das-estrelas","tag-pessoas-publicas","tag-tribunais"],"yoast_head":"<!-- This site is optimized with the Yoast SEO plugin v27.2 - https:\/\/yoast.com\/product\/yoast-seo-wordpress\/ -->\n<title>Tribunal absolve T\u00e2nia Laranjo; Ricardo Pereira Martins comenta - Portal Tela Portugal<\/title>\n<meta name=\"robots\" content=\"index, follow, max-snippet:-1, max-image-preview:large, max-video-preview:-1\" \/>\n<meta property=\"og:locale\" content=\"pt_PT\" \/>\n<meta property=\"og:type\" content=\"article\" \/>\n<meta property=\"og:title\" content=\"Tribunal absolve T\u00e2nia Laranjo; Ricardo Pereira Martins comenta - Portal Tela Portugal\" \/>\n<meta property=\"og:description\" content=\"Ricardo Pereira Martins, comentador da Noite das Estrelas, afirma que \u00e9 \u201cuma alegria ver o processo dela\u201d ap\u00f3s o tribunal ter absolvido T\u00e2nia Laranjo. O veredicto absolviu T\u00e2nia Laranjo, segundo a not\u00edcia. Martins descreve o caso como exemplo de \u201cjornalismo das pessoas\u201d. A not\u00edcia destaca a rea\u00e7\u00e3o do comentador \u00e0 decis\u00e3o judicial. O texto refor\u00e7a a consequ\u00eancia da absolvi\u00e7\u00e3o para a perce\u00e7\u00e3o p\u00fablica do caso.\" \/>\n<meta property=\"og:url\" content=\"https:\/\/portaltela.pt\/noticias\/2026\/03\/14\/tribunal-absolve-tania-laranjo-ricardo-pereira-martins-comenta\/\" \/>\n<meta property=\"og:site_name\" content=\"Portal Tela Portugal\" \/>\n<meta property=\"article:published_time\" content=\"2026-03-14T08:08:20+00:00\" \/>\n<meta name=\"author\" content=\"Telinha\" \/>\n<meta name=\"twitter:card\" content=\"summary_large_image\" \/>\n<meta name=\"twitter:label1\" content=\"Escrito por\" \/>\n\t<meta name=\"twitter:data1\" content=\"Telinha\" \/>\n\t<meta name=\"twitter:label2\" content=\"Tempo estimado de leitura\" \/>\n\t<meta name=\"twitter:data2\" content=\"1 minuto\" \/>\n<script type=\"application\/ld+json\" class=\"yoast-schema-graph\">{\"@context\":\"https:\/\/schema.org\",\"@graph\":[{\"@type\":\"Article\",\"@id\":\"https:\/\/portaltela.pt\/noticias\/2026\/03\/14\/tribunal-absolve-tania-laranjo-ricardo-pereira-martins-comenta\/#article\",\"isPartOf\":{\"@id\":\"https:\/\/portaltela.pt\/noticias\/2026\/03\/14\/tribunal-absolve-tania-laranjo-ricardo-pereira-martins-comenta\/\"},\"author\":{\"name\":\"Telinha\",\"@id\":\"https:\/\/portaltela.pt\/#\/schema\/person\/c4278d4a6028830caff9ee44b42d32ed\"},\"headline\":\"Tribunal absolve T\u00e2nia Laranjo; Ricardo Pereira Martins comenta\",\"datePublished\":\"2026-03-14T08:08:20+00:00\",\"mainEntityOfPage\":{\"@id\":\"https:\/\/portaltela.pt\/noticias\/2026\/03\/14\/tribunal-absolve-tania-laranjo-ricardo-pereira-martins-comenta\/\"},\"wordCount\":158,\"image\":{\"@id\":\"https:\/\/portaltela.pt\/noticias\/2026\/03\/14\/tribunal-absolve-tania-laranjo-ricardo-pereira-martins-comenta\/#primaryimage\"},\"thumbnailUrl\":\"https:\/\/portaltela.pt\/s.01k8rhncp4jt1\/2026\/03\/img_1280x722uu2026-03-14-08-07-55-2272252.jpg\",\"keywords\":[\"absolvi\u00e7\u00e3o\",\"imprensa\",\"jornalistas\",\"Noite das Estrelas\",\"pessoas p\u00fablicas\",\"Tribunais\"],\"articleSection\":[\"Justi\u00e7a\",\"Not\u00edcias\"],\"inLanguage\":\"pt-PT\"},{\"@type\":\"WebPage\",\"@id\":\"https:\/\/portaltela.pt\/noticias\/2026\/03\/14\/tribunal-absolve-tania-laranjo-ricardo-pereira-martins-comenta\/\",\"url\":\"https:\/\/portaltela.pt\/noticias\/2026\/03\/14\/tribunal-absolve-tania-laranjo-ricardo-pereira-martins-comenta\/\",\"name\":\"Tribunal absolve T\u00e2nia Laranjo; Ricardo Pereira Martins comenta - Portal Tela Portugal\",\"isPartOf\":{\"@id\":\"https:\/\/portaltela.pt\/#website\"},\"primaryImageOfPage\":{\"@id\":\"https:\/\/portaltela.pt\/noticias\/2026\/03\/14\/tribunal-absolve-tania-laranjo-ricardo-pereira-martins-comenta\/#primaryimage\"},\"image\":{\"@id\":\"https:\/\/portaltela.pt\/noticias\/2026\/03\/14\/tribunal-absolve-tania-laranjo-ricardo-pereira-martins-comenta\/#primaryimage\"},\"thumbnailUrl\":\"https:\/\/portaltela.pt\/s.01k8rhncp4jt1\/2026\/03\/img_1280x722uu2026-03-14-08-07-55-2272252.jpg\",\"datePublished\":\"2026-03-14T08:08:20+00:00\",\"author\":{\"@id\":\"https:\/\/portaltela.pt\/#\/schema\/person\/c4278d4a6028830caff9ee44b42d32ed\"},\"breadcrumb\":{\"@id\":\"https:\/\/portaltela.pt\/noticias\/2026\/03\/14\/tribunal-absolve-tania-laranjo-ricardo-pereira-martins-comenta\/#breadcrumb\"},\"inLanguage\":\"pt-PT\",\"potentialAction\":[{\"@type\":\"ReadAction\",\"target\":[\"https:\/\/portaltela.pt\/noticias\/2026\/03\/14\/tribunal-absolve-tania-laranjo-ricardo-pereira-martins-comenta\/\"]}]},{\"@type\":\"ImageObject\",\"inLanguage\":\"pt-PT\",\"@id\":\"https:\/\/portaltela.pt\/noticias\/2026\/03\/14\/tribunal-absolve-tania-laranjo-ricardo-pereira-martins-comenta\/#primaryimage\",\"url\":\"https:\/\/portaltela.pt\/s.01k8rhncp4jt1\/2026\/03\/img_1280x722uu2026-03-14-08-07-55-2272252.jpg\",\"contentUrl\":\"https:\/\/portaltela.pt\/s.01k8rhncp4jt1\/2026\/03\/img_1280x722uu2026-03-14-08-07-55-2272252.jpg\",\"width\":796,\"height\":448,\"caption\":\"Photo\"},{\"@type\":\"BreadcrumbList\",\"@id\":\"https:\/\/portaltela.pt\/noticias\/2026\/03\/14\/tribunal-absolve-tania-laranjo-ricardo-pereira-martins-comenta\/#breadcrumb\",\"itemListElement\":[{\"@type\":\"ListItem\",\"position\":1,\"name\":\"In\u00edcio\",\"item\":\"https:\/\/portaltela.pt\/\"},{\"@type\":\"ListItem\",\"position\":2,\"name\":\"Tribunal absolve T\u00e2nia Laranjo; Ricardo Pereira Martins comenta\"}]},{\"@type\":\"WebSite\",\"@id\":\"https:\/\/portaltela.pt\/#website\",\"url\":\"https:\/\/portaltela.pt\/\",\"name\":\"Portal Tela Portugal\",\"description\":\"\",\"potentialAction\":[{\"@type\":\"SearchAction\",\"target\":{\"@type\":\"EntryPoint\",\"urlTemplate\":\"https:\/\/portaltela.pt\/?s={search_term_string}\"},\"query-input\":{\"@type\":\"PropertyValueSpecification\",\"valueRequired\":true,\"valueName\":\"search_term_string\"}}],\"inLanguage\":\"pt-PT\"},{\"@type\":\"Person\",\"@id\":\"https:\/\/portaltela.pt\/#\/schema\/person\/c4278d4a6028830caff9ee44b42d32ed\",\"name\":\"Telinha\",\"image\":{\"@type\":\"ImageObject\",\"inLanguage\":\"pt-PT\",\"@id\":\"https:\/\/portaltela.pt\/s.01k8rhncp4jt1\/2025\/11\/talking-bot-125x125.png\",\"url\":\"https:\/\/portaltela.pt\/s.01k8rhncp4jt1\/2025\/11\/talking-bot-125x125.png\",\"contentUrl\":\"https:\/\/portaltela.pt\/s.01k8rhncp4jt1\/2025\/11\/talking-bot-125x125.png\",\"caption\":\"Telinha\"},\"sameAs\":[\"https:\/\/portaltela.pt\/\"],\"url\":\"https:\/\/portaltela.pt\/por\/367410592786\/\"}]}<\/script>\n<!-- \/ Yoast SEO plugin. -->","yoast_head_json":{"title":"Tribunal absolve T\u00e2nia Laranjo; Ricardo Pereira Martins comenta - Portal Tela Portugal","robots":{"index":"index","follow":"follow","max-snippet":"max-snippet:-1","max-image-preview":"max-image-preview:large","max-video-preview":"max-video-preview:-1"},"og_locale":"pt_PT","og_type":"article","og_title":"Tribunal absolve T\u00e2nia Laranjo; Ricardo Pereira Martins comenta - Portal Tela Portugal","og_description":"Ricardo Pereira Martins, comentador da Noite das Estrelas, afirma que \u00e9 \u201cuma alegria ver o processo dela\u201d ap\u00f3s o tribunal ter absolvido T\u00e2nia Laranjo. O veredicto absolviu T\u00e2nia Laranjo, segundo a not\u00edcia. Martins descreve o caso como exemplo de \u201cjornalismo das pessoas\u201d. A not\u00edcia destaca a rea\u00e7\u00e3o do comentador \u00e0 decis\u00e3o judicial. O texto refor\u00e7a a consequ\u00eancia da absolvi\u00e7\u00e3o para a perce\u00e7\u00e3o p\u00fablica do caso.","og_url":"https:\/\/portaltela.pt\/noticias\/2026\/03\/14\/tribunal-absolve-tania-laranjo-ricardo-pereira-martins-comenta\/","og_site_name":"Portal Tela Portugal","article_published_time":"2026-03-14T08:08:20+00:00","author":"Telinha","twitter_card":"summary_large_image","twitter_misc":{"Escrito por":"Telinha","Tempo estimado de leitura":"1 minuto"},"schema":{"@context":"https:\/\/schema.org","@graph":[{"@type":"Article","@id":"https:\/\/portaltela.pt\/noticias\/2026\/03\/14\/tribunal-absolve-tania-laranjo-ricardo-pereira-martins-comenta\/#article","isPartOf":{"@id":"https:\/\/portaltela.pt\/noticias\/2026\/03\/14\/tribunal-absolve-tania-laranjo-ricardo-pereira-martins-comenta\/"},"author":{"name":"Telinha","@id":"https:\/\/portaltela.pt\/#\/schema\/person\/c4278d4a6028830caff9ee44b42d32ed"},"headline":"Tribunal absolve T\u00e2nia Laranjo; Ricardo Pereira Martins comenta","datePublished":"2026-03-14T08:08:20+00:00","mainEntityOfPage":{"@id":"https:\/\/portaltela.pt\/noticias\/2026\/03\/14\/tribunal-absolve-tania-laranjo-ricardo-pereira-martins-comenta\/"},"wordCount":158,"image":{"@id":"https:\/\/portaltela.pt\/noticias\/2026\/03\/14\/tribunal-absolve-tania-laranjo-ricardo-pereira-martins-comenta\/#primaryimage"},"thumbnailUrl":"https:\/\/portaltela.pt\/s.01k8rhncp4jt1\/2026\/03\/img_1280x722uu2026-03-14-08-07-55-2272252.jpg","keywords":["absolvi\u00e7\u00e3o","imprensa","jornalistas","Noite das Estrelas","pessoas p\u00fablicas","Tribunais"],"articleSection":["Justi\u00e7a","Not\u00edcias"],"inLanguage":"pt-PT"},{"@type":"WebPage","@id":"https:\/\/portaltela.pt\/noticias\/2026\/03\/14\/tribunal-absolve-tania-laranjo-ricardo-pereira-martins-comenta\/","url":"https:\/\/portaltela.pt\/noticias\/2026\/03\/14\/tribunal-absolve-tania-laranjo-ricardo-pereira-martins-comenta\/","name":"Tribunal absolve T\u00e2nia Laranjo; Ricardo Pereira Martins comenta - Portal Tela Portugal","isPartOf":{"@id":"https:\/\/portaltela.pt\/#website"},"primaryImageOfPage":{"@id":"https:\/\/portaltela.pt\/noticias\/2026\/03\/14\/tribunal-absolve-tania-laranjo-ricardo-pereira-martins-comenta\/#primaryimage"},"image":{"@id":"https:\/\/portaltela.pt\/noticias\/2026\/03\/14\/tribunal-absolve-tania-laranjo-ricardo-pereira-martins-comenta\/#primaryimage"},"thumbnailUrl":"https:\/\/portaltela.pt\/s.01k8rhncp4jt1\/2026\/03\/img_1280x722uu2026-03-14-08-07-55-2272252.jpg","datePublished":"2026-03-14T08:08:20+00:00","author":{"@id":"https:\/\/portaltela.pt\/#\/schema\/person\/c4278d4a6028830caff9ee44b42d32ed"},"breadcrumb":{"@id":"https:\/\/portaltela.pt\/noticias\/2026\/03\/14\/tribunal-absolve-tania-laranjo-ricardo-pereira-martins-comenta\/#breadcrumb"},"inLanguage":"pt-PT","potentialAction":[{"@type":"ReadAction","target":["https:\/\/portaltela.pt\/noticias\/2026\/03\/14\/tribunal-absolve-tania-laranjo-ricardo-pereira-martins-comenta\/"]}]},{"@type":"ImageObject","inLanguage":"pt-PT","@id":"https:\/\/portaltela.pt\/noticias\/2026\/03\/14\/tribunal-absolve-tania-laranjo-ricardo-pereira-martins-comenta\/#primaryimage","url":"https:\/\/portaltela.pt\/s.01k8rhncp4jt1\/2026\/03\/img_1280x722uu2026-03-14-08-07-55-2272252.jpg","contentUrl":"https:\/\/portaltela.pt\/s.01k8rhncp4jt1\/2026\/03\/img_1280x722uu2026-03-14-08-07-55-2272252.jpg","width":796,"height":448,"caption":"Photo"},{"@type":"BreadcrumbList","@id":"https:\/\/portaltela.pt\/noticias\/2026\/03\/14\/tribunal-absolve-tania-laranjo-ricardo-pereira-martins-comenta\/#breadcrumb","itemListElement":[{"@type":"ListItem","position":1,"name":"In\u00edcio","item":"https:\/\/portaltela.pt\/"},{"@type":"ListItem","position":2,"name":"Tribunal absolve T\u00e2nia Laranjo; Ricardo Pereira Martins comenta"}]},{"@type":"WebSite","@id":"https:\/\/portaltela.pt\/#website","url":"https:\/\/portaltela.pt\/","name":"Portal Tela Portugal","description":"","potentialAction":[{"@type":"SearchAction","target":{"@type":"EntryPoint","urlTemplate":"https:\/\/portaltela.pt\/?s={search_term_string}"},"query-input":{"@type":"PropertyValueSpecification","valueRequired":true,"valueName":"search_term_string"}}],"inLanguage":"pt-PT"},{"@type":"Person","@id":"https:\/\/portaltela.pt\/#\/schema\/person\/c4278d4a6028830caff9ee44b42d32ed","name":"Telinha","image":{"@type":"ImageObject","inLanguage":"pt-PT","@id":"https:\/\/portaltela.pt\/s.01k8rhncp4jt1\/2025\/11\/talking-bot-125x125.png","url":"https:\/\/portaltela.pt\/s.01k8rhncp4jt1\/2025\/11\/talking-bot-125x125.png","contentUrl":"https:\/\/portaltela.pt\/s.01k8rhncp4jt1\/2025\/11\/talking-bot-125x125.png","caption":"Telinha"},"sameAs":["https:\/\/portaltela.pt\/"],"url":"https:\/\/portaltela.pt\/por\/367410592786\/"}]}},"_links":{"self":[{"href":"https:\/\/portaltela.pt\/api\/wp\/v2\/posts\/409711","targetHints":{"allow":["GET"]}}],"collection":[{"href":"https:\/\/portaltela.pt\/api\/wp\/v2\/posts"}],"about":[{"href":"https:\/\/portaltela.pt\/api\/wp\/v2\/types\/post"}],"author":[{"embeddable":true,"href":"https:\/\/portaltela.pt\/api\/wp\/v2\/users\/2"}],"replies":[{"embeddable":true,"href":"https:\/\/portaltela.pt\/api\/wp\/v2\/comments?post=409711"}],"version-history":[{"count":0,"href":"https:\/\/portaltela.pt\/api\/wp\/v2\/posts\/409711\/revisions"}],"wp:featuredmedia":[{"embeddable":true,"href":"https:\/\/portaltela.pt\/api\/wp\/v2\/media\/409715"}],"wp:attachment":[{"href":"https:\/\/portaltela.pt\/api\/wp\/v2\/media?parent=409711"}],"wp:term":[{"taxonomy":"category","embeddable":true,"href":"https:\/\/portaltela.pt\/api\/wp\/v2\/categories?post=409711"},{"taxonomy":"post_tag","embeddable":true,"href":"https:\/\/portaltela.pt\/api\/wp\/v2\/tags?post=409711"}],"curies":[{"name":"wp","href":"https:\/\/api.w.org\/{rel}","templated":true}]}}