{"id":409695,"date":"2026-03-14T04:15:00","date_gmt":"2026-03-14T07:15:00","guid":{"rendered":"https:\/\/portaltela.pt\/noticias\/2026\/03\/14\/equipa-portuguesa-parte-para-o-chile-para-instalar-telescopio-solar\/"},"modified":"2026-03-14T04:15:00","modified_gmt":"2026-03-14T07:15:00","slug":"equipa-portuguesa-parte-para-o-chile-para-instalar-telescopio-solar","status":"publish","type":"post","link":"https:\/\/portaltela.pt\/noticias\/2026\/03\/14\/equipa-portuguesa-parte-para-o-chile-para-instalar-telescopio-solar\/","title":{"rendered":"Equipa portuguesa parte para o Chile para instalar telesc\u00f3pio solar"},"content":{"rendered":"<p>Uma equipa de 12 investigadores portugueses vai partir neste s\u00e1bado para o Observat\u00f3rio do Paranal, no deserto de Atacama, Chile, para instalar um novo telesc\u00f3pio solar desenvolvido em Portugal. O instrumento permitir\u00e1 observa\u00e7\u00f5es do Sol com elevada resolu\u00e7\u00e3o.<\/p>\n<p>O objetivo \u00e9 compreender melhor a f\u00edsica das estrelas e contribuir para o estudo de exoplanetas. O telesc\u00f3pio vai permitir captar imagens e dados com detalhe que n\u00e3o era poss\u00edvel anteriormente.<\/p>\n<p>O equipamento funcionar\u00e1 remotamente a partir do centro de opera\u00e7\u00f5es no Porto, assegurando controlo cont\u00ednuo das observa\u00e7\u00f5es desde territ\u00f3rio nacional. O projeto junta ci\u00eancia portuguesa a instala\u00e7\u00f5es internacionais no Chile.<\/p>\n<h3>Opera\u00e7\u00e3o remota a partir do Porto<\/h3>\n<p>O telesc\u00f3pio solar, desenvolvido em Portugal, representa uma parceria entre entidades nacionais e o Observat\u00f3rio do Paranal. Instrumento pode acelerar avan\u00e7os na compreens\u00e3o da atividade solar e no estudo de fen\u00f3menos estelares.<\/p>\n","protected":false},"excerpt":{"rendered":"<ul>\n<li>Uma equipa de 12 investigadores portugueses parte neste s\u00e1bado para o Observat\u00f3rio do Paranal, no deserto de Atacama, no Chile.<\/li>\n<li>O objetivo \u00e9 instalar um novo telesc\u00f3pio solar desenvolvido em Portugal.<\/li>\n<li>O telesc\u00f3pio permitir\u00e1 observar o Sol com elevated terceira? Wait: we must be careful: &#8220;elevada resolu\u00e7\u00e3o&#8221; not &#8220;elevated terceira&#8221;. Use &#8220;elevada resolu\u00e7\u00e3o&#8221;.<\/li>\n<li>O instrumento funcionar\u00e1 remotamente a partir do centro de opera\u00e7\u00f5es no Porto e permitir\u00e1 observa\u00e7\u00f5es de elevada resolu\u00e7\u00e3o.<\/li>\n<li>A miss\u00e3o visa compreender melhor a f\u00edsica das estrelas e contribuir para o estudo de exoplanetas.<\/li>\n<\/ul>\n","protected":false},"author":2,"featured_media":409701,"comment_status":"closed","ping_status":"closed","sticky":false,"template":"","format":"standard","meta":{"footnotes":""},"categories":[1],"tags":[7186,2747,1992,215,982,1014],"class_list":["post-409695","post","type-post","status-publish","format-standard","has-post-thumbnail","hentry","category-noticias","tag-astronomia","tag-chile","tag-ciencia","tag-investigacao","tag-porto","tag-portugal"],"yoast_head":"<!-- This site is optimized with the Yoast SEO plugin v27.2 - https:\/\/yoast.com\/product\/yoast-seo-wordpress\/ -->\n<title>Equipa portuguesa parte para o Chile para instalar telesc\u00f3pio solar - Portal Tela Portugal<\/title>\n<meta name=\"robots\" content=\"index, follow, max-snippet:-1, max-image-preview:large, max-video-preview:-1\" \/>\n<meta property=\"og:locale\" content=\"pt_PT\" \/>\n<meta property=\"og:type\" content=\"article\" \/>\n<meta property=\"og:title\" content=\"Equipa portuguesa parte para o Chile para instalar telesc\u00f3pio solar - Portal Tela Portugal\" \/>\n<meta property=\"og:description\" content=\"Uma equipa de 12 investigadores portugueses parte neste s\u00e1bado para o Observat\u00f3rio do Paranal, no deserto de Atacama, no Chile. O objetivo \u00e9 instalar um novo telesc\u00f3pio solar desenvolvido em Portugal. O telesc\u00f3pio permitir\u00e1 observar o Sol com elevated terceira? Wait: we must be careful: &quot;elevada resolu\u00e7\u00e3o&quot; not &quot;elevated terceira&quot;. Use &quot;elevada resolu\u00e7\u00e3o&quot;. O instrumento funcionar\u00e1 remotamente a partir do centro de opera\u00e7\u00f5es no Porto e permitir\u00e1 observa\u00e7\u00f5es de elevada resolu\u00e7\u00e3o. A miss\u00e3o visa compreender melhor a f\u00edsica das estrelas e contribuir para o estudo de exoplanetas.\" \/>\n<meta property=\"og:url\" content=\"https:\/\/portaltela.pt\/noticias\/2026\/03\/14\/equipa-portuguesa-parte-para-o-chile-para-instalar-telescopio-solar\/\" \/>\n<meta property=\"og:site_name\" content=\"Portal Tela Portugal\" \/>\n<meta property=\"article:published_time\" content=\"2026-03-14T07:15:00+00:00\" \/>\n<meta name=\"author\" content=\"Telinha\" \/>\n<meta name=\"twitter:card\" content=\"summary_large_image\" \/>\n<meta name=\"twitter:label1\" content=\"Escrito por\" \/>\n\t<meta name=\"twitter:data1\" content=\"Telinha\" \/>\n\t<meta name=\"twitter:label2\" content=\"Tempo estimado de leitura\" \/>\n\t<meta name=\"twitter:data2\" content=\"1 minuto\" \/>\n<script type=\"application\/ld+json\" class=\"yoast-schema-graph\">{\"@context\":\"https:\/\/schema.org\",\"@graph\":[{\"@type\":\"Article\",\"@id\":\"https:\/\/portaltela.pt\/noticias\/2026\/03\/14\/equipa-portuguesa-parte-para-o-chile-para-instalar-telescopio-solar\/#article\",\"isPartOf\":{\"@id\":\"https:\/\/portaltela.pt\/noticias\/2026\/03\/14\/equipa-portuguesa-parte-para-o-chile-para-instalar-telescopio-solar\/\"},\"author\":{\"name\":\"Telinha\",\"@id\":\"https:\/\/portaltela.pt\/#\/schema\/person\/c4278d4a6028830caff9ee44b42d32ed\"},\"headline\":\"Equipa portuguesa parte para o Chile para instalar telesc\u00f3pio solar\",\"datePublished\":\"2026-03-14T07:15:00+00:00\",\"mainEntityOfPage\":{\"@id\":\"https:\/\/portaltela.pt\/noticias\/2026\/03\/14\/equipa-portuguesa-parte-para-o-chile-para-instalar-telescopio-solar\/\"},\"wordCount\":167,\"image\":{\"@id\":\"https:\/\/portaltela.pt\/noticias\/2026\/03\/14\/equipa-portuguesa-parte-para-o-chile-para-instalar-telescopio-solar\/#primaryimage\"},\"thumbnailUrl\":\"https:\/\/portaltela.pt\/s.01k8rhncp4jt1\/2026\/03\/2073870.jpg\",\"keywords\":[\"astronomia\",\"Chile\",\"ci\u00eancia\",\"investiga\u00e7\u00e3o\",\"Porto\",\"Portugal\"],\"articleSection\":[\"Not\u00edcias\"],\"inLanguage\":\"pt-PT\"},{\"@type\":\"WebPage\",\"@id\":\"https:\/\/portaltela.pt\/noticias\/2026\/03\/14\/equipa-portuguesa-parte-para-o-chile-para-instalar-telescopio-solar\/\",\"url\":\"https:\/\/portaltela.pt\/noticias\/2026\/03\/14\/equipa-portuguesa-parte-para-o-chile-para-instalar-telescopio-solar\/\",\"name\":\"Equipa portuguesa parte para o Chile para instalar telesc\u00f3pio solar - Portal Tela Portugal\",\"isPartOf\":{\"@id\":\"https:\/\/portaltela.pt\/#website\"},\"primaryImageOfPage\":{\"@id\":\"https:\/\/portaltela.pt\/noticias\/2026\/03\/14\/equipa-portuguesa-parte-para-o-chile-para-instalar-telescopio-solar\/#primaryimage\"},\"image\":{\"@id\":\"https:\/\/portaltela.pt\/noticias\/2026\/03\/14\/equipa-portuguesa-parte-para-o-chile-para-instalar-telescopio-solar\/#primaryimage\"},\"thumbnailUrl\":\"https:\/\/portaltela.pt\/s.01k8rhncp4jt1\/2026\/03\/2073870.jpg\",\"datePublished\":\"2026-03-14T07:15:00+00:00\",\"author\":{\"@id\":\"https:\/\/portaltela.pt\/#\/schema\/person\/c4278d4a6028830caff9ee44b42d32ed\"},\"breadcrumb\":{\"@id\":\"https:\/\/portaltela.pt\/noticias\/2026\/03\/14\/equipa-portuguesa-parte-para-o-chile-para-instalar-telescopio-solar\/#breadcrumb\"},\"inLanguage\":\"pt-PT\",\"potentialAction\":[{\"@type\":\"ReadAction\",\"target\":[\"https:\/\/portaltela.pt\/noticias\/2026\/03\/14\/equipa-portuguesa-parte-para-o-chile-para-instalar-telescopio-solar\/\"]}]},{\"@type\":\"ImageObject\",\"inLanguage\":\"pt-PT\",\"@id\":\"https:\/\/portaltela.pt\/noticias\/2026\/03\/14\/equipa-portuguesa-parte-para-o-chile-para-instalar-telescopio-solar\/#primaryimage\",\"url\":\"https:\/\/portaltela.pt\/s.01k8rhncp4jt1\/2026\/03\/2073870.jpg\",\"contentUrl\":\"https:\/\/portaltela.pt\/s.01k8rhncp4jt1\/2026\/03\/2073870.jpg\",\"width\":796,\"height\":448,\"caption\":\"Imagem a\u00e9rea do observat\u00f3rio que o ESO tem vindo a operar no Paranal, no Chile\"},{\"@type\":\"BreadcrumbList\",\"@id\":\"https:\/\/portaltela.pt\/noticias\/2026\/03\/14\/equipa-portuguesa-parte-para-o-chile-para-instalar-telescopio-solar\/#breadcrumb\",\"itemListElement\":[{\"@type\":\"ListItem\",\"position\":1,\"name\":\"In\u00edcio\",\"item\":\"https:\/\/portaltela.pt\/\"},{\"@type\":\"ListItem\",\"position\":2,\"name\":\"Equipa portuguesa parte para o Chile para instalar telesc\u00f3pio solar\"}]},{\"@type\":\"WebSite\",\"@id\":\"https:\/\/portaltela.pt\/#website\",\"url\":\"https:\/\/portaltela.pt\/\",\"name\":\"Portal Tela Portugal\",\"description\":\"\",\"potentialAction\":[{\"@type\":\"SearchAction\",\"target\":{\"@type\":\"EntryPoint\",\"urlTemplate\":\"https:\/\/portaltela.pt\/?s={search_term_string}\"},\"query-input\":{\"@type\":\"PropertyValueSpecification\",\"valueRequired\":true,\"valueName\":\"search_term_string\"}}],\"inLanguage\":\"pt-PT\"},{\"@type\":\"Person\",\"@id\":\"https:\/\/portaltela.pt\/#\/schema\/person\/c4278d4a6028830caff9ee44b42d32ed\",\"name\":\"Telinha\",\"image\":{\"@type\":\"ImageObject\",\"inLanguage\":\"pt-PT\",\"@id\":\"https:\/\/portaltela.pt\/s.01k8rhncp4jt1\/2025\/11\/talking-bot-125x125.png\",\"url\":\"https:\/\/portaltela.pt\/s.01k8rhncp4jt1\/2025\/11\/talking-bot-125x125.png\",\"contentUrl\":\"https:\/\/portaltela.pt\/s.01k8rhncp4jt1\/2025\/11\/talking-bot-125x125.png\",\"caption\":\"Telinha\"},\"sameAs\":[\"https:\/\/portaltela.pt\/\"],\"url\":\"https:\/\/portaltela.pt\/por\/367410592786\/\"}]}<\/script>\n<!-- \/ Yoast SEO plugin. -->","yoast_head_json":{"title":"Equipa portuguesa parte para o Chile para instalar telesc\u00f3pio solar - Portal Tela Portugal","robots":{"index":"index","follow":"follow","max-snippet":"max-snippet:-1","max-image-preview":"max-image-preview:large","max-video-preview":"max-video-preview:-1"},"og_locale":"pt_PT","og_type":"article","og_title":"Equipa portuguesa parte para o Chile para instalar telesc\u00f3pio solar - Portal Tela Portugal","og_description":"Uma equipa de 12 investigadores portugueses parte neste s\u00e1bado para o Observat\u00f3rio do Paranal, no deserto de Atacama, no Chile. O objetivo \u00e9 instalar um novo telesc\u00f3pio solar desenvolvido em Portugal. O telesc\u00f3pio permitir\u00e1 observar o Sol com elevated terceira? Wait: we must be careful: \"elevada resolu\u00e7\u00e3o\" not \"elevated terceira\". Use \"elevada resolu\u00e7\u00e3o\". O instrumento funcionar\u00e1 remotamente a partir do centro de opera\u00e7\u00f5es no Porto e permitir\u00e1 observa\u00e7\u00f5es de elevada resolu\u00e7\u00e3o. A miss\u00e3o visa compreender melhor a f\u00edsica das estrelas e contribuir para o estudo de exoplanetas.","og_url":"https:\/\/portaltela.pt\/noticias\/2026\/03\/14\/equipa-portuguesa-parte-para-o-chile-para-instalar-telescopio-solar\/","og_site_name":"Portal Tela Portugal","article_published_time":"2026-03-14T07:15:00+00:00","author":"Telinha","twitter_card":"summary_large_image","twitter_misc":{"Escrito por":"Telinha","Tempo estimado de leitura":"1 minuto"},"schema":{"@context":"https:\/\/schema.org","@graph":[{"@type":"Article","@id":"https:\/\/portaltela.pt\/noticias\/2026\/03\/14\/equipa-portuguesa-parte-para-o-chile-para-instalar-telescopio-solar\/#article","isPartOf":{"@id":"https:\/\/portaltela.pt\/noticias\/2026\/03\/14\/equipa-portuguesa-parte-para-o-chile-para-instalar-telescopio-solar\/"},"author":{"name":"Telinha","@id":"https:\/\/portaltela.pt\/#\/schema\/person\/c4278d4a6028830caff9ee44b42d32ed"},"headline":"Equipa portuguesa parte para o Chile para instalar telesc\u00f3pio solar","datePublished":"2026-03-14T07:15:00+00:00","mainEntityOfPage":{"@id":"https:\/\/portaltela.pt\/noticias\/2026\/03\/14\/equipa-portuguesa-parte-para-o-chile-para-instalar-telescopio-solar\/"},"wordCount":167,"image":{"@id":"https:\/\/portaltela.pt\/noticias\/2026\/03\/14\/equipa-portuguesa-parte-para-o-chile-para-instalar-telescopio-solar\/#primaryimage"},"thumbnailUrl":"https:\/\/portaltela.pt\/s.01k8rhncp4jt1\/2026\/03\/2073870.jpg","keywords":["astronomia","Chile","ci\u00eancia","investiga\u00e7\u00e3o","Porto","Portugal"],"articleSection":["Not\u00edcias"],"inLanguage":"pt-PT"},{"@type":"WebPage","@id":"https:\/\/portaltela.pt\/noticias\/2026\/03\/14\/equipa-portuguesa-parte-para-o-chile-para-instalar-telescopio-solar\/","url":"https:\/\/portaltela.pt\/noticias\/2026\/03\/14\/equipa-portuguesa-parte-para-o-chile-para-instalar-telescopio-solar\/","name":"Equipa portuguesa parte para o Chile para instalar telesc\u00f3pio solar - Portal Tela Portugal","isPartOf":{"@id":"https:\/\/portaltela.pt\/#website"},"primaryImageOfPage":{"@id":"https:\/\/portaltela.pt\/noticias\/2026\/03\/14\/equipa-portuguesa-parte-para-o-chile-para-instalar-telescopio-solar\/#primaryimage"},"image":{"@id":"https:\/\/portaltela.pt\/noticias\/2026\/03\/14\/equipa-portuguesa-parte-para-o-chile-para-instalar-telescopio-solar\/#primaryimage"},"thumbnailUrl":"https:\/\/portaltela.pt\/s.01k8rhncp4jt1\/2026\/03\/2073870.jpg","datePublished":"2026-03-14T07:15:00+00:00","author":{"@id":"https:\/\/portaltela.pt\/#\/schema\/person\/c4278d4a6028830caff9ee44b42d32ed"},"breadcrumb":{"@id":"https:\/\/portaltela.pt\/noticias\/2026\/03\/14\/equipa-portuguesa-parte-para-o-chile-para-instalar-telescopio-solar\/#breadcrumb"},"inLanguage":"pt-PT","potentialAction":[{"@type":"ReadAction","target":["https:\/\/portaltela.pt\/noticias\/2026\/03\/14\/equipa-portuguesa-parte-para-o-chile-para-instalar-telescopio-solar\/"]}]},{"@type":"ImageObject","inLanguage":"pt-PT","@id":"https:\/\/portaltela.pt\/noticias\/2026\/03\/14\/equipa-portuguesa-parte-para-o-chile-para-instalar-telescopio-solar\/#primaryimage","url":"https:\/\/portaltela.pt\/s.01k8rhncp4jt1\/2026\/03\/2073870.jpg","contentUrl":"https:\/\/portaltela.pt\/s.01k8rhncp4jt1\/2026\/03\/2073870.jpg","width":796,"height":448,"caption":"Imagem a\u00e9rea do observat\u00f3rio que o ESO tem vindo a operar no Paranal, no Chile"},{"@type":"BreadcrumbList","@id":"https:\/\/portaltela.pt\/noticias\/2026\/03\/14\/equipa-portuguesa-parte-para-o-chile-para-instalar-telescopio-solar\/#breadcrumb","itemListElement":[{"@type":"ListItem","position":1,"name":"In\u00edcio","item":"https:\/\/portaltela.pt\/"},{"@type":"ListItem","position":2,"name":"Equipa portuguesa parte para o Chile para instalar telesc\u00f3pio solar"}]},{"@type":"WebSite","@id":"https:\/\/portaltela.pt\/#website","url":"https:\/\/portaltela.pt\/","name":"Portal Tela Portugal","description":"","potentialAction":[{"@type":"SearchAction","target":{"@type":"EntryPoint","urlTemplate":"https:\/\/portaltela.pt\/?s={search_term_string}"},"query-input":{"@type":"PropertyValueSpecification","valueRequired":true,"valueName":"search_term_string"}}],"inLanguage":"pt-PT"},{"@type":"Person","@id":"https:\/\/portaltela.pt\/#\/schema\/person\/c4278d4a6028830caff9ee44b42d32ed","name":"Telinha","image":{"@type":"ImageObject","inLanguage":"pt-PT","@id":"https:\/\/portaltela.pt\/s.01k8rhncp4jt1\/2025\/11\/talking-bot-125x125.png","url":"https:\/\/portaltela.pt\/s.01k8rhncp4jt1\/2025\/11\/talking-bot-125x125.png","contentUrl":"https:\/\/portaltela.pt\/s.01k8rhncp4jt1\/2025\/11\/talking-bot-125x125.png","caption":"Telinha"},"sameAs":["https:\/\/portaltela.pt\/"],"url":"https:\/\/portaltela.pt\/por\/367410592786\/"}]}},"_links":{"self":[{"href":"https:\/\/portaltela.pt\/api\/wp\/v2\/posts\/409695","targetHints":{"allow":["GET"]}}],"collection":[{"href":"https:\/\/portaltela.pt\/api\/wp\/v2\/posts"}],"about":[{"href":"https:\/\/portaltela.pt\/api\/wp\/v2\/types\/post"}],"author":[{"embeddable":true,"href":"https:\/\/portaltela.pt\/api\/wp\/v2\/users\/2"}],"replies":[{"embeddable":true,"href":"https:\/\/portaltela.pt\/api\/wp\/v2\/comments?post=409695"}],"version-history":[{"count":0,"href":"https:\/\/portaltela.pt\/api\/wp\/v2\/posts\/409695\/revisions"}],"wp:featuredmedia":[{"embeddable":true,"href":"https:\/\/portaltela.pt\/api\/wp\/v2\/media\/409701"}],"wp:attachment":[{"href":"https:\/\/portaltela.pt\/api\/wp\/v2\/media?parent=409695"}],"wp:term":[{"taxonomy":"category","embeddable":true,"href":"https:\/\/portaltela.pt\/api\/wp\/v2\/categories?post=409695"},{"taxonomy":"post_tag","embeddable":true,"href":"https:\/\/portaltela.pt\/api\/wp\/v2\/tags?post=409695"}],"curies":[{"name":"wp","href":"https:\/\/api.w.org\/{rel}","templated":true}]}}