{"id":409690,"date":"2026-03-14T04:35:53","date_gmt":"2026-03-14T07:35:53","guid":{"rendered":"https:\/\/portaltela.pt\/noticias\/2026\/03\/14\/festivais-de-musica-portugueses-entre-os-nomeados-dos-iberian-festival-awards\/"},"modified":"2026-03-14T04:35:53","modified_gmt":"2026-03-14T07:35:53","slug":"festivais-de-musica-portugueses-entre-os-nomeados-dos-iberian-festival-awards","status":"publish","type":"post","link":"https:\/\/portaltela.pt\/musica\/2026\/03\/14\/festivais-de-musica-portugueses-entre-os-nomeados-dos-iberian-festival-awards\/","title":{"rendered":"Festivais de m\u00fasica portugueses entre os nomeados dos Iberian Festival Awards"},"content":{"rendered":"<p>V\u00e1rios festivais de m\u00fasica de Portugal est\u00e3o nomeados aos Iberian Festival Awards, que contam com mais de 25 categorias. Os vencedores ser\u00e3o anunciados numa cerim\u00f3nia em Ponta Delgada, este s\u00e1bado \u00e0 noite.<\/p>\n<p>Entre os nomeados est\u00e3o Afro Nation (Portim\u00e3o), Agit\u00c1gueda &#8212; Art Festival (\u00c1gueda), Festival M\u00fasicas do Mundo &#8211; FMM Sines e MEO Kalorama (Lisboa). Outras entidades portuguesas aparecem em v\u00e1rias categorias.<\/p>\n<p>A lista inclui Brunch Elektronic (Lisboa), Ageas CoolJazz (Cascais), N2 (Chaves), Tremor (Ponta Delgada), Neopop (Viana do Castelo), Summer Opening (Funchal) e MED (Loul\u00e9).<\/p>\n<h3>Lista de nomeados e formato das vota\u00e7\u00f5es<\/h3>\n<p>Algumas categorias s\u00e3o decididas por j\u00fari, outras pelo p\u00fablico. Vencedores de Melhor Grande Festival, Melhor Festival de M\u00e9dio Formato, Melhor Festival de Pequeno Formato, Melhor Novo Festival e Melhor Festival Indoor s\u00e3o escolhidos conforme o formato de cada pr\u00e9mio.<\/p>\n<p>A cerim\u00f3nia de entrega, que ter\u00e1 atua\u00e7\u00f5es ao vivo, est\u00e1 agendada para este s\u00e1bado em Ponta Delgada.<\/p>\n","protected":false},"excerpt":{"rendered":"<ul>\n<li>V\u00e1rios festivais portugueses est\u00e3o nomeados aos Iberian Festival Awards, cujos vencedores s\u00e3o anunciados numa cerim\u00f3nia em Ponta Delgada neste s\u00e1bado.<\/li>\n<li>O evento tem 25 categorias, al\u00e9m de dois pr\u00e9mios Excel\u00eancia, um para uma entidade e outro para uma personalidade.<\/li>\n<li>Entre os nomeados encontram-se Afro Nation (Portim\u00e3o), Agit\u00c1gueda \u2014 Art Festival (\u00c1gueda), Festival M\u00fasicas do Mundo \u2014 FMM Sines e MEO Kalorama (Lisboa), bem como Brunch Elektronic, Ageas CoolJazz, N2, Tremor, Neopop, Summer Opening, MED, Lisb-On Jardim Sonoro, MOGA Festival, Expofacic e Matosinhos em Jazz.<\/li>\n<li>Em algumas categorias, os vencedores s\u00e3o escolhidos por j\u00fari e noutras pelo p\u00fablico; exemplos incluem Melhor Grande Festival, Melhor Festival de M\u00e9dio Formato, Melhor Festival de Pequeno Formato, Melhor Novo Festival e Melhor Festival Indoor.<\/li>\n<li>A cerim\u00f3nia, que inclui atua\u00e7\u00f5es ao vivo, realiza-se este s\u00e1bado \u00e0 noite em Ponta Delgada.<\/li>\n<\/ul>\n","protected":false},"author":2,"featured_media":409700,"comment_status":"closed","ping_status":"closed","sticky":false,"template":"","format":"standard","meta":{"footnotes":""},"categories":[6676],"tags":[107,3674,981,122,2931,1014],"class_list":["post-409690","post","type-post","status-publish","format-standard","has-post-thumbnail","hentry","category-musica","tag-festivais","tag-festival","tag-lisboa","tag-musica","tag-ponta-delgada","tag-portugal"],"yoast_head":"<!-- This site is optimized with the Yoast SEO plugin v27.2 - https:\/\/yoast.com\/product\/yoast-seo-wordpress\/ -->\n<title>Festivais de m\u00fasica portugueses entre os nomeados dos Iberian Festival Awards - Portal Tela Portugal<\/title>\n<meta name=\"robots\" content=\"index, follow, max-snippet:-1, max-image-preview:large, max-video-preview:-1\" \/>\n<meta property=\"og:locale\" content=\"pt_PT\" \/>\n<meta property=\"og:type\" content=\"article\" \/>\n<meta property=\"og:title\" content=\"Festivais de m\u00fasica portugueses entre os nomeados dos Iberian Festival Awards - Portal Tela Portugal\" \/>\n<meta property=\"og:description\" content=\"V\u00e1rios festivais portugueses est\u00e3o nomeados aos Iberian Festival Awards, cujos vencedores s\u00e3o anunciados numa cerim\u00f3nia em Ponta Delgada neste s\u00e1bado. O evento tem 25 categorias, al\u00e9m de dois pr\u00e9mios Excel\u00eancia, um para uma entidade e outro para uma personalidade. Entre os nomeados encontram-se Afro Nation (Portim\u00e3o), Agit\u00c1gueda \u2014 Art Festival (\u00c1gueda), Festival M\u00fasicas do Mundo \u2014 FMM Sines e MEO Kalorama (Lisboa), bem como Brunch Elektronic, Ageas CoolJazz, N2, Tremor, Neopop, Summer Opening, MED, Lisb-On Jardim Sonoro, MOGA Festival, Expofacic e Matosinhos em Jazz. Em algumas categorias, os vencedores s\u00e3o escolhidos por j\u00fari e noutras pelo p\u00fablico; exemplos incluem Melhor Grande Festival, Melhor Festival de M\u00e9dio Formato, Melhor Festival de Pequeno Formato, Melhor Novo Festival e Melhor Festival Indoor. A cerim\u00f3nia, que inclui atua\u00e7\u00f5es ao vivo, realiza-se este s\u00e1bado \u00e0 noite em Ponta Delgada.\" \/>\n<meta property=\"og:url\" content=\"https:\/\/portaltela.pt\/noticias\/2026\/03\/14\/festivais-de-musica-portugueses-entre-os-nomeados-dos-iberian-festival-awards\/\" \/>\n<meta property=\"og:site_name\" content=\"Portal Tela Portugal\" \/>\n<meta property=\"article:published_time\" content=\"2026-03-14T07:35:53+00:00\" \/>\n<meta name=\"author\" content=\"Telinha\" \/>\n<meta name=\"twitter:card\" content=\"summary_large_image\" \/>\n<meta name=\"twitter:label1\" content=\"Escrito por\" \/>\n\t<meta name=\"twitter:data1\" content=\"Telinha\" \/>\n\t<meta name=\"twitter:label2\" content=\"Tempo estimado de leitura\" \/>\n\t<meta name=\"twitter:data2\" content=\"1 minuto\" \/>\n<script type=\"application\/ld+json\" class=\"yoast-schema-graph\">{\"@context\":\"https:\/\/schema.org\",\"@graph\":[{\"@type\":\"Article\",\"@id\":\"https:\/\/portaltela.pt\/noticias\/2026\/03\/14\/festivais-de-musica-portugueses-entre-os-nomeados-dos-iberian-festival-awards\/#article\",\"isPartOf\":{\"@id\":\"https:\/\/portaltela.pt\/noticias\/2026\/03\/14\/festivais-de-musica-portugueses-entre-os-nomeados-dos-iberian-festival-awards\/\"},\"author\":{\"name\":\"Telinha\",\"@id\":\"https:\/\/portaltela.pt\/#\/schema\/person\/c4278d4a6028830caff9ee44b42d32ed\"},\"headline\":\"Festivais de m\u00fasica portugueses entre os nomeados dos Iberian Festival Awards\",\"datePublished\":\"2026-03-14T07:35:53+00:00\",\"mainEntityOfPage\":{\"@id\":\"https:\/\/portaltela.pt\/noticias\/2026\/03\/14\/festivais-de-musica-portugueses-entre-os-nomeados-dos-iberian-festival-awards\/\"},\"wordCount\":180,\"image\":{\"@id\":\"https:\/\/portaltela.pt\/noticias\/2026\/03\/14\/festivais-de-musica-portugueses-entre-os-nomeados-dos-iberian-festival-awards\/#primaryimage\"},\"thumbnailUrl\":\"https:\/\/portaltela.pt\/s.01k8rhncp4jt1\/2026\/03\/img_1280x721uu2023-07-02-21-41-41-1385727.jpg\",\"keywords\":[\"festivais\",\"festival\",\"Lisboa\",\"m\u00fasica\",\"Ponta Delgada\",\"Portugal\"],\"articleSection\":[\"M\u00fasica\"],\"inLanguage\":\"pt-PT\"},{\"@type\":\"WebPage\",\"@id\":\"https:\/\/portaltela.pt\/noticias\/2026\/03\/14\/festivais-de-musica-portugueses-entre-os-nomeados-dos-iberian-festival-awards\/\",\"url\":\"https:\/\/portaltela.pt\/noticias\/2026\/03\/14\/festivais-de-musica-portugueses-entre-os-nomeados-dos-iberian-festival-awards\/\",\"name\":\"Festivais de m\u00fasica portugueses entre os nomeados dos Iberian Festival Awards - Portal Tela Portugal\",\"isPartOf\":{\"@id\":\"https:\/\/portaltela.pt\/#website\"},\"primaryImageOfPage\":{\"@id\":\"https:\/\/portaltela.pt\/noticias\/2026\/03\/14\/festivais-de-musica-portugueses-entre-os-nomeados-dos-iberian-festival-awards\/#primaryimage\"},\"image\":{\"@id\":\"https:\/\/portaltela.pt\/noticias\/2026\/03\/14\/festivais-de-musica-portugueses-entre-os-nomeados-dos-iberian-festival-awards\/#primaryimage\"},\"thumbnailUrl\":\"https:\/\/portaltela.pt\/s.01k8rhncp4jt1\/2026\/03\/img_1280x721uu2023-07-02-21-41-41-1385727.jpg\",\"datePublished\":\"2026-03-14T07:35:53+00:00\",\"author\":{\"@id\":\"https:\/\/portaltela.pt\/#\/schema\/person\/c4278d4a6028830caff9ee44b42d32ed\"},\"breadcrumb\":{\"@id\":\"https:\/\/portaltela.pt\/noticias\/2026\/03\/14\/festivais-de-musica-portugueses-entre-os-nomeados-dos-iberian-festival-awards\/#breadcrumb\"},\"inLanguage\":\"pt-PT\",\"potentialAction\":[{\"@type\":\"ReadAction\",\"target\":[\"https:\/\/portaltela.pt\/noticias\/2026\/03\/14\/festivais-de-musica-portugueses-entre-os-nomeados-dos-iberian-festival-awards\/\"]}]},{\"@type\":\"ImageObject\",\"inLanguage\":\"pt-PT\",\"@id\":\"https:\/\/portaltela.pt\/noticias\/2026\/03\/14\/festivais-de-musica-portugueses-entre-os-nomeados-dos-iberian-festival-awards\/#primaryimage\",\"url\":\"https:\/\/portaltela.pt\/s.01k8rhncp4jt1\/2026\/03\/img_1280x721uu2023-07-02-21-41-41-1385727.jpg\",\"contentUrl\":\"https:\/\/portaltela.pt\/s.01k8rhncp4jt1\/2026\/03\/img_1280x721uu2023-07-02-21-41-41-1385727.jpg\",\"width\":796,\"height\":448,\"caption\":\"Afro Nation\"},{\"@type\":\"BreadcrumbList\",\"@id\":\"https:\/\/portaltela.pt\/noticias\/2026\/03\/14\/festivais-de-musica-portugueses-entre-os-nomeados-dos-iberian-festival-awards\/#breadcrumb\",\"itemListElement\":[{\"@type\":\"ListItem\",\"position\":1,\"name\":\"In\u00edcio\",\"item\":\"https:\/\/portaltela.pt\/\"},{\"@type\":\"ListItem\",\"position\":2,\"name\":\"Festivais de m\u00fasica portugueses entre os nomeados dos Iberian Festival Awards\"}]},{\"@type\":\"WebSite\",\"@id\":\"https:\/\/portaltela.pt\/#website\",\"url\":\"https:\/\/portaltela.pt\/\",\"name\":\"Portal Tela Portugal\",\"description\":\"\",\"potentialAction\":[{\"@type\":\"SearchAction\",\"target\":{\"@type\":\"EntryPoint\",\"urlTemplate\":\"https:\/\/portaltela.pt\/?s={search_term_string}\"},\"query-input\":{\"@type\":\"PropertyValueSpecification\",\"valueRequired\":true,\"valueName\":\"search_term_string\"}}],\"inLanguage\":\"pt-PT\"},{\"@type\":\"Person\",\"@id\":\"https:\/\/portaltela.pt\/#\/schema\/person\/c4278d4a6028830caff9ee44b42d32ed\",\"name\":\"Telinha\",\"image\":{\"@type\":\"ImageObject\",\"inLanguage\":\"pt-PT\",\"@id\":\"https:\/\/portaltela.pt\/s.01k8rhncp4jt1\/2025\/11\/talking-bot-125x125.png\",\"url\":\"https:\/\/portaltela.pt\/s.01k8rhncp4jt1\/2025\/11\/talking-bot-125x125.png\",\"contentUrl\":\"https:\/\/portaltela.pt\/s.01k8rhncp4jt1\/2025\/11\/talking-bot-125x125.png\",\"caption\":\"Telinha\"},\"sameAs\":[\"https:\/\/portaltela.pt\/\"],\"url\":\"https:\/\/portaltela.pt\/por\/367410592786\/\"}]}<\/script>\n<!-- \/ Yoast SEO plugin. -->","yoast_head_json":{"title":"Festivais de m\u00fasica portugueses entre os nomeados dos Iberian Festival Awards - Portal Tela Portugal","robots":{"index":"index","follow":"follow","max-snippet":"max-snippet:-1","max-image-preview":"max-image-preview:large","max-video-preview":"max-video-preview:-1"},"og_locale":"pt_PT","og_type":"article","og_title":"Festivais de m\u00fasica portugueses entre os nomeados dos Iberian Festival Awards - Portal Tela Portugal","og_description":"V\u00e1rios festivais portugueses est\u00e3o nomeados aos Iberian Festival Awards, cujos vencedores s\u00e3o anunciados numa cerim\u00f3nia em Ponta Delgada neste s\u00e1bado. O evento tem 25 categorias, al\u00e9m de dois pr\u00e9mios Excel\u00eancia, um para uma entidade e outro para uma personalidade. Entre os nomeados encontram-se Afro Nation (Portim\u00e3o), Agit\u00c1gueda \u2014 Art Festival (\u00c1gueda), Festival M\u00fasicas do Mundo \u2014 FMM Sines e MEO Kalorama (Lisboa), bem como Brunch Elektronic, Ageas CoolJazz, N2, Tremor, Neopop, Summer Opening, MED, Lisb-On Jardim Sonoro, MOGA Festival, Expofacic e Matosinhos em Jazz. Em algumas categorias, os vencedores s\u00e3o escolhidos por j\u00fari e noutras pelo p\u00fablico; exemplos incluem Melhor Grande Festival, Melhor Festival de M\u00e9dio Formato, Melhor Festival de Pequeno Formato, Melhor Novo Festival e Melhor Festival Indoor. A cerim\u00f3nia, que inclui atua\u00e7\u00f5es ao vivo, realiza-se este s\u00e1bado \u00e0 noite em Ponta Delgada.","og_url":"https:\/\/portaltela.pt\/noticias\/2026\/03\/14\/festivais-de-musica-portugueses-entre-os-nomeados-dos-iberian-festival-awards\/","og_site_name":"Portal Tela Portugal","article_published_time":"2026-03-14T07:35:53+00:00","author":"Telinha","twitter_card":"summary_large_image","twitter_misc":{"Escrito por":"Telinha","Tempo estimado de leitura":"1 minuto"},"schema":{"@context":"https:\/\/schema.org","@graph":[{"@type":"Article","@id":"https:\/\/portaltela.pt\/noticias\/2026\/03\/14\/festivais-de-musica-portugueses-entre-os-nomeados-dos-iberian-festival-awards\/#article","isPartOf":{"@id":"https:\/\/portaltela.pt\/noticias\/2026\/03\/14\/festivais-de-musica-portugueses-entre-os-nomeados-dos-iberian-festival-awards\/"},"author":{"name":"Telinha","@id":"https:\/\/portaltela.pt\/#\/schema\/person\/c4278d4a6028830caff9ee44b42d32ed"},"headline":"Festivais de m\u00fasica portugueses entre os nomeados dos Iberian Festival Awards","datePublished":"2026-03-14T07:35:53+00:00","mainEntityOfPage":{"@id":"https:\/\/portaltela.pt\/noticias\/2026\/03\/14\/festivais-de-musica-portugueses-entre-os-nomeados-dos-iberian-festival-awards\/"},"wordCount":180,"image":{"@id":"https:\/\/portaltela.pt\/noticias\/2026\/03\/14\/festivais-de-musica-portugueses-entre-os-nomeados-dos-iberian-festival-awards\/#primaryimage"},"thumbnailUrl":"https:\/\/portaltela.pt\/s.01k8rhncp4jt1\/2026\/03\/img_1280x721uu2023-07-02-21-41-41-1385727.jpg","keywords":["festivais","festival","Lisboa","m\u00fasica","Ponta Delgada","Portugal"],"articleSection":["M\u00fasica"],"inLanguage":"pt-PT"},{"@type":"WebPage","@id":"https:\/\/portaltela.pt\/noticias\/2026\/03\/14\/festivais-de-musica-portugueses-entre-os-nomeados-dos-iberian-festival-awards\/","url":"https:\/\/portaltela.pt\/noticias\/2026\/03\/14\/festivais-de-musica-portugueses-entre-os-nomeados-dos-iberian-festival-awards\/","name":"Festivais de m\u00fasica portugueses entre os nomeados dos Iberian Festival Awards - Portal Tela Portugal","isPartOf":{"@id":"https:\/\/portaltela.pt\/#website"},"primaryImageOfPage":{"@id":"https:\/\/portaltela.pt\/noticias\/2026\/03\/14\/festivais-de-musica-portugueses-entre-os-nomeados-dos-iberian-festival-awards\/#primaryimage"},"image":{"@id":"https:\/\/portaltela.pt\/noticias\/2026\/03\/14\/festivais-de-musica-portugueses-entre-os-nomeados-dos-iberian-festival-awards\/#primaryimage"},"thumbnailUrl":"https:\/\/portaltela.pt\/s.01k8rhncp4jt1\/2026\/03\/img_1280x721uu2023-07-02-21-41-41-1385727.jpg","datePublished":"2026-03-14T07:35:53+00:00","author":{"@id":"https:\/\/portaltela.pt\/#\/schema\/person\/c4278d4a6028830caff9ee44b42d32ed"},"breadcrumb":{"@id":"https:\/\/portaltela.pt\/noticias\/2026\/03\/14\/festivais-de-musica-portugueses-entre-os-nomeados-dos-iberian-festival-awards\/#breadcrumb"},"inLanguage":"pt-PT","potentialAction":[{"@type":"ReadAction","target":["https:\/\/portaltela.pt\/noticias\/2026\/03\/14\/festivais-de-musica-portugueses-entre-os-nomeados-dos-iberian-festival-awards\/"]}]},{"@type":"ImageObject","inLanguage":"pt-PT","@id":"https:\/\/portaltela.pt\/noticias\/2026\/03\/14\/festivais-de-musica-portugueses-entre-os-nomeados-dos-iberian-festival-awards\/#primaryimage","url":"https:\/\/portaltela.pt\/s.01k8rhncp4jt1\/2026\/03\/img_1280x721uu2023-07-02-21-41-41-1385727.jpg","contentUrl":"https:\/\/portaltela.pt\/s.01k8rhncp4jt1\/2026\/03\/img_1280x721uu2023-07-02-21-41-41-1385727.jpg","width":796,"height":448,"caption":"Afro Nation"},{"@type":"BreadcrumbList","@id":"https:\/\/portaltela.pt\/noticias\/2026\/03\/14\/festivais-de-musica-portugueses-entre-os-nomeados-dos-iberian-festival-awards\/#breadcrumb","itemListElement":[{"@type":"ListItem","position":1,"name":"In\u00edcio","item":"https:\/\/portaltela.pt\/"},{"@type":"ListItem","position":2,"name":"Festivais de m\u00fasica portugueses entre os nomeados dos Iberian Festival Awards"}]},{"@type":"WebSite","@id":"https:\/\/portaltela.pt\/#website","url":"https:\/\/portaltela.pt\/","name":"Portal Tela Portugal","description":"","potentialAction":[{"@type":"SearchAction","target":{"@type":"EntryPoint","urlTemplate":"https:\/\/portaltela.pt\/?s={search_term_string}"},"query-input":{"@type":"PropertyValueSpecification","valueRequired":true,"valueName":"search_term_string"}}],"inLanguage":"pt-PT"},{"@type":"Person","@id":"https:\/\/portaltela.pt\/#\/schema\/person\/c4278d4a6028830caff9ee44b42d32ed","name":"Telinha","image":{"@type":"ImageObject","inLanguage":"pt-PT","@id":"https:\/\/portaltela.pt\/s.01k8rhncp4jt1\/2025\/11\/talking-bot-125x125.png","url":"https:\/\/portaltela.pt\/s.01k8rhncp4jt1\/2025\/11\/talking-bot-125x125.png","contentUrl":"https:\/\/portaltela.pt\/s.01k8rhncp4jt1\/2025\/11\/talking-bot-125x125.png","caption":"Telinha"},"sameAs":["https:\/\/portaltela.pt\/"],"url":"https:\/\/portaltela.pt\/por\/367410592786\/"}]}},"_links":{"self":[{"href":"https:\/\/portaltela.pt\/api\/wp\/v2\/posts\/409690","targetHints":{"allow":["GET"]}}],"collection":[{"href":"https:\/\/portaltela.pt\/api\/wp\/v2\/posts"}],"about":[{"href":"https:\/\/portaltela.pt\/api\/wp\/v2\/types\/post"}],"author":[{"embeddable":true,"href":"https:\/\/portaltela.pt\/api\/wp\/v2\/users\/2"}],"replies":[{"embeddable":true,"href":"https:\/\/portaltela.pt\/api\/wp\/v2\/comments?post=409690"}],"version-history":[{"count":0,"href":"https:\/\/portaltela.pt\/api\/wp\/v2\/posts\/409690\/revisions"}],"wp:featuredmedia":[{"embeddable":true,"href":"https:\/\/portaltela.pt\/api\/wp\/v2\/media\/409700"}],"wp:attachment":[{"href":"https:\/\/portaltela.pt\/api\/wp\/v2\/media?parent=409690"}],"wp:term":[{"taxonomy":"category","embeddable":true,"href":"https:\/\/portaltela.pt\/api\/wp\/v2\/categories?post=409690"},{"taxonomy":"post_tag","embeddable":true,"href":"https:\/\/portaltela.pt\/api\/wp\/v2\/tags?post=409690"}],"curies":[{"name":"wp","href":"https:\/\/api.w.org\/{rel}","templated":true}]}}