{"id":409683,"date":"2026-03-14T04:30:00","date_gmt":"2026-03-14T07:30:00","guid":{"rendered":"https:\/\/portaltela.pt\/noticias\/2026\/03\/14\/brasileira-cria-rede-digital-de-apoio-para-cuidadores-de-pacientes\/"},"modified":"2026-03-14T04:30:00","modified_gmt":"2026-03-14T07:30:00","slug":"brasileira-cria-rede-digital-de-apoio-para-cuidadores-de-pacientes","status":"publish","type":"post","link":"https:\/\/portaltela.pt\/saude\/2026\/03\/14\/brasileira-cria-rede-digital-de-apoio-para-cuidadores-de-pacientes\/","title":{"rendered":"Brasileira cria rede digital de apoio para cuidadores de pacientes"},"content":{"rendered":"<p>Marina Ortiz Caiuby, de S\u00e3o Paulo para Lisboa, criou h\u00e1 cerca de seis meses uma rede de apoio dirigida a cuidadores de pessoas com problemas de sa\u00fade. O The Together Hub surge como plataforma digital para oferecer apoio emocional, conte\u00fados informativos e espa\u00e7o de intera\u00e7\u00e3o entre cuidadores n\u00e3o profissionais.<\/p>\n<p>A ideia nasceu ap\u00f3s v\u00e1rias mudan\u00e7as na vida da empreendedora: MBA em Barcelona, passagem por Espanha, e uma mudan\u00e7a para Portugal h\u00e1 sete anos. A pandemia tamb\u00e9m influenciou o percurso, com ajuste de prioridades profissionais e pessoais.<\/p>\n<p>O projeto n\u00e3o surgiu com modelo de neg\u00f3cios definido. Inicialmente, Marina escreveu textos sobre a experi\u00eancia pessoal para organizar reflex\u00f5es e ajudar quem vive situa\u00e7\u00f5es semelhantes. Logo percebeu a aus\u00eancia de espa\u00e7os de partilha entre cuidadores.<\/p>\n<p>O The Together Hub re\u00fane conte\u00fados informativos e um chat de comunica\u00e7\u00e3o entre cuidadores, com acesso gratuito aos textos. A participa\u00e7\u00e3o no chat ocorre mediante uma contribui\u00e7\u00e3o financeira. A plataforma prev\u00ea, a curto prazo, grupos de apoio online e encontros presenciais.<\/p>\n<p>Al\u00e9m de apoiar cuidadores, o projeto pretende envolver empresas e institui\u00e7\u00f5es de sa\u00fade. O objetivo \u00e9 criar programas estruturados de apoio a colaboradores que exercem estas fun\u00e7\u00f5es, bem como oferecer forma\u00e7\u00e3o para lidar com situa\u00e7\u00f5es cl\u00ednicas complexas.<\/p>\n<p>Marina destaca que o cuidador n\u00e3o profissional \u00e9 frequentemente invis\u00edvel, apesar de fazer parte do \u201ctime de cuidados\u201d. A perspetiva \u00e9 reduzir emerg\u00eancias e antecipar complica\u00e7\u00f5es com forma\u00e7\u00e3o adequada e rede de apoio.<\/p>\n<p>A l\u00edder do projeto aponta para o envelhecimento acelerado da popula\u00e7\u00e3o em Portugal como contexto relevante. A experi\u00eancia de cuidadores familiares em idade avan\u00e7ada \u00e9 cada vez mais comum, o que imp\u00f5e novos desafios aos sistemas de sa\u00fade e \u00e0s fam\u00edlias.<\/p>\n<p>O pr\u00f3ximo passo passa por ampliar a comunidade e intensificar a rede de apoio entre cuidadores. A iniciativa tamb\u00e9m visa promover mudan\u00e7as culturais na perce\u00e7\u00e3o social do papel do cuidador.<\/p>\n","protected":false},"excerpt":{"rendered":"<ul>\n<li>Marina Ortiz Caiuby, brasileira que vive em Lisboa, criou h\u00e1 cerca de seis meses a rede de apoio digital The Together Hub para cuidadores n\u00e3o profissionais.<\/li>\n<li>A plataforma oferece conte\u00fados informativos, espa\u00e7o de intera\u00e7\u00e3o entre cuidadores e, futuramente, grupos de apoio estruturados; o acesso aos textos \u00e9 gratuito, enquanto o chat requer uma contribui\u00e7\u00e3o financeira.<\/li>\n<li>A iniciativa nasceu da sensa\u00e7\u00e3o de invisibilidade vivida pelos cuidadores durante o tratamento do marido, que esteve internado por doen\u00e7a autoimune, em Lisboa.<\/li>\n<li>A autora pretende ainda envolver empresas e institui\u00e7\u00f5es de sa\u00fade para desenvolver programas de apoio a funcion\u00e1rios cuidadores e promover forma\u00e7\u00e3o que melhore a gest\u00e3o de situa\u00e7\u00f5es cl\u00ednicas complexas.<\/li>\n<li>O objetivo \u00e9 expandir a comunidade, fortalecer a rede de apoio entre cuidadores e promover mudan\u00e7as culturais na perce\u00e7\u00e3o social do papel destes profissionais, em resposta ao envelhecimento da popula\u00e7\u00e3o em Portugal.<\/li>\n<\/ul>\n","protected":false},"author":2,"featured_media":409692,"comment_status":"closed","ping_status":"closed","sticky":false,"template":"","format":"standard","meta":{"footnotes":""},"categories":[1,6745],"tags":[3035,5780,5371,33,1014,172],"class_list":["post-409683","post","type-post","status-publish","format-standard","has-post-thumbnail","hentry","category-noticias","category-saude","tag-comunidade","tag-cuidadores","tag-cuidados-de-saude","tag-inovacao","tag-portugal","tag-saude"],"yoast_head":"<!-- This site is optimized with the Yoast SEO plugin v27.2 - https:\/\/yoast.com\/product\/yoast-seo-wordpress\/ -->\n<title>Brasileira cria rede digital de apoio para cuidadores de pacientes - Portal Tela Portugal<\/title>\n<meta name=\"robots\" content=\"index, follow, max-snippet:-1, max-image-preview:large, max-video-preview:-1\" \/>\n<meta property=\"og:locale\" content=\"pt_PT\" \/>\n<meta property=\"og:type\" content=\"article\" \/>\n<meta property=\"og:title\" content=\"Brasileira cria rede digital de apoio para cuidadores de pacientes - Portal Tela Portugal\" \/>\n<meta property=\"og:description\" content=\"Marina Ortiz Caiuby, brasileira que vive em Lisboa, criou h\u00e1 cerca de seis meses a rede de apoio digital The Together Hub para cuidadores n\u00e3o profissionais. A plataforma oferece conte\u00fados informativos, espa\u00e7o de intera\u00e7\u00e3o entre cuidadores e, futuramente, grupos de apoio estruturados; o acesso aos textos \u00e9 gratuito, enquanto o chat requer uma contribui\u00e7\u00e3o financeira. A iniciativa nasceu da sensa\u00e7\u00e3o de invisibilidade vivida pelos cuidadores durante o tratamento do marido, que esteve internado por doen\u00e7a autoimune, em Lisboa. A autora pretende ainda envolver empresas e institui\u00e7\u00f5es de sa\u00fade para desenvolver programas de apoio a funcion\u00e1rios cuidadores e promover forma\u00e7\u00e3o que melhore a gest\u00e3o de situa\u00e7\u00f5es cl\u00ednicas complexas. O objetivo \u00e9 expandir a comunidade, fortalecer a rede de apoio entre cuidadores e promover mudan\u00e7as culturais na perce\u00e7\u00e3o social do papel destes profissionais, em resposta ao envelhecimento da popula\u00e7\u00e3o em Portugal.\" \/>\n<meta property=\"og:url\" content=\"https:\/\/portaltela.pt\/noticias\/2026\/03\/14\/brasileira-cria-rede-digital-de-apoio-para-cuidadores-de-pacientes\/\" \/>\n<meta property=\"og:site_name\" content=\"Portal Tela Portugal\" \/>\n<meta property=\"article:published_time\" content=\"2026-03-14T07:30:00+00:00\" \/>\n<meta name=\"author\" content=\"Telinha\" \/>\n<meta name=\"twitter:card\" content=\"summary_large_image\" \/>\n<meta name=\"twitter:label1\" content=\"Escrito por\" \/>\n\t<meta name=\"twitter:data1\" content=\"Telinha\" \/>\n\t<meta name=\"twitter:label2\" content=\"Tempo estimado de leitura\" \/>\n\t<meta name=\"twitter:data2\" content=\"2 minutos\" \/>\n<script type=\"application\/ld+json\" class=\"yoast-schema-graph\">{\"@context\":\"https:\/\/schema.org\",\"@graph\":[{\"@type\":\"Article\",\"@id\":\"https:\/\/portaltela.pt\/noticias\/2026\/03\/14\/brasileira-cria-rede-digital-de-apoio-para-cuidadores-de-pacientes\/#article\",\"isPartOf\":{\"@id\":\"https:\/\/portaltela.pt\/noticias\/2026\/03\/14\/brasileira-cria-rede-digital-de-apoio-para-cuidadores-de-pacientes\/\"},\"author\":{\"name\":\"Telinha\",\"@id\":\"https:\/\/portaltela.pt\/#\/schema\/person\/c4278d4a6028830caff9ee44b42d32ed\"},\"headline\":\"Brasileira cria rede digital de apoio para cuidadores de pacientes\",\"datePublished\":\"2026-03-14T07:30:00+00:00\",\"mainEntityOfPage\":{\"@id\":\"https:\/\/portaltela.pt\/noticias\/2026\/03\/14\/brasileira-cria-rede-digital-de-apoio-para-cuidadores-de-pacientes\/\"},\"wordCount\":356,\"image\":{\"@id\":\"https:\/\/portaltela.pt\/noticias\/2026\/03\/14\/brasileira-cria-rede-digital-de-apoio-para-cuidadores-de-pacientes\/#primaryimage\"},\"thumbnailUrl\":\"https:\/\/portaltela.pt\/s.01k8rhncp4jt1\/2026\/03\/2074064.jpg\",\"keywords\":[\"comunidade\",\"cuidadores\",\"cuidados de sa\u00fade\",\"inova\u00e7\u00e3o\",\"Portugal\",\"sa\u00fade\"],\"articleSection\":[\"Not\u00edcias\",\"Sa\u00fade\"],\"inLanguage\":\"pt-PT\"},{\"@type\":\"WebPage\",\"@id\":\"https:\/\/portaltela.pt\/noticias\/2026\/03\/14\/brasileira-cria-rede-digital-de-apoio-para-cuidadores-de-pacientes\/\",\"url\":\"https:\/\/portaltela.pt\/noticias\/2026\/03\/14\/brasileira-cria-rede-digital-de-apoio-para-cuidadores-de-pacientes\/\",\"name\":\"Brasileira cria rede digital de apoio para cuidadores de pacientes - Portal Tela Portugal\",\"isPartOf\":{\"@id\":\"https:\/\/portaltela.pt\/#website\"},\"primaryImageOfPage\":{\"@id\":\"https:\/\/portaltela.pt\/noticias\/2026\/03\/14\/brasileira-cria-rede-digital-de-apoio-para-cuidadores-de-pacientes\/#primaryimage\"},\"image\":{\"@id\":\"https:\/\/portaltela.pt\/noticias\/2026\/03\/14\/brasileira-cria-rede-digital-de-apoio-para-cuidadores-de-pacientes\/#primaryimage\"},\"thumbnailUrl\":\"https:\/\/portaltela.pt\/s.01k8rhncp4jt1\/2026\/03\/2074064.jpg\",\"datePublished\":\"2026-03-14T07:30:00+00:00\",\"author\":{\"@id\":\"https:\/\/portaltela.pt\/#\/schema\/person\/c4278d4a6028830caff9ee44b42d32ed\"},\"breadcrumb\":{\"@id\":\"https:\/\/portaltela.pt\/noticias\/2026\/03\/14\/brasileira-cria-rede-digital-de-apoio-para-cuidadores-de-pacientes\/#breadcrumb\"},\"inLanguage\":\"pt-PT\",\"potentialAction\":[{\"@type\":\"ReadAction\",\"target\":[\"https:\/\/portaltela.pt\/noticias\/2026\/03\/14\/brasileira-cria-rede-digital-de-apoio-para-cuidadores-de-pacientes\/\"]}]},{\"@type\":\"ImageObject\",\"inLanguage\":\"pt-PT\",\"@id\":\"https:\/\/portaltela.pt\/noticias\/2026\/03\/14\/brasileira-cria-rede-digital-de-apoio-para-cuidadores-de-pacientes\/#primaryimage\",\"url\":\"https:\/\/portaltela.pt\/s.01k8rhncp4jt1\/2026\/03\/2074064.jpg\",\"contentUrl\":\"https:\/\/portaltela.pt\/s.01k8rhncp4jt1\/2026\/03\/2074064.jpg\",\"width\":796,\"height\":448,\"caption\":\"The Together Hub, criada pela paulistana Marina Ortiz Caiuby, quer dar mais holofote aos cuidadores n\u00e3o profissionais\"},{\"@type\":\"BreadcrumbList\",\"@id\":\"https:\/\/portaltela.pt\/noticias\/2026\/03\/14\/brasileira-cria-rede-digital-de-apoio-para-cuidadores-de-pacientes\/#breadcrumb\",\"itemListElement\":[{\"@type\":\"ListItem\",\"position\":1,\"name\":\"In\u00edcio\",\"item\":\"https:\/\/portaltela.pt\/\"},{\"@type\":\"ListItem\",\"position\":2,\"name\":\"Brasileira cria rede digital de apoio para cuidadores de pacientes\"}]},{\"@type\":\"WebSite\",\"@id\":\"https:\/\/portaltela.pt\/#website\",\"url\":\"https:\/\/portaltela.pt\/\",\"name\":\"Portal Tela Portugal\",\"description\":\"\",\"potentialAction\":[{\"@type\":\"SearchAction\",\"target\":{\"@type\":\"EntryPoint\",\"urlTemplate\":\"https:\/\/portaltela.pt\/?s={search_term_string}\"},\"query-input\":{\"@type\":\"PropertyValueSpecification\",\"valueRequired\":true,\"valueName\":\"search_term_string\"}}],\"inLanguage\":\"pt-PT\"},{\"@type\":\"Person\",\"@id\":\"https:\/\/portaltela.pt\/#\/schema\/person\/c4278d4a6028830caff9ee44b42d32ed\",\"name\":\"Telinha\",\"image\":{\"@type\":\"ImageObject\",\"inLanguage\":\"pt-PT\",\"@id\":\"https:\/\/portaltela.pt\/s.01k8rhncp4jt1\/2025\/11\/talking-bot-125x125.png\",\"url\":\"https:\/\/portaltela.pt\/s.01k8rhncp4jt1\/2025\/11\/talking-bot-125x125.png\",\"contentUrl\":\"https:\/\/portaltela.pt\/s.01k8rhncp4jt1\/2025\/11\/talking-bot-125x125.png\",\"caption\":\"Telinha\"},\"sameAs\":[\"https:\/\/portaltela.pt\/\"],\"url\":\"https:\/\/portaltela.pt\/por\/367410592786\/\"}]}<\/script>\n<!-- \/ Yoast SEO plugin. -->","yoast_head_json":{"title":"Brasileira cria rede digital de apoio para cuidadores de pacientes - Portal Tela Portugal","robots":{"index":"index","follow":"follow","max-snippet":"max-snippet:-1","max-image-preview":"max-image-preview:large","max-video-preview":"max-video-preview:-1"},"og_locale":"pt_PT","og_type":"article","og_title":"Brasileira cria rede digital de apoio para cuidadores de pacientes - Portal Tela Portugal","og_description":"Marina Ortiz Caiuby, brasileira que vive em Lisboa, criou h\u00e1 cerca de seis meses a rede de apoio digital The Together Hub para cuidadores n\u00e3o profissionais. A plataforma oferece conte\u00fados informativos, espa\u00e7o de intera\u00e7\u00e3o entre cuidadores e, futuramente, grupos de apoio estruturados; o acesso aos textos \u00e9 gratuito, enquanto o chat requer uma contribui\u00e7\u00e3o financeira. A iniciativa nasceu da sensa\u00e7\u00e3o de invisibilidade vivida pelos cuidadores durante o tratamento do marido, que esteve internado por doen\u00e7a autoimune, em Lisboa. A autora pretende ainda envolver empresas e institui\u00e7\u00f5es de sa\u00fade para desenvolver programas de apoio a funcion\u00e1rios cuidadores e promover forma\u00e7\u00e3o que melhore a gest\u00e3o de situa\u00e7\u00f5es cl\u00ednicas complexas. O objetivo \u00e9 expandir a comunidade, fortalecer a rede de apoio entre cuidadores e promover mudan\u00e7as culturais na perce\u00e7\u00e3o social do papel destes profissionais, em resposta ao envelhecimento da popula\u00e7\u00e3o em Portugal.","og_url":"https:\/\/portaltela.pt\/noticias\/2026\/03\/14\/brasileira-cria-rede-digital-de-apoio-para-cuidadores-de-pacientes\/","og_site_name":"Portal Tela Portugal","article_published_time":"2026-03-14T07:30:00+00:00","author":"Telinha","twitter_card":"summary_large_image","twitter_misc":{"Escrito por":"Telinha","Tempo estimado de leitura":"2 minutos"},"schema":{"@context":"https:\/\/schema.org","@graph":[{"@type":"Article","@id":"https:\/\/portaltela.pt\/noticias\/2026\/03\/14\/brasileira-cria-rede-digital-de-apoio-para-cuidadores-de-pacientes\/#article","isPartOf":{"@id":"https:\/\/portaltela.pt\/noticias\/2026\/03\/14\/brasileira-cria-rede-digital-de-apoio-para-cuidadores-de-pacientes\/"},"author":{"name":"Telinha","@id":"https:\/\/portaltela.pt\/#\/schema\/person\/c4278d4a6028830caff9ee44b42d32ed"},"headline":"Brasileira cria rede digital de apoio para cuidadores de pacientes","datePublished":"2026-03-14T07:30:00+00:00","mainEntityOfPage":{"@id":"https:\/\/portaltela.pt\/noticias\/2026\/03\/14\/brasileira-cria-rede-digital-de-apoio-para-cuidadores-de-pacientes\/"},"wordCount":356,"image":{"@id":"https:\/\/portaltela.pt\/noticias\/2026\/03\/14\/brasileira-cria-rede-digital-de-apoio-para-cuidadores-de-pacientes\/#primaryimage"},"thumbnailUrl":"https:\/\/portaltela.pt\/s.01k8rhncp4jt1\/2026\/03\/2074064.jpg","keywords":["comunidade","cuidadores","cuidados de sa\u00fade","inova\u00e7\u00e3o","Portugal","sa\u00fade"],"articleSection":["Not\u00edcias","Sa\u00fade"],"inLanguage":"pt-PT"},{"@type":"WebPage","@id":"https:\/\/portaltela.pt\/noticias\/2026\/03\/14\/brasileira-cria-rede-digital-de-apoio-para-cuidadores-de-pacientes\/","url":"https:\/\/portaltela.pt\/noticias\/2026\/03\/14\/brasileira-cria-rede-digital-de-apoio-para-cuidadores-de-pacientes\/","name":"Brasileira cria rede digital de apoio para cuidadores de pacientes - Portal Tela Portugal","isPartOf":{"@id":"https:\/\/portaltela.pt\/#website"},"primaryImageOfPage":{"@id":"https:\/\/portaltela.pt\/noticias\/2026\/03\/14\/brasileira-cria-rede-digital-de-apoio-para-cuidadores-de-pacientes\/#primaryimage"},"image":{"@id":"https:\/\/portaltela.pt\/noticias\/2026\/03\/14\/brasileira-cria-rede-digital-de-apoio-para-cuidadores-de-pacientes\/#primaryimage"},"thumbnailUrl":"https:\/\/portaltela.pt\/s.01k8rhncp4jt1\/2026\/03\/2074064.jpg","datePublished":"2026-03-14T07:30:00+00:00","author":{"@id":"https:\/\/portaltela.pt\/#\/schema\/person\/c4278d4a6028830caff9ee44b42d32ed"},"breadcrumb":{"@id":"https:\/\/portaltela.pt\/noticias\/2026\/03\/14\/brasileira-cria-rede-digital-de-apoio-para-cuidadores-de-pacientes\/#breadcrumb"},"inLanguage":"pt-PT","potentialAction":[{"@type":"ReadAction","target":["https:\/\/portaltela.pt\/noticias\/2026\/03\/14\/brasileira-cria-rede-digital-de-apoio-para-cuidadores-de-pacientes\/"]}]},{"@type":"ImageObject","inLanguage":"pt-PT","@id":"https:\/\/portaltela.pt\/noticias\/2026\/03\/14\/brasileira-cria-rede-digital-de-apoio-para-cuidadores-de-pacientes\/#primaryimage","url":"https:\/\/portaltela.pt\/s.01k8rhncp4jt1\/2026\/03\/2074064.jpg","contentUrl":"https:\/\/portaltela.pt\/s.01k8rhncp4jt1\/2026\/03\/2074064.jpg","width":796,"height":448,"caption":"The Together Hub, criada pela paulistana Marina Ortiz Caiuby, quer dar mais holofote aos cuidadores n\u00e3o profissionais"},{"@type":"BreadcrumbList","@id":"https:\/\/portaltela.pt\/noticias\/2026\/03\/14\/brasileira-cria-rede-digital-de-apoio-para-cuidadores-de-pacientes\/#breadcrumb","itemListElement":[{"@type":"ListItem","position":1,"name":"In\u00edcio","item":"https:\/\/portaltela.pt\/"},{"@type":"ListItem","position":2,"name":"Brasileira cria rede digital de apoio para cuidadores de pacientes"}]},{"@type":"WebSite","@id":"https:\/\/portaltela.pt\/#website","url":"https:\/\/portaltela.pt\/","name":"Portal Tela Portugal","description":"","potentialAction":[{"@type":"SearchAction","target":{"@type":"EntryPoint","urlTemplate":"https:\/\/portaltela.pt\/?s={search_term_string}"},"query-input":{"@type":"PropertyValueSpecification","valueRequired":true,"valueName":"search_term_string"}}],"inLanguage":"pt-PT"},{"@type":"Person","@id":"https:\/\/portaltela.pt\/#\/schema\/person\/c4278d4a6028830caff9ee44b42d32ed","name":"Telinha","image":{"@type":"ImageObject","inLanguage":"pt-PT","@id":"https:\/\/portaltela.pt\/s.01k8rhncp4jt1\/2025\/11\/talking-bot-125x125.png","url":"https:\/\/portaltela.pt\/s.01k8rhncp4jt1\/2025\/11\/talking-bot-125x125.png","contentUrl":"https:\/\/portaltela.pt\/s.01k8rhncp4jt1\/2025\/11\/talking-bot-125x125.png","caption":"Telinha"},"sameAs":["https:\/\/portaltela.pt\/"],"url":"https:\/\/portaltela.pt\/por\/367410592786\/"}]}},"_links":{"self":[{"href":"https:\/\/portaltela.pt\/api\/wp\/v2\/posts\/409683","targetHints":{"allow":["GET"]}}],"collection":[{"href":"https:\/\/portaltela.pt\/api\/wp\/v2\/posts"}],"about":[{"href":"https:\/\/portaltela.pt\/api\/wp\/v2\/types\/post"}],"author":[{"embeddable":true,"href":"https:\/\/portaltela.pt\/api\/wp\/v2\/users\/2"}],"replies":[{"embeddable":true,"href":"https:\/\/portaltela.pt\/api\/wp\/v2\/comments?post=409683"}],"version-history":[{"count":0,"href":"https:\/\/portaltela.pt\/api\/wp\/v2\/posts\/409683\/revisions"}],"wp:featuredmedia":[{"embeddable":true,"href":"https:\/\/portaltela.pt\/api\/wp\/v2\/media\/409692"}],"wp:attachment":[{"href":"https:\/\/portaltela.pt\/api\/wp\/v2\/media?parent=409683"}],"wp:term":[{"taxonomy":"category","embeddable":true,"href":"https:\/\/portaltela.pt\/api\/wp\/v2\/categories?post=409683"},{"taxonomy":"post_tag","embeddable":true,"href":"https:\/\/portaltela.pt\/api\/wp\/v2\/tags?post=409683"}],"curies":[{"name":"wp","href":"https:\/\/api.w.org\/{rel}","templated":true}]}}