{"id":409665,"date":"2026-03-14T04:10:41","date_gmt":"2026-03-14T07:10:41","guid":{"rendered":"https:\/\/portaltela.pt\/noticias\/2026\/03\/14\/ong-confirma-libertacao-de-pelo-menos-690-presos-politicos-na-venezuela-2\/"},"modified":"2026-03-14T04:10:41","modified_gmt":"2026-03-14T07:10:41","slug":"ong-confirma-libertacao-de-pelo-menos-690-presos-politicos-na-venezuela-2","status":"publish","type":"post","link":"https:\/\/portaltela.pt\/noticias\/internacional\/2026\/03\/14\/ong-confirma-libertacao-de-pelo-menos-690-presos-politicos-na-venezuela-2\/","title":{"rendered":"ONG confirma liberta\u00e7\u00e3o de pelo menos 690 presos pol\u00edticos na Venezuela"},"content":{"rendered":"<p>A ONG Foro Penal confirmou, na Venezuela, a liberta\u00e7\u00e3o de pelo menos 690 presos pol\u00edticos desde 8 de janeiro, segundo o an\u00fancio feito pelo presidente da organiza\u00e7\u00e3o, Alfredo Romero, nas redes sociais.<\/p>\n<p>O n\u00famero foi divulgado at\u00e9 \u00e0s 18h30 de sexta-feira, com Romero a referir que a contagem abrange os detidos libertados at\u00e9 esse momento e que corresponde ao per\u00edodo desde o dia 8 de janeiro.<\/p>\n<p>Romero n\u00e3o detalhou quantos libertados sa\u00edram de pris\u00f5es espec\u00edficas nem quantos ficam sujeitos a medidas cautelares, como comparecimentos em tribunal ou restri\u00e7\u00f5es de sa\u00edda do pa\u00eds.<\/p>\n<p>Entre os libertados, a organiza\u00e7\u00e3o diz haver casos de liberdade plena, ou seja, pessoas libertadas sem acusa\u00e7\u00f5es ou condi\u00e7\u00f5es legais adicionais, al\u00e9m de outros que permanecem sob supervis\u00e3o judicial.<\/p>\n","protected":false},"excerpt":{"rendered":"<ul>\n<li>A organiza\u00e7\u00e3o n\u00e3o governamental Foro Penal confirmou a liberta\u00e7\u00e3o de pelo menos 690 presos pol\u00edticos na Venezuela desde 8 de janeiro.<\/li>\n<li>O n\u00famero foi divulgado pelo presidente da entidade, Alfredo Romero, via rede social.<\/li>\n<li>A contagem levou em conta os dados at\u00e9 \u00e0s 18h30 de sexta-feira (22h30 em Lisboa).<\/li>\n<li>Romero n\u00e3o indicou quantos libertados deixaram a pris\u00e3o nem quantos ficaram livres sem acusa\u00e7\u00f5es, apenas referiu que muitos continuam com processos judiciais e medidas cautelares.<\/li>\n<li>Entre as medidas em vigor, est\u00e3o o comparecimento peri\u00f3dico em tribunal e a proibi\u00e7\u00e3o de sa\u00edda do pa\u00eds.<\/li>\n<\/ul>\n","protected":false},"author":2,"featured_media":409667,"comment_status":"closed","ping_status":"closed","sticky":false,"template":"","format":"standard","meta":{"footnotes":""},"categories":[4,7127],"tags":[5318,2633,136,5088,2758],"class_list":["post-409665","post","type-post","status-publish","format-standard","has-post-thumbnail","hentry","category-internacional","category-politica-internacional","tag-direitos-civis","tag-direitos-humanos","tag-organizacoes","tag-presos","tag-venezuela"],"yoast_head":"<!-- This site is optimized with the Yoast SEO plugin v27.2 - https:\/\/yoast.com\/product\/yoast-seo-wordpress\/ -->\n<title>ONG confirma liberta\u00e7\u00e3o de pelo menos 690 presos pol\u00edticos na Venezuela - Portal Tela Portugal<\/title>\n<meta name=\"robots\" content=\"index, follow, max-snippet:-1, max-image-preview:large, max-video-preview:-1\" \/>\n<meta property=\"og:locale\" content=\"pt_PT\" \/>\n<meta property=\"og:type\" content=\"article\" \/>\n<meta property=\"og:title\" content=\"ONG confirma liberta\u00e7\u00e3o de pelo menos 690 presos pol\u00edticos na Venezuela - Portal Tela Portugal\" \/>\n<meta property=\"og:description\" content=\"A organiza\u00e7\u00e3o n\u00e3o governamental Foro Penal confirmou a liberta\u00e7\u00e3o de pelo menos 690 presos pol\u00edticos na Venezuela desde 8 de janeiro. O n\u00famero foi divulgado pelo presidente da entidade, Alfredo Romero, via rede social. A contagem levou em conta os dados at\u00e9 \u00e0s 18h30 de sexta-feira (22h30 em Lisboa). Romero n\u00e3o indicou quantos libertados deixaram a pris\u00e3o nem quantos ficaram livres sem acusa\u00e7\u00f5es, apenas referiu que muitos continuam com processos judiciais e medidas cautelares. Entre as medidas em vigor, est\u00e3o o comparecimento peri\u00f3dico em tribunal e a proibi\u00e7\u00e3o de sa\u00edda do pa\u00eds.\" \/>\n<meta property=\"og:url\" content=\"https:\/\/portaltela.pt\/noticias\/2026\/03\/14\/ong-confirma-libertacao-de-pelo-menos-690-presos-politicos-na-venezuela-2\/\" \/>\n<meta property=\"og:site_name\" content=\"Portal Tela Portugal\" \/>\n<meta property=\"article:published_time\" content=\"2026-03-14T07:10:41+00:00\" \/>\n<meta name=\"author\" content=\"Telinha\" \/>\n<meta name=\"twitter:card\" content=\"summary_large_image\" \/>\n<meta name=\"twitter:label1\" content=\"Escrito por\" \/>\n\t<meta name=\"twitter:data1\" content=\"Telinha\" \/>\n\t<meta name=\"twitter:label2\" content=\"Tempo estimado de leitura\" \/>\n\t<meta name=\"twitter:data2\" content=\"1 minuto\" \/>\n<script type=\"application\/ld+json\" class=\"yoast-schema-graph\">{\"@context\":\"https:\/\/schema.org\",\"@graph\":[{\"@type\":\"Article\",\"@id\":\"https:\/\/portaltela.pt\/noticias\/2026\/03\/14\/ong-confirma-libertacao-de-pelo-menos-690-presos-politicos-na-venezuela-2\/#article\",\"isPartOf\":{\"@id\":\"https:\/\/portaltela.pt\/noticias\/2026\/03\/14\/ong-confirma-libertacao-de-pelo-menos-690-presos-politicos-na-venezuela-2\/\"},\"author\":{\"name\":\"Telinha\",\"@id\":\"https:\/\/portaltela.pt\/#\/schema\/person\/c4278d4a6028830caff9ee44b42d32ed\"},\"headline\":\"ONG confirma liberta\u00e7\u00e3o de pelo menos 690 presos pol\u00edticos na Venezuela\",\"datePublished\":\"2026-03-14T07:10:41+00:00\",\"mainEntityOfPage\":{\"@id\":\"https:\/\/portaltela.pt\/noticias\/2026\/03\/14\/ong-confirma-libertacao-de-pelo-menos-690-presos-politicos-na-venezuela-2\/\"},\"wordCount\":148,\"image\":{\"@id\":\"https:\/\/portaltela.pt\/noticias\/2026\/03\/14\/ong-confirma-libertacao-de-pelo-menos-690-presos-politicos-na-venezuela-2\/#primaryimage\"},\"thumbnailUrl\":\"https:\/\/portaltela.pt\/s.01k8rhncp4jt1\/2026\/03\/img_1280x721uu2026-01-07-21-15-09-2258692.jpg\",\"keywords\":[\"direitos civis\",\"direitos humanos\",\"organiza\u00e7\u00f5es\",\"presos\",\"Venezuela\"],\"articleSection\":[\"Internacional\",\"Pol\u00edtica Internacional\"],\"inLanguage\":\"pt-PT\"},{\"@type\":\"WebPage\",\"@id\":\"https:\/\/portaltela.pt\/noticias\/2026\/03\/14\/ong-confirma-libertacao-de-pelo-menos-690-presos-politicos-na-venezuela-2\/\",\"url\":\"https:\/\/portaltela.pt\/noticias\/2026\/03\/14\/ong-confirma-libertacao-de-pelo-menos-690-presos-politicos-na-venezuela-2\/\",\"name\":\"ONG confirma liberta\u00e7\u00e3o de pelo menos 690 presos pol\u00edticos na Venezuela - Portal Tela Portugal\",\"isPartOf\":{\"@id\":\"https:\/\/portaltela.pt\/#website\"},\"primaryImageOfPage\":{\"@id\":\"https:\/\/portaltela.pt\/noticias\/2026\/03\/14\/ong-confirma-libertacao-de-pelo-menos-690-presos-politicos-na-venezuela-2\/#primaryimage\"},\"image\":{\"@id\":\"https:\/\/portaltela.pt\/noticias\/2026\/03\/14\/ong-confirma-libertacao-de-pelo-menos-690-presos-politicos-na-venezuela-2\/#primaryimage\"},\"thumbnailUrl\":\"https:\/\/portaltela.pt\/s.01k8rhncp4jt1\/2026\/03\/img_1280x721uu2026-01-07-21-15-09-2258692.jpg\",\"datePublished\":\"2026-03-14T07:10:41+00:00\",\"author\":{\"@id\":\"https:\/\/portaltela.pt\/#\/schema\/person\/c4278d4a6028830caff9ee44b42d32ed\"},\"breadcrumb\":{\"@id\":\"https:\/\/portaltela.pt\/noticias\/2026\/03\/14\/ong-confirma-libertacao-de-pelo-menos-690-presos-politicos-na-venezuela-2\/#breadcrumb\"},\"inLanguage\":\"pt-PT\",\"potentialAction\":[{\"@type\":\"ReadAction\",\"target\":[\"https:\/\/portaltela.pt\/noticias\/2026\/03\/14\/ong-confirma-libertacao-de-pelo-menos-690-presos-politicos-na-venezuela-2\/\"]}]},{\"@type\":\"ImageObject\",\"inLanguage\":\"pt-PT\",\"@id\":\"https:\/\/portaltela.pt\/noticias\/2026\/03\/14\/ong-confirma-libertacao-de-pelo-menos-690-presos-politicos-na-venezuela-2\/#primaryimage\",\"url\":\"https:\/\/portaltela.pt\/s.01k8rhncp4jt1\/2026\/03\/img_1280x721uu2026-01-07-21-15-09-2258692.jpg\",\"contentUrl\":\"https:\/\/portaltela.pt\/s.01k8rhncp4jt1\/2026\/03\/img_1280x721uu2026-01-07-21-15-09-2258692.jpg\",\"width\":796,\"height\":448,\"caption\":\"Vigil\u00e2ncia apertada na fronteira entre a Col\u00f4mbia e a Venezuela\"},{\"@type\":\"BreadcrumbList\",\"@id\":\"https:\/\/portaltela.pt\/noticias\/2026\/03\/14\/ong-confirma-libertacao-de-pelo-menos-690-presos-politicos-na-venezuela-2\/#breadcrumb\",\"itemListElement\":[{\"@type\":\"ListItem\",\"position\":1,\"name\":\"In\u00edcio\",\"item\":\"https:\/\/portaltela.pt\/\"},{\"@type\":\"ListItem\",\"position\":2,\"name\":\"ONG confirma liberta\u00e7\u00e3o de pelo menos 690 presos pol\u00edticos na Venezuela\"}]},{\"@type\":\"WebSite\",\"@id\":\"https:\/\/portaltela.pt\/#website\",\"url\":\"https:\/\/portaltela.pt\/\",\"name\":\"Portal Tela Portugal\",\"description\":\"\",\"potentialAction\":[{\"@type\":\"SearchAction\",\"target\":{\"@type\":\"EntryPoint\",\"urlTemplate\":\"https:\/\/portaltela.pt\/?s={search_term_string}\"},\"query-input\":{\"@type\":\"PropertyValueSpecification\",\"valueRequired\":true,\"valueName\":\"search_term_string\"}}],\"inLanguage\":\"pt-PT\"},{\"@type\":\"Person\",\"@id\":\"https:\/\/portaltela.pt\/#\/schema\/person\/c4278d4a6028830caff9ee44b42d32ed\",\"name\":\"Telinha\",\"image\":{\"@type\":\"ImageObject\",\"inLanguage\":\"pt-PT\",\"@id\":\"https:\/\/portaltela.pt\/s.01k8rhncp4jt1\/2025\/11\/talking-bot-125x125.png\",\"url\":\"https:\/\/portaltela.pt\/s.01k8rhncp4jt1\/2025\/11\/talking-bot-125x125.png\",\"contentUrl\":\"https:\/\/portaltela.pt\/s.01k8rhncp4jt1\/2025\/11\/talking-bot-125x125.png\",\"caption\":\"Telinha\"},\"sameAs\":[\"https:\/\/portaltela.pt\/\"],\"url\":\"https:\/\/portaltela.pt\/por\/367410592786\/\"}]}<\/script>\n<!-- \/ Yoast SEO plugin. -->","yoast_head_json":{"title":"ONG confirma liberta\u00e7\u00e3o de pelo menos 690 presos pol\u00edticos na Venezuela - Portal Tela Portugal","robots":{"index":"index","follow":"follow","max-snippet":"max-snippet:-1","max-image-preview":"max-image-preview:large","max-video-preview":"max-video-preview:-1"},"og_locale":"pt_PT","og_type":"article","og_title":"ONG confirma liberta\u00e7\u00e3o de pelo menos 690 presos pol\u00edticos na Venezuela - Portal Tela Portugal","og_description":"A organiza\u00e7\u00e3o n\u00e3o governamental Foro Penal confirmou a liberta\u00e7\u00e3o de pelo menos 690 presos pol\u00edticos na Venezuela desde 8 de janeiro. O n\u00famero foi divulgado pelo presidente da entidade, Alfredo Romero, via rede social. A contagem levou em conta os dados at\u00e9 \u00e0s 18h30 de sexta-feira (22h30 em Lisboa). Romero n\u00e3o indicou quantos libertados deixaram a pris\u00e3o nem quantos ficaram livres sem acusa\u00e7\u00f5es, apenas referiu que muitos continuam com processos judiciais e medidas cautelares. Entre as medidas em vigor, est\u00e3o o comparecimento peri\u00f3dico em tribunal e a proibi\u00e7\u00e3o de sa\u00edda do pa\u00eds.","og_url":"https:\/\/portaltela.pt\/noticias\/2026\/03\/14\/ong-confirma-libertacao-de-pelo-menos-690-presos-politicos-na-venezuela-2\/","og_site_name":"Portal Tela Portugal","article_published_time":"2026-03-14T07:10:41+00:00","author":"Telinha","twitter_card":"summary_large_image","twitter_misc":{"Escrito por":"Telinha","Tempo estimado de leitura":"1 minuto"},"schema":{"@context":"https:\/\/schema.org","@graph":[{"@type":"Article","@id":"https:\/\/portaltela.pt\/noticias\/2026\/03\/14\/ong-confirma-libertacao-de-pelo-menos-690-presos-politicos-na-venezuela-2\/#article","isPartOf":{"@id":"https:\/\/portaltela.pt\/noticias\/2026\/03\/14\/ong-confirma-libertacao-de-pelo-menos-690-presos-politicos-na-venezuela-2\/"},"author":{"name":"Telinha","@id":"https:\/\/portaltela.pt\/#\/schema\/person\/c4278d4a6028830caff9ee44b42d32ed"},"headline":"ONG confirma liberta\u00e7\u00e3o de pelo menos 690 presos pol\u00edticos na Venezuela","datePublished":"2026-03-14T07:10:41+00:00","mainEntityOfPage":{"@id":"https:\/\/portaltela.pt\/noticias\/2026\/03\/14\/ong-confirma-libertacao-de-pelo-menos-690-presos-politicos-na-venezuela-2\/"},"wordCount":148,"image":{"@id":"https:\/\/portaltela.pt\/noticias\/2026\/03\/14\/ong-confirma-libertacao-de-pelo-menos-690-presos-politicos-na-venezuela-2\/#primaryimage"},"thumbnailUrl":"https:\/\/portaltela.pt\/s.01k8rhncp4jt1\/2026\/03\/img_1280x721uu2026-01-07-21-15-09-2258692.jpg","keywords":["direitos civis","direitos humanos","organiza\u00e7\u00f5es","presos","Venezuela"],"articleSection":["Internacional","Pol\u00edtica Internacional"],"inLanguage":"pt-PT"},{"@type":"WebPage","@id":"https:\/\/portaltela.pt\/noticias\/2026\/03\/14\/ong-confirma-libertacao-de-pelo-menos-690-presos-politicos-na-venezuela-2\/","url":"https:\/\/portaltela.pt\/noticias\/2026\/03\/14\/ong-confirma-libertacao-de-pelo-menos-690-presos-politicos-na-venezuela-2\/","name":"ONG confirma liberta\u00e7\u00e3o de pelo menos 690 presos pol\u00edticos na Venezuela - Portal Tela Portugal","isPartOf":{"@id":"https:\/\/portaltela.pt\/#website"},"primaryImageOfPage":{"@id":"https:\/\/portaltela.pt\/noticias\/2026\/03\/14\/ong-confirma-libertacao-de-pelo-menos-690-presos-politicos-na-venezuela-2\/#primaryimage"},"image":{"@id":"https:\/\/portaltela.pt\/noticias\/2026\/03\/14\/ong-confirma-libertacao-de-pelo-menos-690-presos-politicos-na-venezuela-2\/#primaryimage"},"thumbnailUrl":"https:\/\/portaltela.pt\/s.01k8rhncp4jt1\/2026\/03\/img_1280x721uu2026-01-07-21-15-09-2258692.jpg","datePublished":"2026-03-14T07:10:41+00:00","author":{"@id":"https:\/\/portaltela.pt\/#\/schema\/person\/c4278d4a6028830caff9ee44b42d32ed"},"breadcrumb":{"@id":"https:\/\/portaltela.pt\/noticias\/2026\/03\/14\/ong-confirma-libertacao-de-pelo-menos-690-presos-politicos-na-venezuela-2\/#breadcrumb"},"inLanguage":"pt-PT","potentialAction":[{"@type":"ReadAction","target":["https:\/\/portaltela.pt\/noticias\/2026\/03\/14\/ong-confirma-libertacao-de-pelo-menos-690-presos-politicos-na-venezuela-2\/"]}]},{"@type":"ImageObject","inLanguage":"pt-PT","@id":"https:\/\/portaltela.pt\/noticias\/2026\/03\/14\/ong-confirma-libertacao-de-pelo-menos-690-presos-politicos-na-venezuela-2\/#primaryimage","url":"https:\/\/portaltela.pt\/s.01k8rhncp4jt1\/2026\/03\/img_1280x721uu2026-01-07-21-15-09-2258692.jpg","contentUrl":"https:\/\/portaltela.pt\/s.01k8rhncp4jt1\/2026\/03\/img_1280x721uu2026-01-07-21-15-09-2258692.jpg","width":796,"height":448,"caption":"Vigil\u00e2ncia apertada na fronteira entre a Col\u00f4mbia e a Venezuela"},{"@type":"BreadcrumbList","@id":"https:\/\/portaltela.pt\/noticias\/2026\/03\/14\/ong-confirma-libertacao-de-pelo-menos-690-presos-politicos-na-venezuela-2\/#breadcrumb","itemListElement":[{"@type":"ListItem","position":1,"name":"In\u00edcio","item":"https:\/\/portaltela.pt\/"},{"@type":"ListItem","position":2,"name":"ONG confirma liberta\u00e7\u00e3o de pelo menos 690 presos pol\u00edticos na Venezuela"}]},{"@type":"WebSite","@id":"https:\/\/portaltela.pt\/#website","url":"https:\/\/portaltela.pt\/","name":"Portal Tela Portugal","description":"","potentialAction":[{"@type":"SearchAction","target":{"@type":"EntryPoint","urlTemplate":"https:\/\/portaltela.pt\/?s={search_term_string}"},"query-input":{"@type":"PropertyValueSpecification","valueRequired":true,"valueName":"search_term_string"}}],"inLanguage":"pt-PT"},{"@type":"Person","@id":"https:\/\/portaltela.pt\/#\/schema\/person\/c4278d4a6028830caff9ee44b42d32ed","name":"Telinha","image":{"@type":"ImageObject","inLanguage":"pt-PT","@id":"https:\/\/portaltela.pt\/s.01k8rhncp4jt1\/2025\/11\/talking-bot-125x125.png","url":"https:\/\/portaltela.pt\/s.01k8rhncp4jt1\/2025\/11\/talking-bot-125x125.png","contentUrl":"https:\/\/portaltela.pt\/s.01k8rhncp4jt1\/2025\/11\/talking-bot-125x125.png","caption":"Telinha"},"sameAs":["https:\/\/portaltela.pt\/"],"url":"https:\/\/portaltela.pt\/por\/367410592786\/"}]}},"_links":{"self":[{"href":"https:\/\/portaltela.pt\/api\/wp\/v2\/posts\/409665","targetHints":{"allow":["GET"]}}],"collection":[{"href":"https:\/\/portaltela.pt\/api\/wp\/v2\/posts"}],"about":[{"href":"https:\/\/portaltela.pt\/api\/wp\/v2\/types\/post"}],"author":[{"embeddable":true,"href":"https:\/\/portaltela.pt\/api\/wp\/v2\/users\/2"}],"replies":[{"embeddable":true,"href":"https:\/\/portaltela.pt\/api\/wp\/v2\/comments?post=409665"}],"version-history":[{"count":0,"href":"https:\/\/portaltela.pt\/api\/wp\/v2\/posts\/409665\/revisions"}],"wp:featuredmedia":[{"embeddable":true,"href":"https:\/\/portaltela.pt\/api\/wp\/v2\/media\/409667"}],"wp:attachment":[{"href":"https:\/\/portaltela.pt\/api\/wp\/v2\/media?parent=409665"}],"wp:term":[{"taxonomy":"category","embeddable":true,"href":"https:\/\/portaltela.pt\/api\/wp\/v2\/categories?post=409665"},{"taxonomy":"post_tag","embeddable":true,"href":"https:\/\/portaltela.pt\/api\/wp\/v2\/tags?post=409665"}],"curies":[{"name":"wp","href":"https:\/\/api.w.org\/{rel}","templated":true}]}}