{"id":409633,"date":"2026-03-13T23:58:00","date_gmt":"2026-03-14T02:58:00","guid":{"rendered":"https:\/\/portaltela.pt\/noticias\/2026\/03\/13\/centenas-protestam-no-equador-contra-flexibilizacao-laboral\/"},"modified":"2026-03-13T23:58:00","modified_gmt":"2026-03-14T02:58:00","slug":"centenas-protestam-no-equador-contra-flexibilizacao-laboral","status":"publish","type":"post","link":"https:\/\/portaltela.pt\/noticias\/politica\/2026\/03\/13\/centenas-protestam-no-equador-contra-flexibilizacao-laboral\/","title":{"rendered":"Centenas protestam no Equador contra flexibiliza\u00e7\u00e3o laboral"},"content":{"rendered":"<p>Centenas de manifestantes participaram hoje, em Quito e noutras cidades do Equador, numa marcha contra medidas de flexibiliza\u00e7\u00e3o laboral anunciadas pelo governo.<\/p>\n<p>Os protestos reuniram trabalhadores, sindicatos e organiza\u00e7\u00f5es civis, que contestam altera\u00e7\u00f5es previstas para o mercado de trabalho e defendem a prote\u00e7\u00e3o de direitos laborais.<\/p>\n<p>As autoridades n\u00e3o divulgaram, at\u00e9 ao momento, dados oficiais sobre incidentes ou deten\u00e7\u00f5es, nem coment\u00e1rios formais de resposta \u00e0s reivindica\u00e7\u00f5es dos opositores.<\/p>\n","protected":false},"excerpt":{"rendered":"<ul>\n<li>Centenas de pessoas protestaram no Equador contra medidas de flexibiliza\u00e7\u00e3o laboral.<\/li>\n<li>A not\u00edcia n\u00e3o fornece datas ou locais espec\u00edficos dos protestos.<\/li>\n<li>O conte\u00fado completo est\u00e1 dispon\u00edvel apenas para subscritores.<\/li>\n<li>N\u00e3o foram apresentados detalhes sobre feridos ou deten\u00e7\u00f5es no trecho dispon\u00edvel.<\/li>\n<\/ul>\n","protected":false},"author":2,"featured_media":409634,"comment_status":"closed","ping_status":"closed","sticky":false,"template":"","format":"standard","meta":{"footnotes":""},"categories":[6912,5],"tags":[1004,6131,2832,2857,966,2201],"class_list":["post-409633","post","type-post","status-publish","format-standard","has-post-thumbnail","hentry","category-internacionais","category-politica","tag-direitos-laborais","tag-equador","tag-politica","tag-protestos","tag-sindicatos","tag-trabalho"],"yoast_head":"<!-- This site is optimized with the Yoast SEO plugin v27.2 - https:\/\/yoast.com\/product\/yoast-seo-wordpress\/ -->\n<title>Centenas protestam no Equador contra flexibiliza\u00e7\u00e3o laboral - Portal Tela Portugal<\/title>\n<meta name=\"robots\" content=\"index, follow, max-snippet:-1, max-image-preview:large, max-video-preview:-1\" \/>\n<meta property=\"og:locale\" content=\"pt_PT\" \/>\n<meta property=\"og:type\" content=\"article\" \/>\n<meta property=\"og:title\" content=\"Centenas protestam no Equador contra flexibiliza\u00e7\u00e3o laboral - Portal Tela Portugal\" \/>\n<meta property=\"og:description\" content=\"Centenas de pessoas protestaram no Equador contra medidas de flexibiliza\u00e7\u00e3o laboral. A not\u00edcia n\u00e3o fornece datas ou locais espec\u00edficos dos protestos. O conte\u00fado completo est\u00e1 dispon\u00edvel apenas para subscritores. N\u00e3o foram apresentados detalhes sobre feridos ou deten\u00e7\u00f5es no trecho dispon\u00edvel.\" \/>\n<meta property=\"og:url\" content=\"https:\/\/portaltela.pt\/noticias\/2026\/03\/13\/centenas-protestam-no-equador-contra-flexibilizacao-laboral\/\" \/>\n<meta property=\"og:site_name\" content=\"Portal Tela Portugal\" \/>\n<meta property=\"article:published_time\" content=\"2026-03-14T02:58:00+00:00\" \/>\n<meta name=\"author\" content=\"Telinha\" \/>\n<meta name=\"twitter:card\" content=\"summary_large_image\" \/>\n<meta name=\"twitter:label1\" content=\"Escrito por\" \/>\n\t<meta name=\"twitter:data1\" content=\"Telinha\" \/>\n<script type=\"application\/ld+json\" class=\"yoast-schema-graph\">{\"@context\":\"https:\/\/schema.org\",\"@graph\":[{\"@type\":\"Article\",\"@id\":\"https:\/\/portaltela.pt\/noticias\/2026\/03\/13\/centenas-protestam-no-equador-contra-flexibilizacao-laboral\/#article\",\"isPartOf\":{\"@id\":\"https:\/\/portaltela.pt\/noticias\/2026\/03\/13\/centenas-protestam-no-equador-contra-flexibilizacao-laboral\/\"},\"author\":{\"name\":\"Telinha\",\"@id\":\"https:\/\/portaltela.pt\/#\/schema\/person\/c4278d4a6028830caff9ee44b42d32ed\"},\"headline\":\"Centenas protestam no Equador contra flexibiliza\u00e7\u00e3o laboral\",\"datePublished\":\"2026-03-14T02:58:00+00:00\",\"mainEntityOfPage\":{\"@id\":\"https:\/\/portaltela.pt\/noticias\/2026\/03\/13\/centenas-protestam-no-equador-contra-flexibilizacao-laboral\/\"},\"wordCount\":84,\"image\":{\"@id\":\"https:\/\/portaltela.pt\/noticias\/2026\/03\/13\/centenas-protestam-no-equador-contra-flexibilizacao-laboral\/#primaryimage\"},\"thumbnailUrl\":\"https:\/\/portaltela.pt\/s.01k8rhncp4jt1\/2026\/03\/CACHE_780X1200_ANALOG_WATERMARKED_46749247_366748418320867.jpg\",\"keywords\":[\"direitos laborais\",\"Equador\",\"pol\u00edtica\",\"protestos\",\"sindicatos\",\"trabalho\"],\"articleSection\":[\"Internacionais\",\"Pol\u00edtica\"],\"inLanguage\":\"pt-PT\"},{\"@type\":\"WebPage\",\"@id\":\"https:\/\/portaltela.pt\/noticias\/2026\/03\/13\/centenas-protestam-no-equador-contra-flexibilizacao-laboral\/\",\"url\":\"https:\/\/portaltela.pt\/noticias\/2026\/03\/13\/centenas-protestam-no-equador-contra-flexibilizacao-laboral\/\",\"name\":\"Centenas protestam no Equador contra flexibiliza\u00e7\u00e3o laboral - Portal Tela Portugal\",\"isPartOf\":{\"@id\":\"https:\/\/portaltela.pt\/#website\"},\"primaryImageOfPage\":{\"@id\":\"https:\/\/portaltela.pt\/noticias\/2026\/03\/13\/centenas-protestam-no-equador-contra-flexibilizacao-laboral\/#primaryimage\"},\"image\":{\"@id\":\"https:\/\/portaltela.pt\/noticias\/2026\/03\/13\/centenas-protestam-no-equador-contra-flexibilizacao-laboral\/#primaryimage\"},\"thumbnailUrl\":\"https:\/\/portaltela.pt\/s.01k8rhncp4jt1\/2026\/03\/CACHE_780X1200_ANALOG_WATERMARKED_46749247_366748418320867.jpg\",\"datePublished\":\"2026-03-14T02:58:00+00:00\",\"author\":{\"@id\":\"https:\/\/portaltela.pt\/#\/schema\/person\/c4278d4a6028830caff9ee44b42d32ed\"},\"breadcrumb\":{\"@id\":\"https:\/\/portaltela.pt\/noticias\/2026\/03\/13\/centenas-protestam-no-equador-contra-flexibilizacao-laboral\/#breadcrumb\"},\"inLanguage\":\"pt-PT\",\"potentialAction\":[{\"@type\":\"ReadAction\",\"target\":[\"https:\/\/portaltela.pt\/noticias\/2026\/03\/13\/centenas-protestam-no-equador-contra-flexibilizacao-laboral\/\"]}]},{\"@type\":\"ImageObject\",\"inLanguage\":\"pt-PT\",\"@id\":\"https:\/\/portaltela.pt\/noticias\/2026\/03\/13\/centenas-protestam-no-equador-contra-flexibilizacao-laboral\/#primaryimage\",\"url\":\"https:\/\/portaltela.pt\/s.01k8rhncp4jt1\/2026\/03\/CACHE_780X1200_ANALOG_WATERMARKED_46749247_366748418320867.jpg\",\"contentUrl\":\"https:\/\/portaltela.pt\/s.01k8rhncp4jt1\/2026\/03\/CACHE_780X1200_ANALOG_WATERMARKED_46749247_366748418320867.jpg\",\"width\":796,\"height\":448,\"caption\":\"Centenas protestam no Equador contra medidas de flexibiliza\u00e7\u00e3o laboral\"},{\"@type\":\"BreadcrumbList\",\"@id\":\"https:\/\/portaltela.pt\/noticias\/2026\/03\/13\/centenas-protestam-no-equador-contra-flexibilizacao-laboral\/#breadcrumb\",\"itemListElement\":[{\"@type\":\"ListItem\",\"position\":1,\"name\":\"In\u00edcio\",\"item\":\"https:\/\/portaltela.pt\/\"},{\"@type\":\"ListItem\",\"position\":2,\"name\":\"Centenas protestam no Equador contra flexibiliza\u00e7\u00e3o laboral\"}]},{\"@type\":\"WebSite\",\"@id\":\"https:\/\/portaltela.pt\/#website\",\"url\":\"https:\/\/portaltela.pt\/\",\"name\":\"Portal Tela Portugal\",\"description\":\"\",\"potentialAction\":[{\"@type\":\"SearchAction\",\"target\":{\"@type\":\"EntryPoint\",\"urlTemplate\":\"https:\/\/portaltela.pt\/?s={search_term_string}\"},\"query-input\":{\"@type\":\"PropertyValueSpecification\",\"valueRequired\":true,\"valueName\":\"search_term_string\"}}],\"inLanguage\":\"pt-PT\"},{\"@type\":\"Person\",\"@id\":\"https:\/\/portaltela.pt\/#\/schema\/person\/c4278d4a6028830caff9ee44b42d32ed\",\"name\":\"Telinha\",\"image\":{\"@type\":\"ImageObject\",\"inLanguage\":\"pt-PT\",\"@id\":\"https:\/\/portaltela.pt\/s.01k8rhncp4jt1\/2025\/11\/talking-bot-125x125.png\",\"url\":\"https:\/\/portaltela.pt\/s.01k8rhncp4jt1\/2025\/11\/talking-bot-125x125.png\",\"contentUrl\":\"https:\/\/portaltela.pt\/s.01k8rhncp4jt1\/2025\/11\/talking-bot-125x125.png\",\"caption\":\"Telinha\"},\"sameAs\":[\"https:\/\/portaltela.pt\/\"],\"url\":\"https:\/\/portaltela.pt\/por\/367410592786\/\"}]}<\/script>\n<!-- \/ Yoast SEO plugin. -->","yoast_head_json":{"title":"Centenas protestam no Equador contra flexibiliza\u00e7\u00e3o laboral - Portal Tela Portugal","robots":{"index":"index","follow":"follow","max-snippet":"max-snippet:-1","max-image-preview":"max-image-preview:large","max-video-preview":"max-video-preview:-1"},"og_locale":"pt_PT","og_type":"article","og_title":"Centenas protestam no Equador contra flexibiliza\u00e7\u00e3o laboral - Portal Tela Portugal","og_description":"Centenas de pessoas protestaram no Equador contra medidas de flexibiliza\u00e7\u00e3o laboral. A not\u00edcia n\u00e3o fornece datas ou locais espec\u00edficos dos protestos. O conte\u00fado completo est\u00e1 dispon\u00edvel apenas para subscritores. N\u00e3o foram apresentados detalhes sobre feridos ou deten\u00e7\u00f5es no trecho dispon\u00edvel.","og_url":"https:\/\/portaltela.pt\/noticias\/2026\/03\/13\/centenas-protestam-no-equador-contra-flexibilizacao-laboral\/","og_site_name":"Portal Tela Portugal","article_published_time":"2026-03-14T02:58:00+00:00","author":"Telinha","twitter_card":"summary_large_image","twitter_misc":{"Escrito por":"Telinha"},"schema":{"@context":"https:\/\/schema.org","@graph":[{"@type":"Article","@id":"https:\/\/portaltela.pt\/noticias\/2026\/03\/13\/centenas-protestam-no-equador-contra-flexibilizacao-laboral\/#article","isPartOf":{"@id":"https:\/\/portaltela.pt\/noticias\/2026\/03\/13\/centenas-protestam-no-equador-contra-flexibilizacao-laboral\/"},"author":{"name":"Telinha","@id":"https:\/\/portaltela.pt\/#\/schema\/person\/c4278d4a6028830caff9ee44b42d32ed"},"headline":"Centenas protestam no Equador contra flexibiliza\u00e7\u00e3o laboral","datePublished":"2026-03-14T02:58:00+00:00","mainEntityOfPage":{"@id":"https:\/\/portaltela.pt\/noticias\/2026\/03\/13\/centenas-protestam-no-equador-contra-flexibilizacao-laboral\/"},"wordCount":84,"image":{"@id":"https:\/\/portaltela.pt\/noticias\/2026\/03\/13\/centenas-protestam-no-equador-contra-flexibilizacao-laboral\/#primaryimage"},"thumbnailUrl":"https:\/\/portaltela.pt\/s.01k8rhncp4jt1\/2026\/03\/CACHE_780X1200_ANALOG_WATERMARKED_46749247_366748418320867.jpg","keywords":["direitos laborais","Equador","pol\u00edtica","protestos","sindicatos","trabalho"],"articleSection":["Internacionais","Pol\u00edtica"],"inLanguage":"pt-PT"},{"@type":"WebPage","@id":"https:\/\/portaltela.pt\/noticias\/2026\/03\/13\/centenas-protestam-no-equador-contra-flexibilizacao-laboral\/","url":"https:\/\/portaltela.pt\/noticias\/2026\/03\/13\/centenas-protestam-no-equador-contra-flexibilizacao-laboral\/","name":"Centenas protestam no Equador contra flexibiliza\u00e7\u00e3o laboral - Portal Tela Portugal","isPartOf":{"@id":"https:\/\/portaltela.pt\/#website"},"primaryImageOfPage":{"@id":"https:\/\/portaltela.pt\/noticias\/2026\/03\/13\/centenas-protestam-no-equador-contra-flexibilizacao-laboral\/#primaryimage"},"image":{"@id":"https:\/\/portaltela.pt\/noticias\/2026\/03\/13\/centenas-protestam-no-equador-contra-flexibilizacao-laboral\/#primaryimage"},"thumbnailUrl":"https:\/\/portaltela.pt\/s.01k8rhncp4jt1\/2026\/03\/CACHE_780X1200_ANALOG_WATERMARKED_46749247_366748418320867.jpg","datePublished":"2026-03-14T02:58:00+00:00","author":{"@id":"https:\/\/portaltela.pt\/#\/schema\/person\/c4278d4a6028830caff9ee44b42d32ed"},"breadcrumb":{"@id":"https:\/\/portaltela.pt\/noticias\/2026\/03\/13\/centenas-protestam-no-equador-contra-flexibilizacao-laboral\/#breadcrumb"},"inLanguage":"pt-PT","potentialAction":[{"@type":"ReadAction","target":["https:\/\/portaltela.pt\/noticias\/2026\/03\/13\/centenas-protestam-no-equador-contra-flexibilizacao-laboral\/"]}]},{"@type":"ImageObject","inLanguage":"pt-PT","@id":"https:\/\/portaltela.pt\/noticias\/2026\/03\/13\/centenas-protestam-no-equador-contra-flexibilizacao-laboral\/#primaryimage","url":"https:\/\/portaltela.pt\/s.01k8rhncp4jt1\/2026\/03\/CACHE_780X1200_ANALOG_WATERMARKED_46749247_366748418320867.jpg","contentUrl":"https:\/\/portaltela.pt\/s.01k8rhncp4jt1\/2026\/03\/CACHE_780X1200_ANALOG_WATERMARKED_46749247_366748418320867.jpg","width":796,"height":448,"caption":"Centenas protestam no Equador contra medidas de flexibiliza\u00e7\u00e3o laboral"},{"@type":"BreadcrumbList","@id":"https:\/\/portaltela.pt\/noticias\/2026\/03\/13\/centenas-protestam-no-equador-contra-flexibilizacao-laboral\/#breadcrumb","itemListElement":[{"@type":"ListItem","position":1,"name":"In\u00edcio","item":"https:\/\/portaltela.pt\/"},{"@type":"ListItem","position":2,"name":"Centenas protestam no Equador contra flexibiliza\u00e7\u00e3o laboral"}]},{"@type":"WebSite","@id":"https:\/\/portaltela.pt\/#website","url":"https:\/\/portaltela.pt\/","name":"Portal Tela Portugal","description":"","potentialAction":[{"@type":"SearchAction","target":{"@type":"EntryPoint","urlTemplate":"https:\/\/portaltela.pt\/?s={search_term_string}"},"query-input":{"@type":"PropertyValueSpecification","valueRequired":true,"valueName":"search_term_string"}}],"inLanguage":"pt-PT"},{"@type":"Person","@id":"https:\/\/portaltela.pt\/#\/schema\/person\/c4278d4a6028830caff9ee44b42d32ed","name":"Telinha","image":{"@type":"ImageObject","inLanguage":"pt-PT","@id":"https:\/\/portaltela.pt\/s.01k8rhncp4jt1\/2025\/11\/talking-bot-125x125.png","url":"https:\/\/portaltela.pt\/s.01k8rhncp4jt1\/2025\/11\/talking-bot-125x125.png","contentUrl":"https:\/\/portaltela.pt\/s.01k8rhncp4jt1\/2025\/11\/talking-bot-125x125.png","caption":"Telinha"},"sameAs":["https:\/\/portaltela.pt\/"],"url":"https:\/\/portaltela.pt\/por\/367410592786\/"}]}},"_links":{"self":[{"href":"https:\/\/portaltela.pt\/api\/wp\/v2\/posts\/409633","targetHints":{"allow":["GET"]}}],"collection":[{"href":"https:\/\/portaltela.pt\/api\/wp\/v2\/posts"}],"about":[{"href":"https:\/\/portaltela.pt\/api\/wp\/v2\/types\/post"}],"author":[{"embeddable":true,"href":"https:\/\/portaltela.pt\/api\/wp\/v2\/users\/2"}],"replies":[{"embeddable":true,"href":"https:\/\/portaltela.pt\/api\/wp\/v2\/comments?post=409633"}],"version-history":[{"count":0,"href":"https:\/\/portaltela.pt\/api\/wp\/v2\/posts\/409633\/revisions"}],"wp:featuredmedia":[{"embeddable":true,"href":"https:\/\/portaltela.pt\/api\/wp\/v2\/media\/409634"}],"wp:attachment":[{"href":"https:\/\/portaltela.pt\/api\/wp\/v2\/media?parent=409633"}],"wp:term":[{"taxonomy":"category","embeddable":true,"href":"https:\/\/portaltela.pt\/api\/wp\/v2\/categories?post=409633"},{"taxonomy":"post_tag","embeddable":true,"href":"https:\/\/portaltela.pt\/api\/wp\/v2\/tags?post=409633"}],"curies":[{"name":"wp","href":"https:\/\/api.w.org\/{rel}","templated":true}]}}