{"id":409595,"date":"2026-03-13T17:52:00","date_gmt":"2026-03-13T20:52:00","guid":{"rendered":"https:\/\/portaltela.pt\/noticias\/2026\/03\/13\/especialistas-denunciam-falta-de-manutencao-da-obra-hidraulica-do-baixo-mondego-2\/"},"modified":"2026-03-13T17:52:00","modified_gmt":"2026-03-13T20:52:00","slug":"especialistas-denunciam-falta-de-manutencao-da-obra-hidraulica-do-baixo-mondego-2","status":"publish","type":"post","link":"https:\/\/portaltela.pt\/meio-ambiente\/2026\/03\/13\/especialistas-denunciam-falta-de-manutencao-da-obra-hidraulica-do-baixo-mondego-2\/","title":{"rendered":"Especialistas denunciam falta de manuten\u00e7\u00e3o da obra hidr\u00e1ulica do Baixo Mondego"},"content":{"rendered":"<p>Especialistas denunciam falta de manuten\u00e7\u00e3o da obra hidr\u00e1ulica do Baixo Mondego. A den\u00fancia aponta para d\u00e9fices na conserva\u00e7\u00e3o de infraestruturas que, segundo os t\u00e9cnicos, afetam a seguran\u00e7a e a efici\u00eancia do sistema de gest\u00e3o de \u00e1gua na regi\u00e3o.<\/p>\n<p>Concretamente, os especialistas alertam para sinais de desgaste e aus\u00eancia de interven\u00e7\u00f5es programadas nas estruturas relacionadas com o Baixo Mondego. A falta de manuten\u00e7\u00e3o pode comprometer a resposta a cheias, a qualidade da \u00e1gua e a operacionalidade das estruturas hidr\u00e1ul\u00edcas.<\/p>\n<p>O conte\u00fado completo da den\u00fancia est\u00e1 dispon\u00edvel apenas para subscritores. A organiza\u00e7\u00e3o que publicou a informa\u00e7\u00e3o n\u00e3o detalha, nesta s\u00edntese p\u00fablica, os per\u00edodos exatos de falhas, as obras envolvidas ou as entidades respons\u00e1veis pela gest\u00e3o da obra hidr\u00e1ulica.<\/p>\n","protected":false},"excerpt":{"rendered":"<ul>\n<li>Especialistas denunciam falta de manuten\u00e7\u00e3o da obra hidr\u00e1ulica do Baixo Mondego.<\/li>\n<li>O conte\u00fado completo est\u00e1 dispon\u00edvel apenas para subscritores.<\/li>\n<\/ul>\n","protected":false},"author":2,"featured_media":409602,"comment_status":"closed","ping_status":"closed","sticky":false,"template":"","format":"standard","meta":{"footnotes":""},"categories":[6725],"tags":[1503,1090,4880,1615,2410,1123],"class_list":["post-409595","post","type-post","status-publish","format-standard","has-post-thumbnail","hentry","category-meio-ambiente","tag-abastecimento-de-agua","tag-agua","tag-conservacao-ambiental","tag-infraestrutura","tag-mondego","tag-saneamento"],"yoast_head":"<!-- This site is optimized with the Yoast SEO plugin v27.2 - https:\/\/yoast.com\/product\/yoast-seo-wordpress\/ -->\n<title>Especialistas denunciam falta de manuten\u00e7\u00e3o da obra hidr\u00e1ulica do Baixo Mondego - Portal Tela Portugal<\/title>\n<meta name=\"robots\" content=\"index, follow, max-snippet:-1, max-image-preview:large, max-video-preview:-1\" \/>\n<meta property=\"og:locale\" content=\"pt_PT\" \/>\n<meta property=\"og:type\" content=\"article\" \/>\n<meta property=\"og:title\" content=\"Especialistas denunciam falta de manuten\u00e7\u00e3o da obra hidr\u00e1ulica do Baixo Mondego - Portal Tela Portugal\" \/>\n<meta property=\"og:description\" content=\"Especialistas denunciam falta de manuten\u00e7\u00e3o da obra hidr\u00e1ulica do Baixo Mondego. O conte\u00fado completo est\u00e1 dispon\u00edvel apenas para subscritores.\" \/>\n<meta property=\"og:url\" content=\"https:\/\/portaltela.pt\/noticias\/2026\/03\/13\/especialistas-denunciam-falta-de-manutencao-da-obra-hidraulica-do-baixo-mondego-2\/\" \/>\n<meta property=\"og:site_name\" content=\"Portal Tela Portugal\" \/>\n<meta property=\"article:published_time\" content=\"2026-03-13T20:52:00+00:00\" \/>\n<meta name=\"author\" content=\"Telinha\" \/>\n<meta name=\"twitter:card\" content=\"summary_large_image\" \/>\n<meta name=\"twitter:label1\" content=\"Escrito por\" \/>\n\t<meta name=\"twitter:data1\" content=\"Telinha\" \/>\n\t<meta name=\"twitter:label2\" content=\"Tempo estimado de leitura\" \/>\n\t<meta name=\"twitter:data2\" content=\"1 minuto\" \/>\n<script type=\"application\/ld+json\" class=\"yoast-schema-graph\">{\"@context\":\"https:\/\/schema.org\",\"@graph\":[{\"@type\":\"Article\",\"@id\":\"https:\/\/portaltela.pt\/noticias\/2026\/03\/13\/especialistas-denunciam-falta-de-manutencao-da-obra-hidraulica-do-baixo-mondego-2\/#article\",\"isPartOf\":{\"@id\":\"https:\/\/portaltela.pt\/noticias\/2026\/03\/13\/especialistas-denunciam-falta-de-manutencao-da-obra-hidraulica-do-baixo-mondego-2\/\"},\"author\":{\"name\":\"Telinha\",\"@id\":\"https:\/\/portaltela.pt\/#\/schema\/person\/c4278d4a6028830caff9ee44b42d32ed\"},\"headline\":\"Especialistas denunciam falta de manuten\u00e7\u00e3o da obra hidr\u00e1ulica do Baixo Mondego\",\"datePublished\":\"2026-03-13T20:52:00+00:00\",\"mainEntityOfPage\":{\"@id\":\"https:\/\/portaltela.pt\/noticias\/2026\/03\/13\/especialistas-denunciam-falta-de-manutencao-da-obra-hidraulica-do-baixo-mondego-2\/\"},\"wordCount\":156,\"image\":{\"@id\":\"https:\/\/portaltela.pt\/noticias\/2026\/03\/13\/especialistas-denunciam-falta-de-manutencao-da-obra-hidraulica-do-baixo-mondego-2\/#primaryimage\"},\"thumbnailUrl\":\"https:\/\/portaltela.pt\/s.01k8rhncp4jt1\/2026\/03\/CACHE_780X1200_ANALOG_WATERMARKED_46584319_6037802_17022026045603.jpg\",\"keywords\":[\"abastecimento de \u00e1gua\",\"\u00e1gua\",\"conserva\u00e7\u00e3o ambiental\",\"infraestrutura\",\"Mondego\",\"saneamento\"],\"articleSection\":[\"Meio Ambiente\"],\"inLanguage\":\"pt-PT\"},{\"@type\":\"WebPage\",\"@id\":\"https:\/\/portaltela.pt\/noticias\/2026\/03\/13\/especialistas-denunciam-falta-de-manutencao-da-obra-hidraulica-do-baixo-mondego-2\/\",\"url\":\"https:\/\/portaltela.pt\/noticias\/2026\/03\/13\/especialistas-denunciam-falta-de-manutencao-da-obra-hidraulica-do-baixo-mondego-2\/\",\"name\":\"Especialistas denunciam falta de manuten\u00e7\u00e3o da obra hidr\u00e1ulica do Baixo Mondego - Portal Tela Portugal\",\"isPartOf\":{\"@id\":\"https:\/\/portaltela.pt\/#website\"},\"primaryImageOfPage\":{\"@id\":\"https:\/\/portaltela.pt\/noticias\/2026\/03\/13\/especialistas-denunciam-falta-de-manutencao-da-obra-hidraulica-do-baixo-mondego-2\/#primaryimage\"},\"image\":{\"@id\":\"https:\/\/portaltela.pt\/noticias\/2026\/03\/13\/especialistas-denunciam-falta-de-manutencao-da-obra-hidraulica-do-baixo-mondego-2\/#primaryimage\"},\"thumbnailUrl\":\"https:\/\/portaltela.pt\/s.01k8rhncp4jt1\/2026\/03\/CACHE_780X1200_ANALOG_WATERMARKED_46584319_6037802_17022026045603.jpg\",\"datePublished\":\"2026-03-13T20:52:00+00:00\",\"author\":{\"@id\":\"https:\/\/portaltela.pt\/#\/schema\/person\/c4278d4a6028830caff9ee44b42d32ed\"},\"breadcrumb\":{\"@id\":\"https:\/\/portaltela.pt\/noticias\/2026\/03\/13\/especialistas-denunciam-falta-de-manutencao-da-obra-hidraulica-do-baixo-mondego-2\/#breadcrumb\"},\"inLanguage\":\"pt-PT\",\"potentialAction\":[{\"@type\":\"ReadAction\",\"target\":[\"https:\/\/portaltela.pt\/noticias\/2026\/03\/13\/especialistas-denunciam-falta-de-manutencao-da-obra-hidraulica-do-baixo-mondego-2\/\"]}]},{\"@type\":\"ImageObject\",\"inLanguage\":\"pt-PT\",\"@id\":\"https:\/\/portaltela.pt\/noticias\/2026\/03\/13\/especialistas-denunciam-falta-de-manutencao-da-obra-hidraulica-do-baixo-mondego-2\/#primaryimage\",\"url\":\"https:\/\/portaltela.pt\/s.01k8rhncp4jt1\/2026\/03\/CACHE_780X1200_ANALOG_WATERMARKED_46584319_6037802_17022026045603.jpg\",\"contentUrl\":\"https:\/\/portaltela.pt\/s.01k8rhncp4jt1\/2026\/03\/CACHE_780X1200_ANALOG_WATERMARKED_46584319_6037802_17022026045603.jpg\",\"width\":796,\"height\":448,\"caption\":\"Especialistas denunciam falta de manuten\u00e7\u00e3o da obra hidr\u00e1ulica do Baixo Mondego\"},{\"@type\":\"BreadcrumbList\",\"@id\":\"https:\/\/portaltela.pt\/noticias\/2026\/03\/13\/especialistas-denunciam-falta-de-manutencao-da-obra-hidraulica-do-baixo-mondego-2\/#breadcrumb\",\"itemListElement\":[{\"@type\":\"ListItem\",\"position\":1,\"name\":\"In\u00edcio\",\"item\":\"https:\/\/portaltela.pt\/\"},{\"@type\":\"ListItem\",\"position\":2,\"name\":\"Especialistas denunciam falta de manuten\u00e7\u00e3o da obra hidr\u00e1ulica do Baixo Mondego\"}]},{\"@type\":\"WebSite\",\"@id\":\"https:\/\/portaltela.pt\/#website\",\"url\":\"https:\/\/portaltela.pt\/\",\"name\":\"Portal Tela Portugal\",\"description\":\"\",\"potentialAction\":[{\"@type\":\"SearchAction\",\"target\":{\"@type\":\"EntryPoint\",\"urlTemplate\":\"https:\/\/portaltela.pt\/?s={search_term_string}\"},\"query-input\":{\"@type\":\"PropertyValueSpecification\",\"valueRequired\":true,\"valueName\":\"search_term_string\"}}],\"inLanguage\":\"pt-PT\"},{\"@type\":\"Person\",\"@id\":\"https:\/\/portaltela.pt\/#\/schema\/person\/c4278d4a6028830caff9ee44b42d32ed\",\"name\":\"Telinha\",\"image\":{\"@type\":\"ImageObject\",\"inLanguage\":\"pt-PT\",\"@id\":\"https:\/\/portaltela.pt\/s.01k8rhncp4jt1\/2025\/11\/talking-bot-125x125.png\",\"url\":\"https:\/\/portaltela.pt\/s.01k8rhncp4jt1\/2025\/11\/talking-bot-125x125.png\",\"contentUrl\":\"https:\/\/portaltela.pt\/s.01k8rhncp4jt1\/2025\/11\/talking-bot-125x125.png\",\"caption\":\"Telinha\"},\"sameAs\":[\"https:\/\/portaltela.pt\/\"],\"url\":\"https:\/\/portaltela.pt\/por\/367410592786\/\"}]}<\/script>\n<!-- \/ Yoast SEO plugin. -->","yoast_head_json":{"title":"Especialistas denunciam falta de manuten\u00e7\u00e3o da obra hidr\u00e1ulica do Baixo Mondego - Portal Tela Portugal","robots":{"index":"index","follow":"follow","max-snippet":"max-snippet:-1","max-image-preview":"max-image-preview:large","max-video-preview":"max-video-preview:-1"},"og_locale":"pt_PT","og_type":"article","og_title":"Especialistas denunciam falta de manuten\u00e7\u00e3o da obra hidr\u00e1ulica do Baixo Mondego - Portal Tela Portugal","og_description":"Especialistas denunciam falta de manuten\u00e7\u00e3o da obra hidr\u00e1ulica do Baixo Mondego. O conte\u00fado completo est\u00e1 dispon\u00edvel apenas para subscritores.","og_url":"https:\/\/portaltela.pt\/noticias\/2026\/03\/13\/especialistas-denunciam-falta-de-manutencao-da-obra-hidraulica-do-baixo-mondego-2\/","og_site_name":"Portal Tela Portugal","article_published_time":"2026-03-13T20:52:00+00:00","author":"Telinha","twitter_card":"summary_large_image","twitter_misc":{"Escrito por":"Telinha","Tempo estimado de leitura":"1 minuto"},"schema":{"@context":"https:\/\/schema.org","@graph":[{"@type":"Article","@id":"https:\/\/portaltela.pt\/noticias\/2026\/03\/13\/especialistas-denunciam-falta-de-manutencao-da-obra-hidraulica-do-baixo-mondego-2\/#article","isPartOf":{"@id":"https:\/\/portaltela.pt\/noticias\/2026\/03\/13\/especialistas-denunciam-falta-de-manutencao-da-obra-hidraulica-do-baixo-mondego-2\/"},"author":{"name":"Telinha","@id":"https:\/\/portaltela.pt\/#\/schema\/person\/c4278d4a6028830caff9ee44b42d32ed"},"headline":"Especialistas denunciam falta de manuten\u00e7\u00e3o da obra hidr\u00e1ulica do Baixo Mondego","datePublished":"2026-03-13T20:52:00+00:00","mainEntityOfPage":{"@id":"https:\/\/portaltela.pt\/noticias\/2026\/03\/13\/especialistas-denunciam-falta-de-manutencao-da-obra-hidraulica-do-baixo-mondego-2\/"},"wordCount":156,"image":{"@id":"https:\/\/portaltela.pt\/noticias\/2026\/03\/13\/especialistas-denunciam-falta-de-manutencao-da-obra-hidraulica-do-baixo-mondego-2\/#primaryimage"},"thumbnailUrl":"https:\/\/portaltela.pt\/s.01k8rhncp4jt1\/2026\/03\/CACHE_780X1200_ANALOG_WATERMARKED_46584319_6037802_17022026045603.jpg","keywords":["abastecimento de \u00e1gua","\u00e1gua","conserva\u00e7\u00e3o ambiental","infraestrutura","Mondego","saneamento"],"articleSection":["Meio Ambiente"],"inLanguage":"pt-PT"},{"@type":"WebPage","@id":"https:\/\/portaltela.pt\/noticias\/2026\/03\/13\/especialistas-denunciam-falta-de-manutencao-da-obra-hidraulica-do-baixo-mondego-2\/","url":"https:\/\/portaltela.pt\/noticias\/2026\/03\/13\/especialistas-denunciam-falta-de-manutencao-da-obra-hidraulica-do-baixo-mondego-2\/","name":"Especialistas denunciam falta de manuten\u00e7\u00e3o da obra hidr\u00e1ulica do Baixo Mondego - Portal Tela Portugal","isPartOf":{"@id":"https:\/\/portaltela.pt\/#website"},"primaryImageOfPage":{"@id":"https:\/\/portaltela.pt\/noticias\/2026\/03\/13\/especialistas-denunciam-falta-de-manutencao-da-obra-hidraulica-do-baixo-mondego-2\/#primaryimage"},"image":{"@id":"https:\/\/portaltela.pt\/noticias\/2026\/03\/13\/especialistas-denunciam-falta-de-manutencao-da-obra-hidraulica-do-baixo-mondego-2\/#primaryimage"},"thumbnailUrl":"https:\/\/portaltela.pt\/s.01k8rhncp4jt1\/2026\/03\/CACHE_780X1200_ANALOG_WATERMARKED_46584319_6037802_17022026045603.jpg","datePublished":"2026-03-13T20:52:00+00:00","author":{"@id":"https:\/\/portaltela.pt\/#\/schema\/person\/c4278d4a6028830caff9ee44b42d32ed"},"breadcrumb":{"@id":"https:\/\/portaltela.pt\/noticias\/2026\/03\/13\/especialistas-denunciam-falta-de-manutencao-da-obra-hidraulica-do-baixo-mondego-2\/#breadcrumb"},"inLanguage":"pt-PT","potentialAction":[{"@type":"ReadAction","target":["https:\/\/portaltela.pt\/noticias\/2026\/03\/13\/especialistas-denunciam-falta-de-manutencao-da-obra-hidraulica-do-baixo-mondego-2\/"]}]},{"@type":"ImageObject","inLanguage":"pt-PT","@id":"https:\/\/portaltela.pt\/noticias\/2026\/03\/13\/especialistas-denunciam-falta-de-manutencao-da-obra-hidraulica-do-baixo-mondego-2\/#primaryimage","url":"https:\/\/portaltela.pt\/s.01k8rhncp4jt1\/2026\/03\/CACHE_780X1200_ANALOG_WATERMARKED_46584319_6037802_17022026045603.jpg","contentUrl":"https:\/\/portaltela.pt\/s.01k8rhncp4jt1\/2026\/03\/CACHE_780X1200_ANALOG_WATERMARKED_46584319_6037802_17022026045603.jpg","width":796,"height":448,"caption":"Especialistas denunciam falta de manuten\u00e7\u00e3o da obra hidr\u00e1ulica do Baixo Mondego"},{"@type":"BreadcrumbList","@id":"https:\/\/portaltela.pt\/noticias\/2026\/03\/13\/especialistas-denunciam-falta-de-manutencao-da-obra-hidraulica-do-baixo-mondego-2\/#breadcrumb","itemListElement":[{"@type":"ListItem","position":1,"name":"In\u00edcio","item":"https:\/\/portaltela.pt\/"},{"@type":"ListItem","position":2,"name":"Especialistas denunciam falta de manuten\u00e7\u00e3o da obra hidr\u00e1ulica do Baixo Mondego"}]},{"@type":"WebSite","@id":"https:\/\/portaltela.pt\/#website","url":"https:\/\/portaltela.pt\/","name":"Portal Tela Portugal","description":"","potentialAction":[{"@type":"SearchAction","target":{"@type":"EntryPoint","urlTemplate":"https:\/\/portaltela.pt\/?s={search_term_string}"},"query-input":{"@type":"PropertyValueSpecification","valueRequired":true,"valueName":"search_term_string"}}],"inLanguage":"pt-PT"},{"@type":"Person","@id":"https:\/\/portaltela.pt\/#\/schema\/person\/c4278d4a6028830caff9ee44b42d32ed","name":"Telinha","image":{"@type":"ImageObject","inLanguage":"pt-PT","@id":"https:\/\/portaltela.pt\/s.01k8rhncp4jt1\/2025\/11\/talking-bot-125x125.png","url":"https:\/\/portaltela.pt\/s.01k8rhncp4jt1\/2025\/11\/talking-bot-125x125.png","contentUrl":"https:\/\/portaltela.pt\/s.01k8rhncp4jt1\/2025\/11\/talking-bot-125x125.png","caption":"Telinha"},"sameAs":["https:\/\/portaltela.pt\/"],"url":"https:\/\/portaltela.pt\/por\/367410592786\/"}]}},"_links":{"self":[{"href":"https:\/\/portaltela.pt\/api\/wp\/v2\/posts\/409595","targetHints":{"allow":["GET"]}}],"collection":[{"href":"https:\/\/portaltela.pt\/api\/wp\/v2\/posts"}],"about":[{"href":"https:\/\/portaltela.pt\/api\/wp\/v2\/types\/post"}],"author":[{"embeddable":true,"href":"https:\/\/portaltela.pt\/api\/wp\/v2\/users\/2"}],"replies":[{"embeddable":true,"href":"https:\/\/portaltela.pt\/api\/wp\/v2\/comments?post=409595"}],"version-history":[{"count":0,"href":"https:\/\/portaltela.pt\/api\/wp\/v2\/posts\/409595\/revisions"}],"wp:featuredmedia":[{"embeddable":true,"href":"https:\/\/portaltela.pt\/api\/wp\/v2\/media\/409602"}],"wp:attachment":[{"href":"https:\/\/portaltela.pt\/api\/wp\/v2\/media?parent=409595"}],"wp:term":[{"taxonomy":"category","embeddable":true,"href":"https:\/\/portaltela.pt\/api\/wp\/v2\/categories?post=409595"},{"taxonomy":"post_tag","embeddable":true,"href":"https:\/\/portaltela.pt\/api\/wp\/v2\/tags?post=409595"}],"curies":[{"name":"wp","href":"https:\/\/api.w.org\/{rel}","templated":true}]}}