{"id":409593,"date":"2026-03-13T22:30:00","date_gmt":"2026-03-14T01:30:00","guid":{"rendered":"https:\/\/portaltela.pt\/noticias\/2026\/03\/13\/ferro-rodrigues-nao-comparece-na-tomada-de-posse-ruptura-com-aguiar-branco\/"},"modified":"2026-03-13T22:30:00","modified_gmt":"2026-03-14T01:30:00","slug":"ferro-rodrigues-nao-comparece-na-tomada-de-posse-ruptura-com-aguiar-branco","status":"publish","type":"post","link":"https:\/\/portaltela.pt\/noticias\/politica\/2026\/03\/13\/ferro-rodrigues-nao-comparece-na-tomada-de-posse-ruptura-com-aguiar-branco\/","title":{"rendered":"Ferro Rodrigues n\u00e3o comparece na tomada de posse, ruptura com Aguiar-Branco"},"content":{"rendered":"<p>Eduardo Ferro Rodrigues n\u00e3o compareceu \u00e0 tomada de posse do Presidente da Rep\u00fablica, realizada na segunda-feira, alegando um conflito com Jos\u00e9 Pedro Aguiar-Branco. A aus\u00eancia ocorreu durante a cerim\u00f3nia em Lisboa.<\/p>\n<p>Segundo o Expresso, a rutura teve origem num epis\u00f3dio do in\u00edcio do ano anterior, quando Andr\u00e9 Ventura ligou Ferro Rodrigues ao caso Casa Pia, num coment\u00e1rio p\u00fablico.<\/p>\n<p>O ex-presidente da Assembleia da Rep\u00fablica apresentou a sua queixa por escrito ao atual presidente do \u00f3rg\u00e3o, Aguiar-Branco, que explicou ter mantido sil\u00eancio com base na liberdade de express\u00e3o. Ant\u00f3nio Jos\u00e9 Seguro e Marcelo Rebelo de Sousa foram informados dessa decis\u00e3o.<\/p>\n<p>Ferro Rodrigues comunicou ainda aos mandat\u00e1rios institucionalmente relevantes a sua decis\u00e3o de faltar \u00e0 cerim\u00f3nia, sem revelar outras motiva\u00e7\u00f5es. A not\u00edcia mant\u00e9m o foco na rela\u00e7\u00e3o entre as figuras e no epis\u00f3dio referido.<\/p>\n","protected":false},"excerpt":{"rendered":"<ul>\n<li>Eduardo Ferro Rodrigues faltou \u00e0 tomada de posse do Presidente da Rep\u00fablica, na segunda-feira, devido a um rutura com Jos\u00e9 Pedro Aguiar\u2011Branco.<\/li>\n<li>A origem do conflito remonta a um epis\u00f3dio do in\u00edcio do ano passado, quando Andr\u00e9 Ventura ligou Ferro Rodrigues ao caso Casa Pia.<\/li>\n<li>Ferro Rodrigues apresentou uma queixa por escrito ao presidente da Assembleia da Rep\u00fablica, cargo que j\u00e1 exerceu.<\/li>\n<li>Aguiar\u2011Branco justificou o sil\u00eancio com a \u201cliberdade de express\u00e3o\u201d e informou aos demais que n\u00e3o iria \u00e0 cerim\u00f3nia.<\/li>\n<li>Ant\u00f3nio Jos\u00e9 Seguro e Marcelo Rebelo de Sousa ficaram a par da situa\u00e7\u00e3o.<\/li>\n<\/ul>\n","protected":false},"author":2,"featured_media":409600,"comment_status":"closed","ping_status":"closed","sticky":false,"template":"","format":"standard","meta":{"footnotes":""},"categories":[1,5],"tags":[7189,2453,5176,254,7188,30],"class_list":["post-409593","post","type-post","status-publish","format-standard","has-post-thumbnail","hentry","category-noticias","category-politica","tag-aguiar-branco","tag-andre-ventura","tag-casa-pia","tag-conflito","tag-ferro-rodrigues","tag-presidente"],"yoast_head":"<!-- This site is optimized with the Yoast SEO plugin v27.2 - https:\/\/yoast.com\/product\/yoast-seo-wordpress\/ -->\n<title>Ferro Rodrigues n\u00e3o comparece na tomada de posse, ruptura com Aguiar-Branco - Portal Tela Portugal<\/title>\n<meta name=\"robots\" content=\"index, follow, max-snippet:-1, max-image-preview:large, max-video-preview:-1\" \/>\n<meta property=\"og:locale\" content=\"pt_PT\" \/>\n<meta property=\"og:type\" content=\"article\" \/>\n<meta property=\"og:title\" content=\"Ferro Rodrigues n\u00e3o comparece na tomada de posse, ruptura com Aguiar-Branco - Portal Tela Portugal\" \/>\n<meta property=\"og:description\" content=\"Eduardo Ferro Rodrigues faltou \u00e0 tomada de posse do Presidente da Rep\u00fablica, na segunda-feira, devido a um rutura com Jos\u00e9 Pedro Aguiar\u2011Branco. A origem do conflito remonta a um epis\u00f3dio do in\u00edcio do ano passado, quando Andr\u00e9 Ventura ligou Ferro Rodrigues ao caso Casa Pia. Ferro Rodrigues apresentou uma queixa por escrito ao presidente da Assembleia da Rep\u00fablica, cargo que j\u00e1 exerceu. Aguiar\u2011Branco justificou o sil\u00eancio com a \u201cliberdade de express\u00e3o\u201d e informou aos demais que n\u00e3o iria \u00e0 cerim\u00f3nia. Ant\u00f3nio Jos\u00e9 Seguro e Marcelo Rebelo de Sousa ficaram a par da situa\u00e7\u00e3o.\" \/>\n<meta property=\"og:url\" content=\"https:\/\/portaltela.pt\/noticias\/2026\/03\/13\/ferro-rodrigues-nao-comparece-na-tomada-de-posse-ruptura-com-aguiar-branco\/\" \/>\n<meta property=\"og:site_name\" content=\"Portal Tela Portugal\" \/>\n<meta property=\"article:published_time\" content=\"2026-03-14T01:30:00+00:00\" \/>\n<meta name=\"author\" content=\"Telinha\" \/>\n<meta name=\"twitter:card\" content=\"summary_large_image\" \/>\n<meta name=\"twitter:label1\" content=\"Escrito por\" \/>\n\t<meta name=\"twitter:data1\" content=\"Telinha\" \/>\n\t<meta name=\"twitter:label2\" content=\"Tempo estimado de leitura\" \/>\n\t<meta name=\"twitter:data2\" content=\"1 minuto\" \/>\n<script type=\"application\/ld+json\" class=\"yoast-schema-graph\">{\"@context\":\"https:\/\/schema.org\",\"@graph\":[{\"@type\":\"Article\",\"@id\":\"https:\/\/portaltela.pt\/noticias\/2026\/03\/13\/ferro-rodrigues-nao-comparece-na-tomada-de-posse-ruptura-com-aguiar-branco\/#article\",\"isPartOf\":{\"@id\":\"https:\/\/portaltela.pt\/noticias\/2026\/03\/13\/ferro-rodrigues-nao-comparece-na-tomada-de-posse-ruptura-com-aguiar-branco\/\"},\"author\":{\"name\":\"Telinha\",\"@id\":\"https:\/\/portaltela.pt\/#\/schema\/person\/c4278d4a6028830caff9ee44b42d32ed\"},\"headline\":\"Ferro Rodrigues n\u00e3o comparece na tomada de posse, ruptura com Aguiar-Branco\",\"datePublished\":\"2026-03-14T01:30:00+00:00\",\"mainEntityOfPage\":{\"@id\":\"https:\/\/portaltela.pt\/noticias\/2026\/03\/13\/ferro-rodrigues-nao-comparece-na-tomada-de-posse-ruptura-com-aguiar-branco\/\"},\"wordCount\":164,\"image\":{\"@id\":\"https:\/\/portaltela.pt\/noticias\/2026\/03\/13\/ferro-rodrigues-nao-comparece-na-tomada-de-posse-ruptura-com-aguiar-branco\/#primaryimage\"},\"thumbnailUrl\":\"https:\/\/portaltela.pt\/s.01k8rhncp4jt1\/2026\/03\/img_1500x1000uu2026-03-14-01-33-36-2272222.jpg\",\"keywords\":[\"Aguiar-Branco\",\"Andr\u00e9 Ventura\",\"Casa Pia\",\"conflito\",\"Ferro Rodrigues\",\"presidente\"],\"articleSection\":[\"Not\u00edcias\",\"Pol\u00edtica\"],\"inLanguage\":\"pt-PT\"},{\"@type\":\"WebPage\",\"@id\":\"https:\/\/portaltela.pt\/noticias\/2026\/03\/13\/ferro-rodrigues-nao-comparece-na-tomada-de-posse-ruptura-com-aguiar-branco\/\",\"url\":\"https:\/\/portaltela.pt\/noticias\/2026\/03\/13\/ferro-rodrigues-nao-comparece-na-tomada-de-posse-ruptura-com-aguiar-branco\/\",\"name\":\"Ferro Rodrigues n\u00e3o comparece na tomada de posse, ruptura com Aguiar-Branco - Portal Tela Portugal\",\"isPartOf\":{\"@id\":\"https:\/\/portaltela.pt\/#website\"},\"primaryImageOfPage\":{\"@id\":\"https:\/\/portaltela.pt\/noticias\/2026\/03\/13\/ferro-rodrigues-nao-comparece-na-tomada-de-posse-ruptura-com-aguiar-branco\/#primaryimage\"},\"image\":{\"@id\":\"https:\/\/portaltela.pt\/noticias\/2026\/03\/13\/ferro-rodrigues-nao-comparece-na-tomada-de-posse-ruptura-com-aguiar-branco\/#primaryimage\"},\"thumbnailUrl\":\"https:\/\/portaltela.pt\/s.01k8rhncp4jt1\/2026\/03\/img_1500x1000uu2026-03-14-01-33-36-2272222.jpg\",\"datePublished\":\"2026-03-14T01:30:00+00:00\",\"author\":{\"@id\":\"https:\/\/portaltela.pt\/#\/schema\/person\/c4278d4a6028830caff9ee44b42d32ed\"},\"breadcrumb\":{\"@id\":\"https:\/\/portaltela.pt\/noticias\/2026\/03\/13\/ferro-rodrigues-nao-comparece-na-tomada-de-posse-ruptura-com-aguiar-branco\/#breadcrumb\"},\"inLanguage\":\"pt-PT\",\"potentialAction\":[{\"@type\":\"ReadAction\",\"target\":[\"https:\/\/portaltela.pt\/noticias\/2026\/03\/13\/ferro-rodrigues-nao-comparece-na-tomada-de-posse-ruptura-com-aguiar-branco\/\"]}]},{\"@type\":\"ImageObject\",\"inLanguage\":\"pt-PT\",\"@id\":\"https:\/\/portaltela.pt\/noticias\/2026\/03\/13\/ferro-rodrigues-nao-comparece-na-tomada-de-posse-ruptura-com-aguiar-branco\/#primaryimage\",\"url\":\"https:\/\/portaltela.pt\/s.01k8rhncp4jt1\/2026\/03\/img_1500x1000uu2026-03-14-01-33-36-2272222.jpg\",\"contentUrl\":\"https:\/\/portaltela.pt\/s.01k8rhncp4jt1\/2026\/03\/img_1500x1000uu2026-03-14-01-33-36-2272222.jpg\",\"width\":796,\"height\":448,\"caption\":\"FOTO: Pedro Elias\"},{\"@type\":\"BreadcrumbList\",\"@id\":\"https:\/\/portaltela.pt\/noticias\/2026\/03\/13\/ferro-rodrigues-nao-comparece-na-tomada-de-posse-ruptura-com-aguiar-branco\/#breadcrumb\",\"itemListElement\":[{\"@type\":\"ListItem\",\"position\":1,\"name\":\"In\u00edcio\",\"item\":\"https:\/\/portaltela.pt\/\"},{\"@type\":\"ListItem\",\"position\":2,\"name\":\"Ferro Rodrigues n\u00e3o comparece na tomada de posse, ruptura com Aguiar-Branco\"}]},{\"@type\":\"WebSite\",\"@id\":\"https:\/\/portaltela.pt\/#website\",\"url\":\"https:\/\/portaltela.pt\/\",\"name\":\"Portal Tela Portugal\",\"description\":\"\",\"potentialAction\":[{\"@type\":\"SearchAction\",\"target\":{\"@type\":\"EntryPoint\",\"urlTemplate\":\"https:\/\/portaltela.pt\/?s={search_term_string}\"},\"query-input\":{\"@type\":\"PropertyValueSpecification\",\"valueRequired\":true,\"valueName\":\"search_term_string\"}}],\"inLanguage\":\"pt-PT\"},{\"@type\":\"Person\",\"@id\":\"https:\/\/portaltela.pt\/#\/schema\/person\/c4278d4a6028830caff9ee44b42d32ed\",\"name\":\"Telinha\",\"image\":{\"@type\":\"ImageObject\",\"inLanguage\":\"pt-PT\",\"@id\":\"https:\/\/portaltela.pt\/s.01k8rhncp4jt1\/2025\/11\/talking-bot-125x125.png\",\"url\":\"https:\/\/portaltela.pt\/s.01k8rhncp4jt1\/2025\/11\/talking-bot-125x125.png\",\"contentUrl\":\"https:\/\/portaltela.pt\/s.01k8rhncp4jt1\/2025\/11\/talking-bot-125x125.png\",\"caption\":\"Telinha\"},\"sameAs\":[\"https:\/\/portaltela.pt\/\"],\"url\":\"https:\/\/portaltela.pt\/por\/367410592786\/\"}]}<\/script>\n<!-- \/ Yoast SEO plugin. -->","yoast_head_json":{"title":"Ferro Rodrigues n\u00e3o comparece na tomada de posse, ruptura com Aguiar-Branco - Portal Tela Portugal","robots":{"index":"index","follow":"follow","max-snippet":"max-snippet:-1","max-image-preview":"max-image-preview:large","max-video-preview":"max-video-preview:-1"},"og_locale":"pt_PT","og_type":"article","og_title":"Ferro Rodrigues n\u00e3o comparece na tomada de posse, ruptura com Aguiar-Branco - Portal Tela Portugal","og_description":"Eduardo Ferro Rodrigues faltou \u00e0 tomada de posse do Presidente da Rep\u00fablica, na segunda-feira, devido a um rutura com Jos\u00e9 Pedro Aguiar\u2011Branco. A origem do conflito remonta a um epis\u00f3dio do in\u00edcio do ano passado, quando Andr\u00e9 Ventura ligou Ferro Rodrigues ao caso Casa Pia. Ferro Rodrigues apresentou uma queixa por escrito ao presidente da Assembleia da Rep\u00fablica, cargo que j\u00e1 exerceu. Aguiar\u2011Branco justificou o sil\u00eancio com a \u201cliberdade de express\u00e3o\u201d e informou aos demais que n\u00e3o iria \u00e0 cerim\u00f3nia. Ant\u00f3nio Jos\u00e9 Seguro e Marcelo Rebelo de Sousa ficaram a par da situa\u00e7\u00e3o.","og_url":"https:\/\/portaltela.pt\/noticias\/2026\/03\/13\/ferro-rodrigues-nao-comparece-na-tomada-de-posse-ruptura-com-aguiar-branco\/","og_site_name":"Portal Tela Portugal","article_published_time":"2026-03-14T01:30:00+00:00","author":"Telinha","twitter_card":"summary_large_image","twitter_misc":{"Escrito por":"Telinha","Tempo estimado de leitura":"1 minuto"},"schema":{"@context":"https:\/\/schema.org","@graph":[{"@type":"Article","@id":"https:\/\/portaltela.pt\/noticias\/2026\/03\/13\/ferro-rodrigues-nao-comparece-na-tomada-de-posse-ruptura-com-aguiar-branco\/#article","isPartOf":{"@id":"https:\/\/portaltela.pt\/noticias\/2026\/03\/13\/ferro-rodrigues-nao-comparece-na-tomada-de-posse-ruptura-com-aguiar-branco\/"},"author":{"name":"Telinha","@id":"https:\/\/portaltela.pt\/#\/schema\/person\/c4278d4a6028830caff9ee44b42d32ed"},"headline":"Ferro Rodrigues n\u00e3o comparece na tomada de posse, ruptura com Aguiar-Branco","datePublished":"2026-03-14T01:30:00+00:00","mainEntityOfPage":{"@id":"https:\/\/portaltela.pt\/noticias\/2026\/03\/13\/ferro-rodrigues-nao-comparece-na-tomada-de-posse-ruptura-com-aguiar-branco\/"},"wordCount":164,"image":{"@id":"https:\/\/portaltela.pt\/noticias\/2026\/03\/13\/ferro-rodrigues-nao-comparece-na-tomada-de-posse-ruptura-com-aguiar-branco\/#primaryimage"},"thumbnailUrl":"https:\/\/portaltela.pt\/s.01k8rhncp4jt1\/2026\/03\/img_1500x1000uu2026-03-14-01-33-36-2272222.jpg","keywords":["Aguiar-Branco","Andr\u00e9 Ventura","Casa Pia","conflito","Ferro Rodrigues","presidente"],"articleSection":["Not\u00edcias","Pol\u00edtica"],"inLanguage":"pt-PT"},{"@type":"WebPage","@id":"https:\/\/portaltela.pt\/noticias\/2026\/03\/13\/ferro-rodrigues-nao-comparece-na-tomada-de-posse-ruptura-com-aguiar-branco\/","url":"https:\/\/portaltela.pt\/noticias\/2026\/03\/13\/ferro-rodrigues-nao-comparece-na-tomada-de-posse-ruptura-com-aguiar-branco\/","name":"Ferro Rodrigues n\u00e3o comparece na tomada de posse, ruptura com Aguiar-Branco - Portal Tela Portugal","isPartOf":{"@id":"https:\/\/portaltela.pt\/#website"},"primaryImageOfPage":{"@id":"https:\/\/portaltela.pt\/noticias\/2026\/03\/13\/ferro-rodrigues-nao-comparece-na-tomada-de-posse-ruptura-com-aguiar-branco\/#primaryimage"},"image":{"@id":"https:\/\/portaltela.pt\/noticias\/2026\/03\/13\/ferro-rodrigues-nao-comparece-na-tomada-de-posse-ruptura-com-aguiar-branco\/#primaryimage"},"thumbnailUrl":"https:\/\/portaltela.pt\/s.01k8rhncp4jt1\/2026\/03\/img_1500x1000uu2026-03-14-01-33-36-2272222.jpg","datePublished":"2026-03-14T01:30:00+00:00","author":{"@id":"https:\/\/portaltela.pt\/#\/schema\/person\/c4278d4a6028830caff9ee44b42d32ed"},"breadcrumb":{"@id":"https:\/\/portaltela.pt\/noticias\/2026\/03\/13\/ferro-rodrigues-nao-comparece-na-tomada-de-posse-ruptura-com-aguiar-branco\/#breadcrumb"},"inLanguage":"pt-PT","potentialAction":[{"@type":"ReadAction","target":["https:\/\/portaltela.pt\/noticias\/2026\/03\/13\/ferro-rodrigues-nao-comparece-na-tomada-de-posse-ruptura-com-aguiar-branco\/"]}]},{"@type":"ImageObject","inLanguage":"pt-PT","@id":"https:\/\/portaltela.pt\/noticias\/2026\/03\/13\/ferro-rodrigues-nao-comparece-na-tomada-de-posse-ruptura-com-aguiar-branco\/#primaryimage","url":"https:\/\/portaltela.pt\/s.01k8rhncp4jt1\/2026\/03\/img_1500x1000uu2026-03-14-01-33-36-2272222.jpg","contentUrl":"https:\/\/portaltela.pt\/s.01k8rhncp4jt1\/2026\/03\/img_1500x1000uu2026-03-14-01-33-36-2272222.jpg","width":796,"height":448,"caption":"FOTO: Pedro Elias"},{"@type":"BreadcrumbList","@id":"https:\/\/portaltela.pt\/noticias\/2026\/03\/13\/ferro-rodrigues-nao-comparece-na-tomada-de-posse-ruptura-com-aguiar-branco\/#breadcrumb","itemListElement":[{"@type":"ListItem","position":1,"name":"In\u00edcio","item":"https:\/\/portaltela.pt\/"},{"@type":"ListItem","position":2,"name":"Ferro Rodrigues n\u00e3o comparece na tomada de posse, ruptura com Aguiar-Branco"}]},{"@type":"WebSite","@id":"https:\/\/portaltela.pt\/#website","url":"https:\/\/portaltela.pt\/","name":"Portal Tela Portugal","description":"","potentialAction":[{"@type":"SearchAction","target":{"@type":"EntryPoint","urlTemplate":"https:\/\/portaltela.pt\/?s={search_term_string}"},"query-input":{"@type":"PropertyValueSpecification","valueRequired":true,"valueName":"search_term_string"}}],"inLanguage":"pt-PT"},{"@type":"Person","@id":"https:\/\/portaltela.pt\/#\/schema\/person\/c4278d4a6028830caff9ee44b42d32ed","name":"Telinha","image":{"@type":"ImageObject","inLanguage":"pt-PT","@id":"https:\/\/portaltela.pt\/s.01k8rhncp4jt1\/2025\/11\/talking-bot-125x125.png","url":"https:\/\/portaltela.pt\/s.01k8rhncp4jt1\/2025\/11\/talking-bot-125x125.png","contentUrl":"https:\/\/portaltela.pt\/s.01k8rhncp4jt1\/2025\/11\/talking-bot-125x125.png","caption":"Telinha"},"sameAs":["https:\/\/portaltela.pt\/"],"url":"https:\/\/portaltela.pt\/por\/367410592786\/"}]}},"_links":{"self":[{"href":"https:\/\/portaltela.pt\/api\/wp\/v2\/posts\/409593","targetHints":{"allow":["GET"]}}],"collection":[{"href":"https:\/\/portaltela.pt\/api\/wp\/v2\/posts"}],"about":[{"href":"https:\/\/portaltela.pt\/api\/wp\/v2\/types\/post"}],"author":[{"embeddable":true,"href":"https:\/\/portaltela.pt\/api\/wp\/v2\/users\/2"}],"replies":[{"embeddable":true,"href":"https:\/\/portaltela.pt\/api\/wp\/v2\/comments?post=409593"}],"version-history":[{"count":0,"href":"https:\/\/portaltela.pt\/api\/wp\/v2\/posts\/409593\/revisions"}],"wp:featuredmedia":[{"embeddable":true,"href":"https:\/\/portaltela.pt\/api\/wp\/v2\/media\/409600"}],"wp:attachment":[{"href":"https:\/\/portaltela.pt\/api\/wp\/v2\/media?parent=409593"}],"wp:term":[{"taxonomy":"category","embeddable":true,"href":"https:\/\/portaltela.pt\/api\/wp\/v2\/categories?post=409593"},{"taxonomy":"post_tag","embeddable":true,"href":"https:\/\/portaltela.pt\/api\/wp\/v2\/tags?post=409593"}],"curies":[{"name":"wp","href":"https:\/\/api.w.org\/{rel}","templated":true}]}}