{"id":409577,"date":"2026-03-13T22:30:00","date_gmt":"2026-03-14T01:30:00","guid":{"rendered":"https:\/\/portaltela.pt\/noticias\/2026\/03\/13\/cientistas-portugueses-vao-ao-chile-para-estudar-o-sol-e-entender-outras-estrelas\/"},"modified":"2026-03-13T22:30:00","modified_gmt":"2026-03-14T01:30:00","slug":"cientistas-portugueses-vao-ao-chile-para-estudar-o-sol-e-entender-outras-estrelas","status":"publish","type":"post","link":"https:\/\/portaltela.pt\/noticias\/2026\/03\/13\/cientistas-portugueses-vao-ao-chile-para-estudar-o-sol-e-entender-outras-estrelas\/","title":{"rendered":"Cientistas portugueses v\u00e3o ao Chile para estudar o Sol e entender outras estrelas"},"content":{"rendered":"<p>Cientistas portugueses deslocam-se ao Chile para observar o Sol com o objetivo de entender melhor outras estrelas e, por consequ\u00eancia, avaliar quais exoplanetas podem existir al\u00e9m do nosso sistema solar. A iniciativa insere-se num esfor\u00e7o internacional para melhorar modelos estelares.<\/p>\n<p>Doze investigadores nacionais participam no projeto, centrado em utilizar o Sol como refer\u00eancia para caracterizar processos estelares. A abordagem visa refinar as representa\u00e7\u00f5es matem\u00e1ticas das estrelas, ponto fundamental para avan\u00e7ar no estudo de exoplanetas.<\/p>\n<h3>Equipa e objetivo<\/h3>\n<p>A equipa portuguesa pretende ganhar perspetiva sobre as condi\u00e7\u00f5es que influenciam o desenvolvimento de planetas fora do sistema solar, atrav\u00e9s de observa\u00e7\u00f5es e an\u00e1lise de dados solares. O refor\u00e7o destes modelos deve abrir caminho a descobertas mais precisas na \u00e1rea dos exoplanetas.<\/p>\n","protected":false},"excerpt":{"rendered":"<ul>\n<li>Um grupo de cientistas portugueses vai ao Chile observar o sol para entender melhor outras estrelas.<\/li>\n<li>O objetivo \u00e9 construir melhores modelos das estrelas para avan\u00e7ar no estudo de exoplanetas.<\/li>\n<li>Alexandre Cabral, um dos 12 investigadores envolvidos, diz que compreender as estrelas \u00e9 fundamental para dar um passo na \u00e1rea dos exoplanetas.<\/li>\n<\/ul>\n","protected":false},"author":2,"featured_media":409578,"comment_status":"closed","ping_status":"closed","sticky":false,"template":"","format":"standard","meta":{"footnotes":""},"categories":[1],"tags":[7186,2747,1992,54,787,56],"class_list":["post-409577","post","type-post","status-publish","format-standard","has-post-thumbnail","hentry","category-noticias","tag-astronomia","tag-chile","tag-ciencia","tag-descobertas","tag-observacao","tag-pesquisa"],"yoast_head":"<!-- This site is optimized with the Yoast SEO plugin v27.2 - https:\/\/yoast.com\/product\/yoast-seo-wordpress\/ -->\n<title>Cientistas portugueses v\u00e3o ao Chile para estudar o Sol e entender outras estrelas - Portal Tela Portugal<\/title>\n<meta name=\"robots\" content=\"index, follow, max-snippet:-1, max-image-preview:large, max-video-preview:-1\" \/>\n<meta property=\"og:locale\" content=\"pt_PT\" \/>\n<meta property=\"og:type\" content=\"article\" \/>\n<meta property=\"og:title\" content=\"Cientistas portugueses v\u00e3o ao Chile para estudar o Sol e entender outras estrelas - Portal Tela Portugal\" \/>\n<meta property=\"og:description\" content=\"Um grupo de cientistas portugueses vai ao Chile observar o sol para entender melhor outras estrelas. O objetivo \u00e9 construir melhores modelos das estrelas para avan\u00e7ar no estudo de exoplanetas. Alexandre Cabral, um dos 12 investigadores envolvidos, diz que compreender as estrelas \u00e9 fundamental para dar um passo na \u00e1rea dos exoplanetas.\" \/>\n<meta property=\"og:url\" content=\"https:\/\/portaltela.pt\/noticias\/2026\/03\/13\/cientistas-portugueses-vao-ao-chile-para-estudar-o-sol-e-entender-outras-estrelas\/\" \/>\n<meta property=\"og:site_name\" content=\"Portal Tela Portugal\" \/>\n<meta property=\"article:published_time\" content=\"2026-03-14T01:30:00+00:00\" \/>\n<meta name=\"author\" content=\"Telinha\" \/>\n<meta name=\"twitter:card\" content=\"summary_large_image\" \/>\n<meta name=\"twitter:label1\" content=\"Escrito por\" \/>\n\t<meta name=\"twitter:data1\" content=\"Telinha\" \/>\n\t<meta name=\"twitter:label2\" content=\"Tempo estimado de leitura\" \/>\n\t<meta name=\"twitter:data2\" content=\"1 minuto\" \/>\n<script type=\"application\/ld+json\" class=\"yoast-schema-graph\">{\"@context\":\"https:\/\/schema.org\",\"@graph\":[{\"@type\":\"Article\",\"@id\":\"https:\/\/portaltela.pt\/noticias\/2026\/03\/13\/cientistas-portugueses-vao-ao-chile-para-estudar-o-sol-e-entender-outras-estrelas\/#article\",\"isPartOf\":{\"@id\":\"https:\/\/portaltela.pt\/noticias\/2026\/03\/13\/cientistas-portugueses-vao-ao-chile-para-estudar-o-sol-e-entender-outras-estrelas\/\"},\"author\":{\"name\":\"Telinha\",\"@id\":\"https:\/\/portaltela.pt\/#\/schema\/person\/c4278d4a6028830caff9ee44b42d32ed\"},\"headline\":\"Cientistas portugueses v\u00e3o ao Chile para estudar o Sol e entender outras estrelas\",\"datePublished\":\"2026-03-14T01:30:00+00:00\",\"mainEntityOfPage\":{\"@id\":\"https:\/\/portaltela.pt\/noticias\/2026\/03\/13\/cientistas-portugueses-vao-ao-chile-para-estudar-o-sol-e-entender-outras-estrelas\/\"},\"wordCount\":145,\"image\":{\"@id\":\"https:\/\/portaltela.pt\/noticias\/2026\/03\/13\/cientistas-portugueses-vao-ao-chile-para-estudar-o-sol-e-entender-outras-estrelas\/#primaryimage\"},\"thumbnailUrl\":\"https:\/\/portaltela.pt\/s.01k8rhncp4jt1\/2026\/03\/img_1500x1000uu2026-03-10-18-35-06-2271602.jpg\",\"keywords\":[\"astronomia\",\"Chile\",\"ci\u00eancia\",\"descobertas\",\"observa\u00e7\u00e3o\",\"pesquisa\"],\"articleSection\":[\"Not\u00edcias\"],\"inLanguage\":\"pt-PT\"},{\"@type\":\"WebPage\",\"@id\":\"https:\/\/portaltela.pt\/noticias\/2026\/03\/13\/cientistas-portugueses-vao-ao-chile-para-estudar-o-sol-e-entender-outras-estrelas\/\",\"url\":\"https:\/\/portaltela.pt\/noticias\/2026\/03\/13\/cientistas-portugueses-vao-ao-chile-para-estudar-o-sol-e-entender-outras-estrelas\/\",\"name\":\"Cientistas portugueses v\u00e3o ao Chile para estudar o Sol e entender outras estrelas - Portal Tela Portugal\",\"isPartOf\":{\"@id\":\"https:\/\/portaltela.pt\/#website\"},\"primaryImageOfPage\":{\"@id\":\"https:\/\/portaltela.pt\/noticias\/2026\/03\/13\/cientistas-portugueses-vao-ao-chile-para-estudar-o-sol-e-entender-outras-estrelas\/#primaryimage\"},\"image\":{\"@id\":\"https:\/\/portaltela.pt\/noticias\/2026\/03\/13\/cientistas-portugueses-vao-ao-chile-para-estudar-o-sol-e-entender-outras-estrelas\/#primaryimage\"},\"thumbnailUrl\":\"https:\/\/portaltela.pt\/s.01k8rhncp4jt1\/2026\/03\/img_1500x1000uu2026-03-10-18-35-06-2271602.jpg\",\"datePublished\":\"2026-03-14T01:30:00+00:00\",\"author\":{\"@id\":\"https:\/\/portaltela.pt\/#\/schema\/person\/c4278d4a6028830caff9ee44b42d32ed\"},\"breadcrumb\":{\"@id\":\"https:\/\/portaltela.pt\/noticias\/2026\/03\/13\/cientistas-portugueses-vao-ao-chile-para-estudar-o-sol-e-entender-outras-estrelas\/#breadcrumb\"},\"inLanguage\":\"pt-PT\",\"potentialAction\":[{\"@type\":\"ReadAction\",\"target\":[\"https:\/\/portaltela.pt\/noticias\/2026\/03\/13\/cientistas-portugueses-vao-ao-chile-para-estudar-o-sol-e-entender-outras-estrelas\/\"]}]},{\"@type\":\"ImageObject\",\"inLanguage\":\"pt-PT\",\"@id\":\"https:\/\/portaltela.pt\/noticias\/2026\/03\/13\/cientistas-portugueses-vao-ao-chile-para-estudar-o-sol-e-entender-outras-estrelas\/#primaryimage\",\"url\":\"https:\/\/portaltela.pt\/s.01k8rhncp4jt1\/2026\/03\/img_1500x1000uu2026-03-10-18-35-06-2271602.jpg\",\"contentUrl\":\"https:\/\/portaltela.pt\/s.01k8rhncp4jt1\/2026\/03\/img_1500x1000uu2026-03-10-18-35-06-2271602.jpg\",\"width\":1500,\"height\":1000,\"caption\":\"O telesc\u00f3pio ser\u00e1 montado no observat\u00f3rio do Paranal, em pleno deserto do Atacama, no Chile.\"},{\"@type\":\"BreadcrumbList\",\"@id\":\"https:\/\/portaltela.pt\/noticias\/2026\/03\/13\/cientistas-portugueses-vao-ao-chile-para-estudar-o-sol-e-entender-outras-estrelas\/#breadcrumb\",\"itemListElement\":[{\"@type\":\"ListItem\",\"position\":1,\"name\":\"In\u00edcio\",\"item\":\"https:\/\/portaltela.pt\/\"},{\"@type\":\"ListItem\",\"position\":2,\"name\":\"Cientistas portugueses v\u00e3o ao Chile para estudar o Sol e entender outras estrelas\"}]},{\"@type\":\"WebSite\",\"@id\":\"https:\/\/portaltela.pt\/#website\",\"url\":\"https:\/\/portaltela.pt\/\",\"name\":\"Portal Tela Portugal\",\"description\":\"\",\"potentialAction\":[{\"@type\":\"SearchAction\",\"target\":{\"@type\":\"EntryPoint\",\"urlTemplate\":\"https:\/\/portaltela.pt\/?s={search_term_string}\"},\"query-input\":{\"@type\":\"PropertyValueSpecification\",\"valueRequired\":true,\"valueName\":\"search_term_string\"}}],\"inLanguage\":\"pt-PT\"},{\"@type\":\"Person\",\"@id\":\"https:\/\/portaltela.pt\/#\/schema\/person\/c4278d4a6028830caff9ee44b42d32ed\",\"name\":\"Telinha\",\"image\":{\"@type\":\"ImageObject\",\"inLanguage\":\"pt-PT\",\"@id\":\"https:\/\/portaltela.pt\/s.01k8rhncp4jt1\/2025\/11\/talking-bot-125x125.png\",\"url\":\"https:\/\/portaltela.pt\/s.01k8rhncp4jt1\/2025\/11\/talking-bot-125x125.png\",\"contentUrl\":\"https:\/\/portaltela.pt\/s.01k8rhncp4jt1\/2025\/11\/talking-bot-125x125.png\",\"caption\":\"Telinha\"},\"sameAs\":[\"https:\/\/portaltela.pt\/\"],\"url\":\"https:\/\/portaltela.pt\/por\/367410592786\/\"}]}<\/script>\n<!-- \/ Yoast SEO plugin. -->","yoast_head_json":{"title":"Cientistas portugueses v\u00e3o ao Chile para estudar o Sol e entender outras estrelas - Portal Tela Portugal","robots":{"index":"index","follow":"follow","max-snippet":"max-snippet:-1","max-image-preview":"max-image-preview:large","max-video-preview":"max-video-preview:-1"},"og_locale":"pt_PT","og_type":"article","og_title":"Cientistas portugueses v\u00e3o ao Chile para estudar o Sol e entender outras estrelas - Portal Tela Portugal","og_description":"Um grupo de cientistas portugueses vai ao Chile observar o sol para entender melhor outras estrelas. O objetivo \u00e9 construir melhores modelos das estrelas para avan\u00e7ar no estudo de exoplanetas. Alexandre Cabral, um dos 12 investigadores envolvidos, diz que compreender as estrelas \u00e9 fundamental para dar um passo na \u00e1rea dos exoplanetas.","og_url":"https:\/\/portaltela.pt\/noticias\/2026\/03\/13\/cientistas-portugueses-vao-ao-chile-para-estudar-o-sol-e-entender-outras-estrelas\/","og_site_name":"Portal Tela Portugal","article_published_time":"2026-03-14T01:30:00+00:00","author":"Telinha","twitter_card":"summary_large_image","twitter_misc":{"Escrito por":"Telinha","Tempo estimado de leitura":"1 minuto"},"schema":{"@context":"https:\/\/schema.org","@graph":[{"@type":"Article","@id":"https:\/\/portaltela.pt\/noticias\/2026\/03\/13\/cientistas-portugueses-vao-ao-chile-para-estudar-o-sol-e-entender-outras-estrelas\/#article","isPartOf":{"@id":"https:\/\/portaltela.pt\/noticias\/2026\/03\/13\/cientistas-portugueses-vao-ao-chile-para-estudar-o-sol-e-entender-outras-estrelas\/"},"author":{"name":"Telinha","@id":"https:\/\/portaltela.pt\/#\/schema\/person\/c4278d4a6028830caff9ee44b42d32ed"},"headline":"Cientistas portugueses v\u00e3o ao Chile para estudar o Sol e entender outras estrelas","datePublished":"2026-03-14T01:30:00+00:00","mainEntityOfPage":{"@id":"https:\/\/portaltela.pt\/noticias\/2026\/03\/13\/cientistas-portugueses-vao-ao-chile-para-estudar-o-sol-e-entender-outras-estrelas\/"},"wordCount":145,"image":{"@id":"https:\/\/portaltela.pt\/noticias\/2026\/03\/13\/cientistas-portugueses-vao-ao-chile-para-estudar-o-sol-e-entender-outras-estrelas\/#primaryimage"},"thumbnailUrl":"https:\/\/portaltela.pt\/s.01k8rhncp4jt1\/2026\/03\/img_1500x1000uu2026-03-10-18-35-06-2271602.jpg","keywords":["astronomia","Chile","ci\u00eancia","descobertas","observa\u00e7\u00e3o","pesquisa"],"articleSection":["Not\u00edcias"],"inLanguage":"pt-PT"},{"@type":"WebPage","@id":"https:\/\/portaltela.pt\/noticias\/2026\/03\/13\/cientistas-portugueses-vao-ao-chile-para-estudar-o-sol-e-entender-outras-estrelas\/","url":"https:\/\/portaltela.pt\/noticias\/2026\/03\/13\/cientistas-portugueses-vao-ao-chile-para-estudar-o-sol-e-entender-outras-estrelas\/","name":"Cientistas portugueses v\u00e3o ao Chile para estudar o Sol e entender outras estrelas - Portal Tela Portugal","isPartOf":{"@id":"https:\/\/portaltela.pt\/#website"},"primaryImageOfPage":{"@id":"https:\/\/portaltela.pt\/noticias\/2026\/03\/13\/cientistas-portugueses-vao-ao-chile-para-estudar-o-sol-e-entender-outras-estrelas\/#primaryimage"},"image":{"@id":"https:\/\/portaltela.pt\/noticias\/2026\/03\/13\/cientistas-portugueses-vao-ao-chile-para-estudar-o-sol-e-entender-outras-estrelas\/#primaryimage"},"thumbnailUrl":"https:\/\/portaltela.pt\/s.01k8rhncp4jt1\/2026\/03\/img_1500x1000uu2026-03-10-18-35-06-2271602.jpg","datePublished":"2026-03-14T01:30:00+00:00","author":{"@id":"https:\/\/portaltela.pt\/#\/schema\/person\/c4278d4a6028830caff9ee44b42d32ed"},"breadcrumb":{"@id":"https:\/\/portaltela.pt\/noticias\/2026\/03\/13\/cientistas-portugueses-vao-ao-chile-para-estudar-o-sol-e-entender-outras-estrelas\/#breadcrumb"},"inLanguage":"pt-PT","potentialAction":[{"@type":"ReadAction","target":["https:\/\/portaltela.pt\/noticias\/2026\/03\/13\/cientistas-portugueses-vao-ao-chile-para-estudar-o-sol-e-entender-outras-estrelas\/"]}]},{"@type":"ImageObject","inLanguage":"pt-PT","@id":"https:\/\/portaltela.pt\/noticias\/2026\/03\/13\/cientistas-portugueses-vao-ao-chile-para-estudar-o-sol-e-entender-outras-estrelas\/#primaryimage","url":"https:\/\/portaltela.pt\/s.01k8rhncp4jt1\/2026\/03\/img_1500x1000uu2026-03-10-18-35-06-2271602.jpg","contentUrl":"https:\/\/portaltela.pt\/s.01k8rhncp4jt1\/2026\/03\/img_1500x1000uu2026-03-10-18-35-06-2271602.jpg","width":1500,"height":1000,"caption":"O telesc\u00f3pio ser\u00e1 montado no observat\u00f3rio do Paranal, em pleno deserto do Atacama, no Chile."},{"@type":"BreadcrumbList","@id":"https:\/\/portaltela.pt\/noticias\/2026\/03\/13\/cientistas-portugueses-vao-ao-chile-para-estudar-o-sol-e-entender-outras-estrelas\/#breadcrumb","itemListElement":[{"@type":"ListItem","position":1,"name":"In\u00edcio","item":"https:\/\/portaltela.pt\/"},{"@type":"ListItem","position":2,"name":"Cientistas portugueses v\u00e3o ao Chile para estudar o Sol e entender outras estrelas"}]},{"@type":"WebSite","@id":"https:\/\/portaltela.pt\/#website","url":"https:\/\/portaltela.pt\/","name":"Portal Tela Portugal","description":"","potentialAction":[{"@type":"SearchAction","target":{"@type":"EntryPoint","urlTemplate":"https:\/\/portaltela.pt\/?s={search_term_string}"},"query-input":{"@type":"PropertyValueSpecification","valueRequired":true,"valueName":"search_term_string"}}],"inLanguage":"pt-PT"},{"@type":"Person","@id":"https:\/\/portaltela.pt\/#\/schema\/person\/c4278d4a6028830caff9ee44b42d32ed","name":"Telinha","image":{"@type":"ImageObject","inLanguage":"pt-PT","@id":"https:\/\/portaltela.pt\/s.01k8rhncp4jt1\/2025\/11\/talking-bot-125x125.png","url":"https:\/\/portaltela.pt\/s.01k8rhncp4jt1\/2025\/11\/talking-bot-125x125.png","contentUrl":"https:\/\/portaltela.pt\/s.01k8rhncp4jt1\/2025\/11\/talking-bot-125x125.png","caption":"Telinha"},"sameAs":["https:\/\/portaltela.pt\/"],"url":"https:\/\/portaltela.pt\/por\/367410592786\/"}]}},"_links":{"self":[{"href":"https:\/\/portaltela.pt\/api\/wp\/v2\/posts\/409577","targetHints":{"allow":["GET"]}}],"collection":[{"href":"https:\/\/portaltela.pt\/api\/wp\/v2\/posts"}],"about":[{"href":"https:\/\/portaltela.pt\/api\/wp\/v2\/types\/post"}],"author":[{"embeddable":true,"href":"https:\/\/portaltela.pt\/api\/wp\/v2\/users\/2"}],"replies":[{"embeddable":true,"href":"https:\/\/portaltela.pt\/api\/wp\/v2\/comments?post=409577"}],"version-history":[{"count":0,"href":"https:\/\/portaltela.pt\/api\/wp\/v2\/posts\/409577\/revisions"}],"wp:featuredmedia":[{"embeddable":true,"href":"https:\/\/portaltela.pt\/api\/wp\/v2\/media\/409578"}],"wp:attachment":[{"href":"https:\/\/portaltela.pt\/api\/wp\/v2\/media?parent=409577"}],"wp:term":[{"taxonomy":"category","embeddable":true,"href":"https:\/\/portaltela.pt\/api\/wp\/v2\/categories?post=409577"},{"taxonomy":"post_tag","embeddable":true,"href":"https:\/\/portaltela.pt\/api\/wp\/v2\/tags?post=409577"}],"curies":[{"name":"wp","href":"https:\/\/api.w.org\/{rel}","templated":true}]}}