{"id":409560,"date":"2026-03-13T21:03:54","date_gmt":"2026-03-14T00:03:54","guid":{"rendered":"https:\/\/portaltela.pt\/noticias\/2026\/03\/13\/cassiano-klein-elogia-diogo-carrera-por-ser-decisivo-num-jogo-dificil\/"},"modified":"2026-03-13T21:03:54","modified_gmt":"2026-03-14T00:03:54","slug":"cassiano-klein-elogia-diogo-carrera-por-ser-decisivo-num-jogo-dificil","status":"publish","type":"post","link":"https:\/\/portaltela.pt\/desporto\/futebol\/2026\/03\/13\/cassiano-klein-elogia-diogo-carrera-por-ser-decisivo-num-jogo-dificil\/","title":{"rendered":"Cassiano Klein elogia Diogo Carrera por ser decisivo num jogo dif\u00edcil"},"content":{"rendered":"<p>Cassiano Klein mostrou-se satisfeito com o apuramento do Benfica para a final da Ta\u00e7a da Liga de futsal, ap\u00f3s vencer o Le\u00f5es de Porto Salvo numa meia-final exigente. O treinador brasileiro destacou a entrega da equipa e o m\u00e9rito do advers\u00e1rio, que dificultou o caminho rumo \u00e0 final.<\/p>\n<p>O t\u00e9cnico elogiou o desempenho coletivo, reconhecendo que a eliminat\u00f3ria foi disputada at\u00e9 ao \u00faltimo minuto. A equipa manteve o foco para chegar ao objetivo, mesmo diante de um advers\u00e1rio que eliminou o campe\u00e3o em t\u00edtulo, o Sporting.<\/p>\n<p>Entre as surpresas da convocat\u00f3ria esteve Diogo Carrera, jovem da forma\u00e7\u00e3o que acabou por decidir ao defender umaoseconds pen\u00e1lti. Klein real\u00e7ou a prepara\u00e7\u00e3o de Carrera, Andr\u00e9 Correia e L\u00e9o Gugiel, bem como o papel de V\u00edtor Hugo no treino que sustenta o trio.<\/p>\n<h3>Final frente ao El\u00e9ctrico<\/h3>\n<p>O guarda-redes Carrera foi apontado como determinante, e o Benfica segue para a final da Ta\u00e7a da Liga frente ao El\u00e9ctrico. Klein considerou o equil\u00edbrio entre as equipas na meia-final e sublinhou o m\u00e9rito da forma\u00e7\u00e3o de El\u00e9ctrico, que tamb\u00e9m chegou \u00e0 final. A competi\u00e7\u00e3o continua a evidenciar o n\u00edvel do futsal portugu\u00eas.<\/p>\n","protected":false},"excerpt":{"rendered":"<ul>\n<li>Benfica apura-se para a final da Ta\u00e7a da Liga de futsal ao bater o Le\u00f5es de Porto Salvo, num jogo decidido at\u00e9 ao \u00faltimo minuto.<\/li>\n<li>Cassiano Klein elogiou a atua\u00e7\u00e3o das duas equipas e reconheceu o m\u00e9rito da forma\u00e7\u00e3o do Cl\u00e1udio Moreira.<\/li>\n<li>Diogo Carrera, convocado surpresa, tornou-se her\u00f3i ao defender o pen\u00e1lti que travou a equipa advers\u00e1ria.<\/li>\n<li>O treinador destacou a energia transmitida por Andr\u00e9 Correia ao Carrera, sublinhando a boa prepara\u00e7\u00e3o de todos os jogadores.<\/li>\n<li>A final \u00e9 contra o El\u00e9ctrico e o t\u00e9cnico elogia a qualidade do futsal portugu\u00eas e o equil\u00edbrio entre equipas de alto n\u00edvel.<\/li>\n<\/ul>\n","protected":false},"author":2,"featured_media":409561,"comment_status":"closed","ping_status":"closed","sticky":false,"template":"","format":"standard","meta":{"footnotes":""},"categories":[21,24],"tags":[1946,3972,152,4326,161,1172],"class_list":["post-409560","post","type-post","status-publish","format-standard","has-post-thumbnail","hentry","category-desporto","category-futebol","tag-benfica","tag-benfica-sad","tag-desporto","tag-electrico","tag-futsal","tag-taca-da-liga"],"yoast_head":"<!-- This site is optimized with the Yoast SEO plugin v27.2 - https:\/\/yoast.com\/product\/yoast-seo-wordpress\/ -->\n<title>Cassiano Klein elogia Diogo Carrera por ser decisivo num jogo dif\u00edcil - Portal Tela Portugal<\/title>\n<meta name=\"robots\" content=\"index, follow, max-snippet:-1, max-image-preview:large, max-video-preview:-1\" \/>\n<meta property=\"og:locale\" content=\"pt_PT\" \/>\n<meta property=\"og:type\" content=\"article\" \/>\n<meta property=\"og:title\" content=\"Cassiano Klein elogia Diogo Carrera por ser decisivo num jogo dif\u00edcil - Portal Tela Portugal\" \/>\n<meta property=\"og:description\" content=\"Benfica apura-se para a final da Ta\u00e7a da Liga de futsal ao bater o Le\u00f5es de Porto Salvo, num jogo decidido at\u00e9 ao \u00faltimo minuto. Cassiano Klein elogiou a atua\u00e7\u00e3o das duas equipas e reconheceu o m\u00e9rito da forma\u00e7\u00e3o do Cl\u00e1udio Moreira. Diogo Carrera, convocado surpresa, tornou-se her\u00f3i ao defender o pen\u00e1lti que travou a equipa advers\u00e1ria. O treinador destacou a energia transmitida por Andr\u00e9 Correia ao Carrera, sublinhando a boa prepara\u00e7\u00e3o de todos os jogadores. A final \u00e9 contra o El\u00e9ctrico e o t\u00e9cnico elogia a qualidade do futsal portugu\u00eas e o equil\u00edbrio entre equipas de alto n\u00edvel.\" \/>\n<meta property=\"og:url\" content=\"https:\/\/portaltela.pt\/noticias\/2026\/03\/13\/cassiano-klein-elogia-diogo-carrera-por-ser-decisivo-num-jogo-dificil\/\" \/>\n<meta property=\"og:site_name\" content=\"Portal Tela Portugal\" \/>\n<meta property=\"article:published_time\" content=\"2026-03-14T00:03:54+00:00\" \/>\n<meta name=\"author\" content=\"Telinha\" \/>\n<meta name=\"twitter:card\" content=\"summary_large_image\" \/>\n<meta name=\"twitter:label1\" content=\"Escrito por\" \/>\n\t<meta name=\"twitter:data1\" content=\"Telinha\" \/>\n\t<meta name=\"twitter:label2\" content=\"Tempo estimado de leitura\" \/>\n\t<meta name=\"twitter:data2\" content=\"1 minuto\" \/>\n<script type=\"application\/ld+json\" class=\"yoast-schema-graph\">{\"@context\":\"https:\/\/schema.org\",\"@graph\":[{\"@type\":\"Article\",\"@id\":\"https:\/\/portaltela.pt\/noticias\/2026\/03\/13\/cassiano-klein-elogia-diogo-carrera-por-ser-decisivo-num-jogo-dificil\/#article\",\"isPartOf\":{\"@id\":\"https:\/\/portaltela.pt\/noticias\/2026\/03\/13\/cassiano-klein-elogia-diogo-carrera-por-ser-decisivo-num-jogo-dificil\/\"},\"author\":{\"name\":\"Telinha\",\"@id\":\"https:\/\/portaltela.pt\/#\/schema\/person\/c4278d4a6028830caff9ee44b42d32ed\"},\"headline\":\"Cassiano Klein elogia Diogo Carrera por ser decisivo num jogo dif\u00edcil\",\"datePublished\":\"2026-03-14T00:03:54+00:00\",\"mainEntityOfPage\":{\"@id\":\"https:\/\/portaltela.pt\/noticias\/2026\/03\/13\/cassiano-klein-elogia-diogo-carrera-por-ser-decisivo-num-jogo-dificil\/\"},\"wordCount\":224,\"image\":{\"@id\":\"https:\/\/portaltela.pt\/noticias\/2026\/03\/13\/cassiano-klein-elogia-diogo-carrera-por-ser-decisivo-num-jogo-dificil\/#primaryimage\"},\"thumbnailUrl\":\"https:\/\/portaltela.pt\/s.01k8rhncp4jt1\/2026\/03\/img_920x518uu2026-03-11-21-24-04-2426326-im-639090415478119570.jpg\",\"keywords\":[\"Benfica\",\"Benfica SAD\",\"desporto\",\"El\u00e9ctrico\",\"futsal\",\"Ta\u00e7a da Liga\"],\"articleSection\":[\"Desporto\",\"Futebol\"],\"inLanguage\":\"pt-PT\"},{\"@type\":\"WebPage\",\"@id\":\"https:\/\/portaltela.pt\/noticias\/2026\/03\/13\/cassiano-klein-elogia-diogo-carrera-por-ser-decisivo-num-jogo-dificil\/\",\"url\":\"https:\/\/portaltela.pt\/noticias\/2026\/03\/13\/cassiano-klein-elogia-diogo-carrera-por-ser-decisivo-num-jogo-dificil\/\",\"name\":\"Cassiano Klein elogia Diogo Carrera por ser decisivo num jogo dif\u00edcil - Portal Tela Portugal\",\"isPartOf\":{\"@id\":\"https:\/\/portaltela.pt\/#website\"},\"primaryImageOfPage\":{\"@id\":\"https:\/\/portaltela.pt\/noticias\/2026\/03\/13\/cassiano-klein-elogia-diogo-carrera-por-ser-decisivo-num-jogo-dificil\/#primaryimage\"},\"image\":{\"@id\":\"https:\/\/portaltela.pt\/noticias\/2026\/03\/13\/cassiano-klein-elogia-diogo-carrera-por-ser-decisivo-num-jogo-dificil\/#primaryimage\"},\"thumbnailUrl\":\"https:\/\/portaltela.pt\/s.01k8rhncp4jt1\/2026\/03\/img_920x518uu2026-03-11-21-24-04-2426326-im-639090415478119570.jpg\",\"datePublished\":\"2026-03-14T00:03:54+00:00\",\"author\":{\"@id\":\"https:\/\/portaltela.pt\/#\/schema\/person\/c4278d4a6028830caff9ee44b42d32ed\"},\"breadcrumb\":{\"@id\":\"https:\/\/portaltela.pt\/noticias\/2026\/03\/13\/cassiano-klein-elogia-diogo-carrera-por-ser-decisivo-num-jogo-dificil\/#breadcrumb\"},\"inLanguage\":\"pt-PT\",\"potentialAction\":[{\"@type\":\"ReadAction\",\"target\":[\"https:\/\/portaltela.pt\/noticias\/2026\/03\/13\/cassiano-klein-elogia-diogo-carrera-por-ser-decisivo-num-jogo-dificil\/\"]}]},{\"@type\":\"ImageObject\",\"inLanguage\":\"pt-PT\",\"@id\":\"https:\/\/portaltela.pt\/noticias\/2026\/03\/13\/cassiano-klein-elogia-diogo-carrera-por-ser-decisivo-num-jogo-dificil\/#primaryimage\",\"url\":\"https:\/\/portaltela.pt\/s.01k8rhncp4jt1\/2026\/03\/img_920x518uu2026-03-11-21-24-04-2426326-im-639090415478119570.jpg\",\"contentUrl\":\"https:\/\/portaltela.pt\/s.01k8rhncp4jt1\/2026\/03\/img_920x518uu2026-03-11-21-24-04-2426326-im-639090415478119570.jpg\",\"width\":796,\"height\":448,\"caption\":\"Cassiano Klein no jogo contra o Rio Ave\"},{\"@type\":\"BreadcrumbList\",\"@id\":\"https:\/\/portaltela.pt\/noticias\/2026\/03\/13\/cassiano-klein-elogia-diogo-carrera-por-ser-decisivo-num-jogo-dificil\/#breadcrumb\",\"itemListElement\":[{\"@type\":\"ListItem\",\"position\":1,\"name\":\"In\u00edcio\",\"item\":\"https:\/\/portaltela.pt\/\"},{\"@type\":\"ListItem\",\"position\":2,\"name\":\"Cassiano Klein elogia Diogo Carrera por ser decisivo num jogo dif\u00edcil\"}]},{\"@type\":\"WebSite\",\"@id\":\"https:\/\/portaltela.pt\/#website\",\"url\":\"https:\/\/portaltela.pt\/\",\"name\":\"Portal Tela Portugal\",\"description\":\"\",\"potentialAction\":[{\"@type\":\"SearchAction\",\"target\":{\"@type\":\"EntryPoint\",\"urlTemplate\":\"https:\/\/portaltela.pt\/?s={search_term_string}\"},\"query-input\":{\"@type\":\"PropertyValueSpecification\",\"valueRequired\":true,\"valueName\":\"search_term_string\"}}],\"inLanguage\":\"pt-PT\"},{\"@type\":\"Person\",\"@id\":\"https:\/\/portaltela.pt\/#\/schema\/person\/c4278d4a6028830caff9ee44b42d32ed\",\"name\":\"Telinha\",\"image\":{\"@type\":\"ImageObject\",\"inLanguage\":\"pt-PT\",\"@id\":\"https:\/\/portaltela.pt\/s.01k8rhncp4jt1\/2025\/11\/talking-bot-125x125.png\",\"url\":\"https:\/\/portaltela.pt\/s.01k8rhncp4jt1\/2025\/11\/talking-bot-125x125.png\",\"contentUrl\":\"https:\/\/portaltela.pt\/s.01k8rhncp4jt1\/2025\/11\/talking-bot-125x125.png\",\"caption\":\"Telinha\"},\"sameAs\":[\"https:\/\/portaltela.pt\/\"],\"url\":\"https:\/\/portaltela.pt\/por\/367410592786\/\"}]}<\/script>\n<!-- \/ Yoast SEO plugin. -->","yoast_head_json":{"title":"Cassiano Klein elogia Diogo Carrera por ser decisivo num jogo dif\u00edcil - Portal Tela Portugal","robots":{"index":"index","follow":"follow","max-snippet":"max-snippet:-1","max-image-preview":"max-image-preview:large","max-video-preview":"max-video-preview:-1"},"og_locale":"pt_PT","og_type":"article","og_title":"Cassiano Klein elogia Diogo Carrera por ser decisivo num jogo dif\u00edcil - Portal Tela Portugal","og_description":"Benfica apura-se para a final da Ta\u00e7a da Liga de futsal ao bater o Le\u00f5es de Porto Salvo, num jogo decidido at\u00e9 ao \u00faltimo minuto. Cassiano Klein elogiou a atua\u00e7\u00e3o das duas equipas e reconheceu o m\u00e9rito da forma\u00e7\u00e3o do Cl\u00e1udio Moreira. Diogo Carrera, convocado surpresa, tornou-se her\u00f3i ao defender o pen\u00e1lti que travou a equipa advers\u00e1ria. O treinador destacou a energia transmitida por Andr\u00e9 Correia ao Carrera, sublinhando a boa prepara\u00e7\u00e3o de todos os jogadores. A final \u00e9 contra o El\u00e9ctrico e o t\u00e9cnico elogia a qualidade do futsal portugu\u00eas e o equil\u00edbrio entre equipas de alto n\u00edvel.","og_url":"https:\/\/portaltela.pt\/noticias\/2026\/03\/13\/cassiano-klein-elogia-diogo-carrera-por-ser-decisivo-num-jogo-dificil\/","og_site_name":"Portal Tela Portugal","article_published_time":"2026-03-14T00:03:54+00:00","author":"Telinha","twitter_card":"summary_large_image","twitter_misc":{"Escrito por":"Telinha","Tempo estimado de leitura":"1 minuto"},"schema":{"@context":"https:\/\/schema.org","@graph":[{"@type":"Article","@id":"https:\/\/portaltela.pt\/noticias\/2026\/03\/13\/cassiano-klein-elogia-diogo-carrera-por-ser-decisivo-num-jogo-dificil\/#article","isPartOf":{"@id":"https:\/\/portaltela.pt\/noticias\/2026\/03\/13\/cassiano-klein-elogia-diogo-carrera-por-ser-decisivo-num-jogo-dificil\/"},"author":{"name":"Telinha","@id":"https:\/\/portaltela.pt\/#\/schema\/person\/c4278d4a6028830caff9ee44b42d32ed"},"headline":"Cassiano Klein elogia Diogo Carrera por ser decisivo num jogo dif\u00edcil","datePublished":"2026-03-14T00:03:54+00:00","mainEntityOfPage":{"@id":"https:\/\/portaltela.pt\/noticias\/2026\/03\/13\/cassiano-klein-elogia-diogo-carrera-por-ser-decisivo-num-jogo-dificil\/"},"wordCount":224,"image":{"@id":"https:\/\/portaltela.pt\/noticias\/2026\/03\/13\/cassiano-klein-elogia-diogo-carrera-por-ser-decisivo-num-jogo-dificil\/#primaryimage"},"thumbnailUrl":"https:\/\/portaltela.pt\/s.01k8rhncp4jt1\/2026\/03\/img_920x518uu2026-03-11-21-24-04-2426326-im-639090415478119570.jpg","keywords":["Benfica","Benfica SAD","desporto","El\u00e9ctrico","futsal","Ta\u00e7a da Liga"],"articleSection":["Desporto","Futebol"],"inLanguage":"pt-PT"},{"@type":"WebPage","@id":"https:\/\/portaltela.pt\/noticias\/2026\/03\/13\/cassiano-klein-elogia-diogo-carrera-por-ser-decisivo-num-jogo-dificil\/","url":"https:\/\/portaltela.pt\/noticias\/2026\/03\/13\/cassiano-klein-elogia-diogo-carrera-por-ser-decisivo-num-jogo-dificil\/","name":"Cassiano Klein elogia Diogo Carrera por ser decisivo num jogo dif\u00edcil - Portal Tela Portugal","isPartOf":{"@id":"https:\/\/portaltela.pt\/#website"},"primaryImageOfPage":{"@id":"https:\/\/portaltela.pt\/noticias\/2026\/03\/13\/cassiano-klein-elogia-diogo-carrera-por-ser-decisivo-num-jogo-dificil\/#primaryimage"},"image":{"@id":"https:\/\/portaltela.pt\/noticias\/2026\/03\/13\/cassiano-klein-elogia-diogo-carrera-por-ser-decisivo-num-jogo-dificil\/#primaryimage"},"thumbnailUrl":"https:\/\/portaltela.pt\/s.01k8rhncp4jt1\/2026\/03\/img_920x518uu2026-03-11-21-24-04-2426326-im-639090415478119570.jpg","datePublished":"2026-03-14T00:03:54+00:00","author":{"@id":"https:\/\/portaltela.pt\/#\/schema\/person\/c4278d4a6028830caff9ee44b42d32ed"},"breadcrumb":{"@id":"https:\/\/portaltela.pt\/noticias\/2026\/03\/13\/cassiano-klein-elogia-diogo-carrera-por-ser-decisivo-num-jogo-dificil\/#breadcrumb"},"inLanguage":"pt-PT","potentialAction":[{"@type":"ReadAction","target":["https:\/\/portaltela.pt\/noticias\/2026\/03\/13\/cassiano-klein-elogia-diogo-carrera-por-ser-decisivo-num-jogo-dificil\/"]}]},{"@type":"ImageObject","inLanguage":"pt-PT","@id":"https:\/\/portaltela.pt\/noticias\/2026\/03\/13\/cassiano-klein-elogia-diogo-carrera-por-ser-decisivo-num-jogo-dificil\/#primaryimage","url":"https:\/\/portaltela.pt\/s.01k8rhncp4jt1\/2026\/03\/img_920x518uu2026-03-11-21-24-04-2426326-im-639090415478119570.jpg","contentUrl":"https:\/\/portaltela.pt\/s.01k8rhncp4jt1\/2026\/03\/img_920x518uu2026-03-11-21-24-04-2426326-im-639090415478119570.jpg","width":796,"height":448,"caption":"Cassiano Klein no jogo contra o Rio Ave"},{"@type":"BreadcrumbList","@id":"https:\/\/portaltela.pt\/noticias\/2026\/03\/13\/cassiano-klein-elogia-diogo-carrera-por-ser-decisivo-num-jogo-dificil\/#breadcrumb","itemListElement":[{"@type":"ListItem","position":1,"name":"In\u00edcio","item":"https:\/\/portaltela.pt\/"},{"@type":"ListItem","position":2,"name":"Cassiano Klein elogia Diogo Carrera por ser decisivo num jogo dif\u00edcil"}]},{"@type":"WebSite","@id":"https:\/\/portaltela.pt\/#website","url":"https:\/\/portaltela.pt\/","name":"Portal Tela Portugal","description":"","potentialAction":[{"@type":"SearchAction","target":{"@type":"EntryPoint","urlTemplate":"https:\/\/portaltela.pt\/?s={search_term_string}"},"query-input":{"@type":"PropertyValueSpecification","valueRequired":true,"valueName":"search_term_string"}}],"inLanguage":"pt-PT"},{"@type":"Person","@id":"https:\/\/portaltela.pt\/#\/schema\/person\/c4278d4a6028830caff9ee44b42d32ed","name":"Telinha","image":{"@type":"ImageObject","inLanguage":"pt-PT","@id":"https:\/\/portaltela.pt\/s.01k8rhncp4jt1\/2025\/11\/talking-bot-125x125.png","url":"https:\/\/portaltela.pt\/s.01k8rhncp4jt1\/2025\/11\/talking-bot-125x125.png","contentUrl":"https:\/\/portaltela.pt\/s.01k8rhncp4jt1\/2025\/11\/talking-bot-125x125.png","caption":"Telinha"},"sameAs":["https:\/\/portaltela.pt\/"],"url":"https:\/\/portaltela.pt\/por\/367410592786\/"}]}},"_links":{"self":[{"href":"https:\/\/portaltela.pt\/api\/wp\/v2\/posts\/409560","targetHints":{"allow":["GET"]}}],"collection":[{"href":"https:\/\/portaltela.pt\/api\/wp\/v2\/posts"}],"about":[{"href":"https:\/\/portaltela.pt\/api\/wp\/v2\/types\/post"}],"author":[{"embeddable":true,"href":"https:\/\/portaltela.pt\/api\/wp\/v2\/users\/2"}],"replies":[{"embeddable":true,"href":"https:\/\/portaltela.pt\/api\/wp\/v2\/comments?post=409560"}],"version-history":[{"count":0,"href":"https:\/\/portaltela.pt\/api\/wp\/v2\/posts\/409560\/revisions"}],"wp:featuredmedia":[{"embeddable":true,"href":"https:\/\/portaltela.pt\/api\/wp\/v2\/media\/409561"}],"wp:attachment":[{"href":"https:\/\/portaltela.pt\/api\/wp\/v2\/media?parent=409560"}],"wp:term":[{"taxonomy":"category","embeddable":true,"href":"https:\/\/portaltela.pt\/api\/wp\/v2\/categories?post=409560"},{"taxonomy":"post_tag","embeddable":true,"href":"https:\/\/portaltela.pt\/api\/wp\/v2\/tags?post=409560"}],"curies":[{"name":"wp","href":"https:\/\/api.w.org\/{rel}","templated":true}]}}