{"id":409558,"date":"2026-03-13T21:02:00","date_gmt":"2026-03-14T00:02:00","guid":{"rendered":"https:\/\/portaltela.pt\/noticias\/2026\/03\/13\/dirigente-nacional-do-livre-demite-se-e-acusa-lideranca-de-decisoes-unilaterais\/"},"modified":"2026-03-13T21:02:00","modified_gmt":"2026-03-14T00:02:00","slug":"dirigente-nacional-do-livre-demite-se-e-acusa-lideranca-de-decisoes-unilaterais","status":"publish","type":"post","link":"https:\/\/portaltela.pt\/noticias\/politica\/2026\/03\/13\/dirigente-nacional-do-livre-demite-se-e-acusa-lideranca-de-decisoes-unilaterais\/","title":{"rendered":"Dirigente nacional do LIVRE demite-se e acusa lideran\u00e7a de decis\u00f5es unilaterais"},"content":{"rendered":"<p>O dirigente nacional do Livre, Jo\u00e3o Manso, apresentou a demiss\u00e3o da dire\u00e7\u00e3o, alegando din\u00e2micas de controlo de informa\u00e7\u00e3o no \u00f3rg\u00e3o e acusando os porta-vozes Rui Tavares e Isabel Mendes Lopes de decis\u00f5es unilaterais. A comunica\u00e7\u00e3o ocorreu numa plataforma interna do partido a 7 de mar\u00e7o, com a not\u00edcia a ser veiculada pelo Observador e a ter sido confirmada pela Lusa.<\/p>\n<p>Manso, eleito pela lista C no \u00faltimo congresso de 2024, sustentou que v\u00e1rias obriga\u00e7\u00f5es estatut\u00e1rias fundacionais n\u00e3o foram cumpridas. Entre as cr\u00edticas, destacou que o cargo de porta-voz n\u00e3o devia ser fixo nem dependente do tema, como alegadamente acontece na pr\u00e1tica, e que as reuni\u00f5es abertas do Grupo de Contacto n\u00e3o foram realizadas com a periodicidade m\u00ednima.<\/p>\n<p>Alega ainda que lhe foi negado pleno acesso ao email do partido e que, ap\u00f3s tentativas de vias internas, recorreu ao Tribunal Constitucional, que decidiu n\u00e3o conhecer o objeto da a\u00e7\u00e3o. A dire\u00e7\u00e3o havia decidido, em fevereiro do ano anterior, que o email do GC seria gerido pela equipa de dire\u00e7\u00e3o e que o reencaminhamento seria poss\u00edvel mediante pedido.<\/p>\n<p>Na resposta enviada \u00e0 Lusa, Isabel Mendes Lopes afirmou que as quest\u00f5es levantadas por Manso j\u00e1 tinham sido discutidas em v\u00e1rias reuni\u00f5es e que o Tribunal Constitucional n\u00e3o deu seguimento \u00e0 a\u00e7\u00e3o. Acrescentou que o acesso aos emails acabou por ser desativado ap\u00f3s a sobrecarga da caixa.<\/p>\n<p>Na publica\u00e7\u00e3o na plataforma interna, Manso denunciou a presum\u00edvel marca\u00e7\u00e3o de datas e local do pr\u00f3ximo congresso por empresas de audiovisual e catering, sem debate no \u00f3rg\u00e3o. O 15\u00ba Congresso do Livre est\u00e1 previsto para este ano, mas ainda sem data oficial.<\/p>\n<p>Considera que as din\u00e2micas de controlo de informa\u00e7\u00e3o s\u00e3o inaceit\u00e1veis e que o coletivo s\u00f3 funciona com condi\u00e7\u00f5es de trabalho funcionais, colaborativas e inclusivas. Em maio de 2024, a lista liderada por Isabel Mendes Lopes obteve 61% dos votos, seguidas pela lista B com Nat\u00e9rcia Lopes e pela lista C de Manso.<\/p>\n","protected":false},"excerpt":{"rendered":"<ul>\n<li>Jo\u00e3o Manso demitiu-se da dire\u00e7\u00e3o do Livre, acusando a lideran\u00e7a de decis\u00f5es unilateral e criticando din\u00e2micas de controlo de informa\u00e7\u00e3o.<\/li>\n<li>Alegou que v\u00e1rias obriga\u00e7\u00f5es estatut\u00e1rias fundacionais n\u00e3o foram cumpridas e criticou o modelo de porta-voz, defendendo que este cargo deve ser rotativo.<\/li>\n<li>A queixa inclui reuni\u00f5es do Grupo de Contacto (GC) que n\u00e3o teriam respeitado a periodicidade mensal e teriam sido encenadas, dificultando o escrut\u00ednio.<\/li>\n<li>Reclamou pleno acesso ao e-mail do partido; o Tribunal Constitucional decidiu n\u00e3o conhecer a a\u00e7\u00e3o, mantendo a delibera\u00e7\u00e3o existente.<\/li>\n<li>O 15\u00ba Congresso do Livre ter\u00e1 de realizar-se este ano; nas elei\u00e7\u00f5es de 2024, Isabel Mendes Lopes obteve 61% (dez lugares), Nat\u00e9rcia Lopes 22% (tr\u00eas lugares) e Jo\u00e3o Manso 14% (dois lugares).<\/li>\n<\/ul>\n","protected":false},"author":2,"featured_media":409559,"comment_status":"closed","ping_status":"closed","sticky":false,"template":"","format":"standard","meta":{"footnotes":""},"categories":[1,5],"tags":[6178,4057,34,195,1732,2832],"class_list":["post-409558","post","type-post","status-publish","format-standard","has-post-thumbnail","hentry","category-noticias","category-politica","tag-assuntos-constitucionais","tag-constituicao","tag-governo","tag-informacao","tag-partidos","tag-politica"],"yoast_head":"<!-- This site is optimized with the Yoast SEO plugin v27.2 - https:\/\/yoast.com\/product\/yoast-seo-wordpress\/ -->\n<title>Dirigente nacional do LIVRE demite-se e acusa lideran\u00e7a de decis\u00f5es unilaterais - Portal Tela Portugal<\/title>\n<meta name=\"robots\" content=\"index, follow, max-snippet:-1, max-image-preview:large, max-video-preview:-1\" \/>\n<meta property=\"og:locale\" content=\"pt_PT\" \/>\n<meta property=\"og:type\" content=\"article\" \/>\n<meta property=\"og:title\" content=\"Dirigente nacional do LIVRE demite-se e acusa lideran\u00e7a de decis\u00f5es unilaterais - Portal Tela Portugal\" \/>\n<meta property=\"og:description\" content=\"Jo\u00e3o Manso demitiu-se da dire\u00e7\u00e3o do Livre, acusando a lideran\u00e7a de decis\u00f5es unilateral e criticando din\u00e2micas de controlo de informa\u00e7\u00e3o. Alegou que v\u00e1rias obriga\u00e7\u00f5es estatut\u00e1rias fundacionais n\u00e3o foram cumpridas e criticou o modelo de porta-voz, defendendo que este cargo deve ser rotativo. A queixa inclui reuni\u00f5es do Grupo de Contacto (GC) que n\u00e3o teriam respeitado a periodicidade mensal e teriam sido encenadas, dificultando o escrut\u00ednio. Reclamou pleno acesso ao e-mail do partido; o Tribunal Constitucional decidiu n\u00e3o conhecer a a\u00e7\u00e3o, mantendo a delibera\u00e7\u00e3o existente. O 15\u00ba Congresso do Livre ter\u00e1 de realizar-se este ano; nas elei\u00e7\u00f5es de 2024, Isabel Mendes Lopes obteve 61% (dez lugares), Nat\u00e9rcia Lopes 22% (tr\u00eas lugares) e Jo\u00e3o Manso 14% (dois lugares).\" \/>\n<meta property=\"og:url\" content=\"https:\/\/portaltela.pt\/noticias\/2026\/03\/13\/dirigente-nacional-do-livre-demite-se-e-acusa-lideranca-de-decisoes-unilaterais\/\" \/>\n<meta property=\"og:site_name\" content=\"Portal Tela Portugal\" \/>\n<meta property=\"article:published_time\" content=\"2026-03-14T00:02:00+00:00\" \/>\n<meta name=\"author\" content=\"Telinha\" \/>\n<meta name=\"twitter:card\" content=\"summary_large_image\" \/>\n<meta name=\"twitter:label1\" content=\"Escrito por\" \/>\n\t<meta name=\"twitter:data1\" content=\"Telinha\" \/>\n\t<meta name=\"twitter:label2\" content=\"Tempo estimado de leitura\" \/>\n\t<meta name=\"twitter:data2\" content=\"2 minutos\" \/>\n<script type=\"application\/ld+json\" class=\"yoast-schema-graph\">{\"@context\":\"https:\/\/schema.org\",\"@graph\":[{\"@type\":\"Article\",\"@id\":\"https:\/\/portaltela.pt\/noticias\/2026\/03\/13\/dirigente-nacional-do-livre-demite-se-e-acusa-lideranca-de-decisoes-unilaterais\/#article\",\"isPartOf\":{\"@id\":\"https:\/\/portaltela.pt\/noticias\/2026\/03\/13\/dirigente-nacional-do-livre-demite-se-e-acusa-lideranca-de-decisoes-unilaterais\/\"},\"author\":{\"name\":\"Telinha\",\"@id\":\"https:\/\/portaltela.pt\/#\/schema\/person\/c4278d4a6028830caff9ee44b42d32ed\"},\"headline\":\"Dirigente nacional do LIVRE demite-se e acusa lideran\u00e7a de decis\u00f5es unilaterais\",\"datePublished\":\"2026-03-14T00:02:00+00:00\",\"mainEntityOfPage\":{\"@id\":\"https:\/\/portaltela.pt\/noticias\/2026\/03\/13\/dirigente-nacional-do-livre-demite-se-e-acusa-lideranca-de-decisoes-unilaterais\/\"},\"wordCount\":366,\"image\":{\"@id\":\"https:\/\/portaltela.pt\/noticias\/2026\/03\/13\/dirigente-nacional-do-livre-demite-se-e-acusa-lideranca-de-decisoes-unilaterais\/#primaryimage\"},\"thumbnailUrl\":\"https:\/\/portaltela.pt\/s.01k8rhncp4jt1\/2026\/03\/image-916.jpg\",\"keywords\":[\"Assuntos Constitucionais\",\"constitui\u00e7\u00e3o\",\"governo\",\"informa\u00e7\u00e3o\",\"partidos\",\"pol\u00edtica\"],\"articleSection\":[\"Not\u00edcias\",\"Pol\u00edtica\"],\"inLanguage\":\"pt-PT\"},{\"@type\":\"WebPage\",\"@id\":\"https:\/\/portaltela.pt\/noticias\/2026\/03\/13\/dirigente-nacional-do-livre-demite-se-e-acusa-lideranca-de-decisoes-unilaterais\/\",\"url\":\"https:\/\/portaltela.pt\/noticias\/2026\/03\/13\/dirigente-nacional-do-livre-demite-se-e-acusa-lideranca-de-decisoes-unilaterais\/\",\"name\":\"Dirigente nacional do LIVRE demite-se e acusa lideran\u00e7a de decis\u00f5es unilaterais - Portal Tela Portugal\",\"isPartOf\":{\"@id\":\"https:\/\/portaltela.pt\/#website\"},\"primaryImageOfPage\":{\"@id\":\"https:\/\/portaltela.pt\/noticias\/2026\/03\/13\/dirigente-nacional-do-livre-demite-se-e-acusa-lideranca-de-decisoes-unilaterais\/#primaryimage\"},\"image\":{\"@id\":\"https:\/\/portaltela.pt\/noticias\/2026\/03\/13\/dirigente-nacional-do-livre-demite-se-e-acusa-lideranca-de-decisoes-unilaterais\/#primaryimage\"},\"thumbnailUrl\":\"https:\/\/portaltela.pt\/s.01k8rhncp4jt1\/2026\/03\/image-916.jpg\",\"datePublished\":\"2026-03-14T00:02:00+00:00\",\"author\":{\"@id\":\"https:\/\/portaltela.pt\/#\/schema\/person\/c4278d4a6028830caff9ee44b42d32ed\"},\"breadcrumb\":{\"@id\":\"https:\/\/portaltela.pt\/noticias\/2026\/03\/13\/dirigente-nacional-do-livre-demite-se-e-acusa-lideranca-de-decisoes-unilaterais\/#breadcrumb\"},\"inLanguage\":\"pt-PT\",\"potentialAction\":[{\"@type\":\"ReadAction\",\"target\":[\"https:\/\/portaltela.pt\/noticias\/2026\/03\/13\/dirigente-nacional-do-livre-demite-se-e-acusa-lideranca-de-decisoes-unilaterais\/\"]}]},{\"@type\":\"ImageObject\",\"inLanguage\":\"pt-PT\",\"@id\":\"https:\/\/portaltela.pt\/noticias\/2026\/03\/13\/dirigente-nacional-do-livre-demite-se-e-acusa-lideranca-de-decisoes-unilaterais\/#primaryimage\",\"url\":\"https:\/\/portaltela.pt\/s.01k8rhncp4jt1\/2026\/03\/image-916.jpg\",\"contentUrl\":\"https:\/\/portaltela.pt\/s.01k8rhncp4jt1\/2026\/03\/image-916.jpg\",\"width\":796,\"height\":448,\"caption\":\"Foto: Livre\"},{\"@type\":\"BreadcrumbList\",\"@id\":\"https:\/\/portaltela.pt\/noticias\/2026\/03\/13\/dirigente-nacional-do-livre-demite-se-e-acusa-lideranca-de-decisoes-unilaterais\/#breadcrumb\",\"itemListElement\":[{\"@type\":\"ListItem\",\"position\":1,\"name\":\"In\u00edcio\",\"item\":\"https:\/\/portaltela.pt\/\"},{\"@type\":\"ListItem\",\"position\":2,\"name\":\"Dirigente nacional do LIVRE demite-se e acusa lideran\u00e7a de decis\u00f5es unilaterais\"}]},{\"@type\":\"WebSite\",\"@id\":\"https:\/\/portaltela.pt\/#website\",\"url\":\"https:\/\/portaltela.pt\/\",\"name\":\"Portal Tela Portugal\",\"description\":\"\",\"potentialAction\":[{\"@type\":\"SearchAction\",\"target\":{\"@type\":\"EntryPoint\",\"urlTemplate\":\"https:\/\/portaltela.pt\/?s={search_term_string}\"},\"query-input\":{\"@type\":\"PropertyValueSpecification\",\"valueRequired\":true,\"valueName\":\"search_term_string\"}}],\"inLanguage\":\"pt-PT\"},{\"@type\":\"Person\",\"@id\":\"https:\/\/portaltela.pt\/#\/schema\/person\/c4278d4a6028830caff9ee44b42d32ed\",\"name\":\"Telinha\",\"image\":{\"@type\":\"ImageObject\",\"inLanguage\":\"pt-PT\",\"@id\":\"https:\/\/portaltela.pt\/s.01k8rhncp4jt1\/2025\/11\/talking-bot-125x125.png\",\"url\":\"https:\/\/portaltela.pt\/s.01k8rhncp4jt1\/2025\/11\/talking-bot-125x125.png\",\"contentUrl\":\"https:\/\/portaltela.pt\/s.01k8rhncp4jt1\/2025\/11\/talking-bot-125x125.png\",\"caption\":\"Telinha\"},\"sameAs\":[\"https:\/\/portaltela.pt\/\"],\"url\":\"https:\/\/portaltela.pt\/por\/367410592786\/\"}]}<\/script>\n<!-- \/ Yoast SEO plugin. -->","yoast_head_json":{"title":"Dirigente nacional do LIVRE demite-se e acusa lideran\u00e7a de decis\u00f5es unilaterais - Portal Tela Portugal","robots":{"index":"index","follow":"follow","max-snippet":"max-snippet:-1","max-image-preview":"max-image-preview:large","max-video-preview":"max-video-preview:-1"},"og_locale":"pt_PT","og_type":"article","og_title":"Dirigente nacional do LIVRE demite-se e acusa lideran\u00e7a de decis\u00f5es unilaterais - Portal Tela Portugal","og_description":"Jo\u00e3o Manso demitiu-se da dire\u00e7\u00e3o do Livre, acusando a lideran\u00e7a de decis\u00f5es unilateral e criticando din\u00e2micas de controlo de informa\u00e7\u00e3o. Alegou que v\u00e1rias obriga\u00e7\u00f5es estatut\u00e1rias fundacionais n\u00e3o foram cumpridas e criticou o modelo de porta-voz, defendendo que este cargo deve ser rotativo. A queixa inclui reuni\u00f5es do Grupo de Contacto (GC) que n\u00e3o teriam respeitado a periodicidade mensal e teriam sido encenadas, dificultando o escrut\u00ednio. Reclamou pleno acesso ao e-mail do partido; o Tribunal Constitucional decidiu n\u00e3o conhecer a a\u00e7\u00e3o, mantendo a delibera\u00e7\u00e3o existente. O 15\u00ba Congresso do Livre ter\u00e1 de realizar-se este ano; nas elei\u00e7\u00f5es de 2024, Isabel Mendes Lopes obteve 61% (dez lugares), Nat\u00e9rcia Lopes 22% (tr\u00eas lugares) e Jo\u00e3o Manso 14% (dois lugares).","og_url":"https:\/\/portaltela.pt\/noticias\/2026\/03\/13\/dirigente-nacional-do-livre-demite-se-e-acusa-lideranca-de-decisoes-unilaterais\/","og_site_name":"Portal Tela Portugal","article_published_time":"2026-03-14T00:02:00+00:00","author":"Telinha","twitter_card":"summary_large_image","twitter_misc":{"Escrito por":"Telinha","Tempo estimado de leitura":"2 minutos"},"schema":{"@context":"https:\/\/schema.org","@graph":[{"@type":"Article","@id":"https:\/\/portaltela.pt\/noticias\/2026\/03\/13\/dirigente-nacional-do-livre-demite-se-e-acusa-lideranca-de-decisoes-unilaterais\/#article","isPartOf":{"@id":"https:\/\/portaltela.pt\/noticias\/2026\/03\/13\/dirigente-nacional-do-livre-demite-se-e-acusa-lideranca-de-decisoes-unilaterais\/"},"author":{"name":"Telinha","@id":"https:\/\/portaltela.pt\/#\/schema\/person\/c4278d4a6028830caff9ee44b42d32ed"},"headline":"Dirigente nacional do LIVRE demite-se e acusa lideran\u00e7a de decis\u00f5es unilaterais","datePublished":"2026-03-14T00:02:00+00:00","mainEntityOfPage":{"@id":"https:\/\/portaltela.pt\/noticias\/2026\/03\/13\/dirigente-nacional-do-livre-demite-se-e-acusa-lideranca-de-decisoes-unilaterais\/"},"wordCount":366,"image":{"@id":"https:\/\/portaltela.pt\/noticias\/2026\/03\/13\/dirigente-nacional-do-livre-demite-se-e-acusa-lideranca-de-decisoes-unilaterais\/#primaryimage"},"thumbnailUrl":"https:\/\/portaltela.pt\/s.01k8rhncp4jt1\/2026\/03\/image-916.jpg","keywords":["Assuntos Constitucionais","constitui\u00e7\u00e3o","governo","informa\u00e7\u00e3o","partidos","pol\u00edtica"],"articleSection":["Not\u00edcias","Pol\u00edtica"],"inLanguage":"pt-PT"},{"@type":"WebPage","@id":"https:\/\/portaltela.pt\/noticias\/2026\/03\/13\/dirigente-nacional-do-livre-demite-se-e-acusa-lideranca-de-decisoes-unilaterais\/","url":"https:\/\/portaltela.pt\/noticias\/2026\/03\/13\/dirigente-nacional-do-livre-demite-se-e-acusa-lideranca-de-decisoes-unilaterais\/","name":"Dirigente nacional do LIVRE demite-se e acusa lideran\u00e7a de decis\u00f5es unilaterais - Portal Tela Portugal","isPartOf":{"@id":"https:\/\/portaltela.pt\/#website"},"primaryImageOfPage":{"@id":"https:\/\/portaltela.pt\/noticias\/2026\/03\/13\/dirigente-nacional-do-livre-demite-se-e-acusa-lideranca-de-decisoes-unilaterais\/#primaryimage"},"image":{"@id":"https:\/\/portaltela.pt\/noticias\/2026\/03\/13\/dirigente-nacional-do-livre-demite-se-e-acusa-lideranca-de-decisoes-unilaterais\/#primaryimage"},"thumbnailUrl":"https:\/\/portaltela.pt\/s.01k8rhncp4jt1\/2026\/03\/image-916.jpg","datePublished":"2026-03-14T00:02:00+00:00","author":{"@id":"https:\/\/portaltela.pt\/#\/schema\/person\/c4278d4a6028830caff9ee44b42d32ed"},"breadcrumb":{"@id":"https:\/\/portaltela.pt\/noticias\/2026\/03\/13\/dirigente-nacional-do-livre-demite-se-e-acusa-lideranca-de-decisoes-unilaterais\/#breadcrumb"},"inLanguage":"pt-PT","potentialAction":[{"@type":"ReadAction","target":["https:\/\/portaltela.pt\/noticias\/2026\/03\/13\/dirigente-nacional-do-livre-demite-se-e-acusa-lideranca-de-decisoes-unilaterais\/"]}]},{"@type":"ImageObject","inLanguage":"pt-PT","@id":"https:\/\/portaltela.pt\/noticias\/2026\/03\/13\/dirigente-nacional-do-livre-demite-se-e-acusa-lideranca-de-decisoes-unilaterais\/#primaryimage","url":"https:\/\/portaltela.pt\/s.01k8rhncp4jt1\/2026\/03\/image-916.jpg","contentUrl":"https:\/\/portaltela.pt\/s.01k8rhncp4jt1\/2026\/03\/image-916.jpg","width":796,"height":448,"caption":"Foto: Livre"},{"@type":"BreadcrumbList","@id":"https:\/\/portaltela.pt\/noticias\/2026\/03\/13\/dirigente-nacional-do-livre-demite-se-e-acusa-lideranca-de-decisoes-unilaterais\/#breadcrumb","itemListElement":[{"@type":"ListItem","position":1,"name":"In\u00edcio","item":"https:\/\/portaltela.pt\/"},{"@type":"ListItem","position":2,"name":"Dirigente nacional do LIVRE demite-se e acusa lideran\u00e7a de decis\u00f5es unilaterais"}]},{"@type":"WebSite","@id":"https:\/\/portaltela.pt\/#website","url":"https:\/\/portaltela.pt\/","name":"Portal Tela Portugal","description":"","potentialAction":[{"@type":"SearchAction","target":{"@type":"EntryPoint","urlTemplate":"https:\/\/portaltela.pt\/?s={search_term_string}"},"query-input":{"@type":"PropertyValueSpecification","valueRequired":true,"valueName":"search_term_string"}}],"inLanguage":"pt-PT"},{"@type":"Person","@id":"https:\/\/portaltela.pt\/#\/schema\/person\/c4278d4a6028830caff9ee44b42d32ed","name":"Telinha","image":{"@type":"ImageObject","inLanguage":"pt-PT","@id":"https:\/\/portaltela.pt\/s.01k8rhncp4jt1\/2025\/11\/talking-bot-125x125.png","url":"https:\/\/portaltela.pt\/s.01k8rhncp4jt1\/2025\/11\/talking-bot-125x125.png","contentUrl":"https:\/\/portaltela.pt\/s.01k8rhncp4jt1\/2025\/11\/talking-bot-125x125.png","caption":"Telinha"},"sameAs":["https:\/\/portaltela.pt\/"],"url":"https:\/\/portaltela.pt\/por\/367410592786\/"}]}},"_links":{"self":[{"href":"https:\/\/portaltela.pt\/api\/wp\/v2\/posts\/409558","targetHints":{"allow":["GET"]}}],"collection":[{"href":"https:\/\/portaltela.pt\/api\/wp\/v2\/posts"}],"about":[{"href":"https:\/\/portaltela.pt\/api\/wp\/v2\/types\/post"}],"author":[{"embeddable":true,"href":"https:\/\/portaltela.pt\/api\/wp\/v2\/users\/2"}],"replies":[{"embeddable":true,"href":"https:\/\/portaltela.pt\/api\/wp\/v2\/comments?post=409558"}],"version-history":[{"count":0,"href":"https:\/\/portaltela.pt\/api\/wp\/v2\/posts\/409558\/revisions"}],"wp:featuredmedia":[{"embeddable":true,"href":"https:\/\/portaltela.pt\/api\/wp\/v2\/media\/409559"}],"wp:attachment":[{"href":"https:\/\/portaltela.pt\/api\/wp\/v2\/media?parent=409558"}],"wp:term":[{"taxonomy":"category","embeddable":true,"href":"https:\/\/portaltela.pt\/api\/wp\/v2\/categories?post=409558"},{"taxonomy":"post_tag","embeddable":true,"href":"https:\/\/portaltela.pt\/api\/wp\/v2\/tags?post=409558"}],"curies":[{"name":"wp","href":"https:\/\/api.w.org\/{rel}","templated":true}]}}