{"id":409547,"date":"2026-03-13T20:46:00","date_gmt":"2026-03-13T23:46:00","guid":{"rendered":"https:\/\/portaltela.pt\/noticias\/2026\/03\/13\/grupo-reconquista-marca-conferencia-para-sabado-num-hotel-do-porto\/"},"modified":"2026-03-13T20:46:00","modified_gmt":"2026-03-13T23:46:00","slug":"grupo-reconquista-marca-conferencia-para-sabado-num-hotel-do-porto","status":"publish","type":"post","link":"https:\/\/portaltela.pt\/sociedade\/2026\/03\/13\/grupo-reconquista-marca-conferencia-para-sabado-num-hotel-do-porto\/","title":{"rendered":"Grupo Reconquista marca confer\u00eancia para s\u00e1bado num hotel do Porto"},"content":{"rendered":"<p>O grupo Reconquista, de orienta\u00e7\u00e3o ultranacionalista, marcou uma confer\u00eancia para este s\u00e1bado \u00e0 tarde no centro hist\u00f3rico do Porto. O evento est\u00e1 agendado para decorrer entre as 14h00 e as 19h30 no Hotel Collection NH Porto Batalha, junto \u00e0 Pra\u00e7a da Batalha. A localiza\u00e7\u00e3o foi mantida em segredo at\u00e9 ao final da tarde de sexta-feira.<\/p>\n<p>O programa da confer\u00eancia aborda temas como feminismo, imigra\u00e7\u00e3o e aborto, segundo o seman\u00e1rio Expresso. A organiza\u00e7\u00e3o pretende apresentar argumentos alinhados com a perspetiva do movimento, sem divulgar dados adicionais sobre participa\u00e7\u00e3o ou convidados.<\/p>\n<p>O hotel informou ao Expresso que a reserva foi feita em nome de uma empresa, n\u00e3o do grupo Reconquista, e sublinhou que o evento contraria a pol\u00edtica do grupo hoteleiro. O estabelecimento garantiu que n\u00e3o permitir\u00e1 a realiza\u00e7\u00e3o da confer\u00eancia.<\/p>\n<p>A confer\u00eancia sucede ao terceiro congresso do movimento, realizado em novembro em Pedras Rubras, Maia. Na altura, as atividades estavam previstas para o Audit\u00f3rio Francisco de Assis, no Porto, mas o espa\u00e7o recuou ap\u00f3s controv\u00e9rsia e tomada de posi\u00e7\u00e3o da Associa\u00e7\u00e3o de Pais. A alternativa escolhida foi o Maia Sport, onde estiveram presentes cerca de 400 pessoas.<\/p>\n<p>O l\u00edder do grupo, Afonso Gon\u00e7alves, foi constitu\u00eddo arguido por crimes de \u00f3dio numa investiga\u00e7\u00e3o do Minist\u00e9rio P\u00fablico e da Pol\u00edcia Judici\u00e1ria. As autoridades n\u00e3o fornecem detalhes adicionais sobre o andamento do caso.<\/p>\n","protected":false},"excerpt":{"rendered":"<ul>\n<li>O grupo de extrema-direita Reconquista marcou uma confer\u00eancia para este s\u00e1bado, \u00e0 tarde, no Hotel Collection NH Porto Batalha, no centro hist\u00f3rico do Porto, entre as 14h00 e as 19h30.<\/li>\n<li>O programa inclui temas como o feminismo, a imigra\u00e7\u00e3o e remigra\u00e7\u00e3o, e o aborto; a localiza\u00e7\u00e3o manteve-se em segredo at\u00e9 ao final da tarde de sexta-feira.<\/li>\n<li>O hotel afirmou que a reserva foi feita em nome de uma empresa e n\u00e3o do grupo, garantindo que o evento contraria a pol\u00edtica do espa\u00e7o e n\u00e3o o permitir\u00e1.<\/li>\n<li>A confer\u00eancia sucede ao terceiro congresso do grupo, realizado em novembro em Pedras Rubras, Maia, que teve 400 participantes no pavilh\u00e3o do Maia Sport ap\u00f3s a recusa de outros espa\u00e7os.<\/li>\n<li>O l\u00edder do Reconquista, Afonso Gon\u00e7alves, \u00e9 igualmente arguido por crimes de \u00f3dio numa investiga\u00e7\u00e3o conjunta do Minist\u00e9rio P\u00fablico e da Pol\u00edcia Judici\u00e1ria.<\/li>\n<\/ul>\n","protected":false},"author":2,"featured_media":409554,"comment_status":"closed","ping_status":"closed","sticky":false,"template":"","format":"standard","meta":{"footnotes":""},"categories":[6779,6871],"tags":[3598,2633,3446,712,2832,982],"class_list":["post-409547","post","type-post","status-publish","format-standard","has-post-thumbnail","hentry","category-seguranca","category-sociedade","tag-crimes-de-odio","tag-direitos-humanos","tag-extremismo","tag-imigracao","tag-politica","tag-porto"],"yoast_head":"<!-- This site is optimized with the Yoast SEO plugin v27.2 - https:\/\/yoast.com\/product\/yoast-seo-wordpress\/ -->\n<title>Grupo Reconquista marca confer\u00eancia para s\u00e1bado num hotel do Porto - Portal Tela Portugal<\/title>\n<meta name=\"robots\" content=\"index, follow, max-snippet:-1, max-image-preview:large, max-video-preview:-1\" \/>\n<meta property=\"og:locale\" content=\"pt_PT\" \/>\n<meta property=\"og:type\" content=\"article\" \/>\n<meta property=\"og:title\" content=\"Grupo Reconquista marca confer\u00eancia para s\u00e1bado num hotel do Porto - Portal Tela Portugal\" \/>\n<meta property=\"og:description\" content=\"O grupo de extrema-direita Reconquista marcou uma confer\u00eancia para este s\u00e1bado, \u00e0 tarde, no Hotel Collection NH Porto Batalha, no centro hist\u00f3rico do Porto, entre as 14h00 e as 19h30. O programa inclui temas como o feminismo, a imigra\u00e7\u00e3o e remigra\u00e7\u00e3o, e o aborto; a localiza\u00e7\u00e3o manteve-se em segredo at\u00e9 ao final da tarde de sexta-feira. O hotel afirmou que a reserva foi feita em nome de uma empresa e n\u00e3o do grupo, garantindo que o evento contraria a pol\u00edtica do espa\u00e7o e n\u00e3o o permitir\u00e1. A confer\u00eancia sucede ao terceiro congresso do grupo, realizado em novembro em Pedras Rubras, Maia, que teve 400 participantes no pavilh\u00e3o do Maia Sport ap\u00f3s a recusa de outros espa\u00e7os. O l\u00edder do Reconquista, Afonso Gon\u00e7alves, \u00e9 igualmente arguido por crimes de \u00f3dio numa investiga\u00e7\u00e3o conjunta do Minist\u00e9rio P\u00fablico e da Pol\u00edcia Judici\u00e1ria.\" \/>\n<meta property=\"og:url\" content=\"https:\/\/portaltela.pt\/noticias\/2026\/03\/13\/grupo-reconquista-marca-conferencia-para-sabado-num-hotel-do-porto\/\" \/>\n<meta property=\"og:site_name\" content=\"Portal Tela Portugal\" \/>\n<meta property=\"article:published_time\" content=\"2026-03-13T23:46:00+00:00\" \/>\n<meta name=\"author\" content=\"Telinha\" \/>\n<meta name=\"twitter:card\" content=\"summary_large_image\" \/>\n<meta name=\"twitter:label1\" content=\"Escrito por\" \/>\n\t<meta name=\"twitter:data1\" content=\"Telinha\" \/>\n\t<meta name=\"twitter:label2\" content=\"Tempo estimado de leitura\" \/>\n\t<meta name=\"twitter:data2\" content=\"1 minuto\" \/>\n<script type=\"application\/ld+json\" class=\"yoast-schema-graph\">{\"@context\":\"https:\/\/schema.org\",\"@graph\":[{\"@type\":\"Article\",\"@id\":\"https:\/\/portaltela.pt\/noticias\/2026\/03\/13\/grupo-reconquista-marca-conferencia-para-sabado-num-hotel-do-porto\/#article\",\"isPartOf\":{\"@id\":\"https:\/\/portaltela.pt\/noticias\/2026\/03\/13\/grupo-reconquista-marca-conferencia-para-sabado-num-hotel-do-porto\/\"},\"author\":{\"name\":\"Telinha\",\"@id\":\"https:\/\/portaltela.pt\/#\/schema\/person\/c4278d4a6028830caff9ee44b42d32ed\"},\"headline\":\"Grupo Reconquista marca confer\u00eancia para s\u00e1bado num hotel do Porto\",\"datePublished\":\"2026-03-13T23:46:00+00:00\",\"mainEntityOfPage\":{\"@id\":\"https:\/\/portaltela.pt\/noticias\/2026\/03\/13\/grupo-reconquista-marca-conferencia-para-sabado-num-hotel-do-porto\/\"},\"wordCount\":260,\"image\":{\"@id\":\"https:\/\/portaltela.pt\/noticias\/2026\/03\/13\/grupo-reconquista-marca-conferencia-para-sabado-num-hotel-do-porto\/#primaryimage\"},\"thumbnailUrl\":\"https:\/\/portaltela.pt\/s.01k8rhncp4jt1\/2026\/03\/image-914.jpg\",\"keywords\":[\"crimes de \u00f3dio\",\"direitos humanos\",\"extremismo\",\"imigra\u00e7\u00e3o\",\"pol\u00edtica\",\"Porto\"],\"articleSection\":[\"Seguran\u00e7a\",\"Sociedade\"],\"inLanguage\":\"pt-PT\"},{\"@type\":\"WebPage\",\"@id\":\"https:\/\/portaltela.pt\/noticias\/2026\/03\/13\/grupo-reconquista-marca-conferencia-para-sabado-num-hotel-do-porto\/\",\"url\":\"https:\/\/portaltela.pt\/noticias\/2026\/03\/13\/grupo-reconquista-marca-conferencia-para-sabado-num-hotel-do-porto\/\",\"name\":\"Grupo Reconquista marca confer\u00eancia para s\u00e1bado num hotel do Porto - Portal Tela Portugal\",\"isPartOf\":{\"@id\":\"https:\/\/portaltela.pt\/#website\"},\"primaryImageOfPage\":{\"@id\":\"https:\/\/portaltela.pt\/noticias\/2026\/03\/13\/grupo-reconquista-marca-conferencia-para-sabado-num-hotel-do-porto\/#primaryimage\"},\"image\":{\"@id\":\"https:\/\/portaltela.pt\/noticias\/2026\/03\/13\/grupo-reconquista-marca-conferencia-para-sabado-num-hotel-do-porto\/#primaryimage\"},\"thumbnailUrl\":\"https:\/\/portaltela.pt\/s.01k8rhncp4jt1\/2026\/03\/image-914.jpg\",\"datePublished\":\"2026-03-13T23:46:00+00:00\",\"author\":{\"@id\":\"https:\/\/portaltela.pt\/#\/schema\/person\/c4278d4a6028830caff9ee44b42d32ed\"},\"breadcrumb\":{\"@id\":\"https:\/\/portaltela.pt\/noticias\/2026\/03\/13\/grupo-reconquista-marca-conferencia-para-sabado-num-hotel-do-porto\/#breadcrumb\"},\"inLanguage\":\"pt-PT\",\"potentialAction\":[{\"@type\":\"ReadAction\",\"target\":[\"https:\/\/portaltela.pt\/noticias\/2026\/03\/13\/grupo-reconquista-marca-conferencia-para-sabado-num-hotel-do-porto\/\"]}]},{\"@type\":\"ImageObject\",\"inLanguage\":\"pt-PT\",\"@id\":\"https:\/\/portaltela.pt\/noticias\/2026\/03\/13\/grupo-reconquista-marca-conferencia-para-sabado-num-hotel-do-porto\/#primaryimage\",\"url\":\"https:\/\/portaltela.pt\/s.01k8rhncp4jt1\/2026\/03\/image-914.jpg\",\"contentUrl\":\"https:\/\/portaltela.pt\/s.01k8rhncp4jt1\/2026\/03\/image-914.jpg\",\"width\":796,\"height\":448,\"caption\":\"Grupo reuniu-se em novembro na Maia\"},{\"@type\":\"BreadcrumbList\",\"@id\":\"https:\/\/portaltela.pt\/noticias\/2026\/03\/13\/grupo-reconquista-marca-conferencia-para-sabado-num-hotel-do-porto\/#breadcrumb\",\"itemListElement\":[{\"@type\":\"ListItem\",\"position\":1,\"name\":\"In\u00edcio\",\"item\":\"https:\/\/portaltela.pt\/\"},{\"@type\":\"ListItem\",\"position\":2,\"name\":\"Grupo Reconquista marca confer\u00eancia para s\u00e1bado num hotel do Porto\"}]},{\"@type\":\"WebSite\",\"@id\":\"https:\/\/portaltela.pt\/#website\",\"url\":\"https:\/\/portaltela.pt\/\",\"name\":\"Portal Tela Portugal\",\"description\":\"\",\"potentialAction\":[{\"@type\":\"SearchAction\",\"target\":{\"@type\":\"EntryPoint\",\"urlTemplate\":\"https:\/\/portaltela.pt\/?s={search_term_string}\"},\"query-input\":{\"@type\":\"PropertyValueSpecification\",\"valueRequired\":true,\"valueName\":\"search_term_string\"}}],\"inLanguage\":\"pt-PT\"},{\"@type\":\"Person\",\"@id\":\"https:\/\/portaltela.pt\/#\/schema\/person\/c4278d4a6028830caff9ee44b42d32ed\",\"name\":\"Telinha\",\"image\":{\"@type\":\"ImageObject\",\"inLanguage\":\"pt-PT\",\"@id\":\"https:\/\/portaltela.pt\/s.01k8rhncp4jt1\/2025\/11\/talking-bot-125x125.png\",\"url\":\"https:\/\/portaltela.pt\/s.01k8rhncp4jt1\/2025\/11\/talking-bot-125x125.png\",\"contentUrl\":\"https:\/\/portaltela.pt\/s.01k8rhncp4jt1\/2025\/11\/talking-bot-125x125.png\",\"caption\":\"Telinha\"},\"sameAs\":[\"https:\/\/portaltela.pt\/\"],\"url\":\"https:\/\/portaltela.pt\/por\/367410592786\/\"}]}<\/script>\n<!-- \/ Yoast SEO plugin. -->","yoast_head_json":{"title":"Grupo Reconquista marca confer\u00eancia para s\u00e1bado num hotel do Porto - Portal Tela Portugal","robots":{"index":"index","follow":"follow","max-snippet":"max-snippet:-1","max-image-preview":"max-image-preview:large","max-video-preview":"max-video-preview:-1"},"og_locale":"pt_PT","og_type":"article","og_title":"Grupo Reconquista marca confer\u00eancia para s\u00e1bado num hotel do Porto - Portal Tela Portugal","og_description":"O grupo de extrema-direita Reconquista marcou uma confer\u00eancia para este s\u00e1bado, \u00e0 tarde, no Hotel Collection NH Porto Batalha, no centro hist\u00f3rico do Porto, entre as 14h00 e as 19h30. O programa inclui temas como o feminismo, a imigra\u00e7\u00e3o e remigra\u00e7\u00e3o, e o aborto; a localiza\u00e7\u00e3o manteve-se em segredo at\u00e9 ao final da tarde de sexta-feira. O hotel afirmou que a reserva foi feita em nome de uma empresa e n\u00e3o do grupo, garantindo que o evento contraria a pol\u00edtica do espa\u00e7o e n\u00e3o o permitir\u00e1. A confer\u00eancia sucede ao terceiro congresso do grupo, realizado em novembro em Pedras Rubras, Maia, que teve 400 participantes no pavilh\u00e3o do Maia Sport ap\u00f3s a recusa de outros espa\u00e7os. O l\u00edder do Reconquista, Afonso Gon\u00e7alves, \u00e9 igualmente arguido por crimes de \u00f3dio numa investiga\u00e7\u00e3o conjunta do Minist\u00e9rio P\u00fablico e da Pol\u00edcia Judici\u00e1ria.","og_url":"https:\/\/portaltela.pt\/noticias\/2026\/03\/13\/grupo-reconquista-marca-conferencia-para-sabado-num-hotel-do-porto\/","og_site_name":"Portal Tela Portugal","article_published_time":"2026-03-13T23:46:00+00:00","author":"Telinha","twitter_card":"summary_large_image","twitter_misc":{"Escrito por":"Telinha","Tempo estimado de leitura":"1 minuto"},"schema":{"@context":"https:\/\/schema.org","@graph":[{"@type":"Article","@id":"https:\/\/portaltela.pt\/noticias\/2026\/03\/13\/grupo-reconquista-marca-conferencia-para-sabado-num-hotel-do-porto\/#article","isPartOf":{"@id":"https:\/\/portaltela.pt\/noticias\/2026\/03\/13\/grupo-reconquista-marca-conferencia-para-sabado-num-hotel-do-porto\/"},"author":{"name":"Telinha","@id":"https:\/\/portaltela.pt\/#\/schema\/person\/c4278d4a6028830caff9ee44b42d32ed"},"headline":"Grupo Reconquista marca confer\u00eancia para s\u00e1bado num hotel do Porto","datePublished":"2026-03-13T23:46:00+00:00","mainEntityOfPage":{"@id":"https:\/\/portaltela.pt\/noticias\/2026\/03\/13\/grupo-reconquista-marca-conferencia-para-sabado-num-hotel-do-porto\/"},"wordCount":260,"image":{"@id":"https:\/\/portaltela.pt\/noticias\/2026\/03\/13\/grupo-reconquista-marca-conferencia-para-sabado-num-hotel-do-porto\/#primaryimage"},"thumbnailUrl":"https:\/\/portaltela.pt\/s.01k8rhncp4jt1\/2026\/03\/image-914.jpg","keywords":["crimes de \u00f3dio","direitos humanos","extremismo","imigra\u00e7\u00e3o","pol\u00edtica","Porto"],"articleSection":["Seguran\u00e7a","Sociedade"],"inLanguage":"pt-PT"},{"@type":"WebPage","@id":"https:\/\/portaltela.pt\/noticias\/2026\/03\/13\/grupo-reconquista-marca-conferencia-para-sabado-num-hotel-do-porto\/","url":"https:\/\/portaltela.pt\/noticias\/2026\/03\/13\/grupo-reconquista-marca-conferencia-para-sabado-num-hotel-do-porto\/","name":"Grupo Reconquista marca confer\u00eancia para s\u00e1bado num hotel do Porto - Portal Tela Portugal","isPartOf":{"@id":"https:\/\/portaltela.pt\/#website"},"primaryImageOfPage":{"@id":"https:\/\/portaltela.pt\/noticias\/2026\/03\/13\/grupo-reconquista-marca-conferencia-para-sabado-num-hotel-do-porto\/#primaryimage"},"image":{"@id":"https:\/\/portaltela.pt\/noticias\/2026\/03\/13\/grupo-reconquista-marca-conferencia-para-sabado-num-hotel-do-porto\/#primaryimage"},"thumbnailUrl":"https:\/\/portaltela.pt\/s.01k8rhncp4jt1\/2026\/03\/image-914.jpg","datePublished":"2026-03-13T23:46:00+00:00","author":{"@id":"https:\/\/portaltela.pt\/#\/schema\/person\/c4278d4a6028830caff9ee44b42d32ed"},"breadcrumb":{"@id":"https:\/\/portaltela.pt\/noticias\/2026\/03\/13\/grupo-reconquista-marca-conferencia-para-sabado-num-hotel-do-porto\/#breadcrumb"},"inLanguage":"pt-PT","potentialAction":[{"@type":"ReadAction","target":["https:\/\/portaltela.pt\/noticias\/2026\/03\/13\/grupo-reconquista-marca-conferencia-para-sabado-num-hotel-do-porto\/"]}]},{"@type":"ImageObject","inLanguage":"pt-PT","@id":"https:\/\/portaltela.pt\/noticias\/2026\/03\/13\/grupo-reconquista-marca-conferencia-para-sabado-num-hotel-do-porto\/#primaryimage","url":"https:\/\/portaltela.pt\/s.01k8rhncp4jt1\/2026\/03\/image-914.jpg","contentUrl":"https:\/\/portaltela.pt\/s.01k8rhncp4jt1\/2026\/03\/image-914.jpg","width":796,"height":448,"caption":"Grupo reuniu-se em novembro na Maia"},{"@type":"BreadcrumbList","@id":"https:\/\/portaltela.pt\/noticias\/2026\/03\/13\/grupo-reconquista-marca-conferencia-para-sabado-num-hotel-do-porto\/#breadcrumb","itemListElement":[{"@type":"ListItem","position":1,"name":"In\u00edcio","item":"https:\/\/portaltela.pt\/"},{"@type":"ListItem","position":2,"name":"Grupo Reconquista marca confer\u00eancia para s\u00e1bado num hotel do Porto"}]},{"@type":"WebSite","@id":"https:\/\/portaltela.pt\/#website","url":"https:\/\/portaltela.pt\/","name":"Portal Tela Portugal","description":"","potentialAction":[{"@type":"SearchAction","target":{"@type":"EntryPoint","urlTemplate":"https:\/\/portaltela.pt\/?s={search_term_string}"},"query-input":{"@type":"PropertyValueSpecification","valueRequired":true,"valueName":"search_term_string"}}],"inLanguage":"pt-PT"},{"@type":"Person","@id":"https:\/\/portaltela.pt\/#\/schema\/person\/c4278d4a6028830caff9ee44b42d32ed","name":"Telinha","image":{"@type":"ImageObject","inLanguage":"pt-PT","@id":"https:\/\/portaltela.pt\/s.01k8rhncp4jt1\/2025\/11\/talking-bot-125x125.png","url":"https:\/\/portaltela.pt\/s.01k8rhncp4jt1\/2025\/11\/talking-bot-125x125.png","contentUrl":"https:\/\/portaltela.pt\/s.01k8rhncp4jt1\/2025\/11\/talking-bot-125x125.png","caption":"Telinha"},"sameAs":["https:\/\/portaltela.pt\/"],"url":"https:\/\/portaltela.pt\/por\/367410592786\/"}]}},"_links":{"self":[{"href":"https:\/\/portaltela.pt\/api\/wp\/v2\/posts\/409547","targetHints":{"allow":["GET"]}}],"collection":[{"href":"https:\/\/portaltela.pt\/api\/wp\/v2\/posts"}],"about":[{"href":"https:\/\/portaltela.pt\/api\/wp\/v2\/types\/post"}],"author":[{"embeddable":true,"href":"https:\/\/portaltela.pt\/api\/wp\/v2\/users\/2"}],"replies":[{"embeddable":true,"href":"https:\/\/portaltela.pt\/api\/wp\/v2\/comments?post=409547"}],"version-history":[{"count":0,"href":"https:\/\/portaltela.pt\/api\/wp\/v2\/posts\/409547\/revisions"}],"wp:featuredmedia":[{"embeddable":true,"href":"https:\/\/portaltela.pt\/api\/wp\/v2\/media\/409554"}],"wp:attachment":[{"href":"https:\/\/portaltela.pt\/api\/wp\/v2\/media?parent=409547"}],"wp:term":[{"taxonomy":"category","embeddable":true,"href":"https:\/\/portaltela.pt\/api\/wp\/v2\/categories?post=409547"},{"taxonomy":"post_tag","embeddable":true,"href":"https:\/\/portaltela.pt\/api\/wp\/v2\/tags?post=409547"}],"curies":[{"name":"wp","href":"https:\/\/api.w.org\/{rel}","templated":true}]}}