{"id":409544,"date":"2026-03-13T20:52:00","date_gmt":"2026-03-13T23:52:00","guid":{"rendered":"https:\/\/portaltela.pt\/noticias\/2026\/03\/13\/ex-jogador-do-fc-porto-e-membro-dos-super-dragoes-detidos-em-operacao-no-bairro-do-cerco\/"},"modified":"2026-03-13T20:52:00","modified_gmt":"2026-03-13T23:52:00","slug":"ex-jogador-do-fc-porto-e-membro-dos-super-dragoes-detidos-em-operacao-no-bairro-do-cerco","status":"publish","type":"post","link":"https:\/\/portaltela.pt\/policia\/2026\/03\/13\/ex-jogador-do-fc-porto-e-membro-dos-super-dragoes-detidos-em-operacao-no-bairro-do-cerco\/","title":{"rendered":"Ex-jogador do FC Porto e membro dos Super Drag\u00f5es detidos em opera\u00e7\u00e3o no Bairro do Cerco"},"content":{"rendered":"<p>O ex-jogador do FC Porto, Ivan Cardoso, e um membro dos Super Drag\u00f5es foram colocados em pris\u00e3o preventiva na sexta-feira, ap\u00f3s serem detidos numa opera\u00e7\u00e3o de combate ao tr\u00e1fico de droga realizada na quinta-feira no Bairro do Cerco, no Porto. A a\u00e7\u00e3o resultou da emiss\u00e3o de sete mandados de deten\u00e7\u00e3o e 22 mandados de busca, segundo as autoridades.<\/p>\n<p>Entre os detidos, al\u00e9m de Cardoso, est\u00e1 mais um membro dos Super Drag\u00f5es. No total, 17 pessoas foram detidas na opera\u00e7\u00e3o, com quatro delas a seguir sob a mesma medida de coa\u00e7\u00e3o. A autoridade informou ainda que o conjunto de deten\u00e7\u00f5es envolveu v\u00e1rias dilig\u00eancias de investiga\u00e7\u00e3o.<\/p>\n<p>Durante as a\u00e7\u00f5es foram apreendidos meio quilo de coca\u00edna, tr\u00eas quilos de hero\u00edna, armas de v\u00e1rios calibres e ve\u00edculos topo de gama. As autoridades n\u00e3o avan\u00e7aram com mais detalhes sobre as liga\u00e7\u00f5es entre os detidos e os crimes investigados, mantendo o foco na atua\u00e7\u00e3o policial no Bairro do Cerco.<\/p>\n","protected":false},"excerpt":{"rendered":"<ul>\n<li>Ivan Cardoso, ex-jogador do FC Porto, ficou em pris\u00e3o preventiva ap\u00f3s uma opera\u00e7\u00e3o de tr\u00e1fico de droga no Bairro do Cerco, no Porto, realizada na quinta-feira.<\/li>\n<li>Um membro dos Super Drag\u00f5es tamb\u00e9m ficou em pris\u00e3o preventiva, entre os detidos na mesma opera\u00e7\u00e3o.<\/li>\n<li>No total, foram emitidos sete mandados de deten\u00e7\u00e3o e 22 de busca; sete detidos ficaram em pris\u00e3o preventiva, incluindo quatro dos 17 detidos originalmente.<\/li>\n<li>Durante as dilig\u00eancias, foram apreendidos meio quilo de coca\u00edna, tr\u00eas quilos de hero\u00edna, bem como armas de v\u00e1rios calibres e ve\u00edculos de alto padr\u00e3o.<\/li>\n<li>A opera\u00e7\u00e3o visava combater o tr\u00e1fico de droga na regi\u00e3o do Cerco, com v\u00e1rias pessoas ainda a ser investigadas.<\/li>\n<\/ul>\n","protected":false},"author":2,"featured_media":409552,"comment_status":"closed","ping_status":"closed","sticky":false,"template":"","format":"standard","meta":{"footnotes":""},"categories":[6907,6781],"tags":[124,182,3699,3697,982,96],"class_list":["post-409544","post","type-post","status-publish","format-standard","has-post-thumbnail","hentry","category-crime","category-policia","tag-arma-de-fogo","tag-armas","tag-cocaina","tag-heroina","tag-porto","tag-trafico-de-droga"],"yoast_head":"<!-- This site is optimized with the Yoast SEO plugin v27.2 - https:\/\/yoast.com\/product\/yoast-seo-wordpress\/ -->\n<title>Ex-jogador do FC Porto e membro dos Super Drag\u00f5es detidos em opera\u00e7\u00e3o no Bairro do Cerco - Portal Tela Portugal<\/title>\n<meta name=\"robots\" content=\"index, follow, max-snippet:-1, max-image-preview:large, max-video-preview:-1\" \/>\n<meta property=\"og:locale\" content=\"pt_PT\" \/>\n<meta property=\"og:type\" content=\"article\" \/>\n<meta property=\"og:title\" content=\"Ex-jogador do FC Porto e membro dos Super Drag\u00f5es detidos em opera\u00e7\u00e3o no Bairro do Cerco - Portal Tela Portugal\" \/>\n<meta property=\"og:description\" content=\"Ivan Cardoso, ex-jogador do FC Porto, ficou em pris\u00e3o preventiva ap\u00f3s uma opera\u00e7\u00e3o de tr\u00e1fico de droga no Bairro do Cerco, no Porto, realizada na quinta-feira. Um membro dos Super Drag\u00f5es tamb\u00e9m ficou em pris\u00e3o preventiva, entre os detidos na mesma opera\u00e7\u00e3o. No total, foram emitidos sete mandados de deten\u00e7\u00e3o e 22 de busca; sete detidos ficaram em pris\u00e3o preventiva, incluindo quatro dos 17 detidos originalmente. Durante as dilig\u00eancias, foram apreendidos meio quilo de coca\u00edna, tr\u00eas quilos de hero\u00edna, bem como armas de v\u00e1rios calibres e ve\u00edculos de alto padr\u00e3o. A opera\u00e7\u00e3o visava combater o tr\u00e1fico de droga na regi\u00e3o do Cerco, com v\u00e1rias pessoas ainda a ser investigadas.\" \/>\n<meta property=\"og:url\" content=\"https:\/\/portaltela.pt\/noticias\/2026\/03\/13\/ex-jogador-do-fc-porto-e-membro-dos-super-dragoes-detidos-em-operacao-no-bairro-do-cerco\/\" \/>\n<meta property=\"og:site_name\" content=\"Portal Tela Portugal\" \/>\n<meta property=\"article:published_time\" content=\"2026-03-13T23:52:00+00:00\" \/>\n<meta name=\"author\" content=\"Telinha\" \/>\n<meta name=\"twitter:card\" content=\"summary_large_image\" \/>\n<meta name=\"twitter:label1\" content=\"Escrito por\" \/>\n\t<meta name=\"twitter:data1\" content=\"Telinha\" \/>\n\t<meta name=\"twitter:label2\" content=\"Tempo estimado de leitura\" \/>\n\t<meta name=\"twitter:data2\" content=\"1 minuto\" \/>\n<script type=\"application\/ld+json\" class=\"yoast-schema-graph\">{\"@context\":\"https:\/\/schema.org\",\"@graph\":[{\"@type\":\"Article\",\"@id\":\"https:\/\/portaltela.pt\/noticias\/2026\/03\/13\/ex-jogador-do-fc-porto-e-membro-dos-super-dragoes-detidos-em-operacao-no-bairro-do-cerco\/#article\",\"isPartOf\":{\"@id\":\"https:\/\/portaltela.pt\/noticias\/2026\/03\/13\/ex-jogador-do-fc-porto-e-membro-dos-super-dragoes-detidos-em-operacao-no-bairro-do-cerco\/\"},\"author\":{\"name\":\"Telinha\",\"@id\":\"https:\/\/portaltela.pt\/#\/schema\/person\/c4278d4a6028830caff9ee44b42d32ed\"},\"headline\":\"Ex-jogador do FC Porto e membro dos Super Drag\u00f5es detidos em opera\u00e7\u00e3o no Bairro do Cerco\",\"datePublished\":\"2026-03-13T23:52:00+00:00\",\"mainEntityOfPage\":{\"@id\":\"https:\/\/portaltela.pt\/noticias\/2026\/03\/13\/ex-jogador-do-fc-porto-e-membro-dos-super-dragoes-detidos-em-operacao-no-bairro-do-cerco\/\"},\"wordCount\":195,\"image\":{\"@id\":\"https:\/\/portaltela.pt\/noticias\/2026\/03\/13\/ex-jogador-do-fc-porto-e-membro-dos-super-dragoes-detidos-em-operacao-no-bairro-do-cerco\/#primaryimage\"},\"thumbnailUrl\":\"https:\/\/portaltela.pt\/s.01k8rhncp4jt1\/2026\/03\/img_1500x1000uu2026-03-12-18-13-13-2271984.jpg\",\"keywords\":[\"arma de fogo\",\"armas\",\"coca\u00edna\",\"hero\u00edna\",\"Porto\",\"tr\u00e1fico de droga\"],\"articleSection\":[\"Crime\",\"Pol\u00edcia\"],\"inLanguage\":\"pt-PT\"},{\"@type\":\"WebPage\",\"@id\":\"https:\/\/portaltela.pt\/noticias\/2026\/03\/13\/ex-jogador-do-fc-porto-e-membro-dos-super-dragoes-detidos-em-operacao-no-bairro-do-cerco\/\",\"url\":\"https:\/\/portaltela.pt\/noticias\/2026\/03\/13\/ex-jogador-do-fc-porto-e-membro-dos-super-dragoes-detidos-em-operacao-no-bairro-do-cerco\/\",\"name\":\"Ex-jogador do FC Porto e membro dos Super Drag\u00f5es detidos em opera\u00e7\u00e3o no Bairro do Cerco - Portal Tela Portugal\",\"isPartOf\":{\"@id\":\"https:\/\/portaltela.pt\/#website\"},\"primaryImageOfPage\":{\"@id\":\"https:\/\/portaltela.pt\/noticias\/2026\/03\/13\/ex-jogador-do-fc-porto-e-membro-dos-super-dragoes-detidos-em-operacao-no-bairro-do-cerco\/#primaryimage\"},\"image\":{\"@id\":\"https:\/\/portaltela.pt\/noticias\/2026\/03\/13\/ex-jogador-do-fc-porto-e-membro-dos-super-dragoes-detidos-em-operacao-no-bairro-do-cerco\/#primaryimage\"},\"thumbnailUrl\":\"https:\/\/portaltela.pt\/s.01k8rhncp4jt1\/2026\/03\/img_1500x1000uu2026-03-12-18-13-13-2271984.jpg\",\"datePublished\":\"2026-03-13T23:52:00+00:00\",\"author\":{\"@id\":\"https:\/\/portaltela.pt\/#\/schema\/person\/c4278d4a6028830caff9ee44b42d32ed\"},\"breadcrumb\":{\"@id\":\"https:\/\/portaltela.pt\/noticias\/2026\/03\/13\/ex-jogador-do-fc-porto-e-membro-dos-super-dragoes-detidos-em-operacao-no-bairro-do-cerco\/#breadcrumb\"},\"inLanguage\":\"pt-PT\",\"potentialAction\":[{\"@type\":\"ReadAction\",\"target\":[\"https:\/\/portaltela.pt\/noticias\/2026\/03\/13\/ex-jogador-do-fc-porto-e-membro-dos-super-dragoes-detidos-em-operacao-no-bairro-do-cerco\/\"]}]},{\"@type\":\"ImageObject\",\"inLanguage\":\"pt-PT\",\"@id\":\"https:\/\/portaltela.pt\/noticias\/2026\/03\/13\/ex-jogador-do-fc-porto-e-membro-dos-super-dragoes-detidos-em-operacao-no-bairro-do-cerco\/#primaryimage\",\"url\":\"https:\/\/portaltela.pt\/s.01k8rhncp4jt1\/2026\/03\/img_1500x1000uu2026-03-12-18-13-13-2271984.jpg\",\"contentUrl\":\"https:\/\/portaltela.pt\/s.01k8rhncp4jt1\/2026\/03\/img_1500x1000uu2026-03-12-18-13-13-2271984.jpg\",\"width\":796,\"height\":448,\"caption\":\"Ivan Cardoso\"},{\"@type\":\"BreadcrumbList\",\"@id\":\"https:\/\/portaltela.pt\/noticias\/2026\/03\/13\/ex-jogador-do-fc-porto-e-membro-dos-super-dragoes-detidos-em-operacao-no-bairro-do-cerco\/#breadcrumb\",\"itemListElement\":[{\"@type\":\"ListItem\",\"position\":1,\"name\":\"In\u00edcio\",\"item\":\"https:\/\/portaltela.pt\/\"},{\"@type\":\"ListItem\",\"position\":2,\"name\":\"Ex-jogador do FC Porto e membro dos Super Drag\u00f5es detidos em opera\u00e7\u00e3o no Bairro do Cerco\"}]},{\"@type\":\"WebSite\",\"@id\":\"https:\/\/portaltela.pt\/#website\",\"url\":\"https:\/\/portaltela.pt\/\",\"name\":\"Portal Tela Portugal\",\"description\":\"\",\"potentialAction\":[{\"@type\":\"SearchAction\",\"target\":{\"@type\":\"EntryPoint\",\"urlTemplate\":\"https:\/\/portaltela.pt\/?s={search_term_string}\"},\"query-input\":{\"@type\":\"PropertyValueSpecification\",\"valueRequired\":true,\"valueName\":\"search_term_string\"}}],\"inLanguage\":\"pt-PT\"},{\"@type\":\"Person\",\"@id\":\"https:\/\/portaltela.pt\/#\/schema\/person\/c4278d4a6028830caff9ee44b42d32ed\",\"name\":\"Telinha\",\"image\":{\"@type\":\"ImageObject\",\"inLanguage\":\"pt-PT\",\"@id\":\"https:\/\/portaltela.pt\/s.01k8rhncp4jt1\/2025\/11\/talking-bot-125x125.png\",\"url\":\"https:\/\/portaltela.pt\/s.01k8rhncp4jt1\/2025\/11\/talking-bot-125x125.png\",\"contentUrl\":\"https:\/\/portaltela.pt\/s.01k8rhncp4jt1\/2025\/11\/talking-bot-125x125.png\",\"caption\":\"Telinha\"},\"sameAs\":[\"https:\/\/portaltela.pt\/\"],\"url\":\"https:\/\/portaltela.pt\/por\/367410592786\/\"}]}<\/script>\n<!-- \/ Yoast SEO plugin. -->","yoast_head_json":{"title":"Ex-jogador do FC Porto e membro dos Super Drag\u00f5es detidos em opera\u00e7\u00e3o no Bairro do Cerco - Portal Tela Portugal","robots":{"index":"index","follow":"follow","max-snippet":"max-snippet:-1","max-image-preview":"max-image-preview:large","max-video-preview":"max-video-preview:-1"},"og_locale":"pt_PT","og_type":"article","og_title":"Ex-jogador do FC Porto e membro dos Super Drag\u00f5es detidos em opera\u00e7\u00e3o no Bairro do Cerco - Portal Tela Portugal","og_description":"Ivan Cardoso, ex-jogador do FC Porto, ficou em pris\u00e3o preventiva ap\u00f3s uma opera\u00e7\u00e3o de tr\u00e1fico de droga no Bairro do Cerco, no Porto, realizada na quinta-feira. Um membro dos Super Drag\u00f5es tamb\u00e9m ficou em pris\u00e3o preventiva, entre os detidos na mesma opera\u00e7\u00e3o. No total, foram emitidos sete mandados de deten\u00e7\u00e3o e 22 de busca; sete detidos ficaram em pris\u00e3o preventiva, incluindo quatro dos 17 detidos originalmente. Durante as dilig\u00eancias, foram apreendidos meio quilo de coca\u00edna, tr\u00eas quilos de hero\u00edna, bem como armas de v\u00e1rios calibres e ve\u00edculos de alto padr\u00e3o. A opera\u00e7\u00e3o visava combater o tr\u00e1fico de droga na regi\u00e3o do Cerco, com v\u00e1rias pessoas ainda a ser investigadas.","og_url":"https:\/\/portaltela.pt\/noticias\/2026\/03\/13\/ex-jogador-do-fc-porto-e-membro-dos-super-dragoes-detidos-em-operacao-no-bairro-do-cerco\/","og_site_name":"Portal Tela Portugal","article_published_time":"2026-03-13T23:52:00+00:00","author":"Telinha","twitter_card":"summary_large_image","twitter_misc":{"Escrito por":"Telinha","Tempo estimado de leitura":"1 minuto"},"schema":{"@context":"https:\/\/schema.org","@graph":[{"@type":"Article","@id":"https:\/\/portaltela.pt\/noticias\/2026\/03\/13\/ex-jogador-do-fc-porto-e-membro-dos-super-dragoes-detidos-em-operacao-no-bairro-do-cerco\/#article","isPartOf":{"@id":"https:\/\/portaltela.pt\/noticias\/2026\/03\/13\/ex-jogador-do-fc-porto-e-membro-dos-super-dragoes-detidos-em-operacao-no-bairro-do-cerco\/"},"author":{"name":"Telinha","@id":"https:\/\/portaltela.pt\/#\/schema\/person\/c4278d4a6028830caff9ee44b42d32ed"},"headline":"Ex-jogador do FC Porto e membro dos Super Drag\u00f5es detidos em opera\u00e7\u00e3o no Bairro do Cerco","datePublished":"2026-03-13T23:52:00+00:00","mainEntityOfPage":{"@id":"https:\/\/portaltela.pt\/noticias\/2026\/03\/13\/ex-jogador-do-fc-porto-e-membro-dos-super-dragoes-detidos-em-operacao-no-bairro-do-cerco\/"},"wordCount":195,"image":{"@id":"https:\/\/portaltela.pt\/noticias\/2026\/03\/13\/ex-jogador-do-fc-porto-e-membro-dos-super-dragoes-detidos-em-operacao-no-bairro-do-cerco\/#primaryimage"},"thumbnailUrl":"https:\/\/portaltela.pt\/s.01k8rhncp4jt1\/2026\/03\/img_1500x1000uu2026-03-12-18-13-13-2271984.jpg","keywords":["arma de fogo","armas","coca\u00edna","hero\u00edna","Porto","tr\u00e1fico de droga"],"articleSection":["Crime","Pol\u00edcia"],"inLanguage":"pt-PT"},{"@type":"WebPage","@id":"https:\/\/portaltela.pt\/noticias\/2026\/03\/13\/ex-jogador-do-fc-porto-e-membro-dos-super-dragoes-detidos-em-operacao-no-bairro-do-cerco\/","url":"https:\/\/portaltela.pt\/noticias\/2026\/03\/13\/ex-jogador-do-fc-porto-e-membro-dos-super-dragoes-detidos-em-operacao-no-bairro-do-cerco\/","name":"Ex-jogador do FC Porto e membro dos Super Drag\u00f5es detidos em opera\u00e7\u00e3o no Bairro do Cerco - Portal Tela Portugal","isPartOf":{"@id":"https:\/\/portaltela.pt\/#website"},"primaryImageOfPage":{"@id":"https:\/\/portaltela.pt\/noticias\/2026\/03\/13\/ex-jogador-do-fc-porto-e-membro-dos-super-dragoes-detidos-em-operacao-no-bairro-do-cerco\/#primaryimage"},"image":{"@id":"https:\/\/portaltela.pt\/noticias\/2026\/03\/13\/ex-jogador-do-fc-porto-e-membro-dos-super-dragoes-detidos-em-operacao-no-bairro-do-cerco\/#primaryimage"},"thumbnailUrl":"https:\/\/portaltela.pt\/s.01k8rhncp4jt1\/2026\/03\/img_1500x1000uu2026-03-12-18-13-13-2271984.jpg","datePublished":"2026-03-13T23:52:00+00:00","author":{"@id":"https:\/\/portaltela.pt\/#\/schema\/person\/c4278d4a6028830caff9ee44b42d32ed"},"breadcrumb":{"@id":"https:\/\/portaltela.pt\/noticias\/2026\/03\/13\/ex-jogador-do-fc-porto-e-membro-dos-super-dragoes-detidos-em-operacao-no-bairro-do-cerco\/#breadcrumb"},"inLanguage":"pt-PT","potentialAction":[{"@type":"ReadAction","target":["https:\/\/portaltela.pt\/noticias\/2026\/03\/13\/ex-jogador-do-fc-porto-e-membro-dos-super-dragoes-detidos-em-operacao-no-bairro-do-cerco\/"]}]},{"@type":"ImageObject","inLanguage":"pt-PT","@id":"https:\/\/portaltela.pt\/noticias\/2026\/03\/13\/ex-jogador-do-fc-porto-e-membro-dos-super-dragoes-detidos-em-operacao-no-bairro-do-cerco\/#primaryimage","url":"https:\/\/portaltela.pt\/s.01k8rhncp4jt1\/2026\/03\/img_1500x1000uu2026-03-12-18-13-13-2271984.jpg","contentUrl":"https:\/\/portaltela.pt\/s.01k8rhncp4jt1\/2026\/03\/img_1500x1000uu2026-03-12-18-13-13-2271984.jpg","width":796,"height":448,"caption":"Ivan Cardoso"},{"@type":"BreadcrumbList","@id":"https:\/\/portaltela.pt\/noticias\/2026\/03\/13\/ex-jogador-do-fc-porto-e-membro-dos-super-dragoes-detidos-em-operacao-no-bairro-do-cerco\/#breadcrumb","itemListElement":[{"@type":"ListItem","position":1,"name":"In\u00edcio","item":"https:\/\/portaltela.pt\/"},{"@type":"ListItem","position":2,"name":"Ex-jogador do FC Porto e membro dos Super Drag\u00f5es detidos em opera\u00e7\u00e3o no Bairro do Cerco"}]},{"@type":"WebSite","@id":"https:\/\/portaltela.pt\/#website","url":"https:\/\/portaltela.pt\/","name":"Portal Tela Portugal","description":"","potentialAction":[{"@type":"SearchAction","target":{"@type":"EntryPoint","urlTemplate":"https:\/\/portaltela.pt\/?s={search_term_string}"},"query-input":{"@type":"PropertyValueSpecification","valueRequired":true,"valueName":"search_term_string"}}],"inLanguage":"pt-PT"},{"@type":"Person","@id":"https:\/\/portaltela.pt\/#\/schema\/person\/c4278d4a6028830caff9ee44b42d32ed","name":"Telinha","image":{"@type":"ImageObject","inLanguage":"pt-PT","@id":"https:\/\/portaltela.pt\/s.01k8rhncp4jt1\/2025\/11\/talking-bot-125x125.png","url":"https:\/\/portaltela.pt\/s.01k8rhncp4jt1\/2025\/11\/talking-bot-125x125.png","contentUrl":"https:\/\/portaltela.pt\/s.01k8rhncp4jt1\/2025\/11\/talking-bot-125x125.png","caption":"Telinha"},"sameAs":["https:\/\/portaltela.pt\/"],"url":"https:\/\/portaltela.pt\/por\/367410592786\/"}]}},"_links":{"self":[{"href":"https:\/\/portaltela.pt\/api\/wp\/v2\/posts\/409544","targetHints":{"allow":["GET"]}}],"collection":[{"href":"https:\/\/portaltela.pt\/api\/wp\/v2\/posts"}],"about":[{"href":"https:\/\/portaltela.pt\/api\/wp\/v2\/types\/post"}],"author":[{"embeddable":true,"href":"https:\/\/portaltela.pt\/api\/wp\/v2\/users\/2"}],"replies":[{"embeddable":true,"href":"https:\/\/portaltela.pt\/api\/wp\/v2\/comments?post=409544"}],"version-history":[{"count":0,"href":"https:\/\/portaltela.pt\/api\/wp\/v2\/posts\/409544\/revisions"}],"wp:featuredmedia":[{"embeddable":true,"href":"https:\/\/portaltela.pt\/api\/wp\/v2\/media\/409552"}],"wp:attachment":[{"href":"https:\/\/portaltela.pt\/api\/wp\/v2\/media?parent=409544"}],"wp:term":[{"taxonomy":"category","embeddable":true,"href":"https:\/\/portaltela.pt\/api\/wp\/v2\/categories?post=409544"},{"taxonomy":"post_tag","embeddable":true,"href":"https:\/\/portaltela.pt\/api\/wp\/v2\/tags?post=409544"}],"curies":[{"name":"wp","href":"https:\/\/api.w.org\/{rel}","templated":true}]}}