{"id":409543,"date":"2026-03-13T20:56:00","date_gmt":"2026-03-13T23:56:00","guid":{"rendered":"https:\/\/portaltela.pt\/noticias\/2026\/03\/13\/benfica-vence-nos-penaltis-e-enfrenta-electrico-na-final-da-taca-da-liga\/"},"modified":"2026-03-13T20:56:00","modified_gmt":"2026-03-13T23:56:00","slug":"benfica-vence-nos-penaltis-e-enfrenta-electrico-na-final-da-taca-da-liga","status":"publish","type":"post","link":"https:\/\/portaltela.pt\/desporto\/futebol\/2026\/03\/13\/benfica-vence-nos-penaltis-e-enfrenta-electrico-na-final-da-taca-da-liga\/","title":{"rendered":"Benfica vence nos pen\u00e1ltis e enfrenta El\u00e9ctrico na final da Ta\u00e7a da Liga"},"content":{"rendered":"<p>O Benfica qualificou-se para a final da Ta\u00e7a da Liga ao vencer os Le\u00f5es de Porto Salvo nos pen\u00e1ltis, ap\u00f3s um empate a 2-2 no tempo regulamentar. O jogo realizou-se no Multiusos de Gondomar, em formato de eliminat\u00f3ria.<\/p>\n<p>A partida come\u00e7ou com vantagem encarnada. Henrique Nunes abriu o marcador aos 4 minutos, dando vantagem ao Le\u00f5es de Porto Salvo. A resposta de equipa lisboeta chegou com Higor, antes do intervalo, para igualar a contenda.<\/p>\n<p>No segundo tempo, Arthur aproveitou uma assist\u00eancia de Pany Varela para colocar o Benfica na posi\u00e7\u00e3o de lideran\u00e7a, mas o Le\u00f5es de Porto Salvo n\u00e3o desistiu e empatou de novo, aos 77 minutos, provocando prolongamento.<\/p>\n<p>Ato final da confian\u00e7a: o jogo seguiu para desempate por penalties, com o Benfica a escolher guarda-redes na \u201clotaria\u201d decisiva. Diogo Carrera substituiu o titular e negou o remate de Anderson Fontes, lan\u00e7ando a celebra\u00e7\u00e3o entre os azuis e brancos.<\/p>\n<p>Nos pen\u00e1ltis, o Benfica foi eficaz em todos os remates, com Carrera a suster o chute advers\u00e1rio e os colegas a converterem os cinco remates, garantindo a passagem \u00e0 final frente ao El\u00e9ctrico.<\/p>\n","protected":false},"excerpt":{"rendered":"<ul>\n<li>O Benfica qualificou-se para a final da Ta\u00e7a da Liga ao vencer nos pen\u00e1ltis o Le\u00f5es de Porto Salvo (2-2, 4-3 nos pen\u00e1ltis) e vai defrontar o El\u00e9ctrico.<\/li>\n<li>O Le\u00f5es abriu o marcador aos quatro minutos, por Henrique Nunes.<\/li>\n<li>O Benfica empatou com Arthur, ap\u00f3s assist\u00eancia de Pany Varela, e consumou a cambalhota com o golo seguinte de Higor.<\/li>\n<li>O Le\u00f5es continuou a pressionar na segunda parte e chegou ao 2-2, ficando tudo em aberto at\u00e9 ao lance decisivo de Ruan Silvestre.<\/li>\n<li>Na lotaria dos pen\u00e1ltis, Diogo Carrera interrompeu o remate de Anderson Fontes e o Benfica converteu os cinco remates para seguir em frente.<\/li>\n<\/ul>\n","protected":false},"author":2,"featured_media":409551,"comment_status":"closed","ping_status":"closed","sticky":false,"template":"","format":"standard","meta":{"footnotes":""},"categories":[21,24],"tags":[1946,4326,32,3509,982,1172],"class_list":["post-409543","post","type-post","status-publish","format-standard","has-post-thumbnail","hentry","category-desporto","category-futebol","tag-benfica","tag-electrico","tag-futebol","tag-penaltis","tag-porto","tag-taca-da-liga"],"yoast_head":"<!-- This site is optimized with the Yoast SEO plugin v27.2 - https:\/\/yoast.com\/product\/yoast-seo-wordpress\/ -->\n<title>Benfica vence nos pen\u00e1ltis e enfrenta El\u00e9ctrico na final da Ta\u00e7a da Liga - Portal Tela Portugal<\/title>\n<meta name=\"robots\" content=\"index, follow, max-snippet:-1, max-image-preview:large, max-video-preview:-1\" \/>\n<meta property=\"og:locale\" content=\"pt_PT\" \/>\n<meta property=\"og:type\" content=\"article\" \/>\n<meta property=\"og:title\" content=\"Benfica vence nos pen\u00e1ltis e enfrenta El\u00e9ctrico na final da Ta\u00e7a da Liga - Portal Tela Portugal\" \/>\n<meta property=\"og:description\" content=\"O Benfica qualificou-se para a final da Ta\u00e7a da Liga ao vencer nos pen\u00e1ltis o Le\u00f5es de Porto Salvo (2-2, 4-3 nos pen\u00e1ltis) e vai defrontar o El\u00e9ctrico. O Le\u00f5es abriu o marcador aos quatro minutos, por Henrique Nunes. O Benfica empatou com Arthur, ap\u00f3s assist\u00eancia de Pany Varela, e consumou a cambalhota com o golo seguinte de Higor. O Le\u00f5es continuou a pressionar na segunda parte e chegou ao 2-2, ficando tudo em aberto at\u00e9 ao lance decisivo de Ruan Silvestre. Na lotaria dos pen\u00e1ltis, Diogo Carrera interrompeu o remate de Anderson Fontes e o Benfica converteu os cinco remates para seguir em frente.\" \/>\n<meta property=\"og:url\" content=\"https:\/\/portaltela.pt\/noticias\/2026\/03\/13\/benfica-vence-nos-penaltis-e-enfrenta-electrico-na-final-da-taca-da-liga\/\" \/>\n<meta property=\"og:site_name\" content=\"Portal Tela Portugal\" \/>\n<meta property=\"article:published_time\" content=\"2026-03-13T23:56:00+00:00\" \/>\n<meta name=\"author\" content=\"Telinha\" \/>\n<meta name=\"twitter:card\" content=\"summary_large_image\" \/>\n<meta name=\"twitter:label1\" content=\"Escrito por\" \/>\n\t<meta name=\"twitter:data1\" content=\"Telinha\" \/>\n\t<meta name=\"twitter:label2\" content=\"Tempo estimado de leitura\" \/>\n\t<meta name=\"twitter:data2\" content=\"1 minuto\" \/>\n<script type=\"application\/ld+json\" class=\"yoast-schema-graph\">{\"@context\":\"https:\/\/schema.org\",\"@graph\":[{\"@type\":\"Article\",\"@id\":\"https:\/\/portaltela.pt\/noticias\/2026\/03\/13\/benfica-vence-nos-penaltis-e-enfrenta-electrico-na-final-da-taca-da-liga\/#article\",\"isPartOf\":{\"@id\":\"https:\/\/portaltela.pt\/noticias\/2026\/03\/13\/benfica-vence-nos-penaltis-e-enfrenta-electrico-na-final-da-taca-da-liga\/\"},\"author\":{\"name\":\"Telinha\",\"@id\":\"https:\/\/portaltela.pt\/#\/schema\/person\/c4278d4a6028830caff9ee44b42d32ed\"},\"headline\":\"Benfica vence nos pen\u00e1ltis e enfrenta El\u00e9ctrico na final da Ta\u00e7a da Liga\",\"datePublished\":\"2026-03-13T23:56:00+00:00\",\"mainEntityOfPage\":{\"@id\":\"https:\/\/portaltela.pt\/noticias\/2026\/03\/13\/benfica-vence-nos-penaltis-e-enfrenta-electrico-na-final-da-taca-da-liga\/\"},\"wordCount\":213,\"image\":{\"@id\":\"https:\/\/portaltela.pt\/noticias\/2026\/03\/13\/benfica-vence-nos-penaltis-e-enfrenta-electrico-na-final-da-taca-da-liga\/#primaryimage\"},\"thumbnailUrl\":\"https:\/\/portaltela.pt\/s.01k8rhncp4jt1\/2026\/03\/img_920x518uu2026-03-13-23-56-44-2426798.jpg\",\"keywords\":[\"Benfica\",\"El\u00e9ctrico\",\"futebol\",\"pen\u00e1ltis\",\"Porto\",\"Ta\u00e7a da Liga\"],\"articleSection\":[\"Desporto\",\"Futebol\"],\"inLanguage\":\"pt-PT\"},{\"@type\":\"WebPage\",\"@id\":\"https:\/\/portaltela.pt\/noticias\/2026\/03\/13\/benfica-vence-nos-penaltis-e-enfrenta-electrico-na-final-da-taca-da-liga\/\",\"url\":\"https:\/\/portaltela.pt\/noticias\/2026\/03\/13\/benfica-vence-nos-penaltis-e-enfrenta-electrico-na-final-da-taca-da-liga\/\",\"name\":\"Benfica vence nos pen\u00e1ltis e enfrenta El\u00e9ctrico na final da Ta\u00e7a da Liga - Portal Tela Portugal\",\"isPartOf\":{\"@id\":\"https:\/\/portaltela.pt\/#website\"},\"primaryImageOfPage\":{\"@id\":\"https:\/\/portaltela.pt\/noticias\/2026\/03\/13\/benfica-vence-nos-penaltis-e-enfrenta-electrico-na-final-da-taca-da-liga\/#primaryimage\"},\"image\":{\"@id\":\"https:\/\/portaltela.pt\/noticias\/2026\/03\/13\/benfica-vence-nos-penaltis-e-enfrenta-electrico-na-final-da-taca-da-liga\/#primaryimage\"},\"thumbnailUrl\":\"https:\/\/portaltela.pt\/s.01k8rhncp4jt1\/2026\/03\/img_920x518uu2026-03-13-23-56-44-2426798.jpg\",\"datePublished\":\"2026-03-13T23:56:00+00:00\",\"author\":{\"@id\":\"https:\/\/portaltela.pt\/#\/schema\/person\/c4278d4a6028830caff9ee44b42d32ed\"},\"breadcrumb\":{\"@id\":\"https:\/\/portaltela.pt\/noticias\/2026\/03\/13\/benfica-vence-nos-penaltis-e-enfrenta-electrico-na-final-da-taca-da-liga\/#breadcrumb\"},\"inLanguage\":\"pt-PT\",\"potentialAction\":[{\"@type\":\"ReadAction\",\"target\":[\"https:\/\/portaltela.pt\/noticias\/2026\/03\/13\/benfica-vence-nos-penaltis-e-enfrenta-electrico-na-final-da-taca-da-liga\/\"]}]},{\"@type\":\"ImageObject\",\"inLanguage\":\"pt-PT\",\"@id\":\"https:\/\/portaltela.pt\/noticias\/2026\/03\/13\/benfica-vence-nos-penaltis-e-enfrenta-electrico-na-final-da-taca-da-liga\/#primaryimage\",\"url\":\"https:\/\/portaltela.pt\/s.01k8rhncp4jt1\/2026\/03\/img_920x518uu2026-03-13-23-56-44-2426798.jpg\",\"contentUrl\":\"https:\/\/portaltela.pt\/s.01k8rhncp4jt1\/2026\/03\/img_920x518uu2026-03-13-23-56-44-2426798.jpg\",\"width\":796,\"height\":448,\"caption\":\"Jogadores do Benfica fazem a festa frente ao Le\u00f5es de Porto Salvo\"},{\"@type\":\"BreadcrumbList\",\"@id\":\"https:\/\/portaltela.pt\/noticias\/2026\/03\/13\/benfica-vence-nos-penaltis-e-enfrenta-electrico-na-final-da-taca-da-liga\/#breadcrumb\",\"itemListElement\":[{\"@type\":\"ListItem\",\"position\":1,\"name\":\"In\u00edcio\",\"item\":\"https:\/\/portaltela.pt\/\"},{\"@type\":\"ListItem\",\"position\":2,\"name\":\"Benfica vence nos pen\u00e1ltis e enfrenta El\u00e9ctrico na final da Ta\u00e7a da Liga\"}]},{\"@type\":\"WebSite\",\"@id\":\"https:\/\/portaltela.pt\/#website\",\"url\":\"https:\/\/portaltela.pt\/\",\"name\":\"Portal Tela Portugal\",\"description\":\"\",\"potentialAction\":[{\"@type\":\"SearchAction\",\"target\":{\"@type\":\"EntryPoint\",\"urlTemplate\":\"https:\/\/portaltela.pt\/?s={search_term_string}\"},\"query-input\":{\"@type\":\"PropertyValueSpecification\",\"valueRequired\":true,\"valueName\":\"search_term_string\"}}],\"inLanguage\":\"pt-PT\"},{\"@type\":\"Person\",\"@id\":\"https:\/\/portaltela.pt\/#\/schema\/person\/c4278d4a6028830caff9ee44b42d32ed\",\"name\":\"Telinha\",\"image\":{\"@type\":\"ImageObject\",\"inLanguage\":\"pt-PT\",\"@id\":\"https:\/\/portaltela.pt\/s.01k8rhncp4jt1\/2025\/11\/talking-bot-125x125.png\",\"url\":\"https:\/\/portaltela.pt\/s.01k8rhncp4jt1\/2025\/11\/talking-bot-125x125.png\",\"contentUrl\":\"https:\/\/portaltela.pt\/s.01k8rhncp4jt1\/2025\/11\/talking-bot-125x125.png\",\"caption\":\"Telinha\"},\"sameAs\":[\"https:\/\/portaltela.pt\/\"],\"url\":\"https:\/\/portaltela.pt\/por\/367410592786\/\"}]}<\/script>\n<!-- \/ Yoast SEO plugin. -->","yoast_head_json":{"title":"Benfica vence nos pen\u00e1ltis e enfrenta El\u00e9ctrico na final da Ta\u00e7a da Liga - Portal Tela Portugal","robots":{"index":"index","follow":"follow","max-snippet":"max-snippet:-1","max-image-preview":"max-image-preview:large","max-video-preview":"max-video-preview:-1"},"og_locale":"pt_PT","og_type":"article","og_title":"Benfica vence nos pen\u00e1ltis e enfrenta El\u00e9ctrico na final da Ta\u00e7a da Liga - Portal Tela Portugal","og_description":"O Benfica qualificou-se para a final da Ta\u00e7a da Liga ao vencer nos pen\u00e1ltis o Le\u00f5es de Porto Salvo (2-2, 4-3 nos pen\u00e1ltis) e vai defrontar o El\u00e9ctrico. O Le\u00f5es abriu o marcador aos quatro minutos, por Henrique Nunes. O Benfica empatou com Arthur, ap\u00f3s assist\u00eancia de Pany Varela, e consumou a cambalhota com o golo seguinte de Higor. O Le\u00f5es continuou a pressionar na segunda parte e chegou ao 2-2, ficando tudo em aberto at\u00e9 ao lance decisivo de Ruan Silvestre. Na lotaria dos pen\u00e1ltis, Diogo Carrera interrompeu o remate de Anderson Fontes e o Benfica converteu os cinco remates para seguir em frente.","og_url":"https:\/\/portaltela.pt\/noticias\/2026\/03\/13\/benfica-vence-nos-penaltis-e-enfrenta-electrico-na-final-da-taca-da-liga\/","og_site_name":"Portal Tela Portugal","article_published_time":"2026-03-13T23:56:00+00:00","author":"Telinha","twitter_card":"summary_large_image","twitter_misc":{"Escrito por":"Telinha","Tempo estimado de leitura":"1 minuto"},"schema":{"@context":"https:\/\/schema.org","@graph":[{"@type":"Article","@id":"https:\/\/portaltela.pt\/noticias\/2026\/03\/13\/benfica-vence-nos-penaltis-e-enfrenta-electrico-na-final-da-taca-da-liga\/#article","isPartOf":{"@id":"https:\/\/portaltela.pt\/noticias\/2026\/03\/13\/benfica-vence-nos-penaltis-e-enfrenta-electrico-na-final-da-taca-da-liga\/"},"author":{"name":"Telinha","@id":"https:\/\/portaltela.pt\/#\/schema\/person\/c4278d4a6028830caff9ee44b42d32ed"},"headline":"Benfica vence nos pen\u00e1ltis e enfrenta El\u00e9ctrico na final da Ta\u00e7a da Liga","datePublished":"2026-03-13T23:56:00+00:00","mainEntityOfPage":{"@id":"https:\/\/portaltela.pt\/noticias\/2026\/03\/13\/benfica-vence-nos-penaltis-e-enfrenta-electrico-na-final-da-taca-da-liga\/"},"wordCount":213,"image":{"@id":"https:\/\/portaltela.pt\/noticias\/2026\/03\/13\/benfica-vence-nos-penaltis-e-enfrenta-electrico-na-final-da-taca-da-liga\/#primaryimage"},"thumbnailUrl":"https:\/\/portaltela.pt\/s.01k8rhncp4jt1\/2026\/03\/img_920x518uu2026-03-13-23-56-44-2426798.jpg","keywords":["Benfica","El\u00e9ctrico","futebol","pen\u00e1ltis","Porto","Ta\u00e7a da Liga"],"articleSection":["Desporto","Futebol"],"inLanguage":"pt-PT"},{"@type":"WebPage","@id":"https:\/\/portaltela.pt\/noticias\/2026\/03\/13\/benfica-vence-nos-penaltis-e-enfrenta-electrico-na-final-da-taca-da-liga\/","url":"https:\/\/portaltela.pt\/noticias\/2026\/03\/13\/benfica-vence-nos-penaltis-e-enfrenta-electrico-na-final-da-taca-da-liga\/","name":"Benfica vence nos pen\u00e1ltis e enfrenta El\u00e9ctrico na final da Ta\u00e7a da Liga - Portal Tela Portugal","isPartOf":{"@id":"https:\/\/portaltela.pt\/#website"},"primaryImageOfPage":{"@id":"https:\/\/portaltela.pt\/noticias\/2026\/03\/13\/benfica-vence-nos-penaltis-e-enfrenta-electrico-na-final-da-taca-da-liga\/#primaryimage"},"image":{"@id":"https:\/\/portaltela.pt\/noticias\/2026\/03\/13\/benfica-vence-nos-penaltis-e-enfrenta-electrico-na-final-da-taca-da-liga\/#primaryimage"},"thumbnailUrl":"https:\/\/portaltela.pt\/s.01k8rhncp4jt1\/2026\/03\/img_920x518uu2026-03-13-23-56-44-2426798.jpg","datePublished":"2026-03-13T23:56:00+00:00","author":{"@id":"https:\/\/portaltela.pt\/#\/schema\/person\/c4278d4a6028830caff9ee44b42d32ed"},"breadcrumb":{"@id":"https:\/\/portaltela.pt\/noticias\/2026\/03\/13\/benfica-vence-nos-penaltis-e-enfrenta-electrico-na-final-da-taca-da-liga\/#breadcrumb"},"inLanguage":"pt-PT","potentialAction":[{"@type":"ReadAction","target":["https:\/\/portaltela.pt\/noticias\/2026\/03\/13\/benfica-vence-nos-penaltis-e-enfrenta-electrico-na-final-da-taca-da-liga\/"]}]},{"@type":"ImageObject","inLanguage":"pt-PT","@id":"https:\/\/portaltela.pt\/noticias\/2026\/03\/13\/benfica-vence-nos-penaltis-e-enfrenta-electrico-na-final-da-taca-da-liga\/#primaryimage","url":"https:\/\/portaltela.pt\/s.01k8rhncp4jt1\/2026\/03\/img_920x518uu2026-03-13-23-56-44-2426798.jpg","contentUrl":"https:\/\/portaltela.pt\/s.01k8rhncp4jt1\/2026\/03\/img_920x518uu2026-03-13-23-56-44-2426798.jpg","width":796,"height":448,"caption":"Jogadores do Benfica fazem a festa frente ao Le\u00f5es de Porto Salvo"},{"@type":"BreadcrumbList","@id":"https:\/\/portaltela.pt\/noticias\/2026\/03\/13\/benfica-vence-nos-penaltis-e-enfrenta-electrico-na-final-da-taca-da-liga\/#breadcrumb","itemListElement":[{"@type":"ListItem","position":1,"name":"In\u00edcio","item":"https:\/\/portaltela.pt\/"},{"@type":"ListItem","position":2,"name":"Benfica vence nos pen\u00e1ltis e enfrenta El\u00e9ctrico na final da Ta\u00e7a da Liga"}]},{"@type":"WebSite","@id":"https:\/\/portaltela.pt\/#website","url":"https:\/\/portaltela.pt\/","name":"Portal Tela Portugal","description":"","potentialAction":[{"@type":"SearchAction","target":{"@type":"EntryPoint","urlTemplate":"https:\/\/portaltela.pt\/?s={search_term_string}"},"query-input":{"@type":"PropertyValueSpecification","valueRequired":true,"valueName":"search_term_string"}}],"inLanguage":"pt-PT"},{"@type":"Person","@id":"https:\/\/portaltela.pt\/#\/schema\/person\/c4278d4a6028830caff9ee44b42d32ed","name":"Telinha","image":{"@type":"ImageObject","inLanguage":"pt-PT","@id":"https:\/\/portaltela.pt\/s.01k8rhncp4jt1\/2025\/11\/talking-bot-125x125.png","url":"https:\/\/portaltela.pt\/s.01k8rhncp4jt1\/2025\/11\/talking-bot-125x125.png","contentUrl":"https:\/\/portaltela.pt\/s.01k8rhncp4jt1\/2025\/11\/talking-bot-125x125.png","caption":"Telinha"},"sameAs":["https:\/\/portaltela.pt\/"],"url":"https:\/\/portaltela.pt\/por\/367410592786\/"}]}},"_links":{"self":[{"href":"https:\/\/portaltela.pt\/api\/wp\/v2\/posts\/409543","targetHints":{"allow":["GET"]}}],"collection":[{"href":"https:\/\/portaltela.pt\/api\/wp\/v2\/posts"}],"about":[{"href":"https:\/\/portaltela.pt\/api\/wp\/v2\/types\/post"}],"author":[{"embeddable":true,"href":"https:\/\/portaltela.pt\/api\/wp\/v2\/users\/2"}],"replies":[{"embeddable":true,"href":"https:\/\/portaltela.pt\/api\/wp\/v2\/comments?post=409543"}],"version-history":[{"count":0,"href":"https:\/\/portaltela.pt\/api\/wp\/v2\/posts\/409543\/revisions"}],"wp:featuredmedia":[{"embeddable":true,"href":"https:\/\/portaltela.pt\/api\/wp\/v2\/media\/409551"}],"wp:attachment":[{"href":"https:\/\/portaltela.pt\/api\/wp\/v2\/media?parent=409543"}],"wp:term":[{"taxonomy":"category","embeddable":true,"href":"https:\/\/portaltela.pt\/api\/wp\/v2\/categories?post=409543"},{"taxonomy":"post_tag","embeddable":true,"href":"https:\/\/portaltela.pt\/api\/wp\/v2\/tags?post=409543"}],"curies":[{"name":"wp","href":"https:\/\/api.w.org\/{rel}","templated":true}]}}